{"id":7671,"date":"2026-04-27T18:52:19","date_gmt":"2026-04-27T21:52:19","guid":{"rendered":"https:\/\/newsofthelight.com.br\/?p=7671"},"modified":"2026-04-27T18:52:19","modified_gmt":"2026-04-27T21:52:19","slug":"mulher-trans-processa-a-atriz-cassia-kis-por-transfobia-na-barra-da-tijuca","status":"publish","type":"post","link":"https:\/\/newsofthelight.com.br\/?p=7671","title":{"rendered":"Mulher trans processa a atriz C\u00e1ssia Kis por transfobia na Barra da Tijuca"},"content":{"rendered":"\n<p><\/p>\n\n\n\n<p>A travesti Roberta Santana abriu um inqu\u00e9rito contra a atriz C\u00e1ssia Kis Magro, o epis\u00f3dio aconteceu no Barra Shopping Roberta estava na fila do banheiro feminino quando foi abordada pela artista.<\/p>\n\n\n\n<p>Santana gravou o ocorrido e postou no instagram. No post, pode-se ouvir a global perguntando \u2018o que um homem estava fazendo l\u00e1\u2019 (sic).<\/p>\n\n\n\n<p>Roberta, logo ap\u00f3s a situa\u00e7\u00e3o, foi \u00e0 DECRADI (Delegacia de Crimes Raciais e Delitos de Intoler\u00e2ncia) registrou uma queixa criminal e confirmou que iria formaliz\u00e1-la ao Minist\u00e9rio P\u00fablico.<\/p>\n\n\n\n<p>Estou sofrendo transfobia no banheiro do BarraShopping. A atriz C\u00e1ssia Kis est\u00e1 sendo transf\u00f3bica comigo. Eu tenho documento, e mesmo se eu n\u00e3o tivesse&#8230;&#8221;, diz Roberta no v\u00eddeo.<\/p>\n\n\n\n<p>Roberta, que tamb\u00e9m \u00e9 colaboradora do shopping, recebeu apoio e instru\u00e7\u00f5es da vereadora trans Benny Briolly, primeira trans eleita no Rio, para formalizar a queixa.<\/p>\n\n\n\n<p>\u201cViemos aqui na DECRADI hoje, eu, Benny [Briolly, vereadora de Niter\u00f3i], estou assistida pela equipe dela. Viemos prestar boletim de ocorr\u00eancia. Viemos atr\u00e1s de justi\u00e7a porque isso \u00e9 inadmiss\u00edvel acontecer em 2026. Vamos at\u00e9 o final atr\u00e1s de justi\u00e7a.\u201d Disse a vereadora em pronunciamento.<\/p>\n\n\n\n<p>C\u00e1ssia Kis n\u00e3o se pronunciou sobre o epis\u00f3dio at\u00e9 ent\u00e3o.<\/p>\n\n\n\n<p>Veja o v\u00eddeo abaixo:<\/p>\n\n\n\n<figure class=\"wp-block-embed is-type-rich is-provider-instagram wp-block-embed-instagram\"><div class=\"wp-block-embed__wrapper\">\n<blockquote class=\"instagram-media\" data-instgrm-captioned data-instgrm-permalink=\"https:\/\/www.instagram.com\/reel\/DXm-MwUD4JH\/?utm_source=ig_embed&amp;utm_campaign=loading\" data-instgrm-version=\"14\" style=\" background:#FFF; border:0; border-radius:3px; box-shadow:0 0 1px 0 rgba(0,0,0,0.5),0 1px 10px 0 rgba(0,0,0,0.15); margin: 1px; max-width:658px; min-width:326px; padding:0; width:99.375%; width:-webkit-calc(100% - 2px); width:calc(100% - 2px);\"><div style=\"padding:16px;\"> <a href=\"https:\/\/www.instagram.com\/reel\/DXm-MwUD4JH\/?utm_source=ig_embed&amp;utm_campaign=loading\" style=\" background:#FFFFFF; line-height:0; padding:0 0; text-align:center; text-decoration:none; width:100%;\" target=\"_blank\"> <div style=\" display: flex; flex-direction: row; align-items: center;\"> <div style=\"background-color: #F4F4F4; border-radius: 50%; flex-grow: 0; height: 40px; margin-right: 14px; width: 40px;\"><\/div> <div style=\"display: flex; flex-direction: column; flex-grow: 1; justify-content: center;\"> <div style=\" background-color: #F4F4F4; border-radius: 4px; flex-grow: 0; height: 14px; margin-bottom: 6px; width: 100px;\"><\/div> <div style=\" background-color: #F4F4F4; border-radius: 4px; flex-grow: 0; height: 14px; width: 60px;\"><\/div><\/div><\/div><div style=\"padding: 19% 0;\"><\/div> <div style=\"display:block; height:50px; margin:0 auto 12px; width:50px;\"><svg width=\"50px\" height=\"50px\" viewBox=\"0 0 60 60\" version=\"1.1\" xmlns=\"https:\/\/www.w3.org\/2000\/svg\" xmlns:xlink=\"https:\/\/www.w3.org\/1999\/xlink\"><g stroke=\"none\" stroke-width=\"1\" fill=\"none\" fill-rule=\"evenodd\"><g transform=\"translate(-511.000000, -20.000000)\" fill=\"#000000\"><g><path d=\"M556.869,30.41 C554.814,30.41 553.148,32.076 553.148,34.131 C553.148,36.186 554.814,37.852 556.869,37.852 C558.924,37.852 560.59,36.186 560.59,34.131 C560.59,32.076 558.924,30.41 556.869,30.41 M541,60.657 C535.114,60.657 530.342,55.887 530.342,50 C530.342,44.114 535.114,39.342 541,39.342 C546.887,39.342 551.658,44.114 551.658,50 C551.658,55.887 546.887,60.657 541,60.657 M541,33.886 C532.1,33.886 524.886,41.1 524.886,50 C524.886,58.899 532.1,66.113 541,66.113 C549.9,66.113 557.115,58.899 557.115,50 C557.115,41.1 549.9,33.886 541,33.886 M565.378,62.101 C565.244,65.022 564.756,66.606 564.346,67.663 C563.803,69.06 563.154,70.057 562.106,71.106 C561.058,72.155 560.06,72.803 558.662,73.347 C557.607,73.757 556.021,74.244 553.102,74.378 C549.944,74.521 548.997,74.552 541,74.552 C533.003,74.552 532.056,74.521 528.898,74.378 C525.979,74.244 524.393,73.757 523.338,73.347 C521.94,72.803 520.942,72.155 519.894,71.106 C518.846,70.057 518.197,69.06 517.654,67.663 C517.244,66.606 516.755,65.022 516.623,62.101 C516.479,58.943 516.448,57.996 516.448,50 C516.448,42.003 516.479,41.056 516.623,37.899 C516.755,34.978 517.244,33.391 517.654,32.338 C518.197,30.938 518.846,29.942 519.894,28.894 C520.942,27.846 521.94,27.196 523.338,26.654 C524.393,26.244 525.979,25.756 528.898,25.623 C532.057,25.479 533.004,25.448 541,25.448 C548.997,25.448 549.943,25.479 553.102,25.623 C556.021,25.756 557.607,26.244 558.662,26.654 C560.06,27.196 561.058,27.846 562.106,28.894 C563.154,29.942 563.803,30.938 564.346,32.338 C564.756,33.391 565.244,34.978 565.378,37.899 C565.522,41.056 565.552,42.003 565.552,50 C565.552,57.996 565.522,58.943 565.378,62.101 M570.82,37.631 C570.674,34.438 570.167,32.258 569.425,30.349 C568.659,28.377 567.633,26.702 565.965,25.035 C564.297,23.368 562.623,22.342 560.652,21.575 C558.743,20.834 556.562,20.326 553.369,20.18 C550.169,20.033 549.148,20 541,20 C532.853,20 531.831,20.033 528.631,20.18 C525.438,20.326 523.257,20.834 521.349,21.575 C519.376,22.342 517.703,23.368 516.035,25.035 C514.368,26.702 513.342,28.377 512.574,30.349 C511.834,32.258 511.326,34.438 511.181,37.631 C511.035,40.831 511,41.851 511,50 C511,58.147 511.035,59.17 511.181,62.369 C511.326,65.562 511.834,67.743 512.574,69.651 C513.342,71.625 514.368,73.296 516.035,74.965 C517.703,76.634 519.376,77.658 521.349,78.425 C523.257,79.167 525.438,79.673 528.631,79.82 C531.831,79.965 532.853,80.001 541,80.001 C549.148,80.001 550.169,79.965 553.369,79.82 C556.562,79.673 558.743,79.167 560.652,78.425 C562.623,77.658 564.297,76.634 565.965,74.965 C567.633,73.296 568.659,71.625 569.425,69.651 C570.167,67.743 570.674,65.562 570.82,62.369 C570.966,59.17 571,58.147 571,50 C571,41.851 570.966,40.831 570.82,37.631\"><\/path><\/g><\/g><\/g><\/svg><\/div><div style=\"padding-top: 8px;\"> <div style=\" color:#3897f0; font-family:Arial,sans-serif; font-size:14px; font-style:normal; font-weight:550; line-height:18px;\">View this post on Instagram<\/div><\/div><div style=\"padding: 12.5% 0;\"><\/div> <div style=\"display: flex; flex-direction: row; margin-bottom: 14px; align-items: center;\"><div> <div style=\"background-color: #F4F4F4; border-radius: 50%; height: 12.5px; width: 12.5px; transform: translateX(0px) translateY(7px);\"><\/div> <div style=\"background-color: #F4F4F4; height: 12.5px; transform: rotate(-45deg) translateX(3px) translateY(1px); width: 12.5px; flex-grow: 0; margin-right: 14px; margin-left: 2px;\"><\/div> <div style=\"background-color: #F4F4F4; border-radius: 50%; height: 12.5px; width: 12.5px; transform: translateX(9px) translateY(-18px);\"><\/div><\/div><div style=\"margin-left: 8px;\"> <div style=\" background-color: #F4F4F4; border-radius: 50%; flex-grow: 0; height: 20px; width: 20px;\"><\/div> <div style=\" width: 0; height: 0; border-top: 2px solid transparent; border-left: 6px solid #f4f4f4; border-bottom: 2px solid transparent; transform: translateX(16px) translateY(-4px) rotate(30deg)\"><\/div><\/div><div style=\"margin-left: auto;\"> <div style=\" width: 0px; border-top: 8px solid #F4F4F4; border-right: 8px solid transparent; transform: translateY(16px);\"><\/div> <div style=\" background-color: #F4F4F4; flex-grow: 0; height: 12px; width: 16px; transform: translateY(-4px);\"><\/div> <div style=\" width: 0; height: 0; border-top: 8px solid #F4F4F4; border-left: 8px solid transparent; transform: translateY(-4px) translateX(8px);\"><\/div><\/div><\/div> <div style=\"display: flex; flex-direction: column; flex-grow: 1; justify-content: center; margin-bottom: 24px;\"> <div style=\" background-color: #F4F4F4; border-radius: 4px; flex-grow: 0; height: 14px; margin-bottom: 6px; width: 224px;\"><\/div> <div style=\" background-color: #F4F4F4; border-radius: 4px; flex-grow: 0; height: 14px; width: 144px;\"><\/div><\/div><\/a><\/div><\/blockquote><script async src=\"\/\/platform.instagram.com\/en_US\/embeds.js\"><\/script>\n<\/div><\/figure>\n","protected":false},"excerpt":{"rendered":"<p>A travesti Roberta Santana abriu um inqu\u00e9rito contra a atriz C\u00e1ssia Kis Magro, o epis\u00f3dio aconteceu no Barra Shopping Roberta estava na fila do banheiro feminino quando foi abordada pela artista. Santana gravou o ocorrido e postou no instagram. No post, pode-se ouvir a global perguntando \u2018o que um homem estava fazendo l\u00e1\u2019 (sic). Roberta,<\/p>\n","protected":false},"author":2,"featured_media":7670,"comment_status":"open","ping_status":"open","sticky":false,"template":"","format":"standard","meta":{"_jetpack_memberships_contains_paid_content":false,"footnotes":""},"categories":[41],"tags":[],"class_list":["post-7671","post","type-post","status-publish","format-standard","has-post-thumbnail","hentry","category-municipios"],"yoast_head":"<!-- This site is optimized with the Yoast SEO plugin v27.5 - https:\/\/yoast.com\/product\/yoast-seo-wordpress\/ -->\n<title>Mulher trans processa a atriz C\u00e1ssia Kis por transfobia na Barra da Tijuca - Autoria - Thiago Gomes Gon\u00e7alves Peres Lima - REG 0022106\/MG<\/title>\n<meta name=\"robots\" content=\"index, follow, max-snippet:-1, max-image-preview:large, max-video-preview:-1\" \/>\n<link rel=\"canonical\" href=\"https:\/\/newsofthelight.com.br\/?p=7671\" \/>\n<meta property=\"og:locale\" content=\"pt_BR\" \/>\n<meta property=\"og:type\" content=\"article\" \/>\n<meta property=\"og:title\" content=\"Mulher trans processa a atriz C\u00e1ssia Kis por transfobia na Barra da Tijuca - Autoria - Thiago Gomes Gon\u00e7alves Peres Lima - REG 0022106\/MG\" \/>\n<meta property=\"og:description\" content=\"A travesti Roberta Santana abriu um inqu\u00e9rito contra a atriz C\u00e1ssia Kis Magro, o epis\u00f3dio aconteceu no Barra Shopping Roberta estava na fila do banheiro feminino quando foi abordada pela artista. Santana gravou o ocorrido e postou no instagram. No post, pode-se ouvir a global perguntando \u2018o que um homem estava fazendo l\u00e1\u2019 (sic). Roberta,\" \/>\n<meta property=\"og:url\" content=\"https:\/\/newsofthelight.com.br\/?p=7671\" \/>\n<meta property=\"og:site_name\" content=\"Autoria - Thiago Gomes Gon\u00e7alves Peres Lima - REG 0022106\/MG\" \/>\n<meta property=\"article:published_time\" content=\"2026-04-27T21:52:19+00:00\" \/>\n<meta name=\"author\" content=\"Thiago Peres\" \/>\n<meta name=\"twitter:card\" content=\"summary_large_image\" \/>\n<meta name=\"twitter:label1\" content=\"Escrito por\" \/>\n\t<meta name=\"twitter:data1\" content=\"Thiago Peres\" \/>\n\t<meta name=\"twitter:label2\" content=\"Est. tempo de leitura\" \/>\n\t<meta name=\"twitter:data2\" content=\"1 minuto\" \/>\n<script type=\"application\/ld+json\" class=\"yoast-schema-graph\">{\"@context\":\"https:\\\/\\\/schema.org\",\"@graph\":[{\"@type\":\"Article\",\"@id\":\"https:\\\/\\\/newsofthelight.com.br\\\/?p=7671#article\",\"isPartOf\":{\"@id\":\"https:\\\/\\\/newsofthelight.com.br\\\/?p=7671\"},\"author\":{\"name\":\"Thiago Peres\",\"@id\":\"https:\\\/\\\/newsofthelight.com.br\\\/#\\\/schema\\\/person\\\/d4878034586ca0e04c11eac65b2f76f2\"},\"headline\":\"Mulher trans processa a atriz C\u00e1ssia Kis por transfobia na Barra da Tijuca\",\"datePublished\":\"2026-04-27T21:52:19+00:00\",\"mainEntityOfPage\":{\"@id\":\"https:\\\/\\\/newsofthelight.com.br\\\/?p=7671\"},\"wordCount\":239,\"commentCount\":0,\"publisher\":{\"@id\":\"https:\\\/\\\/newsofthelight.com.br\\\/#organization\"},\"image\":{\"@id\":\"https:\\\/\\\/newsofthelight.com.br\\\/?p=7671#primaryimage\"},\"thumbnailUrl\":\"https:\\\/\\\/newsofthelight.com.br\\\/wp-content\\\/uploads\\\/2026\\\/04\\\/img_1389.jpg\",\"articleSection\":[\"Munic\u00edpios\"],\"inLanguage\":\"pt-BR\",\"potentialAction\":[{\"@type\":\"CommentAction\",\"name\":\"Comment\",\"target\":[\"https:\\\/\\\/newsofthelight.com.br\\\/?p=7671#respond\"]}]},{\"@type\":\"WebPage\",\"@id\":\"https:\\\/\\\/newsofthelight.com.br\\\/?p=7671\",\"url\":\"https:\\\/\\\/newsofthelight.com.br\\\/?p=7671\",\"name\":\"Mulher trans processa a atriz C\u00e1ssia Kis por transfobia na Barra da Tijuca - Autoria - Thiago Gomes Gon\u00e7alves Peres Lima - REG 0022106\\\/MG\",\"isPartOf\":{\"@id\":\"https:\\\/\\\/newsofthelight.com.br\\\/#website\"},\"primaryImageOfPage\":{\"@id\":\"https:\\\/\\\/newsofthelight.com.br\\\/?p=7671#primaryimage\"},\"image\":{\"@id\":\"https:\\\/\\\/newsofthelight.com.br\\\/?p=7671#primaryimage\"},\"thumbnailUrl\":\"https:\\\/\\\/newsofthelight.com.br\\\/wp-content\\\/uploads\\\/2026\\\/04\\\/img_1389.jpg\",\"datePublished\":\"2026-04-27T21:52:19+00:00\",\"breadcrumb\":{\"@id\":\"https:\\\/\\\/newsofthelight.com.br\\\/?p=7671#breadcrumb\"},\"inLanguage\":\"pt-BR\",\"potentialAction\":[{\"@type\":\"ReadAction\",\"target\":[\"https:\\\/\\\/newsofthelight.com.br\\\/?p=7671\"]}]},{\"@type\":\"ImageObject\",\"inLanguage\":\"pt-BR\",\"@id\":\"https:\\\/\\\/newsofthelight.com.br\\\/?p=7671#primaryimage\",\"url\":\"https:\\\/\\\/newsofthelight.com.br\\\/wp-content\\\/uploads\\\/2026\\\/04\\\/img_1389.jpg\",\"contentUrl\":\"https:\\\/\\\/newsofthelight.com.br\\\/wp-content\\\/uploads\\\/2026\\\/04\\\/img_1389.jpg\",\"width\":853,\"height\":404,\"caption\":\"Screenshot\"},{\"@type\":\"BreadcrumbList\",\"@id\":\"https:\\\/\\\/newsofthelight.com.br\\\/?p=7671#breadcrumb\",\"itemListElement\":[{\"@type\":\"ListItem\",\"position\":1,\"name\":\"In\u00edcio\",\"item\":\"https:\\\/\\\/newsofthelight.com.br\\\/\"},{\"@type\":\"ListItem\",\"position\":2,\"name\":\"Mulher trans processa a atriz C\u00e1ssia Kis por transfobia na Barra da Tijuca\"}]},{\"@type\":\"WebSite\",\"@id\":\"https:\\\/\\\/newsofthelight.com.br\\\/#website\",\"url\":\"https:\\\/\\\/newsofthelight.com.br\\\/\",\"name\":\"Autoria - Thiago Gomes Gon\u00e7alves Peres Lima - REG 0022106\\\/MG\",\"description\":\"Noticias na velocidade da luz\",\"publisher\":{\"@id\":\"https:\\\/\\\/newsofthelight.com.br\\\/#organization\"},\"potentialAction\":[{\"@type\":\"SearchAction\",\"target\":{\"@type\":\"EntryPoint\",\"urlTemplate\":\"https:\\\/\\\/newsofthelight.com.br\\\/?s={search_term_string}\"},\"query-input\":{\"@type\":\"PropertyValueSpecification\",\"valueRequired\":true,\"valueName\":\"search_term_string\"}}],\"inLanguage\":\"pt-BR\"},{\"@type\":\"Organization\",\"@id\":\"https:\\\/\\\/newsofthelight.com.br\\\/#organization\",\"name\":\"Autoria - Thiago Gomes Gon\u00e7alves Peres Lima - REG 0022106\\\/MG\",\"url\":\"https:\\\/\\\/newsofthelight.com.br\\\/\",\"logo\":{\"@type\":\"ImageObject\",\"inLanguage\":\"pt-BR\",\"@id\":\"https:\\\/\\\/newsofthelight.com.br\\\/#\\\/schema\\\/logo\\\/image\\\/\",\"url\":\"https:\\\/\\\/newsofthelight.com.br\\\/wp-content\\\/uploads\\\/2025\\\/06\\\/cropped-IMG_0217.png\",\"contentUrl\":\"https:\\\/\\\/newsofthelight.com.br\\\/wp-content\\\/uploads\\\/2025\\\/06\\\/cropped-IMG_0217.png\",\"width\":1177,\"height\":662,\"caption\":\"Autoria - Thiago Gomes Gon\u00e7alves Peres Lima - REG 0022106\\\/MG\"},\"image\":{\"@id\":\"https:\\\/\\\/newsofthelight.com.br\\\/#\\\/schema\\\/logo\\\/image\\\/\"},\"sameAs\":[\"https:\\\/\\\/www.instagram.com\\\/news_of_the_light_?igsh=b3Fwb2psamJzaXds\"]},{\"@type\":\"Person\",\"@id\":\"https:\\\/\\\/newsofthelight.com.br\\\/#\\\/schema\\\/person\\\/d4878034586ca0e04c11eac65b2f76f2\",\"name\":\"Thiago Peres\",\"image\":{\"@type\":\"ImageObject\",\"inLanguage\":\"pt-BR\",\"@id\":\"https:\\\/\\\/secure.gravatar.com\\\/avatar\\\/21d66f46d21d113e9d3dba092a500e64563ed2ed2c77db814dfc7be6345e3815?s=96&d=mm&r=g\",\"url\":\"https:\\\/\\\/secure.gravatar.com\\\/avatar\\\/21d66f46d21d113e9d3dba092a500e64563ed2ed2c77db814dfc7be6345e3815?s=96&d=mm&r=g\",\"contentUrl\":\"https:\\\/\\\/secure.gravatar.com\\\/avatar\\\/21d66f46d21d113e9d3dba092a500e64563ed2ed2c77db814dfc7be6345e3815?s=96&d=mm&r=g\",\"caption\":\"Thiago Peres\"},\"sameAs\":[\"http:\\\/\\\/newsofthelight.com.br\"],\"url\":\"https:\\\/\\\/newsofthelight.com.br\\\/?author=2\"}]}<\/script>\n<!-- \/ Yoast SEO plugin. -->","yoast_head_json":{"title":"Mulher trans processa a atriz C\u00e1ssia Kis por transfobia na Barra da Tijuca - Autoria - Thiago Gomes Gon\u00e7alves Peres Lima - REG 0022106\/MG","robots":{"index":"index","follow":"follow","max-snippet":"max-snippet:-1","max-image-preview":"max-image-preview:large","max-video-preview":"max-video-preview:-1"},"canonical":"https:\/\/newsofthelight.com.br\/?p=7671","og_locale":"pt_BR","og_type":"article","og_title":"Mulher trans processa a atriz C\u00e1ssia Kis por transfobia na Barra da Tijuca - Autoria - Thiago Gomes Gon\u00e7alves Peres Lima - REG 0022106\/MG","og_description":"A travesti Roberta Santana abriu um inqu\u00e9rito contra a atriz C\u00e1ssia Kis Magro, o epis\u00f3dio aconteceu no Barra Shopping Roberta estava na fila do banheiro feminino quando foi abordada pela artista. Santana gravou o ocorrido e postou no instagram. No post, pode-se ouvir a global perguntando \u2018o que um homem estava fazendo l\u00e1\u2019 (sic). Roberta,","og_url":"https:\/\/newsofthelight.com.br\/?p=7671","og_site_name":"Autoria - Thiago Gomes Gon\u00e7alves Peres Lima - REG 0022106\/MG","article_published_time":"2026-04-27T21:52:19+00:00","author":"Thiago Peres","twitter_card":"summary_large_image","twitter_misc":{"Escrito por":"Thiago Peres","Est. tempo de leitura":"1 minuto"},"schema":{"@context":"https:\/\/schema.org","@graph":[{"@type":"Article","@id":"https:\/\/newsofthelight.com.br\/?p=7671#article","isPartOf":{"@id":"https:\/\/newsofthelight.com.br\/?p=7671"},"author":{"name":"Thiago Peres","@id":"https:\/\/newsofthelight.com.br\/#\/schema\/person\/d4878034586ca0e04c11eac65b2f76f2"},"headline":"Mulher trans processa a atriz C\u00e1ssia Kis por transfobia na Barra da Tijuca","datePublished":"2026-04-27T21:52:19+00:00","mainEntityOfPage":{"@id":"https:\/\/newsofthelight.com.br\/?p=7671"},"wordCount":239,"commentCount":0,"publisher":{"@id":"https:\/\/newsofthelight.com.br\/#organization"},"image":{"@id":"https:\/\/newsofthelight.com.br\/?p=7671#primaryimage"},"thumbnailUrl":"https:\/\/newsofthelight.com.br\/wp-content\/uploads\/2026\/04\/img_1389.jpg","articleSection":["Munic\u00edpios"],"inLanguage":"pt-BR","potentialAction":[{"@type":"CommentAction","name":"Comment","target":["https:\/\/newsofthelight.com.br\/?p=7671#respond"]}]},{"@type":"WebPage","@id":"https:\/\/newsofthelight.com.br\/?p=7671","url":"https:\/\/newsofthelight.com.br\/?p=7671","name":"Mulher trans processa a atriz C\u00e1ssia Kis por transfobia na Barra da Tijuca - Autoria - Thiago Gomes Gon\u00e7alves Peres Lima - REG 0022106\/MG","isPartOf":{"@id":"https:\/\/newsofthelight.com.br\/#website"},"primaryImageOfPage":{"@id":"https:\/\/newsofthelight.com.br\/?p=7671#primaryimage"},"image":{"@id":"https:\/\/newsofthelight.com.br\/?p=7671#primaryimage"},"thumbnailUrl":"https:\/\/newsofthelight.com.br\/wp-content\/uploads\/2026\/04\/img_1389.jpg","datePublished":"2026-04-27T21:52:19+00:00","breadcrumb":{"@id":"https:\/\/newsofthelight.com.br\/?p=7671#breadcrumb"},"inLanguage":"pt-BR","potentialAction":[{"@type":"ReadAction","target":["https:\/\/newsofthelight.com.br\/?p=7671"]}]},{"@type":"ImageObject","inLanguage":"pt-BR","@id":"https:\/\/newsofthelight.com.br\/?p=7671#primaryimage","url":"https:\/\/newsofthelight.com.br\/wp-content\/uploads\/2026\/04\/img_1389.jpg","contentUrl":"https:\/\/newsofthelight.com.br\/wp-content\/uploads\/2026\/04\/img_1389.jpg","width":853,"height":404,"caption":"Screenshot"},{"@type":"BreadcrumbList","@id":"https:\/\/newsofthelight.com.br\/?p=7671#breadcrumb","itemListElement":[{"@type":"ListItem","position":1,"name":"In\u00edcio","item":"https:\/\/newsofthelight.com.br\/"},{"@type":"ListItem","position":2,"name":"Mulher trans processa a atriz C\u00e1ssia Kis por transfobia na Barra da Tijuca"}]},{"@type":"WebSite","@id":"https:\/\/newsofthelight.com.br\/#website","url":"https:\/\/newsofthelight.com.br\/","name":"Autoria - Thiago Gomes Gon\u00e7alves Peres Lima - REG 0022106\/MG","description":"Noticias na velocidade da luz","publisher":{"@id":"https:\/\/newsofthelight.com.br\/#organization"},"potentialAction":[{"@type":"SearchAction","target":{"@type":"EntryPoint","urlTemplate":"https:\/\/newsofthelight.com.br\/?s={search_term_string}"},"query-input":{"@type":"PropertyValueSpecification","valueRequired":true,"valueName":"search_term_string"}}],"inLanguage":"pt-BR"},{"@type":"Organization","@id":"https:\/\/newsofthelight.com.br\/#organization","name":"Autoria - Thiago Gomes Gon\u00e7alves Peres Lima - REG 0022106\/MG","url":"https:\/\/newsofthelight.com.br\/","logo":{"@type":"ImageObject","inLanguage":"pt-BR","@id":"https:\/\/newsofthelight.com.br\/#\/schema\/logo\/image\/","url":"https:\/\/newsofthelight.com.br\/wp-content\/uploads\/2025\/06\/cropped-IMG_0217.png","contentUrl":"https:\/\/newsofthelight.com.br\/wp-content\/uploads\/2025\/06\/cropped-IMG_0217.png","width":1177,"height":662,"caption":"Autoria - Thiago Gomes Gon\u00e7alves Peres Lima - REG 0022106\/MG"},"image":{"@id":"https:\/\/newsofthelight.com.br\/#\/schema\/logo\/image\/"},"sameAs":["https:\/\/www.instagram.com\/news_of_the_light_?igsh=b3Fwb2psamJzaXds"]},{"@type":"Person","@id":"https:\/\/newsofthelight.com.br\/#\/schema\/person\/d4878034586ca0e04c11eac65b2f76f2","name":"Thiago Peres","image":{"@type":"ImageObject","inLanguage":"pt-BR","@id":"https:\/\/secure.gravatar.com\/avatar\/21d66f46d21d113e9d3dba092a500e64563ed2ed2c77db814dfc7be6345e3815?s=96&d=mm&r=g","url":"https:\/\/secure.gravatar.com\/avatar\/21d66f46d21d113e9d3dba092a500e64563ed2ed2c77db814dfc7be6345e3815?s=96&d=mm&r=g","contentUrl":"https:\/\/secure.gravatar.com\/avatar\/21d66f46d21d113e9d3dba092a500e64563ed2ed2c77db814dfc7be6345e3815?s=96&d=mm&r=g","caption":"Thiago Peres"},"sameAs":["http:\/\/newsofthelight.com.br"],"url":"https:\/\/newsofthelight.com.br\/?author=2"}]}},"jetpack_featured_media_url":"https:\/\/newsofthelight.com.br\/wp-content\/uploads\/2026\/04\/img_1389.jpg","jetpack_sharing_enabled":true,"jetpack-related-posts":[{"id":1753,"url":"https:\/\/newsofthelight.com.br\/?p=1753","url_meta":{"origin":7671,"position":0},"title":"Ap\u00f3s falas homof\u00f3bicas, C\u00e1ssia Kis \u00e9 repreendida por famosos e tem foto de beijo l\u00e9sbico exposto na internet","author":"Thiago Peres","date":"28 de outubro de 2022","format":false,"excerpt":"Ap\u00f3s se opor \u00e0 ideologia de g\u00eanero e defender que fam\u00edlia se resume somente a um homem e uma mulher durante uma entrevista fornecida para a jornalista Leda Nagle neste fim de semana, a atriz C\u00e1ssia Kis foi repreendida na internet por famosos e an\u00f4nimos. \"N\u00e3o existe mais o homem\u2026","rel":"","context":"Em &quot;Brasil&quot;","block_context":{"text":"Brasil","link":"https:\/\/newsofthelight.com.br\/?cat=38"},"img":{"alt_text":"","src":"https:\/\/i0.wp.com\/newsofthelight.com.br\/wp-content\/uploads\/2022\/10\/IMG_3014.jpg?resize=350%2C200&ssl=1","width":350,"height":200,"srcset":"https:\/\/i0.wp.com\/newsofthelight.com.br\/wp-content\/uploads\/2022\/10\/IMG_3014.jpg?resize=350%2C200&ssl=1 1x, https:\/\/i0.wp.com\/newsofthelight.com.br\/wp-content\/uploads\/2022\/10\/IMG_3014.jpg?resize=525%2C300&ssl=1 1.5x, https:\/\/i0.wp.com\/newsofthelight.com.br\/wp-content\/uploads\/2022\/10\/IMG_3014.jpg?resize=700%2C400&ssl=1 2x, https:\/\/i0.wp.com\/newsofthelight.com.br\/wp-content\/uploads\/2022\/10\/IMG_3014.jpg?resize=1050%2C600&ssl=1 3x"},"classes":[]},{"id":1976,"url":"https:\/\/newsofthelight.com.br\/?p=1976","url_meta":{"origin":7671,"position":1},"title":"L\u00facia Ver\u00edssimo diz estar sendo amea\u00e7ada ap\u00f3s publicar foto beijando C\u00e1ssia Kiss","author":"Thiago Peres","date":"2 de novembro de 2022","format":false,"excerpt":"Na semana das elei\u00e7\u00f5es presidenciais, a atriz C\u00e1ssia Kis Magro foi um dos nomes mais comentados ap\u00f3s declarar oposi\u00e7\u00e3o a educa\u00e7\u00e3o sexual nas escolas e quest\u00f5es de g\u00eanero em entrevista.\u00a0_N\u00e3o existe mais o homem e a mulher, mas a mulher com mulher e homem com homem, essa ideologia de g\u00eanero\u2026","rel":"","context":"Em &quot;Brasil&quot;","block_context":{"text":"Brasil","link":"https:\/\/newsofthelight.com.br\/?cat=38"},"img":{"alt_text":"","src":"https:\/\/i0.wp.com\/newsofthelight.com.br\/wp-content\/uploads\/2022\/11\/BE5BF8E0-494C-4EA9-AA41-682558409FB8.jpeg?resize=350%2C200&ssl=1","width":350,"height":200,"srcset":"https:\/\/i0.wp.com\/newsofthelight.com.br\/wp-content\/uploads\/2022\/11\/BE5BF8E0-494C-4EA9-AA41-682558409FB8.jpeg?resize=350%2C200&ssl=1 1x, https:\/\/i0.wp.com\/newsofthelight.com.br\/wp-content\/uploads\/2022\/11\/BE5BF8E0-494C-4EA9-AA41-682558409FB8.jpeg?resize=525%2C300&ssl=1 1.5x, https:\/\/i0.wp.com\/newsofthelight.com.br\/wp-content\/uploads\/2022\/11\/BE5BF8E0-494C-4EA9-AA41-682558409FB8.jpeg?resize=700%2C400&ssl=1 2x, https:\/\/i0.wp.com\/newsofthelight.com.br\/wp-content\/uploads\/2022\/11\/BE5BF8E0-494C-4EA9-AA41-682558409FB8.jpeg?resize=1050%2C600&ssl=1 3x"},"classes":[]},{"id":3839,"url":"https:\/\/newsofthelight.com.br\/?p=3839","url_meta":{"origin":7671,"position":2},"title":"Moraes faz pedido de bloqueio de m\u00eddias sociais do deputado Nikolas Ferreira","author":"Thiago Peres","date":"20 de mar\u00e7o de 2023","format":false,"excerpt":"O presidente do Supremo Tribunal Eleitoral e Federal Alexandre de Moraes enviou hoje um pedido para Procuradoria-Geral da Rep\u00fablica (PGR) \u00a0para bloquear todas as m\u00eddias digitais do deputado federal Nikolas Ferreira (PL-MG).O pedido \u00e9 uma puni\u00e7\u00e3o para o parlamentar por discursar personificado como uma mulher trans \u2018deputada Nikole\u2019 no Dia\u2026","rel":"","context":"Em &quot;Brasil&quot;","block_context":{"text":"Brasil","link":"https:\/\/newsofthelight.com.br\/?cat=38"},"img":{"alt_text":"","src":"https:\/\/i0.wp.com\/newsofthelight.com.br\/wp-content\/uploads\/2023\/03\/2CBFBFB2-1015-4C12-A299-61F097AEA06D.webp?resize=350%2C200&ssl=1","width":350,"height":200,"srcset":"https:\/\/i0.wp.com\/newsofthelight.com.br\/wp-content\/uploads\/2023\/03\/2CBFBFB2-1015-4C12-A299-61F097AEA06D.webp?resize=350%2C200&ssl=1 1x, https:\/\/i0.wp.com\/newsofthelight.com.br\/wp-content\/uploads\/2023\/03\/2CBFBFB2-1015-4C12-A299-61F097AEA06D.webp?resize=525%2C300&ssl=1 1.5x, https:\/\/i0.wp.com\/newsofthelight.com.br\/wp-content\/uploads\/2023\/03\/2CBFBFB2-1015-4C12-A299-61F097AEA06D.webp?resize=700%2C400&ssl=1 2x"},"classes":[]},{"id":3568,"url":"https:\/\/newsofthelight.com.br\/?p=3568","url_meta":{"origin":7671,"position":3},"title":"Deputado Nikolas Ferreira pode ter seu mandato cassado ou ser preso ap\u00f3s discursar de peruca","author":"Thiago Peres","date":"10 de mar\u00e7o de 2023","format":false,"excerpt":"O deputado federal Nikolas Ferreira (PL-MG) poder\u00e1 ter seu mandato cassado ou at\u00e9 mesmo ser preso ap\u00f3s discursar personificado como mulher trans no Dia Internacional da Mulher usando uma peruca loira e\u00a0 autoproclamado \u2018deputada Nikole\u2019.\u00a0O discurso do bolsonarista n\u00e3o foi bem quisto por muitos deputados, em especial a Alian\u00e7a Nacional\u2026","rel":"","context":"Em &quot;Brasil&quot;","block_context":{"text":"Brasil","link":"https:\/\/newsofthelight.com.br\/?cat=38"},"img":{"alt_text":"","src":"https:\/\/i0.wp.com\/newsofthelight.com.br\/wp-content\/uploads\/2023\/03\/FC95DAE5-2BAE-4DC9-AD2B-F6E172F24867.jpeg?resize=350%2C200&ssl=1","width":350,"height":200,"srcset":"https:\/\/i0.wp.com\/newsofthelight.com.br\/wp-content\/uploads\/2023\/03\/FC95DAE5-2BAE-4DC9-AD2B-F6E172F24867.jpeg?resize=350%2C200&ssl=1 1x, https:\/\/i0.wp.com\/newsofthelight.com.br\/wp-content\/uploads\/2023\/03\/FC95DAE5-2BAE-4DC9-AD2B-F6E172F24867.jpeg?resize=525%2C300&ssl=1 1.5x, https:\/\/i0.wp.com\/newsofthelight.com.br\/wp-content\/uploads\/2023\/03\/FC95DAE5-2BAE-4DC9-AD2B-F6E172F24867.jpeg?resize=700%2C400&ssl=1 2x, https:\/\/i0.wp.com\/newsofthelight.com.br\/wp-content\/uploads\/2023\/03\/FC95DAE5-2BAE-4DC9-AD2B-F6E172F24867.jpeg?resize=1050%2C600&ssl=1 3x"},"classes":[]},{"id":3540,"url":"https:\/\/newsofthelight.com.br\/?p=3540","url_meta":{"origin":7671,"position":4},"title":"Nikolas Ferreira est\u00e1 sendo processado por transfobia e misoginia ap\u00f3s discursar de peruca no Dia Internacional da Mulher","author":"Thiago Peres","date":"10 de mar\u00e7o de 2023","format":false,"excerpt":"O parlamentar Nikolas Ferreira (PL-MG) est\u00e1 sendo acusado de transfobia e misoginia ap\u00f3s discursar no Dia Internacional da Mulher (08\/03) com uma peruca loira e se apresentar como \u2018deputada Nikole\u2019 onde o mesmo alegava que os postos destinados a mulheres no Brasil est\u00e3o sendo ocupados por \u2018homens que se sentem\u2026","rel":"","context":"Em &quot;Brasil&quot;","block_context":{"text":"Brasil","link":"https:\/\/newsofthelight.com.br\/?cat=38"},"img":{"alt_text":"","src":"https:\/\/i0.wp.com\/newsofthelight.com.br\/wp-content\/uploads\/2023\/03\/8ED4C27F-E791-4BD0-AF50-86D803F87F5C.webp?resize=350%2C200&ssl=1","width":350,"height":200,"srcset":"https:\/\/i0.wp.com\/newsofthelight.com.br\/wp-content\/uploads\/2023\/03\/8ED4C27F-E791-4BD0-AF50-86D803F87F5C.webp?resize=350%2C200&ssl=1 1x, https:\/\/i0.wp.com\/newsofthelight.com.br\/wp-content\/uploads\/2023\/03\/8ED4C27F-E791-4BD0-AF50-86D803F87F5C.webp?resize=525%2C300&ssl=1 1.5x, https:\/\/i0.wp.com\/newsofthelight.com.br\/wp-content\/uploads\/2023\/03\/8ED4C27F-E791-4BD0-AF50-86D803F87F5C.webp?resize=700%2C400&ssl=1 2x"},"classes":[]},{"id":4734,"url":"https:\/\/newsofthelight.com.br\/?p=4734","url_meta":{"origin":7671,"position":5},"title":"Decis\u00e3o do TSE de cassar o mandato de Deltan Dallagnol \u00e9 questionada por ex-ministro Marco Aur\u00e9lio Mello","author":"Thiago Peres","date":"19 de maio de 2023","format":false,"excerpt":"No \u00faltimo pronunciamento do ex-ministro do Supremo Tribunal Federal (STF), Marco Aur\u00e9lio Mello, uma quest\u00e3o importante foi levantada: a decis\u00e3o do Tribunal Superior Eleitoral (TSE) de cassar o mandato de Deltan Dallagnol foi tomada \u00e0 margem da lei. Esse veredito tem causado repercuss\u00f5es entre os apoiadores do ex-presidente Jair Bolsonaro,\u2026","rel":"","context":"Em &quot;Brasil&quot;","block_context":{"text":"Brasil","link":"https:\/\/newsofthelight.com.br\/?cat=38"},"img":{"alt_text":"","src":"https:\/\/i0.wp.com\/newsofthelight.com.br\/wp-content\/uploads\/2023\/05\/IMG_4367.jpeg?resize=350%2C200&ssl=1","width":350,"height":200},"classes":[]}],"jetpack_shortlink":"https:\/\/wp.me\/peltaF-1ZJ","_links":{"self":[{"href":"https:\/\/newsofthelight.com.br\/index.php?rest_route=\/wp\/v2\/posts\/7671","targetHints":{"allow":["GET"]}}],"collection":[{"href":"https:\/\/newsofthelight.com.br\/index.php?rest_route=\/wp\/v2\/posts"}],"about":[{"href":"https:\/\/newsofthelight.com.br\/index.php?rest_route=\/wp\/v2\/types\/post"}],"author":[{"embeddable":true,"href":"https:\/\/newsofthelight.com.br\/index.php?rest_route=\/wp\/v2\/users\/2"}],"replies":[{"embeddable":true,"href":"https:\/\/newsofthelight.com.br\/index.php?rest_route=%2Fwp%2Fv2%2Fcomments&post=7671"}],"version-history":[{"count":0,"href":"https:\/\/newsofthelight.com.br\/index.php?rest_route=\/wp\/v2\/posts\/7671\/revisions"}],"wp:featuredmedia":[{"embeddable":true,"href":"https:\/\/newsofthelight.com.br\/index.php?rest_route=\/wp\/v2\/media\/7670"}],"wp:attachment":[{"href":"https:\/\/newsofthelight.com.br\/index.php?rest_route=%2Fwp%2Fv2%2Fmedia&parent=7671"}],"wp:term":[{"taxonomy":"category","embeddable":true,"href":"https:\/\/newsofthelight.com.br\/index.php?rest_route=%2Fwp%2Fv2%2Fcategories&post=7671"},{"taxonomy":"post_tag","embeddable":true,"href":"https:\/\/newsofthelight.com.br\/index.php?rest_route=%2Fwp%2Fv2%2Ftags&post=7671"}],"curies":[{"name":"wp","href":"https:\/\/api.w.org\/{rel}","templated":true}]}}