{"id":7458,"date":"2025-07-18T07:02:04","date_gmt":"2025-07-18T10:02:04","guid":{"rendered":"https:\/\/newsofthelight.com.br\/?p=7458"},"modified":"2025-07-18T15:00:23","modified_gmt":"2025-07-18T18:00:23","slug":"pronunciamento-de-lula-o-brasil-tem-dono-o-povo-brasileiro","status":"publish","type":"post","link":"https:\/\/newsofthelight.com.br\/?p=7458","title":{"rendered":"Pronunciamento de Lula: \u201cO Brasil tem dono, o povo brasileiro\u201d"},"content":{"rendered":"\n<p class=\"has-text-align-center\">Reprodu\u00e7\u00e3o do v\u00eddeo de Lula <\/p>\n\n\n\n<p>Lula (PT) divulgou um v\u00eddeo na quinta-feira (17) afirmando que os Estados Unidos anunciaram tarifas de 50% sobre os produtos brasileiros. O petista falou em soberania e salientou que &#8220;o Brasil est\u00e1 sempre aberto ao di\u00e1logo&#8221;.<\/p>\n\n\n\n<p>Lula acusou os Estados Unidos de serem uma &#8220;amea\u00e7a permissiva&#8221; e de &#8220;apontarem para um atentado \u00e0 soberania nacional&#8221;. Afirmou ainda: &#8220;Este atentado ao Brasil tem o apoio de alguns pol\u00edticos brasileiros.&#8221;<\/p>\n\n\n\n<p>&#8211; A minha indigna\u00e7\u00e3o \u00e9 ainda maior sabendo que este ataque ao Brasil conta com o apoio de alguns pol\u00edticos brasileiros. S\u00e3o verdadeiros traidores. Est\u00e3o dizendo&nbsp; do pior, do melhor. N\u00e3o se preocupam com os danos na economia do pa\u00eds ou no nosso povo.<\/p>\n\n\n\n<p>O Presidente brasileiro mencionou o desempenho das plataformas digitais estrangeiras.<\/p>\n\n\n\n<p>\u2013 Meus amigos, a prote\u00e7\u00e3o da nossa soberania tamb\u00e9m se aplica \u00e0 opera\u00e7\u00e3o de plataformas digitais estrangeiras no Brasil. Todas as empresas nacionais e estrangeiras que operam no nosso pa\u00eds s\u00e3o obrigadas a cumprir as normas. Ningu\u00e9m est\u00e1 acima da lei no Brasil. Devemos proteger as fam\u00edlias brasileiras de indiv\u00edduos e organiza\u00e7\u00f5es que promovem a fraude e a corrup\u00e7\u00e3o, cometem crimes racistas, utilizam as redes digitais para promover a viol\u00eancia contra as mulheres e atacar a democracia. Promovem tamb\u00e9m o \u00f3dio, a viol\u00eancia e o bullying entre crian\u00e7as e adolescentes, que em alguns casos leva \u00e0 morte, e desencorajam a vacina\u00e7\u00e3o contra doen\u00e7as h\u00e1 muito erradicadas.<\/p>\n\n\n\n<p>Ele enfatizou que &#8220;as corre\u00e7\u00f5es vieram do Brasil&#8221;. Por favor, leia o discurso completo abaixo:<\/p>\n\n\n\n<p>\u201cMeu amigo, ficamos surpresos com a carta do Presidente dos Estados Unidos na semana passada, que anunciou que a partir de 1o de agosto, os produtos brasileiros estar\u00e3o sujeitos a um imposto de 50%. O Brasil sempre esteve aberto ao di\u00e1logo. Tivemos mais de 10 reuni\u00f5es com o governo dos EUA e apresentamos uma proposta de negocia\u00e7\u00f5es em 16 de maio. Estamos aguardando uma resposta, e fornecer informa\u00e7\u00f5es falsas sobre o com\u00e9rcio entre o Brasil e os Estados Unidos como uma amea\u00e7a \u00e0s institui\u00e7\u00f5es brasileiras foi uma amea\u00e7a inaceit\u00e1vel. N\u00e3o h\u00e1 vencedor na guerra tarif\u00e1ria. Somos um pa\u00eds pac\u00edfico sem inimigos. Acreditamos no multinacionalismo e na coopera\u00e7\u00e3o entre os pa\u00edses. Mas ningu\u00e9m esquece: o Brasil tem um \u00fanico dono &#8211; o povo brasileiro&#8221;.&nbsp;<\/p>\n\n\n\n<h3 class=\"wp-block-heading\">\ud83d\udd0e Pontos centrais detalhados<\/h3>\n\n\n\n<h4 class=\"wp-block-heading\">1. Amea\u00e7a externa e patriotismo<\/h4>\n\n\n\n<p>Lula procurou mobilizar a opini\u00e3o p\u00fablica ao dizer que o Brasil est\u00e1 sob ataque externo e que, mais grave ainda, parte da elite pol\u00edtica nacional estaria apoiando esse ataque. Ele usou termos fortes como \u201ctraidores da p\u00e1tria\u201d para se referir a parlamentares que estariam aplaudindo a medida americana.<\/p>\n\n\n\n<p>\u201c\u00c9 triste ver brasileiros se aliando a interesses estrangeiros, quando o que se exige de n\u00f3s \u00e9 unidade nacional.\u201d<\/p>\n\n\n\n<h4 class=\"wp-block-heading\">2. Soberania sobre o Pix e plataformas digitais<\/h4>\n\n\n\n<p>O presidente tamb\u00e9m defendeu o controle brasileiro sobre sistemas digitais estrat\u00e9gicos, como o Pix. Isso \u00e9 uma resposta indireta \u00e0s alega\u00e7\u00f5es feitas por setores da direita americana de que o Pix estaria sendo usado como ferramenta de vigil\u00e2ncia ou controle pol\u00edtico. Lula rebateu dizendo que o Pix \u00e9 uma \u201cinova\u00e7\u00e3o brasileira\u201d e que ser\u00e1 protegido como um patrim\u00f4nio nacional.<\/p>\n\n\n\n<h4 class=\"wp-block-heading\">3. Respeito entre os Poderes<\/h4>\n\n\n\n<p>Sem citar nomes, Lula fez refer\u00eancia \u00e0 tentativa de Trump de pressionar o STF e outros \u00f3rg\u00e3os do Judici\u00e1rio. Refor\u00e7ou que \u201cningu\u00e9m est\u00e1 acima da lei\u201d e que o Brasil n\u00e3o aceitar\u00e1 interfer\u00eancia externa no funcionamento de suas institui\u00e7\u00f5es.<\/p>\n\n\n\n<h4 class=\"wp-block-heading\">4. Resposta via diplomacia e multilateralismo<\/h4>\n\n\n\n<p>Embora duro no tom, Lula tamb\u00e9m buscou mostrar equil\u00edbrio. Disse que o Brasil continuar\u00e1 apostando no di\u00e1logo e recorrer\u00e1 a instrumentos internacionais, como a Organiza\u00e7\u00e3o Mundial do Com\u00e9rcio (OMC), al\u00e9m de considerar medidas de reciprocidade.<\/p>\n\n\n\n<h3 class=\"wp-block-heading\">\ud83c\udf0d Contexto geopol\u00edtico<\/h3>\n\n\n\n<p>O pronunciamento tamb\u00e9m teve uma forte carga simb\u00f3lica internacional. Lula deixou claro que n\u00e3o aceitar\u00e1 ordens dos EUA e que o Brasil tem uma pol\u00edtica externa independente. A fala ecoa o hist\u00f3rico posicionamento do PT contra imposi\u00e7\u00f5es norte-americanas, resgatando o discurso de soberania usado em governos anteriores.<\/p>\n\n\n\n<h3 class=\"wp-block-heading\">\ud83d\udde3\ufe0f Frases marcantes<\/h3>\n\n\n\n<ul class=\"wp-block-list\">\n<li>\u201cO Brasil tem dono. E o dono \u00e9 o povo brasileiro.\u201d<\/li>\n\n\n\n<li>\u201cN\u00e3o aceitamos ordens de ningu\u00e9m, muito menos de um gringo.\u201d<\/li>\n\n\n\n<li>\u201cEssa guerra tarif\u00e1ria n\u00e3o \u00e9 econ\u00f4mica, \u00e9 pol\u00edtica.\u201d<\/li>\n\n\n\n<li>\u201cRespeitamos os EUA, mas exigimos respeito de volta.\u201d<\/li>\n<\/ul>\n\n\n\n<h3 class=\"wp-block-heading\">\ud83d\udd1a Conclus\u00e3o<\/h3>\n\n\n\n<p>O discurso foi pensado para:<\/p>\n\n\n\n<ul class=\"wp-block-list\">\n<li>Unir a base nacional contra o \u201cinimigo externo\u201d;<\/li>\n\n\n\n<li>Deslegitimar os advers\u00e1rios internos ligados a Trump e Bolsonaro;<\/li>\n\n\n\n<li>Refirmar a soberania brasileira em todas as esferas \u2014 econ\u00f4mica, digital, pol\u00edtica e jur\u00eddica.<\/li>\n<\/ul>\n\n\n\n<p>A fala marca um momento de ruptura diplom\u00e1tica significativa e sinaliza que o Brasil est\u00e1 disposto a endurecer o jogo, mesmo com um parceiro comercial t\u00e3o poderoso como os Estados Unidos.<\/p>\n\n\n\n<p>Veja o v\u00eddeo:<\/p>\n\n\n\n<figure class=\"wp-block-embed is-type-video is-provider-youtube wp-block-embed-youtube wp-embed-aspect-16-9 wp-has-aspect-ratio\"><div class=\"wp-block-embed__wrapper\">\n<iframe loading=\"lazy\" title=\"Pronunciamento: Brasil Soberano\" width=\"960\" height=\"540\" src=\"https:\/\/www.youtube.com\/embed\/y0ALqYJn0lo?feature=oembed\" frameborder=\"0\" allow=\"accelerometer; autoplay; clipboard-write; encrypted-media; gyroscope; picture-in-picture; web-share\" referrerpolicy=\"strict-origin-when-cross-origin\" allowfullscreen><\/iframe>\n<\/div><figcaption class=\"wp-element-caption\">Pronunciamento de Lula <\/figcaption><\/figure>\n","protected":false},"excerpt":{"rendered":"<p>Reprodu\u00e7\u00e3o do v\u00eddeo de Lula Lula (PT) divulgou um v\u00eddeo na quinta-feira (17) afirmando que os Estados Unidos anunciaram tarifas de 50% sobre os produtos brasileiros. O petista falou em soberania e salientou que &#8220;o Brasil est\u00e1 sempre aberto ao di\u00e1logo&#8221;. Lula acusou os Estados Unidos de serem uma &#8220;amea\u00e7a permissiva&#8221; e de &#8220;apontarem para<\/p>\n","protected":false},"author":2,"featured_media":7457,"comment_status":"open","ping_status":"open","sticky":false,"template":"","format":"standard","meta":{"_jetpack_memberships_contains_paid_content":false,"footnotes":""},"categories":[38,36],"tags":[],"class_list":["post-7458","post","type-post","status-publish","format-standard","has-post-thumbnail","hentry","category-brasil","category-politica"],"yoast_head":"<!-- This site is optimized with the Yoast SEO plugin v27.5 - https:\/\/yoast.com\/product\/yoast-seo-wordpress\/ -->\n<title>Pronunciamento de Lula: \u201cO Brasil tem dono, o povo brasileiro\u201d - Autoria - Thiago Gomes Gon\u00e7alves Peres Lima - REG 0022106\/MG<\/title>\n<meta name=\"robots\" content=\"index, follow, max-snippet:-1, max-image-preview:large, max-video-preview:-1\" \/>\n<link rel=\"canonical\" href=\"https:\/\/newsofthelight.com.br\/?p=7458\" \/>\n<meta property=\"og:locale\" content=\"pt_BR\" \/>\n<meta property=\"og:type\" content=\"article\" \/>\n<meta property=\"og:title\" content=\"Pronunciamento de Lula: \u201cO Brasil tem dono, o povo brasileiro\u201d - Autoria - Thiago Gomes Gon\u00e7alves Peres Lima - REG 0022106\/MG\" \/>\n<meta property=\"og:description\" content=\"Reprodu\u00e7\u00e3o do v\u00eddeo de Lula Lula (PT) divulgou um v\u00eddeo na quinta-feira (17) afirmando que os Estados Unidos anunciaram tarifas de 50% sobre os produtos brasileiros. O petista falou em soberania e salientou que &#8220;o Brasil est\u00e1 sempre aberto ao di\u00e1logo&#8221;. Lula acusou os Estados Unidos de serem uma &#8220;amea\u00e7a permissiva&#8221; e de &#8220;apontarem para\" \/>\n<meta property=\"og:url\" content=\"https:\/\/newsofthelight.com.br\/?p=7458\" \/>\n<meta property=\"og:site_name\" content=\"Autoria - Thiago Gomes Gon\u00e7alves Peres Lima - REG 0022106\/MG\" \/>\n<meta property=\"article:published_time\" content=\"2025-07-18T10:02:04+00:00\" \/>\n<meta property=\"article:modified_time\" content=\"2025-07-18T18:00:23+00:00\" \/>\n<meta property=\"og:image\" content=\"https:\/\/newsofthelight.com.br\/wp-content\/uploads\/2025\/07\/img_0662.jpg\" \/>\n\t<meta property=\"og:image:width\" content=\"700\" \/>\n\t<meta property=\"og:image:height\" content=\"418\" \/>\n\t<meta property=\"og:image:type\" content=\"image\/jpeg\" \/>\n<meta name=\"author\" content=\"Thiago Peres\" \/>\n<meta name=\"twitter:card\" content=\"summary_large_image\" \/>\n<meta name=\"twitter:label1\" content=\"Escrito por\" \/>\n\t<meta name=\"twitter:data1\" content=\"Thiago Peres\" \/>\n\t<meta name=\"twitter:label2\" content=\"Est. tempo de leitura\" \/>\n\t<meta name=\"twitter:data2\" content=\"4 minutos\" \/>\n<script type=\"application\/ld+json\" class=\"yoast-schema-graph\">{\"@context\":\"https:\\\/\\\/schema.org\",\"@graph\":[{\"@type\":\"Article\",\"@id\":\"https:\\\/\\\/newsofthelight.com.br\\\/?p=7458#article\",\"isPartOf\":{\"@id\":\"https:\\\/\\\/newsofthelight.com.br\\\/?p=7458\"},\"author\":{\"name\":\"Thiago Peres\",\"@id\":\"https:\\\/\\\/newsofthelight.com.br\\\/#\\\/schema\\\/person\\\/d4878034586ca0e04c11eac65b2f76f2\"},\"headline\":\"Pronunciamento de Lula: \u201cO Brasil tem dono, o povo brasileiro\u201d\",\"datePublished\":\"2025-07-18T10:02:04+00:00\",\"dateModified\":\"2025-07-18T18:00:23+00:00\",\"mainEntityOfPage\":{\"@id\":\"https:\\\/\\\/newsofthelight.com.br\\\/?p=7458\"},\"wordCount\":852,\"commentCount\":0,\"publisher\":{\"@id\":\"https:\\\/\\\/newsofthelight.com.br\\\/#organization\"},\"image\":{\"@id\":\"https:\\\/\\\/newsofthelight.com.br\\\/?p=7458#primaryimage\"},\"thumbnailUrl\":\"https:\\\/\\\/newsofthelight.com.br\\\/wp-content\\\/uploads\\\/2025\\\/07\\\/img_0662.jpg\",\"articleSection\":[\"Brasil\",\"Pol\u00edtica\"],\"inLanguage\":\"pt-BR\",\"potentialAction\":[{\"@type\":\"CommentAction\",\"name\":\"Comment\",\"target\":[\"https:\\\/\\\/newsofthelight.com.br\\\/?p=7458#respond\"]}]},{\"@type\":\"WebPage\",\"@id\":\"https:\\\/\\\/newsofthelight.com.br\\\/?p=7458\",\"url\":\"https:\\\/\\\/newsofthelight.com.br\\\/?p=7458\",\"name\":\"Pronunciamento de Lula: \u201cO Brasil tem dono, o povo brasileiro\u201d - Autoria - Thiago Gomes Gon\u00e7alves Peres Lima - REG 0022106\\\/MG\",\"isPartOf\":{\"@id\":\"https:\\\/\\\/newsofthelight.com.br\\\/#website\"},\"primaryImageOfPage\":{\"@id\":\"https:\\\/\\\/newsofthelight.com.br\\\/?p=7458#primaryimage\"},\"image\":{\"@id\":\"https:\\\/\\\/newsofthelight.com.br\\\/?p=7458#primaryimage\"},\"thumbnailUrl\":\"https:\\\/\\\/newsofthelight.com.br\\\/wp-content\\\/uploads\\\/2025\\\/07\\\/img_0662.jpg\",\"datePublished\":\"2025-07-18T10:02:04+00:00\",\"dateModified\":\"2025-07-18T18:00:23+00:00\",\"breadcrumb\":{\"@id\":\"https:\\\/\\\/newsofthelight.com.br\\\/?p=7458#breadcrumb\"},\"inLanguage\":\"pt-BR\",\"potentialAction\":[{\"@type\":\"ReadAction\",\"target\":[\"https:\\\/\\\/newsofthelight.com.br\\\/?p=7458\"]}]},{\"@type\":\"ImageObject\",\"inLanguage\":\"pt-BR\",\"@id\":\"https:\\\/\\\/newsofthelight.com.br\\\/?p=7458#primaryimage\",\"url\":\"https:\\\/\\\/newsofthelight.com.br\\\/wp-content\\\/uploads\\\/2025\\\/07\\\/img_0662.jpg\",\"contentUrl\":\"https:\\\/\\\/newsofthelight.com.br\\\/wp-content\\\/uploads\\\/2025\\\/07\\\/img_0662.jpg\",\"width\":700,\"height\":418},{\"@type\":\"BreadcrumbList\",\"@id\":\"https:\\\/\\\/newsofthelight.com.br\\\/?p=7458#breadcrumb\",\"itemListElement\":[{\"@type\":\"ListItem\",\"position\":1,\"name\":\"In\u00edcio\",\"item\":\"https:\\\/\\\/newsofthelight.com.br\\\/\"},{\"@type\":\"ListItem\",\"position\":2,\"name\":\"Pronunciamento de Lula: \u201cO Brasil tem dono, o povo brasileiro\u201d\"}]},{\"@type\":\"WebSite\",\"@id\":\"https:\\\/\\\/newsofthelight.com.br\\\/#website\",\"url\":\"https:\\\/\\\/newsofthelight.com.br\\\/\",\"name\":\"Autoria - Thiago Gomes Gon\u00e7alves Peres Lima - REG 0022106\\\/MG\",\"description\":\"Noticias na velocidade da luz\",\"publisher\":{\"@id\":\"https:\\\/\\\/newsofthelight.com.br\\\/#organization\"},\"potentialAction\":[{\"@type\":\"SearchAction\",\"target\":{\"@type\":\"EntryPoint\",\"urlTemplate\":\"https:\\\/\\\/newsofthelight.com.br\\\/?s={search_term_string}\"},\"query-input\":{\"@type\":\"PropertyValueSpecification\",\"valueRequired\":true,\"valueName\":\"search_term_string\"}}],\"inLanguage\":\"pt-BR\"},{\"@type\":\"Organization\",\"@id\":\"https:\\\/\\\/newsofthelight.com.br\\\/#organization\",\"name\":\"Autoria - Thiago Gomes Gon\u00e7alves Peres Lima - REG 0022106\\\/MG\",\"url\":\"https:\\\/\\\/newsofthelight.com.br\\\/\",\"logo\":{\"@type\":\"ImageObject\",\"inLanguage\":\"pt-BR\",\"@id\":\"https:\\\/\\\/newsofthelight.com.br\\\/#\\\/schema\\\/logo\\\/image\\\/\",\"url\":\"https:\\\/\\\/newsofthelight.com.br\\\/wp-content\\\/uploads\\\/2025\\\/06\\\/cropped-IMG_0217.png\",\"contentUrl\":\"https:\\\/\\\/newsofthelight.com.br\\\/wp-content\\\/uploads\\\/2025\\\/06\\\/cropped-IMG_0217.png\",\"width\":1177,\"height\":662,\"caption\":\"Autoria - Thiago Gomes Gon\u00e7alves Peres Lima - REG 0022106\\\/MG\"},\"image\":{\"@id\":\"https:\\\/\\\/newsofthelight.com.br\\\/#\\\/schema\\\/logo\\\/image\\\/\"},\"sameAs\":[\"https:\\\/\\\/www.instagram.com\\\/news_of_the_light_?igsh=b3Fwb2psamJzaXds\"]},{\"@type\":\"Person\",\"@id\":\"https:\\\/\\\/newsofthelight.com.br\\\/#\\\/schema\\\/person\\\/d4878034586ca0e04c11eac65b2f76f2\",\"name\":\"Thiago Peres\",\"image\":{\"@type\":\"ImageObject\",\"inLanguage\":\"pt-BR\",\"@id\":\"https:\\\/\\\/secure.gravatar.com\\\/avatar\\\/21d66f46d21d113e9d3dba092a500e64563ed2ed2c77db814dfc7be6345e3815?s=96&d=mm&r=g\",\"url\":\"https:\\\/\\\/secure.gravatar.com\\\/avatar\\\/21d66f46d21d113e9d3dba092a500e64563ed2ed2c77db814dfc7be6345e3815?s=96&d=mm&r=g\",\"contentUrl\":\"https:\\\/\\\/secure.gravatar.com\\\/avatar\\\/21d66f46d21d113e9d3dba092a500e64563ed2ed2c77db814dfc7be6345e3815?s=96&d=mm&r=g\",\"caption\":\"Thiago Peres\"},\"sameAs\":[\"http:\\\/\\\/newsofthelight.com.br\"],\"url\":\"https:\\\/\\\/newsofthelight.com.br\\\/?author=2\"}]}<\/script>\n<!-- \/ Yoast SEO plugin. -->","yoast_head_json":{"title":"Pronunciamento de Lula: \u201cO Brasil tem dono, o povo brasileiro\u201d - Autoria - Thiago Gomes Gon\u00e7alves Peres Lima - REG 0022106\/MG","robots":{"index":"index","follow":"follow","max-snippet":"max-snippet:-1","max-image-preview":"max-image-preview:large","max-video-preview":"max-video-preview:-1"},"canonical":"https:\/\/newsofthelight.com.br\/?p=7458","og_locale":"pt_BR","og_type":"article","og_title":"Pronunciamento de Lula: \u201cO Brasil tem dono, o povo brasileiro\u201d - Autoria - Thiago Gomes Gon\u00e7alves Peres Lima - REG 0022106\/MG","og_description":"Reprodu\u00e7\u00e3o do v\u00eddeo de Lula Lula (PT) divulgou um v\u00eddeo na quinta-feira (17) afirmando que os Estados Unidos anunciaram tarifas de 50% sobre os produtos brasileiros. O petista falou em soberania e salientou que &#8220;o Brasil est\u00e1 sempre aberto ao di\u00e1logo&#8221;. Lula acusou os Estados Unidos de serem uma &#8220;amea\u00e7a permissiva&#8221; e de &#8220;apontarem para","og_url":"https:\/\/newsofthelight.com.br\/?p=7458","og_site_name":"Autoria - Thiago Gomes Gon\u00e7alves Peres Lima - REG 0022106\/MG","article_published_time":"2025-07-18T10:02:04+00:00","article_modified_time":"2025-07-18T18:00:23+00:00","og_image":[{"width":700,"height":418,"url":"https:\/\/newsofthelight.com.br\/wp-content\/uploads\/2025\/07\/img_0662.jpg","type":"image\/jpeg"}],"author":"Thiago Peres","twitter_card":"summary_large_image","twitter_misc":{"Escrito por":"Thiago Peres","Est. tempo de leitura":"4 minutos"},"schema":{"@context":"https:\/\/schema.org","@graph":[{"@type":"Article","@id":"https:\/\/newsofthelight.com.br\/?p=7458#article","isPartOf":{"@id":"https:\/\/newsofthelight.com.br\/?p=7458"},"author":{"name":"Thiago Peres","@id":"https:\/\/newsofthelight.com.br\/#\/schema\/person\/d4878034586ca0e04c11eac65b2f76f2"},"headline":"Pronunciamento de Lula: \u201cO Brasil tem dono, o povo brasileiro\u201d","datePublished":"2025-07-18T10:02:04+00:00","dateModified":"2025-07-18T18:00:23+00:00","mainEntityOfPage":{"@id":"https:\/\/newsofthelight.com.br\/?p=7458"},"wordCount":852,"commentCount":0,"publisher":{"@id":"https:\/\/newsofthelight.com.br\/#organization"},"image":{"@id":"https:\/\/newsofthelight.com.br\/?p=7458#primaryimage"},"thumbnailUrl":"https:\/\/newsofthelight.com.br\/wp-content\/uploads\/2025\/07\/img_0662.jpg","articleSection":["Brasil","Pol\u00edtica"],"inLanguage":"pt-BR","potentialAction":[{"@type":"CommentAction","name":"Comment","target":["https:\/\/newsofthelight.com.br\/?p=7458#respond"]}]},{"@type":"WebPage","@id":"https:\/\/newsofthelight.com.br\/?p=7458","url":"https:\/\/newsofthelight.com.br\/?p=7458","name":"Pronunciamento de Lula: \u201cO Brasil tem dono, o povo brasileiro\u201d - Autoria - Thiago Gomes Gon\u00e7alves Peres Lima - REG 0022106\/MG","isPartOf":{"@id":"https:\/\/newsofthelight.com.br\/#website"},"primaryImageOfPage":{"@id":"https:\/\/newsofthelight.com.br\/?p=7458#primaryimage"},"image":{"@id":"https:\/\/newsofthelight.com.br\/?p=7458#primaryimage"},"thumbnailUrl":"https:\/\/newsofthelight.com.br\/wp-content\/uploads\/2025\/07\/img_0662.jpg","datePublished":"2025-07-18T10:02:04+00:00","dateModified":"2025-07-18T18:00:23+00:00","breadcrumb":{"@id":"https:\/\/newsofthelight.com.br\/?p=7458#breadcrumb"},"inLanguage":"pt-BR","potentialAction":[{"@type":"ReadAction","target":["https:\/\/newsofthelight.com.br\/?p=7458"]}]},{"@type":"ImageObject","inLanguage":"pt-BR","@id":"https:\/\/newsofthelight.com.br\/?p=7458#primaryimage","url":"https:\/\/newsofthelight.com.br\/wp-content\/uploads\/2025\/07\/img_0662.jpg","contentUrl":"https:\/\/newsofthelight.com.br\/wp-content\/uploads\/2025\/07\/img_0662.jpg","width":700,"height":418},{"@type":"BreadcrumbList","@id":"https:\/\/newsofthelight.com.br\/?p=7458#breadcrumb","itemListElement":[{"@type":"ListItem","position":1,"name":"In\u00edcio","item":"https:\/\/newsofthelight.com.br\/"},{"@type":"ListItem","position":2,"name":"Pronunciamento de Lula: \u201cO Brasil tem dono, o povo brasileiro\u201d"}]},{"@type":"WebSite","@id":"https:\/\/newsofthelight.com.br\/#website","url":"https:\/\/newsofthelight.com.br\/","name":"Autoria - Thiago Gomes Gon\u00e7alves Peres Lima - REG 0022106\/MG","description":"Noticias na velocidade da luz","publisher":{"@id":"https:\/\/newsofthelight.com.br\/#organization"},"potentialAction":[{"@type":"SearchAction","target":{"@type":"EntryPoint","urlTemplate":"https:\/\/newsofthelight.com.br\/?s={search_term_string}"},"query-input":{"@type":"PropertyValueSpecification","valueRequired":true,"valueName":"search_term_string"}}],"inLanguage":"pt-BR"},{"@type":"Organization","@id":"https:\/\/newsofthelight.com.br\/#organization","name":"Autoria - Thiago Gomes Gon\u00e7alves Peres Lima - REG 0022106\/MG","url":"https:\/\/newsofthelight.com.br\/","logo":{"@type":"ImageObject","inLanguage":"pt-BR","@id":"https:\/\/newsofthelight.com.br\/#\/schema\/logo\/image\/","url":"https:\/\/newsofthelight.com.br\/wp-content\/uploads\/2025\/06\/cropped-IMG_0217.png","contentUrl":"https:\/\/newsofthelight.com.br\/wp-content\/uploads\/2025\/06\/cropped-IMG_0217.png","width":1177,"height":662,"caption":"Autoria - Thiago Gomes Gon\u00e7alves Peres Lima - REG 0022106\/MG"},"image":{"@id":"https:\/\/newsofthelight.com.br\/#\/schema\/logo\/image\/"},"sameAs":["https:\/\/www.instagram.com\/news_of_the_light_?igsh=b3Fwb2psamJzaXds"]},{"@type":"Person","@id":"https:\/\/newsofthelight.com.br\/#\/schema\/person\/d4878034586ca0e04c11eac65b2f76f2","name":"Thiago Peres","image":{"@type":"ImageObject","inLanguage":"pt-BR","@id":"https:\/\/secure.gravatar.com\/avatar\/21d66f46d21d113e9d3dba092a500e64563ed2ed2c77db814dfc7be6345e3815?s=96&d=mm&r=g","url":"https:\/\/secure.gravatar.com\/avatar\/21d66f46d21d113e9d3dba092a500e64563ed2ed2c77db814dfc7be6345e3815?s=96&d=mm&r=g","contentUrl":"https:\/\/secure.gravatar.com\/avatar\/21d66f46d21d113e9d3dba092a500e64563ed2ed2c77db814dfc7be6345e3815?s=96&d=mm&r=g","caption":"Thiago Peres"},"sameAs":["http:\/\/newsofthelight.com.br"],"url":"https:\/\/newsofthelight.com.br\/?author=2"}]}},"jetpack_featured_media_url":"https:\/\/newsofthelight.com.br\/wp-content\/uploads\/2025\/07\/img_0662.jpg","jetpack_sharing_enabled":true,"jetpack-related-posts":[{"id":7422,"url":"https:\/\/newsofthelight.com.br\/?p=7422","url_meta":{"origin":7458,"position":0},"title":"Tarifas de 50% dos EUA v\u00e3o impactar o Brasil","author":"Thiago Peres","date":"13 de julho de 2025","format":false,"excerpt":"Foto: Donald Trump Fonte: Pinterest O presidente dos EUA, Donald Trump, anunciou a introdu\u00e7\u00e3o de uma tarifa de 50% sobre produtos brasileiros, que est\u00e1 programada para entrar em vigor em 1o de agosto de 2025. A medida afeta setores como a ind\u00fastria aeroespacial (Ambra) e produtos manufaturados, bem como alimentos\u2026","rel":"","context":"Em &quot;Brasil&quot;","block_context":{"text":"Brasil","link":"https:\/\/newsofthelight.com.br\/?cat=38"},"img":{"alt_text":"","src":"https:\/\/i0.wp.com\/newsofthelight.com.br\/wp-content\/uploads\/2025\/07\/img_0602-1.jpg?resize=350%2C200&ssl=1","width":350,"height":200,"srcset":"https:\/\/i0.wp.com\/newsofthelight.com.br\/wp-content\/uploads\/2025\/07\/img_0602-1.jpg?resize=350%2C200&ssl=1 1x, https:\/\/i0.wp.com\/newsofthelight.com.br\/wp-content\/uploads\/2025\/07\/img_0602-1.jpg?resize=525%2C300&ssl=1 1.5x, https:\/\/i0.wp.com\/newsofthelight.com.br\/wp-content\/uploads\/2025\/07\/img_0602-1.jpg?resize=700%2C400&ssl=1 2x, https:\/\/i0.wp.com\/newsofthelight.com.br\/wp-content\/uploads\/2025\/07\/img_0602-1.jpg?resize=1050%2C600&ssl=1 3x"},"classes":[]},{"id":7412,"url":"https:\/\/newsofthelight.com.br\/?p=7412","url_meta":{"origin":7458,"position":1},"title":"TENS\u00c3O DIPLOM\u00c1TICA | Trump defende Bolsonaro e acena para conversa com Lula ap\u00f3s tarifa\u00e7o","author":"Thiago Peres","date":"12 de julho de 2025","format":false,"excerpt":"Lula (esquerda) Bolsonaro (centro) Trump (esquerda) O presidente dos EUA, Donald Trump, voltou a se manifestar sobre a pol\u00edtica brasileira nesta sexta-feira (11), ap\u00f3s a ado\u00e7\u00e3o de tarifas de 50% sobre produtos brasileiros, especialmente do setor de a\u00e7o. Em declara\u00e7\u00e3o dada a jornalistas antes de embarcar para o Texas, Trump\u2026","rel":"","context":"Em &quot;Brasil&quot;","block_context":{"text":"Brasil","link":"https:\/\/newsofthelight.com.br\/?cat=38"},"img":{"alt_text":"","src":"https:\/\/i0.wp.com\/newsofthelight.com.br\/wp-content\/uploads\/2025\/07\/img_0618-1.jpg?resize=350%2C200&ssl=1","width":350,"height":200,"srcset":"https:\/\/i0.wp.com\/newsofthelight.com.br\/wp-content\/uploads\/2025\/07\/img_0618-1.jpg?resize=350%2C200&ssl=1 1x, https:\/\/i0.wp.com\/newsofthelight.com.br\/wp-content\/uploads\/2025\/07\/img_0618-1.jpg?resize=525%2C300&ssl=1 1.5x, https:\/\/i0.wp.com\/newsofthelight.com.br\/wp-content\/uploads\/2025\/07\/img_0618-1.jpg?resize=700%2C400&ssl=1 2x"},"classes":[]},{"id":7436,"url":"https:\/\/newsofthelight.com.br\/?p=7436","url_meta":{"origin":7458,"position":2},"title":"Especialistas dizem que este \u00e9 o pior momento em um relacionamento de dois s\u00e9culos entre o Brasil e os Estados Unidos","author":"Thiago Peres","date":"14 de julho de 2025","format":false,"excerpt":"Foto: Lula (esquerda) Trump (direita) Fonte: Getty Images Cem anos depois, as rela\u00e7\u00f5es bilaterais entre os Estados Unidos e o Brasil passaram por mudan\u00e7as fundamentais. Especialmente durante este per\u00edodo. O presidente dos EUA, Donald Trump, anunciou na quarta-feira (7 de setembro) que 50% dos produtos brasileiros exportados para os Estados\u2026","rel":"","context":"Em &quot;Brasil&quot;","block_context":{"text":"Brasil","link":"https:\/\/newsofthelight.com.br\/?cat=38"},"img":{"alt_text":"","src":"https:\/\/i0.wp.com\/newsofthelight.com.br\/wp-content\/uploads\/2025\/07\/img_0638.jpg?resize=350%2C200&ssl=1","width":350,"height":200,"srcset":"https:\/\/i0.wp.com\/newsofthelight.com.br\/wp-content\/uploads\/2025\/07\/img_0638.jpg?resize=350%2C200&ssl=1 1x, https:\/\/i0.wp.com\/newsofthelight.com.br\/wp-content\/uploads\/2025\/07\/img_0638.jpg?resize=525%2C300&ssl=1 1.5x, https:\/\/i0.wp.com\/newsofthelight.com.br\/wp-content\/uploads\/2025\/07\/img_0638.jpg?resize=700%2C400&ssl=1 2x"},"classes":[]},{"id":7527,"url":"https:\/\/newsofthelight.com.br\/?p=7527","url_meta":{"origin":7458,"position":3},"title":"Governo Lula vai defender Moraes em processos nos Estados Unidos e perante organiza\u00e7\u00f5es internacionais","author":"Thiago Peres","date":"31 de julho de 2025","format":false,"excerpt":"O ministro Alexandre de Moraes no STF \u2014 Foto: Ton Molina\/STF A Procuradoria-Geral da Rep\u00fablica (PGR) vai defender o ministro Alexandre de Moraes, do Supremo Tribunal Federal (STF), contra as san\u00e7\u00f5es impostas pela administra\u00e7\u00e3o Trump ao abrigo da Lei Magnitsky. A base legal ainda n\u00e3o est\u00e1 definida, mas Moraes tem\u2026","rel":"","context":"Em &quot;Sem categoria&quot;","block_context":{"text":"Sem categoria","link":"https:\/\/newsofthelight.com.br\/?cat=1"},"img":{"alt_text":"","src":"https:\/\/i0.wp.com\/newsofthelight.com.br\/wp-content\/uploads\/2025\/07\/Sem-Titulo.png?resize=350%2C200&ssl=1","width":350,"height":200},"classes":[]},{"id":6917,"url":"https:\/\/newsofthelight.com.br\/?p=6917","url_meta":{"origin":7458,"position":4},"title":"Lula critica a possibilidade das san\u00e7\u00f5es dos Estados Unidos contra Moraes:&#8221;Isso \u00e9 intoler\u00e1vel&#8221;","author":"Thiago Peres","date":"4 de junho de 2025","format":false,"excerpt":"Foto: Presidente Luiz In\u00e1cio Lula da Silva Fonte: Pinterest O presidente Lula (PT) disse na ter\u00e7a-feira (3) que a possibilidade de san\u00e7\u00f5es dos EUA contra o secret\u00e1rio da Suprema Corte (STF) Alexander de Moraes, e que os coment\u00e1rios do chefe de Estado sobre as decis\u00f5es da Suprema Corte de outros\u2026","rel":"","context":"Em &quot;Brasil&quot;","block_context":{"text":"Brasil","link":"https:\/\/newsofthelight.com.br\/?cat=38"},"img":{"alt_text":"","src":"https:\/\/i0.wp.com\/newsofthelight.com.br\/wp-content\/uploads\/2025\/06\/img_0235-1.jpg?resize=350%2C200&ssl=1","width":350,"height":200,"srcset":"https:\/\/i0.wp.com\/newsofthelight.com.br\/wp-content\/uploads\/2025\/06\/img_0235-1.jpg?resize=350%2C200&ssl=1 1x, https:\/\/i0.wp.com\/newsofthelight.com.br\/wp-content\/uploads\/2025\/06\/img_0235-1.jpg?resize=525%2C300&ssl=1 1.5x, https:\/\/i0.wp.com\/newsofthelight.com.br\/wp-content\/uploads\/2025\/06\/img_0235-1.jpg?resize=700%2C400&ssl=1 2x"},"classes":[]},{"id":4517,"url":"https:\/\/newsofthelight.com.br\/?p=4517","url_meta":{"origin":7458,"position":5},"title":"Bolsonaro processar\u00e1 Lula por acusa\u00e7\u00f5es infundadas em evento pol\u00edtico","author":"Thiago Peres","date":"12 de maio de 2023","format":false,"excerpt":"A pol\u00edtica brasileira segue agitada e as tens\u00f5es entre os principais l\u00edderes do pa\u00eds continuam em alta. O presidente Lula, do Partido dos Trabalhadores (PT), voltou a atacar o ex-mandat\u00e1rio Jair Bolsonaro, do Partido Liberal (PL), em um evento em Salvador (BA), acusando-o de possuir uma mans\u00e3o milion\u00e1ria nos Estados\u2026","rel":"","context":"Em &quot;Brasil&quot;","block_context":{"text":"Brasil","link":"https:\/\/newsofthelight.com.br\/?cat=38"},"img":{"alt_text":"","src":"https:\/\/i0.wp.com\/newsofthelight.com.br\/wp-content\/uploads\/2023\/05\/IMG_4260.jpeg?resize=350%2C200&ssl=1","width":350,"height":200,"srcset":"https:\/\/i0.wp.com\/newsofthelight.com.br\/wp-content\/uploads\/2023\/05\/IMG_4260.jpeg?resize=350%2C200&ssl=1 1x, https:\/\/i0.wp.com\/newsofthelight.com.br\/wp-content\/uploads\/2023\/05\/IMG_4260.jpeg?resize=525%2C300&ssl=1 1.5x, https:\/\/i0.wp.com\/newsofthelight.com.br\/wp-content\/uploads\/2023\/05\/IMG_4260.jpeg?resize=700%2C400&ssl=1 2x, https:\/\/i0.wp.com\/newsofthelight.com.br\/wp-content\/uploads\/2023\/05\/IMG_4260.jpeg?resize=1050%2C600&ssl=1 3x"},"classes":[]}],"jetpack_shortlink":"https:\/\/wp.me\/peltaF-1Wi","_links":{"self":[{"href":"https:\/\/newsofthelight.com.br\/index.php?rest_route=\/wp\/v2\/posts\/7458","targetHints":{"allow":["GET"]}}],"collection":[{"href":"https:\/\/newsofthelight.com.br\/index.php?rest_route=\/wp\/v2\/posts"}],"about":[{"href":"https:\/\/newsofthelight.com.br\/index.php?rest_route=\/wp\/v2\/types\/post"}],"author":[{"embeddable":true,"href":"https:\/\/newsofthelight.com.br\/index.php?rest_route=\/wp\/v2\/users\/2"}],"replies":[{"embeddable":true,"href":"https:\/\/newsofthelight.com.br\/index.php?rest_route=%2Fwp%2Fv2%2Fcomments&post=7458"}],"version-history":[{"count":3,"href":"https:\/\/newsofthelight.com.br\/index.php?rest_route=\/wp\/v2\/posts\/7458\/revisions"}],"predecessor-version":[{"id":7463,"href":"https:\/\/newsofthelight.com.br\/index.php?rest_route=\/wp\/v2\/posts\/7458\/revisions\/7463"}],"wp:featuredmedia":[{"embeddable":true,"href":"https:\/\/newsofthelight.com.br\/index.php?rest_route=\/wp\/v2\/media\/7457"}],"wp:attachment":[{"href":"https:\/\/newsofthelight.com.br\/index.php?rest_route=%2Fwp%2Fv2%2Fmedia&parent=7458"}],"wp:term":[{"taxonomy":"category","embeddable":true,"href":"https:\/\/newsofthelight.com.br\/index.php?rest_route=%2Fwp%2Fv2%2Fcategories&post=7458"},{"taxonomy":"post_tag","embeddable":true,"href":"https:\/\/newsofthelight.com.br\/index.php?rest_route=%2Fwp%2Fv2%2Ftags&post=7458"}],"curies":[{"name":"wp","href":"https:\/\/api.w.org\/{rel}","templated":true}]}}