{"id":7456,"date":"2025-07-17T19:21:08","date_gmt":"2025-07-17T22:21:08","guid":{"rendered":"https:\/\/newsofthelight.com.br\/?p=7456"},"modified":"2025-07-17T19:21:08","modified_gmt":"2025-07-17T22:21:08","slug":"especialistas-sugerem-que-as-batalhas-tecnologicas-entre-as-grandes-empresas-e-a-concorrencia-dos-cartoes-de-credito-explicam-o-ataque-norte-americano","status":"publish","type":"post","link":"https:\/\/newsofthelight.com.br\/?p=7456","title":{"rendered":"Especialistas sugerem que as batalhas tecnol\u00f3gicas entre as grandes empresas e a concorr\u00eancia dos cart\u00f5es de cr\u00e9dito explicam o ataque norte-americano"},"content":{"rendered":"\n<p class=\"has-text-align-center\">Foto: Donald Trump Fonte: Pinterest <\/p>\n\n\n\n<p>O sistema de pagamentos instant\u00e2neos brasileiro, o PIX, chamou a aten\u00e7\u00e3o do Governo norte-americano numa investiga\u00e7\u00e3o comercial que come\u00e7ou esta ter\u00e7a-feira (15) a pedido do presidente Donald Trump.<\/p>\n\n\n\n<p>Num documento que formaliza o processo, a administra\u00e7\u00e3o Trump n\u00e3o mencionou diretamente o PIX, mas referiu-se ao &#8220;com\u00e9rcio digital e aos servi\u00e7os de pagamento eletr\u00f3nico&#8221; prestados pelo Estado brasileiro. O PIX \u00e9 o \u00fanico sistema estatal com este prop\u00f3sito.<\/p>\n\n\n\n<p>&#8220;O Brasil parece estar envolvido numa s\u00e9rie de pr\u00e1ticas desleais relacionadas com os servi\u00e7os de pagamento eletr\u00f3nico, como a de dar prefer\u00eancia a servi\u00e7os de pagamento eletr\u00f3nico desenvolvidos pelo governo&#8221;, afirmou o Departamento de Com\u00e9rcio dos EUA (USTR).<\/p>\n\n\n\n<p>Para os especialistas entrevistados pelo G1, a preocupa\u00e7\u00e3o com o combate \u00e0s grandes tecnol\u00f3gicas e a concorr\u00eancia das empresas americanas de cart\u00f5es de cr\u00e9dito ajudam a explicar o ataque nos EUA. Mas disseram que n\u00e3o h\u00e1 nenhuma raz\u00e3o duradoura para questionar o servi\u00e7o de pagamento.<\/p>\n\n\n\n<p>De fato, o sucesso do PIX e o papel do Brasil como mostra pareceriam &#8220;prejudiciais&#8221; para a regi\u00e3o dos EUA. Apontaram ainda que os receios de Trump tamb\u00e9m podem estar relacionados com o progresso do debate da Pix International e dos BRICS sobre as op\u00e7\u00f5es de utiliza\u00e7\u00e3o de d\u00f3lares para o com\u00e9rcio.<\/p>\n\n\n\n<p>Concorr\u00eancia com a empresa Estados Unidos<\/p>\n\n\n\n<p>Jorge Ferreira dos Santos Filho afirma que o PIX \u00e9 gratuito para particulares e barato para empresas, o que significa uma concorr\u00eancia feroz por parte das grandes empresas de cart\u00f5es de cr\u00e9dito americanas, como a Visa e a MasterCard.<\/p>\n\n\n\n<p>&#8220;Este sistema tamb\u00e9m concorre com as fintechs nos Estados Unidos. A regula\u00e7\u00e3o americana permite taxas de transmiss\u00e3o imediatas, mas no Brasil estas empresas t\u00eam de operar com PIX integrado&#8221;, afirma.<\/p>\n\n\n\n<p>De acordo com o professor, essa regra permitir\u00e1 que as empresas de alta tecnologia se beneficiem das taxas de transa\u00e7\u00e3o, ent\u00e3o elas precisam ajustar seus modelos de neg\u00f3cios em condi\u00e7\u00f5es de possibilidade de perda de lucro. Esse cen\u00e1rio tamb\u00e9m afetar\u00e1 tecnologias de grande escala que fornecem servi\u00e7os de pagamento, como o Google.<\/p>\n\n\n\n<p>Para Ralph Germer, CEO da Pagbrasil, o PIX \u00e9 um sistema tecnologicamente avan\u00e7ado que promove uma concorr\u00eancia saud\u00e1vel no mercado. No entanto, ele n\u00e3o acredita que esse sistema contradiz diretamente os interesses americanos, e n\u00e3o acredita que justifique a investiga\u00e7\u00e3o do governo dos EUA.<\/p>\n\n\n\n<p>&#8220;O Pix n\u00e3o foi criado para competir ou substituir outros m\u00e9todos de pagamento, como cart\u00f5es de cr\u00e9dito. Desde que o sistema foi lan\u00e7ado, o n\u00famero de outros m\u00e9todos de pagamento aumentou, especialmente os cart\u00f5es&#8221;, diz ele.<\/p>\n","protected":false},"excerpt":{"rendered":"<p>Foto: Donald Trump Fonte: Pinterest O sistema de pagamentos instant\u00e2neos brasileiro, o PIX, chamou a aten\u00e7\u00e3o do Governo norte-americano numa investiga\u00e7\u00e3o comercial que come\u00e7ou esta ter\u00e7a-feira (15) a pedido do presidente Donald Trump. Num documento que formaliza o processo, a administra\u00e7\u00e3o Trump n\u00e3o mencionou diretamente o PIX, mas referiu-se ao &#8220;com\u00e9rcio digital e aos servi\u00e7os<\/p>\n","protected":false},"author":2,"featured_media":7455,"comment_status":"open","ping_status":"open","sticky":false,"template":"","format":"standard","meta":{"_jetpack_memberships_contains_paid_content":false,"footnotes":""},"categories":[38,40,39,36],"tags":[],"class_list":["post-7456","post","type-post","status-publish","format-standard","has-post-thumbnail","hentry","category-brasil","category-economia","category-mundo","category-politica"],"yoast_head":"<!-- This site is optimized with the Yoast SEO plugin v27.5 - https:\/\/yoast.com\/product\/yoast-seo-wordpress\/ -->\n<title>Especialistas sugerem que as batalhas tecnol\u00f3gicas entre as grandes empresas e a concorr\u00eancia dos cart\u00f5es de cr\u00e9dito explicam o ataque norte-americano - Autoria - Thiago Gomes Gon\u00e7alves Peres Lima - REG 0022106\/MG<\/title>\n<meta name=\"robots\" content=\"index, follow, max-snippet:-1, max-image-preview:large, max-video-preview:-1\" \/>\n<link rel=\"canonical\" href=\"https:\/\/newsofthelight.com.br\/?p=7456\" \/>\n<meta property=\"og:locale\" content=\"pt_BR\" \/>\n<meta property=\"og:type\" content=\"article\" \/>\n<meta property=\"og:title\" content=\"Especialistas sugerem que as batalhas tecnol\u00f3gicas entre as grandes empresas e a concorr\u00eancia dos cart\u00f5es de cr\u00e9dito explicam o ataque norte-americano - Autoria - Thiago Gomes Gon\u00e7alves Peres Lima - REG 0022106\/MG\" \/>\n<meta property=\"og:description\" content=\"Foto: Donald Trump Fonte: Pinterest O sistema de pagamentos instant\u00e2neos brasileiro, o PIX, chamou a aten\u00e7\u00e3o do Governo norte-americano numa investiga\u00e7\u00e3o comercial que come\u00e7ou esta ter\u00e7a-feira (15) a pedido do presidente Donald Trump. Num documento que formaliza o processo, a administra\u00e7\u00e3o Trump n\u00e3o mencionou diretamente o PIX, mas referiu-se ao &#8220;com\u00e9rcio digital e aos servi\u00e7os\" \/>\n<meta property=\"og:url\" content=\"https:\/\/newsofthelight.com.br\/?p=7456\" \/>\n<meta property=\"og:site_name\" content=\"Autoria - Thiago Gomes Gon\u00e7alves Peres Lima - REG 0022106\/MG\" \/>\n<meta property=\"article:published_time\" content=\"2025-07-17T22:21:08+00:00\" \/>\n<meta name=\"author\" content=\"Thiago Peres\" \/>\n<meta name=\"twitter:card\" content=\"summary_large_image\" \/>\n<meta name=\"twitter:label1\" content=\"Escrito por\" \/>\n\t<meta name=\"twitter:data1\" content=\"Thiago Peres\" \/>\n\t<meta name=\"twitter:label2\" content=\"Est. tempo de leitura\" \/>\n\t<meta name=\"twitter:data2\" content=\"2 minutos\" \/>\n<script type=\"application\/ld+json\" class=\"yoast-schema-graph\">{\"@context\":\"https:\\\/\\\/schema.org\",\"@graph\":[{\"@type\":\"Article\",\"@id\":\"https:\\\/\\\/newsofthelight.com.br\\\/?p=7456#article\",\"isPartOf\":{\"@id\":\"https:\\\/\\\/newsofthelight.com.br\\\/?p=7456\"},\"author\":{\"name\":\"Thiago Peres\",\"@id\":\"https:\\\/\\\/newsofthelight.com.br\\\/#\\\/schema\\\/person\\\/d4878034586ca0e04c11eac65b2f76f2\"},\"headline\":\"Especialistas sugerem que as batalhas tecnol\u00f3gicas entre as grandes empresas e a concorr\u00eancia dos cart\u00f5es de cr\u00e9dito explicam o ataque norte-americano\",\"datePublished\":\"2025-07-17T22:21:08+00:00\",\"mainEntityOfPage\":{\"@id\":\"https:\\\/\\\/newsofthelight.com.br\\\/?p=7456\"},\"wordCount\":497,\"commentCount\":0,\"publisher\":{\"@id\":\"https:\\\/\\\/newsofthelight.com.br\\\/#organization\"},\"image\":{\"@id\":\"https:\\\/\\\/newsofthelight.com.br\\\/?p=7456#primaryimage\"},\"thumbnailUrl\":\"https:\\\/\\\/newsofthelight.com.br\\\/wp-content\\\/uploads\\\/2025\\\/07\\\/img_0659-1.jpg\",\"articleSection\":[\"Brasil\",\"Economia\",\"Mundo\",\"Pol\u00edtica\"],\"inLanguage\":\"pt-BR\",\"potentialAction\":[{\"@type\":\"CommentAction\",\"name\":\"Comment\",\"target\":[\"https:\\\/\\\/newsofthelight.com.br\\\/?p=7456#respond\"]}]},{\"@type\":\"WebPage\",\"@id\":\"https:\\\/\\\/newsofthelight.com.br\\\/?p=7456\",\"url\":\"https:\\\/\\\/newsofthelight.com.br\\\/?p=7456\",\"name\":\"Especialistas sugerem que as batalhas tecnol\u00f3gicas entre as grandes empresas e a concorr\u00eancia dos cart\u00f5es de cr\u00e9dito explicam o ataque norte-americano - Autoria - Thiago Gomes Gon\u00e7alves Peres Lima - REG 0022106\\\/MG\",\"isPartOf\":{\"@id\":\"https:\\\/\\\/newsofthelight.com.br\\\/#website\"},\"primaryImageOfPage\":{\"@id\":\"https:\\\/\\\/newsofthelight.com.br\\\/?p=7456#primaryimage\"},\"image\":{\"@id\":\"https:\\\/\\\/newsofthelight.com.br\\\/?p=7456#primaryimage\"},\"thumbnailUrl\":\"https:\\\/\\\/newsofthelight.com.br\\\/wp-content\\\/uploads\\\/2025\\\/07\\\/img_0659-1.jpg\",\"datePublished\":\"2025-07-17T22:21:08+00:00\",\"breadcrumb\":{\"@id\":\"https:\\\/\\\/newsofthelight.com.br\\\/?p=7456#breadcrumb\"},\"inLanguage\":\"pt-BR\",\"potentialAction\":[{\"@type\":\"ReadAction\",\"target\":[\"https:\\\/\\\/newsofthelight.com.br\\\/?p=7456\"]}]},{\"@type\":\"ImageObject\",\"inLanguage\":\"pt-BR\",\"@id\":\"https:\\\/\\\/newsofthelight.com.br\\\/?p=7456#primaryimage\",\"url\":\"https:\\\/\\\/newsofthelight.com.br\\\/wp-content\\\/uploads\\\/2025\\\/07\\\/img_0659-1.jpg\",\"contentUrl\":\"https:\\\/\\\/newsofthelight.com.br\\\/wp-content\\\/uploads\\\/2025\\\/07\\\/img_0659-1.jpg\",\"width\":1200,\"height\":900},{\"@type\":\"BreadcrumbList\",\"@id\":\"https:\\\/\\\/newsofthelight.com.br\\\/?p=7456#breadcrumb\",\"itemListElement\":[{\"@type\":\"ListItem\",\"position\":1,\"name\":\"In\u00edcio\",\"item\":\"https:\\\/\\\/newsofthelight.com.br\\\/\"},{\"@type\":\"ListItem\",\"position\":2,\"name\":\"Especialistas sugerem que as batalhas tecnol\u00f3gicas entre as grandes empresas e a concorr\u00eancia dos cart\u00f5es de cr\u00e9dito explicam o ataque norte-americano\"}]},{\"@type\":\"WebSite\",\"@id\":\"https:\\\/\\\/newsofthelight.com.br\\\/#website\",\"url\":\"https:\\\/\\\/newsofthelight.com.br\\\/\",\"name\":\"Autoria - Thiago Gomes Gon\u00e7alves Peres Lima - REG 0022106\\\/MG\",\"description\":\"Noticias na velocidade da luz\",\"publisher\":{\"@id\":\"https:\\\/\\\/newsofthelight.com.br\\\/#organization\"},\"potentialAction\":[{\"@type\":\"SearchAction\",\"target\":{\"@type\":\"EntryPoint\",\"urlTemplate\":\"https:\\\/\\\/newsofthelight.com.br\\\/?s={search_term_string}\"},\"query-input\":{\"@type\":\"PropertyValueSpecification\",\"valueRequired\":true,\"valueName\":\"search_term_string\"}}],\"inLanguage\":\"pt-BR\"},{\"@type\":\"Organization\",\"@id\":\"https:\\\/\\\/newsofthelight.com.br\\\/#organization\",\"name\":\"Autoria - Thiago Gomes Gon\u00e7alves Peres Lima - REG 0022106\\\/MG\",\"url\":\"https:\\\/\\\/newsofthelight.com.br\\\/\",\"logo\":{\"@type\":\"ImageObject\",\"inLanguage\":\"pt-BR\",\"@id\":\"https:\\\/\\\/newsofthelight.com.br\\\/#\\\/schema\\\/logo\\\/image\\\/\",\"url\":\"https:\\\/\\\/newsofthelight.com.br\\\/wp-content\\\/uploads\\\/2025\\\/06\\\/cropped-IMG_0217.png\",\"contentUrl\":\"https:\\\/\\\/newsofthelight.com.br\\\/wp-content\\\/uploads\\\/2025\\\/06\\\/cropped-IMG_0217.png\",\"width\":1177,\"height\":662,\"caption\":\"Autoria - Thiago Gomes Gon\u00e7alves Peres Lima - REG 0022106\\\/MG\"},\"image\":{\"@id\":\"https:\\\/\\\/newsofthelight.com.br\\\/#\\\/schema\\\/logo\\\/image\\\/\"},\"sameAs\":[\"https:\\\/\\\/www.instagram.com\\\/news_of_the_light_?igsh=b3Fwb2psamJzaXds\"]},{\"@type\":\"Person\",\"@id\":\"https:\\\/\\\/newsofthelight.com.br\\\/#\\\/schema\\\/person\\\/d4878034586ca0e04c11eac65b2f76f2\",\"name\":\"Thiago Peres\",\"image\":{\"@type\":\"ImageObject\",\"inLanguage\":\"pt-BR\",\"@id\":\"https:\\\/\\\/secure.gravatar.com\\\/avatar\\\/21d66f46d21d113e9d3dba092a500e64563ed2ed2c77db814dfc7be6345e3815?s=96&d=mm&r=g\",\"url\":\"https:\\\/\\\/secure.gravatar.com\\\/avatar\\\/21d66f46d21d113e9d3dba092a500e64563ed2ed2c77db814dfc7be6345e3815?s=96&d=mm&r=g\",\"contentUrl\":\"https:\\\/\\\/secure.gravatar.com\\\/avatar\\\/21d66f46d21d113e9d3dba092a500e64563ed2ed2c77db814dfc7be6345e3815?s=96&d=mm&r=g\",\"caption\":\"Thiago Peres\"},\"sameAs\":[\"http:\\\/\\\/newsofthelight.com.br\"],\"url\":\"https:\\\/\\\/newsofthelight.com.br\\\/?author=2\"}]}<\/script>\n<!-- \/ Yoast SEO plugin. -->","yoast_head_json":{"title":"Especialistas sugerem que as batalhas tecnol\u00f3gicas entre as grandes empresas e a concorr\u00eancia dos cart\u00f5es de cr\u00e9dito explicam o ataque norte-americano - Autoria - Thiago Gomes Gon\u00e7alves Peres Lima - REG 0022106\/MG","robots":{"index":"index","follow":"follow","max-snippet":"max-snippet:-1","max-image-preview":"max-image-preview:large","max-video-preview":"max-video-preview:-1"},"canonical":"https:\/\/newsofthelight.com.br\/?p=7456","og_locale":"pt_BR","og_type":"article","og_title":"Especialistas sugerem que as batalhas tecnol\u00f3gicas entre as grandes empresas e a concorr\u00eancia dos cart\u00f5es de cr\u00e9dito explicam o ataque norte-americano - Autoria - Thiago Gomes Gon\u00e7alves Peres Lima - REG 0022106\/MG","og_description":"Foto: Donald Trump Fonte: Pinterest O sistema de pagamentos instant\u00e2neos brasileiro, o PIX, chamou a aten\u00e7\u00e3o do Governo norte-americano numa investiga\u00e7\u00e3o comercial que come\u00e7ou esta ter\u00e7a-feira (15) a pedido do presidente Donald Trump. Num documento que formaliza o processo, a administra\u00e7\u00e3o Trump n\u00e3o mencionou diretamente o PIX, mas referiu-se ao &#8220;com\u00e9rcio digital e aos servi\u00e7os","og_url":"https:\/\/newsofthelight.com.br\/?p=7456","og_site_name":"Autoria - Thiago Gomes Gon\u00e7alves Peres Lima - REG 0022106\/MG","article_published_time":"2025-07-17T22:21:08+00:00","author":"Thiago Peres","twitter_card":"summary_large_image","twitter_misc":{"Escrito por":"Thiago Peres","Est. tempo de leitura":"2 minutos"},"schema":{"@context":"https:\/\/schema.org","@graph":[{"@type":"Article","@id":"https:\/\/newsofthelight.com.br\/?p=7456#article","isPartOf":{"@id":"https:\/\/newsofthelight.com.br\/?p=7456"},"author":{"name":"Thiago Peres","@id":"https:\/\/newsofthelight.com.br\/#\/schema\/person\/d4878034586ca0e04c11eac65b2f76f2"},"headline":"Especialistas sugerem que as batalhas tecnol\u00f3gicas entre as grandes empresas e a concorr\u00eancia dos cart\u00f5es de cr\u00e9dito explicam o ataque norte-americano","datePublished":"2025-07-17T22:21:08+00:00","mainEntityOfPage":{"@id":"https:\/\/newsofthelight.com.br\/?p=7456"},"wordCount":497,"commentCount":0,"publisher":{"@id":"https:\/\/newsofthelight.com.br\/#organization"},"image":{"@id":"https:\/\/newsofthelight.com.br\/?p=7456#primaryimage"},"thumbnailUrl":"https:\/\/newsofthelight.com.br\/wp-content\/uploads\/2025\/07\/img_0659-1.jpg","articleSection":["Brasil","Economia","Mundo","Pol\u00edtica"],"inLanguage":"pt-BR","potentialAction":[{"@type":"CommentAction","name":"Comment","target":["https:\/\/newsofthelight.com.br\/?p=7456#respond"]}]},{"@type":"WebPage","@id":"https:\/\/newsofthelight.com.br\/?p=7456","url":"https:\/\/newsofthelight.com.br\/?p=7456","name":"Especialistas sugerem que as batalhas tecnol\u00f3gicas entre as grandes empresas e a concorr\u00eancia dos cart\u00f5es de cr\u00e9dito explicam o ataque norte-americano - Autoria - Thiago Gomes Gon\u00e7alves Peres Lima - REG 0022106\/MG","isPartOf":{"@id":"https:\/\/newsofthelight.com.br\/#website"},"primaryImageOfPage":{"@id":"https:\/\/newsofthelight.com.br\/?p=7456#primaryimage"},"image":{"@id":"https:\/\/newsofthelight.com.br\/?p=7456#primaryimage"},"thumbnailUrl":"https:\/\/newsofthelight.com.br\/wp-content\/uploads\/2025\/07\/img_0659-1.jpg","datePublished":"2025-07-17T22:21:08+00:00","breadcrumb":{"@id":"https:\/\/newsofthelight.com.br\/?p=7456#breadcrumb"},"inLanguage":"pt-BR","potentialAction":[{"@type":"ReadAction","target":["https:\/\/newsofthelight.com.br\/?p=7456"]}]},{"@type":"ImageObject","inLanguage":"pt-BR","@id":"https:\/\/newsofthelight.com.br\/?p=7456#primaryimage","url":"https:\/\/newsofthelight.com.br\/wp-content\/uploads\/2025\/07\/img_0659-1.jpg","contentUrl":"https:\/\/newsofthelight.com.br\/wp-content\/uploads\/2025\/07\/img_0659-1.jpg","width":1200,"height":900},{"@type":"BreadcrumbList","@id":"https:\/\/newsofthelight.com.br\/?p=7456#breadcrumb","itemListElement":[{"@type":"ListItem","position":1,"name":"In\u00edcio","item":"https:\/\/newsofthelight.com.br\/"},{"@type":"ListItem","position":2,"name":"Especialistas sugerem que as batalhas tecnol\u00f3gicas entre as grandes empresas e a concorr\u00eancia dos cart\u00f5es de cr\u00e9dito explicam o ataque norte-americano"}]},{"@type":"WebSite","@id":"https:\/\/newsofthelight.com.br\/#website","url":"https:\/\/newsofthelight.com.br\/","name":"Autoria - Thiago Gomes Gon\u00e7alves Peres Lima - REG 0022106\/MG","description":"Noticias na velocidade da luz","publisher":{"@id":"https:\/\/newsofthelight.com.br\/#organization"},"potentialAction":[{"@type":"SearchAction","target":{"@type":"EntryPoint","urlTemplate":"https:\/\/newsofthelight.com.br\/?s={search_term_string}"},"query-input":{"@type":"PropertyValueSpecification","valueRequired":true,"valueName":"search_term_string"}}],"inLanguage":"pt-BR"},{"@type":"Organization","@id":"https:\/\/newsofthelight.com.br\/#organization","name":"Autoria - Thiago Gomes Gon\u00e7alves Peres Lima - REG 0022106\/MG","url":"https:\/\/newsofthelight.com.br\/","logo":{"@type":"ImageObject","inLanguage":"pt-BR","@id":"https:\/\/newsofthelight.com.br\/#\/schema\/logo\/image\/","url":"https:\/\/newsofthelight.com.br\/wp-content\/uploads\/2025\/06\/cropped-IMG_0217.png","contentUrl":"https:\/\/newsofthelight.com.br\/wp-content\/uploads\/2025\/06\/cropped-IMG_0217.png","width":1177,"height":662,"caption":"Autoria - Thiago Gomes Gon\u00e7alves Peres Lima - REG 0022106\/MG"},"image":{"@id":"https:\/\/newsofthelight.com.br\/#\/schema\/logo\/image\/"},"sameAs":["https:\/\/www.instagram.com\/news_of_the_light_?igsh=b3Fwb2psamJzaXds"]},{"@type":"Person","@id":"https:\/\/newsofthelight.com.br\/#\/schema\/person\/d4878034586ca0e04c11eac65b2f76f2","name":"Thiago Peres","image":{"@type":"ImageObject","inLanguage":"pt-BR","@id":"https:\/\/secure.gravatar.com\/avatar\/21d66f46d21d113e9d3dba092a500e64563ed2ed2c77db814dfc7be6345e3815?s=96&d=mm&r=g","url":"https:\/\/secure.gravatar.com\/avatar\/21d66f46d21d113e9d3dba092a500e64563ed2ed2c77db814dfc7be6345e3815?s=96&d=mm&r=g","contentUrl":"https:\/\/secure.gravatar.com\/avatar\/21d66f46d21d113e9d3dba092a500e64563ed2ed2c77db814dfc7be6345e3815?s=96&d=mm&r=g","caption":"Thiago Peres"},"sameAs":["http:\/\/newsofthelight.com.br"],"url":"https:\/\/newsofthelight.com.br\/?author=2"}]}},"jetpack_featured_media_url":"https:\/\/newsofthelight.com.br\/wp-content\/uploads\/2025\/07\/img_0659-1.jpg","jetpack_sharing_enabled":true,"jetpack-related-posts":[{"id":7465,"url":"https:\/\/newsofthelight.com.br\/?p=7465","url_meta":{"origin":7456,"position":0},"title":"Donald Trump imp\u00f5e san\u00e7\u00f5es aos sat\u00e9lites e GPS brasileiros","author":"Thiago Peres","date":"19 de julho de 2025","format":false,"excerpt":"Foto: Donald Trump\u00a0Fonte: EFE\/EPA\/WIN MCNAMEE \/ POOL Poss\u00edveis novas san\u00e7\u00f5es do presidente norte-americano Donald Trump contra o governo brasileiro podem levar a um aumento de 50% a 100% das tarifas, \u00e0 ado\u00e7\u00e3o de san\u00e7\u00f5es junto da Organiza\u00e7\u00e3o do Tratado do Atl\u00e2ntico Norte (NATO) e ao bloqueio de sat\u00e9lites e GPS\u2026","rel":"","context":"Em &quot;Brasil&quot;","block_context":{"text":"Brasil","link":"https:\/\/newsofthelight.com.br\/?cat=38"},"img":{"alt_text":"","src":"https:\/\/i0.wp.com\/newsofthelight.com.br\/wp-content\/uploads\/2025\/07\/img_0667.jpg?resize=350%2C200&ssl=1","width":350,"height":200,"srcset":"https:\/\/i0.wp.com\/newsofthelight.com.br\/wp-content\/uploads\/2025\/07\/img_0667.jpg?resize=350%2C200&ssl=1 1x, https:\/\/i0.wp.com\/newsofthelight.com.br\/wp-content\/uploads\/2025\/07\/img_0667.jpg?resize=525%2C300&ssl=1 1.5x, https:\/\/i0.wp.com\/newsofthelight.com.br\/wp-content\/uploads\/2025\/07\/img_0667.jpg?resize=700%2C400&ssl=1 2x, https:\/\/i0.wp.com\/newsofthelight.com.br\/wp-content\/uploads\/2025\/07\/img_0667.jpg?resize=1050%2C600&ssl=1 3x, https:\/\/i0.wp.com\/newsofthelight.com.br\/wp-content\/uploads\/2025\/07\/img_0667.jpg?resize=1400%2C800&ssl=1 4x"},"classes":[]},{"id":7450,"url":"https:\/\/newsofthelight.com.br\/?p=7450","url_meta":{"origin":7456,"position":1},"title":"A pedido de Trump, o governo dos EUA lan\u00e7a uma investiga\u00e7\u00e3o comercial ao Brasil","author":"Thiago Peres","date":"16 de julho de 2025","format":false,"excerpt":"Foto: Donald Trump Fonte: Jonathan Ernst\/ Reuters A entidade comercial anunciou na ter\u00e7a-feira (15) que iniciou uma investiga\u00e7\u00e3o. Numa carta ao Brasil impondo uma tarifa de 50%, o presidente dos EUA pediu a\u00e7\u00f5es que possam levar a tarifas e san\u00e7\u00f5es adicionais. \u201cSob a lideran\u00e7a do presidente Trump, vou investigar a\u2026","rel":"","context":"Em &quot;Brasil&quot;","block_context":{"text":"Brasil","link":"https:\/\/newsofthelight.com.br\/?cat=38"},"img":{"alt_text":"","src":"https:\/\/i0.wp.com\/newsofthelight.com.br\/wp-content\/uploads\/2025\/07\/img_0649-1.jpg?resize=350%2C200&ssl=1","width":350,"height":200,"srcset":"https:\/\/i0.wp.com\/newsofthelight.com.br\/wp-content\/uploads\/2025\/07\/img_0649-1.jpg?resize=350%2C200&ssl=1 1x, https:\/\/i0.wp.com\/newsofthelight.com.br\/wp-content\/uploads\/2025\/07\/img_0649-1.jpg?resize=525%2C300&ssl=1 1.5x, https:\/\/i0.wp.com\/newsofthelight.com.br\/wp-content\/uploads\/2025\/07\/img_0649-1.jpg?resize=700%2C400&ssl=1 2x, https:\/\/i0.wp.com\/newsofthelight.com.br\/wp-content\/uploads\/2025\/07\/img_0649-1.jpg?resize=1050%2C600&ssl=1 3x"},"classes":[]},{"id":7531,"url":"https:\/\/newsofthelight.com.br\/?p=7531","url_meta":{"origin":7456,"position":2},"title":"Trump afirma disposi\u00e7\u00e3o para conversar com Lula a qualquer momento","author":"Thiago Peres","date":"1 de agosto de 2025","format":false,"excerpt":"Foto: Trump em coletiva de imprensa Fonte: EFE\/EPA\/AARON SCHWARTZ\/POOL O presidente dos EUA, Donald Trump, afirmou estar disposto a conversar com o presidente Luiz In\u00e1cio Lula da Silva para discutir um acordo comercial entre os dois pa\u00edses. \"Pode falar comigo a qualquer momento\", disse o republicano. E, quando questionado sobre\u2026","rel":"","context":"Em &quot;Brasil&quot;","block_context":{"text":"Brasil","link":"https:\/\/newsofthelight.com.br\/?cat=38"},"img":{"alt_text":"","src":"https:\/\/i0.wp.com\/newsofthelight.com.br\/wp-content\/uploads\/2025\/08\/img_0747.jpg?resize=350%2C200&ssl=1","width":350,"height":200},"classes":[]},{"id":7454,"url":"https:\/\/newsofthelight.com.br\/?p=7454","url_meta":{"origin":7456,"position":3},"title":"Trump apoia Bolsonaro, acusa Lula de persegui\u00e7\u00e3o pol\u00edtica e imp\u00f5e tarifas contra o Brasil","author":"Thiago Peres","date":"17 de julho de 2025","format":false,"excerpt":"Foto: Trump (esquerda) Lula (direita) Em julho de 2025, Donald Trump imp\u00f4s uma tarifa de 50% sobre os produtos brasileiros, insistindo na seguran\u00e7a da ind\u00fastria americana. A medida recebeu uma forte resposta negativa do governo brasileiro. Lula reagiu fortemente: \"O Brasil n\u00e3o aceitar\u00e1 medidas unilaterais que prejudiquem a economia. Continuaremos\u2026","rel":"","context":"Em &quot;Brasil&quot;","block_context":{"text":"Brasil","link":"https:\/\/newsofthelight.com.br\/?cat=38"},"img":{"alt_text":"","src":"https:\/\/i0.wp.com\/newsofthelight.com.br\/wp-content\/uploads\/2025\/07\/img_0654-1.jpg?resize=350%2C200&ssl=1","width":350,"height":200,"srcset":"https:\/\/i0.wp.com\/newsofthelight.com.br\/wp-content\/uploads\/2025\/07\/img_0654-1.jpg?resize=350%2C200&ssl=1 1x, https:\/\/i0.wp.com\/newsofthelight.com.br\/wp-content\/uploads\/2025\/07\/img_0654-1.jpg?resize=525%2C300&ssl=1 1.5x, https:\/\/i0.wp.com\/newsofthelight.com.br\/wp-content\/uploads\/2025\/07\/img_0654-1.jpg?resize=700%2C400&ssl=1 2x"},"classes":[]},{"id":7424,"url":"https:\/\/newsofthelight.com.br\/?p=7424","url_meta":{"origin":7456,"position":4},"title":"Bolsonaro volta atr\u00e1s e se posiciona contra o tarifamento dos EUA sobre o Brasil","author":"Thiago Peres","date":"13 de julho de 2025","format":false,"excerpt":"Foto: Bolsonaro Fonte: Jovem Pan O ex-presidente Jair Bolsonaro falou nas m\u00eddias sociais no domingo (13) sobre a taxa de 50% imposta pelo presidente dos EUA, Donald Trump, sobre os produtos brasileiros. Este procedimento entrar\u00e1 em vigor em 1\u00ba de agosto. De acordo com Bolsonaro, a decis\u00e3o \u00e9 \u201csobre valor,\u2026","rel":"","context":"Em &quot;Pol\u00edtica&quot;","block_context":{"text":"Pol\u00edtica","link":"https:\/\/newsofthelight.com.br\/?cat=36"},"img":{"alt_text":"","src":"https:\/\/i0.wp.com\/newsofthelight.com.br\/wp-content\/uploads\/2025\/07\/img_0635-1.jpg?resize=350%2C200&ssl=1","width":350,"height":200,"srcset":"https:\/\/i0.wp.com\/newsofthelight.com.br\/wp-content\/uploads\/2025\/07\/img_0635-1.jpg?resize=350%2C200&ssl=1 1x, https:\/\/i0.wp.com\/newsofthelight.com.br\/wp-content\/uploads\/2025\/07\/img_0635-1.jpg?resize=525%2C300&ssl=1 1.5x, https:\/\/i0.wp.com\/newsofthelight.com.br\/wp-content\/uploads\/2025\/07\/img_0635-1.jpg?resize=700%2C400&ssl=1 2x"},"classes":[]},{"id":7389,"url":"https:\/\/newsofthelight.com.br\/?p=7389","url_meta":{"origin":7456,"position":5},"title":"Zema, Cleitinho e Nikolas s\u00e3o criticados&nbsp; nas redes sociais ao apoiarem&nbsp; as tarifas de Trump","author":"Thiago Peres","date":"10 de julho de 2025","format":false,"excerpt":"Da esquerda para a direita Zema, Cleitinho e Nikolas O governador de Minas Gerais, Romeu Zema (Novo), se manifestou a favor da tarifa de 50% imposta por Donald Trump sobre produtos brasileiros. A medida, que visa pressionar o governo Lula por conta do julgamento de Jair Bolsonaro, foi apoiada pelo\u2026","rel":"","context":"Em &quot;Pol\u00edtica&quot;","block_context":{"text":"Pol\u00edtica","link":"https:\/\/newsofthelight.com.br\/?cat=36"},"img":{"alt_text":"","src":"https:\/\/i0.wp.com\/newsofthelight.com.br\/wp-content\/uploads\/2025\/07\/img_0592-1.jpg?resize=350%2C200&ssl=1","width":350,"height":200,"srcset":"https:\/\/i0.wp.com\/newsofthelight.com.br\/wp-content\/uploads\/2025\/07\/img_0592-1.jpg?resize=350%2C200&ssl=1 1x, https:\/\/i0.wp.com\/newsofthelight.com.br\/wp-content\/uploads\/2025\/07\/img_0592-1.jpg?resize=525%2C300&ssl=1 1.5x, https:\/\/i0.wp.com\/newsofthelight.com.br\/wp-content\/uploads\/2025\/07\/img_0592-1.jpg?resize=700%2C400&ssl=1 2x, https:\/\/i0.wp.com\/newsofthelight.com.br\/wp-content\/uploads\/2025\/07\/img_0592-1.jpg?resize=1050%2C600&ssl=1 3x"},"classes":[]}],"jetpack_shortlink":"https:\/\/wp.me\/peltaF-1Wg","_links":{"self":[{"href":"https:\/\/newsofthelight.com.br\/index.php?rest_route=\/wp\/v2\/posts\/7456","targetHints":{"allow":["GET"]}}],"collection":[{"href":"https:\/\/newsofthelight.com.br\/index.php?rest_route=\/wp\/v2\/posts"}],"about":[{"href":"https:\/\/newsofthelight.com.br\/index.php?rest_route=\/wp\/v2\/types\/post"}],"author":[{"embeddable":true,"href":"https:\/\/newsofthelight.com.br\/index.php?rest_route=\/wp\/v2\/users\/2"}],"replies":[{"embeddable":true,"href":"https:\/\/newsofthelight.com.br\/index.php?rest_route=%2Fwp%2Fv2%2Fcomments&post=7456"}],"version-history":[{"count":0,"href":"https:\/\/newsofthelight.com.br\/index.php?rest_route=\/wp\/v2\/posts\/7456\/revisions"}],"wp:featuredmedia":[{"embeddable":true,"href":"https:\/\/newsofthelight.com.br\/index.php?rest_route=\/wp\/v2\/media\/7455"}],"wp:attachment":[{"href":"https:\/\/newsofthelight.com.br\/index.php?rest_route=%2Fwp%2Fv2%2Fmedia&parent=7456"}],"wp:term":[{"taxonomy":"category","embeddable":true,"href":"https:\/\/newsofthelight.com.br\/index.php?rest_route=%2Fwp%2Fv2%2Fcategories&post=7456"},{"taxonomy":"post_tag","embeddable":true,"href":"https:\/\/newsofthelight.com.br\/index.php?rest_route=%2Fwp%2Fv2%2Ftags&post=7456"}],"curies":[{"name":"wp","href":"https:\/\/api.w.org\/{rel}","templated":true}]}}