{"id":7157,"date":"2025-06-18T13:24:32","date_gmt":"2025-06-18T16:24:32","guid":{"rendered":"https:\/\/newsofthelight.com.br\/?p=7157"},"modified":"2025-06-18T13:24:59","modified_gmt":"2025-06-18T16:24:59","slug":"haddad-demite-um-inspetor-fiscal-suspeito-de-reivindicar-subornos-da-lava-jato","status":"publish","type":"post","link":"https:\/\/newsofthelight.com.br\/?p=7157","title":{"rendered":"Haddad demite um inspetor fiscal suspeito de reivindicar subornos da Lava Jato"},"content":{"rendered":"\n<p class=\"has-text-align-center\">Foto: Fernando Haddad Fonte: WILTON JUNIOR\/ESTAD\u00c3O CONTE\u00daD<\/p>\n\n\n\n<p>Na ter\u00e7a-feira (17), o governo federal anunciou a demiss\u00e3o de Marco Aurelio da Silva Canal, auditor fiscal do Servi\u00e7o Federal de Impostos, acusando sua lideran\u00e7a de estar ligada \u00e0 opera\u00e7\u00e3o Lava Jato. Plano de suborno. Ap\u00f3s a investiga\u00e7\u00e3o e as descobertas, o ministro das Finan\u00e7as, Fernando Gaudard, tomou a decis\u00e3o depois que os auditores chamaram a investiga\u00e7\u00e3o em Leo de Janeiro e exigiam pagamentos ilegais para reduzir as multas fiscais. O plano pode ter sido facilitado pela falta de acesso a informa\u00e7\u00f5es privilegiadas e controle do site, bem como pelo acesso a dados confidenciais.<\/p>\n\n\n\n<p>A decis\u00e3o assinada pelo Ministro das Finan\u00e7as impediu Marco Aurelio Da Silva de retornar ao cargo p\u00fablico por oito anos, alegando que estava usando sua posi\u00e7\u00e3o por interesse pr\u00f3prio.<\/p>\n\n\n\n<p>O desligamento de Marco Aurelio da Silva Canal confirma o respeito do governo em rela\u00e7\u00e3o \u00e0 transpar\u00eancia e \u00e0 \u00e9tica do setor estatal. Haddad enfatizou a import\u00e2ncia de requisitos rigorosos na investiga\u00e7\u00e3o de a\u00e7\u00f5es ilegais, o que aumentou a necessidade de tomar medidas para evitar tais incidentes no futuro. A Opera\u00e7\u00e3o Lava-Jato descobriu uma s\u00e9rie de casos de corrup\u00e7\u00e3o que continuam sendo o foco dos esfor\u00e7os das autoridades para garantir a integridade da investiga\u00e7\u00e3o e a prote\u00e7\u00e3o das finan\u00e7as p\u00fablicas.<\/p>\n\n\n\n<p>Com a sa\u00edda do auditor, o Servi\u00e7o de Receita Federal e o auditor-geral federal s\u00e3o respons\u00e1veis por conduzir uma investiga\u00e7\u00e3o mais profunda para identificar outros que possam participar do programa. Tamb\u00e9m \u00e9 necess\u00e1rio fortalecer o controle interno e tomar medidas para evitar o uso indevido de informa\u00e7\u00f5es confidenciais. A a\u00e7\u00e3o do governo n\u00e3o \u00e9 apenas punir os respons\u00e1veis, mas tamb\u00e9m evitar a recorr\u00eancia de atos fraudulentos que amea\u00e7am a confian\u00e7a das institui\u00e7\u00f5es p\u00fablicas.<\/p>\n","protected":false},"excerpt":{"rendered":"<p>Foto: Fernando Haddad Fonte: WILTON JUNIOR\/ESTAD\u00c3O CONTE\u00daD Na ter\u00e7a-feira (17), o governo federal anunciou a demiss\u00e3o de Marco Aurelio da Silva Canal, auditor fiscal do Servi\u00e7o Federal de Impostos, acusando sua lideran\u00e7a de estar ligada \u00e0 opera\u00e7\u00e3o Lava Jato. Plano de suborno. Ap\u00f3s a investiga\u00e7\u00e3o e as descobertas, o ministro das Finan\u00e7as, Fernando Gaudard, tomou<\/p>\n","protected":false},"author":2,"featured_media":7158,"comment_status":"open","ping_status":"open","sticky":false,"template":"","format":"standard","meta":{"_jetpack_memberships_contains_paid_content":false,"footnotes":""},"categories":[38,40,36],"tags":[],"class_list":["post-7157","post","type-post","status-publish","format-standard","has-post-thumbnail","hentry","category-brasil","category-economia","category-politica"],"yoast_head":"<!-- This site is optimized with the Yoast SEO plugin v27.4 - https:\/\/yoast.com\/product\/yoast-seo-wordpress\/ -->\n<title>Haddad demite um inspetor fiscal suspeito de reivindicar subornos da Lava Jato - Autoria - Thiago Gomes Gon\u00e7alves Peres Lima - REG 0022106\/MG<\/title>\n<meta name=\"robots\" content=\"index, follow, max-snippet:-1, max-image-preview:large, max-video-preview:-1\" \/>\n<link rel=\"canonical\" href=\"https:\/\/newsofthelight.com.br\/?p=7157\" \/>\n<meta property=\"og:locale\" content=\"pt_BR\" \/>\n<meta property=\"og:type\" content=\"article\" \/>\n<meta property=\"og:title\" content=\"Haddad demite um inspetor fiscal suspeito de reivindicar subornos da Lava Jato - Autoria - Thiago Gomes Gon\u00e7alves Peres Lima - REG 0022106\/MG\" \/>\n<meta property=\"og:description\" content=\"Foto: Fernando Haddad Fonte: WILTON JUNIOR\/ESTAD\u00c3O CONTE\u00daD Na ter\u00e7a-feira (17), o governo federal anunciou a demiss\u00e3o de Marco Aurelio da Silva Canal, auditor fiscal do Servi\u00e7o Federal de Impostos, acusando sua lideran\u00e7a de estar ligada \u00e0 opera\u00e7\u00e3o Lava Jato. Plano de suborno. Ap\u00f3s a investiga\u00e7\u00e3o e as descobertas, o ministro das Finan\u00e7as, Fernando Gaudard, tomou\" \/>\n<meta property=\"og:url\" content=\"https:\/\/newsofthelight.com.br\/?p=7157\" \/>\n<meta property=\"og:site_name\" content=\"Autoria - Thiago Gomes Gon\u00e7alves Peres Lima - REG 0022106\/MG\" \/>\n<meta property=\"article:published_time\" content=\"2025-06-18T16:24:32+00:00\" \/>\n<meta property=\"article:modified_time\" content=\"2025-06-18T16:24:59+00:00\" \/>\n<meta property=\"og:image\" content=\"https:\/\/newsofthelight.com.br\/wp-content\/uploads\/2025\/06\/IMG_0368.jpeg\" \/>\n\t<meta property=\"og:image:width\" content=\"311\" \/>\n\t<meta property=\"og:image:height\" content=\"207\" \/>\n\t<meta property=\"og:image:type\" content=\"image\/jpeg\" \/>\n<meta name=\"author\" content=\"Thiago Peres\" \/>\n<meta name=\"twitter:card\" content=\"summary_large_image\" \/>\n<meta name=\"twitter:label1\" content=\"Escrito por\" \/>\n\t<meta name=\"twitter:data1\" content=\"Thiago Peres\" \/>\n\t<meta name=\"twitter:label2\" content=\"Est. tempo de leitura\" \/>\n\t<meta name=\"twitter:data2\" content=\"2 minutos\" \/>\n<script type=\"application\/ld+json\" class=\"yoast-schema-graph\">{\"@context\":\"https:\\\/\\\/schema.org\",\"@graph\":[{\"@type\":\"Article\",\"@id\":\"https:\\\/\\\/newsofthelight.com.br\\\/?p=7157#article\",\"isPartOf\":{\"@id\":\"https:\\\/\\\/newsofthelight.com.br\\\/?p=7157\"},\"author\":{\"name\":\"Thiago Peres\",\"@id\":\"https:\\\/\\\/newsofthelight.com.br\\\/#\\\/schema\\\/person\\\/d4878034586ca0e04c11eac65b2f76f2\"},\"headline\":\"Haddad demite um inspetor fiscal suspeito de reivindicar subornos da Lava Jato\",\"datePublished\":\"2025-06-18T16:24:32+00:00\",\"dateModified\":\"2025-06-18T16:24:59+00:00\",\"mainEntityOfPage\":{\"@id\":\"https:\\\/\\\/newsofthelight.com.br\\\/?p=7157\"},\"wordCount\":338,\"commentCount\":0,\"publisher\":{\"@id\":\"https:\\\/\\\/newsofthelight.com.br\\\/#organization\"},\"image\":{\"@id\":\"https:\\\/\\\/newsofthelight.com.br\\\/?p=7157#primaryimage\"},\"thumbnailUrl\":\"https:\\\/\\\/newsofthelight.com.br\\\/wp-content\\\/uploads\\\/2025\\\/06\\\/IMG_0368.jpeg\",\"articleSection\":[\"Brasil\",\"Economia\",\"Pol\u00edtica\"],\"inLanguage\":\"pt-BR\",\"potentialAction\":[{\"@type\":\"CommentAction\",\"name\":\"Comment\",\"target\":[\"https:\\\/\\\/newsofthelight.com.br\\\/?p=7157#respond\"]}]},{\"@type\":\"WebPage\",\"@id\":\"https:\\\/\\\/newsofthelight.com.br\\\/?p=7157\",\"url\":\"https:\\\/\\\/newsofthelight.com.br\\\/?p=7157\",\"name\":\"Haddad demite um inspetor fiscal suspeito de reivindicar subornos da Lava Jato - Autoria - Thiago Gomes Gon\u00e7alves Peres Lima - REG 0022106\\\/MG\",\"isPartOf\":{\"@id\":\"https:\\\/\\\/newsofthelight.com.br\\\/#website\"},\"primaryImageOfPage\":{\"@id\":\"https:\\\/\\\/newsofthelight.com.br\\\/?p=7157#primaryimage\"},\"image\":{\"@id\":\"https:\\\/\\\/newsofthelight.com.br\\\/?p=7157#primaryimage\"},\"thumbnailUrl\":\"https:\\\/\\\/newsofthelight.com.br\\\/wp-content\\\/uploads\\\/2025\\\/06\\\/IMG_0368.jpeg\",\"datePublished\":\"2025-06-18T16:24:32+00:00\",\"dateModified\":\"2025-06-18T16:24:59+00:00\",\"breadcrumb\":{\"@id\":\"https:\\\/\\\/newsofthelight.com.br\\\/?p=7157#breadcrumb\"},\"inLanguage\":\"pt-BR\",\"potentialAction\":[{\"@type\":\"ReadAction\",\"target\":[\"https:\\\/\\\/newsofthelight.com.br\\\/?p=7157\"]}]},{\"@type\":\"ImageObject\",\"inLanguage\":\"pt-BR\",\"@id\":\"https:\\\/\\\/newsofthelight.com.br\\\/?p=7157#primaryimage\",\"url\":\"https:\\\/\\\/newsofthelight.com.br\\\/wp-content\\\/uploads\\\/2025\\\/06\\\/IMG_0368.jpeg\",\"contentUrl\":\"https:\\\/\\\/newsofthelight.com.br\\\/wp-content\\\/uploads\\\/2025\\\/06\\\/IMG_0368.jpeg\",\"width\":311,\"height\":207},{\"@type\":\"BreadcrumbList\",\"@id\":\"https:\\\/\\\/newsofthelight.com.br\\\/?p=7157#breadcrumb\",\"itemListElement\":[{\"@type\":\"ListItem\",\"position\":1,\"name\":\"In\u00edcio\",\"item\":\"https:\\\/\\\/newsofthelight.com.br\\\/\"},{\"@type\":\"ListItem\",\"position\":2,\"name\":\"Haddad demite um inspetor fiscal suspeito de reivindicar subornos da Lava Jato\"}]},{\"@type\":\"WebSite\",\"@id\":\"https:\\\/\\\/newsofthelight.com.br\\\/#website\",\"url\":\"https:\\\/\\\/newsofthelight.com.br\\\/\",\"name\":\"Autoria - Thiago Gomes Gon\u00e7alves Peres Lima - REG 0022106\\\/MG\",\"description\":\"Noticias na velocidade da luz\",\"publisher\":{\"@id\":\"https:\\\/\\\/newsofthelight.com.br\\\/#organization\"},\"potentialAction\":[{\"@type\":\"SearchAction\",\"target\":{\"@type\":\"EntryPoint\",\"urlTemplate\":\"https:\\\/\\\/newsofthelight.com.br\\\/?s={search_term_string}\"},\"query-input\":{\"@type\":\"PropertyValueSpecification\",\"valueRequired\":true,\"valueName\":\"search_term_string\"}}],\"inLanguage\":\"pt-BR\"},{\"@type\":\"Organization\",\"@id\":\"https:\\\/\\\/newsofthelight.com.br\\\/#organization\",\"name\":\"Autoria - Thiago Gomes Gon\u00e7alves Peres Lima - REG 0022106\\\/MG\",\"url\":\"https:\\\/\\\/newsofthelight.com.br\\\/\",\"logo\":{\"@type\":\"ImageObject\",\"inLanguage\":\"pt-BR\",\"@id\":\"https:\\\/\\\/newsofthelight.com.br\\\/#\\\/schema\\\/logo\\\/image\\\/\",\"url\":\"https:\\\/\\\/newsofthelight.com.br\\\/wp-content\\\/uploads\\\/2025\\\/06\\\/cropped-IMG_0217.png\",\"contentUrl\":\"https:\\\/\\\/newsofthelight.com.br\\\/wp-content\\\/uploads\\\/2025\\\/06\\\/cropped-IMG_0217.png\",\"width\":1177,\"height\":662,\"caption\":\"Autoria - Thiago Gomes Gon\u00e7alves Peres Lima - REG 0022106\\\/MG\"},\"image\":{\"@id\":\"https:\\\/\\\/newsofthelight.com.br\\\/#\\\/schema\\\/logo\\\/image\\\/\"},\"sameAs\":[\"https:\\\/\\\/www.instagram.com\\\/news_of_the_light_?igsh=b3Fwb2psamJzaXds\"]},{\"@type\":\"Person\",\"@id\":\"https:\\\/\\\/newsofthelight.com.br\\\/#\\\/schema\\\/person\\\/d4878034586ca0e04c11eac65b2f76f2\",\"name\":\"Thiago Peres\",\"image\":{\"@type\":\"ImageObject\",\"inLanguage\":\"pt-BR\",\"@id\":\"https:\\\/\\\/secure.gravatar.com\\\/avatar\\\/21d66f46d21d113e9d3dba092a500e64563ed2ed2c77db814dfc7be6345e3815?s=96&d=mm&r=g\",\"url\":\"https:\\\/\\\/secure.gravatar.com\\\/avatar\\\/21d66f46d21d113e9d3dba092a500e64563ed2ed2c77db814dfc7be6345e3815?s=96&d=mm&r=g\",\"contentUrl\":\"https:\\\/\\\/secure.gravatar.com\\\/avatar\\\/21d66f46d21d113e9d3dba092a500e64563ed2ed2c77db814dfc7be6345e3815?s=96&d=mm&r=g\",\"caption\":\"Thiago Peres\"},\"sameAs\":[\"http:\\\/\\\/newsofthelight.com.br\"],\"url\":\"https:\\\/\\\/newsofthelight.com.br\\\/?author=2\"}]}<\/script>\n<!-- \/ Yoast SEO plugin. -->","yoast_head_json":{"title":"Haddad demite um inspetor fiscal suspeito de reivindicar subornos da Lava Jato - Autoria - Thiago Gomes Gon\u00e7alves Peres Lima - REG 0022106\/MG","robots":{"index":"index","follow":"follow","max-snippet":"max-snippet:-1","max-image-preview":"max-image-preview:large","max-video-preview":"max-video-preview:-1"},"canonical":"https:\/\/newsofthelight.com.br\/?p=7157","og_locale":"pt_BR","og_type":"article","og_title":"Haddad demite um inspetor fiscal suspeito de reivindicar subornos da Lava Jato - Autoria - Thiago Gomes Gon\u00e7alves Peres Lima - REG 0022106\/MG","og_description":"Foto: Fernando Haddad Fonte: WILTON JUNIOR\/ESTAD\u00c3O CONTE\u00daD Na ter\u00e7a-feira (17), o governo federal anunciou a demiss\u00e3o de Marco Aurelio da Silva Canal, auditor fiscal do Servi\u00e7o Federal de Impostos, acusando sua lideran\u00e7a de estar ligada \u00e0 opera\u00e7\u00e3o Lava Jato. Plano de suborno. Ap\u00f3s a investiga\u00e7\u00e3o e as descobertas, o ministro das Finan\u00e7as, Fernando Gaudard, tomou","og_url":"https:\/\/newsofthelight.com.br\/?p=7157","og_site_name":"Autoria - Thiago Gomes Gon\u00e7alves Peres Lima - REG 0022106\/MG","article_published_time":"2025-06-18T16:24:32+00:00","article_modified_time":"2025-06-18T16:24:59+00:00","og_image":[{"width":311,"height":207,"url":"https:\/\/newsofthelight.com.br\/wp-content\/uploads\/2025\/06\/IMG_0368.jpeg","type":"image\/jpeg"}],"author":"Thiago Peres","twitter_card":"summary_large_image","twitter_misc":{"Escrito por":"Thiago Peres","Est. tempo de leitura":"2 minutos"},"schema":{"@context":"https:\/\/schema.org","@graph":[{"@type":"Article","@id":"https:\/\/newsofthelight.com.br\/?p=7157#article","isPartOf":{"@id":"https:\/\/newsofthelight.com.br\/?p=7157"},"author":{"name":"Thiago Peres","@id":"https:\/\/newsofthelight.com.br\/#\/schema\/person\/d4878034586ca0e04c11eac65b2f76f2"},"headline":"Haddad demite um inspetor fiscal suspeito de reivindicar subornos da Lava Jato","datePublished":"2025-06-18T16:24:32+00:00","dateModified":"2025-06-18T16:24:59+00:00","mainEntityOfPage":{"@id":"https:\/\/newsofthelight.com.br\/?p=7157"},"wordCount":338,"commentCount":0,"publisher":{"@id":"https:\/\/newsofthelight.com.br\/#organization"},"image":{"@id":"https:\/\/newsofthelight.com.br\/?p=7157#primaryimage"},"thumbnailUrl":"https:\/\/newsofthelight.com.br\/wp-content\/uploads\/2025\/06\/IMG_0368.jpeg","articleSection":["Brasil","Economia","Pol\u00edtica"],"inLanguage":"pt-BR","potentialAction":[{"@type":"CommentAction","name":"Comment","target":["https:\/\/newsofthelight.com.br\/?p=7157#respond"]}]},{"@type":"WebPage","@id":"https:\/\/newsofthelight.com.br\/?p=7157","url":"https:\/\/newsofthelight.com.br\/?p=7157","name":"Haddad demite um inspetor fiscal suspeito de reivindicar subornos da Lava Jato - Autoria - Thiago Gomes Gon\u00e7alves Peres Lima - REG 0022106\/MG","isPartOf":{"@id":"https:\/\/newsofthelight.com.br\/#website"},"primaryImageOfPage":{"@id":"https:\/\/newsofthelight.com.br\/?p=7157#primaryimage"},"image":{"@id":"https:\/\/newsofthelight.com.br\/?p=7157#primaryimage"},"thumbnailUrl":"https:\/\/newsofthelight.com.br\/wp-content\/uploads\/2025\/06\/IMG_0368.jpeg","datePublished":"2025-06-18T16:24:32+00:00","dateModified":"2025-06-18T16:24:59+00:00","breadcrumb":{"@id":"https:\/\/newsofthelight.com.br\/?p=7157#breadcrumb"},"inLanguage":"pt-BR","potentialAction":[{"@type":"ReadAction","target":["https:\/\/newsofthelight.com.br\/?p=7157"]}]},{"@type":"ImageObject","inLanguage":"pt-BR","@id":"https:\/\/newsofthelight.com.br\/?p=7157#primaryimage","url":"https:\/\/newsofthelight.com.br\/wp-content\/uploads\/2025\/06\/IMG_0368.jpeg","contentUrl":"https:\/\/newsofthelight.com.br\/wp-content\/uploads\/2025\/06\/IMG_0368.jpeg","width":311,"height":207},{"@type":"BreadcrumbList","@id":"https:\/\/newsofthelight.com.br\/?p=7157#breadcrumb","itemListElement":[{"@type":"ListItem","position":1,"name":"In\u00edcio","item":"https:\/\/newsofthelight.com.br\/"},{"@type":"ListItem","position":2,"name":"Haddad demite um inspetor fiscal suspeito de reivindicar subornos da Lava Jato"}]},{"@type":"WebSite","@id":"https:\/\/newsofthelight.com.br\/#website","url":"https:\/\/newsofthelight.com.br\/","name":"Autoria - Thiago Gomes Gon\u00e7alves Peres Lima - REG 0022106\/MG","description":"Noticias na velocidade da luz","publisher":{"@id":"https:\/\/newsofthelight.com.br\/#organization"},"potentialAction":[{"@type":"SearchAction","target":{"@type":"EntryPoint","urlTemplate":"https:\/\/newsofthelight.com.br\/?s={search_term_string}"},"query-input":{"@type":"PropertyValueSpecification","valueRequired":true,"valueName":"search_term_string"}}],"inLanguage":"pt-BR"},{"@type":"Organization","@id":"https:\/\/newsofthelight.com.br\/#organization","name":"Autoria - Thiago Gomes Gon\u00e7alves Peres Lima - REG 0022106\/MG","url":"https:\/\/newsofthelight.com.br\/","logo":{"@type":"ImageObject","inLanguage":"pt-BR","@id":"https:\/\/newsofthelight.com.br\/#\/schema\/logo\/image\/","url":"https:\/\/newsofthelight.com.br\/wp-content\/uploads\/2025\/06\/cropped-IMG_0217.png","contentUrl":"https:\/\/newsofthelight.com.br\/wp-content\/uploads\/2025\/06\/cropped-IMG_0217.png","width":1177,"height":662,"caption":"Autoria - Thiago Gomes Gon\u00e7alves Peres Lima - REG 0022106\/MG"},"image":{"@id":"https:\/\/newsofthelight.com.br\/#\/schema\/logo\/image\/"},"sameAs":["https:\/\/www.instagram.com\/news_of_the_light_?igsh=b3Fwb2psamJzaXds"]},{"@type":"Person","@id":"https:\/\/newsofthelight.com.br\/#\/schema\/person\/d4878034586ca0e04c11eac65b2f76f2","name":"Thiago Peres","image":{"@type":"ImageObject","inLanguage":"pt-BR","@id":"https:\/\/secure.gravatar.com\/avatar\/21d66f46d21d113e9d3dba092a500e64563ed2ed2c77db814dfc7be6345e3815?s=96&d=mm&r=g","url":"https:\/\/secure.gravatar.com\/avatar\/21d66f46d21d113e9d3dba092a500e64563ed2ed2c77db814dfc7be6345e3815?s=96&d=mm&r=g","contentUrl":"https:\/\/secure.gravatar.com\/avatar\/21d66f46d21d113e9d3dba092a500e64563ed2ed2c77db814dfc7be6345e3815?s=96&d=mm&r=g","caption":"Thiago Peres"},"sameAs":["http:\/\/newsofthelight.com.br"],"url":"https:\/\/newsofthelight.com.br\/?author=2"}]}},"jetpack_featured_media_url":"https:\/\/newsofthelight.com.br\/wp-content\/uploads\/2025\/06\/IMG_0368.jpeg","jetpack_sharing_enabled":true,"jetpack-related-posts":[{"id":5374,"url":"https:\/\/newsofthelight.com.br\/?p=5374","url_meta":{"origin":7157,"position":0},"title":"Deputado federal acusa presidente Lula de financiar ditaduras na Am\u00e9rica Latina e Caribe, mas ministro da Fazenda nega as acusa\u00e7\u00f5es","author":"Thiago Peres","date":"22 de novembro de 2023","format":false,"excerpt":"O presidente Luiz In\u00e1cio Lula da Silva foi criticado por Nikolas Ferreira, deputado federal do PL-MG, por supostamente financiar ditaduras na Am\u00e9rica Latina e Caribe. O ministro da Fazenda, Fernando Haddad, respondeu a essa acusa\u00e7\u00e3o explicando que o Brasil n\u00e3o financia pa\u00edses, mas sim projetos, e que se um pa\u00eds\u2026","rel":"","context":"Em &quot;Pol\u00edtica&quot;","block_context":{"text":"Pol\u00edtica","link":"https:\/\/newsofthelight.com.br\/?cat=36"},"img":{"alt_text":"","src":"https:\/\/i0.wp.com\/newsofthelight.com.br\/wp-content\/uploads\/2023\/11\/IMG_4984.jpeg?resize=350%2C200&ssl=1","width":350,"height":200,"srcset":"https:\/\/i0.wp.com\/newsofthelight.com.br\/wp-content\/uploads\/2023\/11\/IMG_4984.jpeg?resize=350%2C200&ssl=1 1x, https:\/\/i0.wp.com\/newsofthelight.com.br\/wp-content\/uploads\/2023\/11\/IMG_4984.jpeg?resize=525%2C300&ssl=1 1.5x, https:\/\/i0.wp.com\/newsofthelight.com.br\/wp-content\/uploads\/2023\/11\/IMG_4984.jpeg?resize=700%2C400&ssl=1 2x"},"classes":[]},{"id":4734,"url":"https:\/\/newsofthelight.com.br\/?p=4734","url_meta":{"origin":7157,"position":1},"title":"Decis\u00e3o do TSE de cassar o mandato de Deltan Dallagnol \u00e9 questionada por ex-ministro Marco Aur\u00e9lio Mello","author":"Thiago Peres","date":"19 de maio de 2023","format":false,"excerpt":"No \u00faltimo pronunciamento do ex-ministro do Supremo Tribunal Federal (STF), Marco Aur\u00e9lio Mello, uma quest\u00e3o importante foi levantada: a decis\u00e3o do Tribunal Superior Eleitoral (TSE) de cassar o mandato de Deltan Dallagnol foi tomada \u00e0 margem da lei. Esse veredito tem causado repercuss\u00f5es entre os apoiadores do ex-presidente Jair Bolsonaro,\u2026","rel":"","context":"Em &quot;Brasil&quot;","block_context":{"text":"Brasil","link":"https:\/\/newsofthelight.com.br\/?cat=38"},"img":{"alt_text":"","src":"https:\/\/i0.wp.com\/newsofthelight.com.br\/wp-content\/uploads\/2023\/05\/IMG_4367.jpeg?resize=350%2C200&ssl=1","width":350,"height":200},"classes":[]},{"id":7043,"url":"https:\/\/newsofthelight.com.br\/?p=7043","url_meta":{"origin":7157,"position":2},"title":"Haddad se re\u00fane com os l\u00edderes do partido no domingo e afirma acatar proposta do IOF","author":"Thiago Peres","date":"9 de junho de 2025","format":false,"excerpt":"Ministro das Finan\u00e7as Fernando Haddad Fonte: Reuters Haddad reuniu-se com respons\u00e1veis partid\u00e1rios no domingo e afirmou que ainda estaria aberto \u00e0 proposta. A proposta final ser\u00e1 anunciada apenas ap\u00f3s uma reuni\u00e3o com o Presidente Lula, que regressa de Fran\u00e7a na segunda-feira. A proposta apresentada pelo governo \u00e0 Assembleia Nacional inclui\u2026","rel":"","context":"Em &quot;Economia&quot;","block_context":{"text":"Economia","link":"https:\/\/newsofthelight.com.br\/?cat=40"},"img":{"alt_text":"","src":"https:\/\/i0.wp.com\/newsofthelight.com.br\/wp-content\/uploads\/2025\/06\/img_0289.jpg?resize=350%2C200&ssl=1","width":350,"height":200,"srcset":"https:\/\/i0.wp.com\/newsofthelight.com.br\/wp-content\/uploads\/2025\/06\/img_0289.jpg?resize=350%2C200&ssl=1 1x, https:\/\/i0.wp.com\/newsofthelight.com.br\/wp-content\/uploads\/2025\/06\/img_0289.jpg?resize=525%2C300&ssl=1 1.5x, https:\/\/i0.wp.com\/newsofthelight.com.br\/wp-content\/uploads\/2025\/06\/img_0289.jpg?resize=700%2C400&ssl=1 2x, https:\/\/i0.wp.com\/newsofthelight.com.br\/wp-content\/uploads\/2025\/06\/img_0289.jpg?resize=1050%2C600&ssl=1 3x"},"classes":[]},{"id":7272,"url":"https:\/\/newsofthelight.com.br\/?p=7272","url_meta":{"origin":7157,"position":3},"title":"Haddad disse que ficou &#8220;surpreso&#8221; com a decis\u00e3o do governo sobre o IOF e negou a crise com o Congresso","author":"Thiago Peres","date":"2 de julho de 2025","format":false,"excerpt":"Fernando Haddad fazendo um discurso \u00e0 m\u00eddia em Buenos Aires, onde a c\u00fapula do Mercosul est\u00e1 sendo realizada. Reprodu\u00e7\u00e3o das m\u00eddias digitais Na quarta-feira (2), o ministro das Finan\u00e7as, Fernando Haddad, referiu-se \u00e0 crise relacionada ao imposto comercial (IOF), quando participou da c\u00fapula do Mercosul na Argentina, e \u00e0 rea\u00e7\u00e3o\u2026","rel":"","context":"Em &quot;Economia&quot;","block_context":{"text":"Economia","link":"https:\/\/newsofthelight.com.br\/?cat=40"},"img":{"alt_text":"","src":"https:\/\/i0.wp.com\/newsofthelight.com.br\/wp-content\/uploads\/2025\/07\/img_0526-1.jpg?resize=350%2C200&ssl=1","width":350,"height":200},"classes":[]},{"id":3089,"url":"https:\/\/newsofthelight.com.br\/?p=3089","url_meta":{"origin":7157,"position":4},"title":"Em coletiva de imprensa, futuro ministro da fazenda Haddad refor\u00e7a compromisso com programas sociais do governo","author":"Thiago Peres","date":"14 de dezembro de 2022","format":false,"excerpt":"Em uma coletiva de imprensa realizada nesta ter\u00e7a-feira (13), o futuro ministro da fazenda Fernando Haddad refor\u00e7ou o compromisso do governo Lula com o equil\u00edbrio econ\u00f4mico do pa\u00eds e a preven\u00e7\u00e3o da corros\u00e3o dos sal\u00e1rios.Na entrevista, Haddad informou quem far\u00e1 parte da pasta a partir do m\u00eas que vem. S\u00e3o\u2026","rel":"","context":"Em &quot;Brasil&quot;","block_context":{"text":"Brasil","link":"https:\/\/newsofthelight.com.br\/?cat=38"},"img":{"alt_text":"","src":"https:\/\/i0.wp.com\/newsofthelight.com.br\/wp-content\/uploads\/2022\/12\/C50F0311-6D26-4E19-84F0-D2872C3AE992.jpeg?resize=350%2C200&ssl=1","width":350,"height":200,"srcset":"https:\/\/i0.wp.com\/newsofthelight.com.br\/wp-content\/uploads\/2022\/12\/C50F0311-6D26-4E19-84F0-D2872C3AE992.jpeg?resize=350%2C200&ssl=1 1x, https:\/\/i0.wp.com\/newsofthelight.com.br\/wp-content\/uploads\/2022\/12\/C50F0311-6D26-4E19-84F0-D2872C3AE992.jpeg?resize=525%2C300&ssl=1 1.5x, https:\/\/i0.wp.com\/newsofthelight.com.br\/wp-content\/uploads\/2022\/12\/C50F0311-6D26-4E19-84F0-D2872C3AE992.jpeg?resize=700%2C400&ssl=1 2x"},"classes":[]},{"id":7237,"url":"https:\/\/newsofthelight.com.br\/?p=7237","url_meta":{"origin":7157,"position":5},"title":"O ministro das finan\u00e7as nega cr\u00edticas \u00e0 express\u00e3o pol\u00edtica, defende a participa\u00e7\u00e3o ativa do presidente no Congresso","author":"Thiago Peres","date":"28 de junho de 2025","format":false,"excerpt":"Foto: Fernando Haddad Fonte: Pinterest O ministro das Finan\u00e7as, Fernando Haddad, disse na sexta-feira (27) que n\u00e3o houve erro nas negocia\u00e7\u00f5es de governan\u00e7a e pol\u00edticas com o presidente Luiz In\u00e1cio Lula da Silva com o Congresso. Em uma entrevista ao Est\u00fadio I, o ministro disse que o senador Ciro Nogueira\u2026","rel":"","context":"Em &quot;Pol\u00edtica&quot;","block_context":{"text":"Pol\u00edtica","link":"https:\/\/newsofthelight.com.br\/?cat=36"},"img":{"alt_text":"","src":"https:\/\/i0.wp.com\/newsofthelight.com.br\/wp-content\/uploads\/2025\/06\/img_0470-1.jpg?resize=350%2C200&ssl=1","width":350,"height":200,"srcset":"https:\/\/i0.wp.com\/newsofthelight.com.br\/wp-content\/uploads\/2025\/06\/img_0470-1.jpg?resize=350%2C200&ssl=1 1x, https:\/\/i0.wp.com\/newsofthelight.com.br\/wp-content\/uploads\/2025\/06\/img_0470-1.jpg?resize=525%2C300&ssl=1 1.5x"},"classes":[]}],"jetpack_shortlink":"https:\/\/wp.me\/peltaF-1Rr","_links":{"self":[{"href":"https:\/\/newsofthelight.com.br\/index.php?rest_route=\/wp\/v2\/posts\/7157","targetHints":{"allow":["GET"]}}],"collection":[{"href":"https:\/\/newsofthelight.com.br\/index.php?rest_route=\/wp\/v2\/posts"}],"about":[{"href":"https:\/\/newsofthelight.com.br\/index.php?rest_route=\/wp\/v2\/types\/post"}],"author":[{"embeddable":true,"href":"https:\/\/newsofthelight.com.br\/index.php?rest_route=\/wp\/v2\/users\/2"}],"replies":[{"embeddable":true,"href":"https:\/\/newsofthelight.com.br\/index.php?rest_route=%2Fwp%2Fv2%2Fcomments&post=7157"}],"version-history":[{"count":1,"href":"https:\/\/newsofthelight.com.br\/index.php?rest_route=\/wp\/v2\/posts\/7157\/revisions"}],"predecessor-version":[{"id":7159,"href":"https:\/\/newsofthelight.com.br\/index.php?rest_route=\/wp\/v2\/posts\/7157\/revisions\/7159"}],"wp:featuredmedia":[{"embeddable":true,"href":"https:\/\/newsofthelight.com.br\/index.php?rest_route=\/wp\/v2\/media\/7158"}],"wp:attachment":[{"href":"https:\/\/newsofthelight.com.br\/index.php?rest_route=%2Fwp%2Fv2%2Fmedia&parent=7157"}],"wp:term":[{"taxonomy":"category","embeddable":true,"href":"https:\/\/newsofthelight.com.br\/index.php?rest_route=%2Fwp%2Fv2%2Fcategories&post=7157"},{"taxonomy":"post_tag","embeddable":true,"href":"https:\/\/newsofthelight.com.br\/index.php?rest_route=%2Fwp%2Fv2%2Ftags&post=7157"}],"curies":[{"name":"wp","href":"https:\/\/api.w.org\/{rel}","templated":true}]}}