{"id":7087,"date":"2025-06-11T14:06:30","date_gmt":"2025-06-11T17:06:30","guid":{"rendered":"https:\/\/newsofthelight.com.br\/?p=7087"},"modified":"2025-06-11T14:08:08","modified_gmt":"2025-06-11T17:08:08","slug":"thiago-avila-sera-deportado-e-proibido-de-retornar-a-israel-por-100-anos","status":"publish","type":"post","link":"https:\/\/newsofthelight.com.br\/?p=7087","title":{"rendered":"Thiago \u00c1vila ser\u00e1 deportado e proibido de retornar a Israel por 100 anos"},"content":{"rendered":"\n<p class=\"has-text-align-center\">Foto: Thiago \u00c1vila Fonte: Reprodu\u00e7\u00e3o de m\u00eddias digitais <\/p>\n\n\n\n<p>O judici\u00e1rio israelense decidiu deportar Thiago \u00c1vila, um ativista brasileiro. Ele est\u00e1 na pris\u00e3o em Israel desde segunda-feira (9 de junho), quando o navio Madeleine onde ele foi detido pelo ex\u00e9rcito israelense. Este navio levou Thiago e outros 11 ativistas para Gaza com ajuda humanit\u00e1ria. Mas n\u00e3o chegou ao destino.<\/p>\n\n\n\n<p>Ele est\u00e1 previsto para retornar ao Brasil at\u00e9 quinta-feira. Desde ent\u00e3o, ele foi proibido de retornar a Israel e Gaza pelos pr\u00f3ximos 100 anos.<\/p>\n\n\n\n<p>Em caso de deporta\u00e7\u00e3o, o prazo para a deporta\u00e7\u00e3o \u00e9 de 72 horas ap\u00f3s a deten\u00e7\u00e3o, pelo que, em teoria, Thiago regressar\u00e1 ao Brasil na quinta-feira (12 de junho). At\u00e9 o momento o ativista permanece preso.<\/p>\n\n\n\n<p>A partir do momento em que Thiago deixou Israel, ele seria proibido de retornar a Israel pelos pr\u00f3ximos 100 anos. &#8220;Como a regi\u00e3o de Gaza \u00e9 controlada por Israel, as mesmas regras se aplicam \u00e0 regi\u00e3o.&#8221;<\/p>\n\n\n\n<p>Thiago est\u00e1 em greve desde sua pris\u00e3o. N\u00e3o h\u00e1 informa\u00e7\u00f5es se ele j\u00e1 comeu.<\/p>\n","protected":false},"excerpt":{"rendered":"<p>Foto: Thiago \u00c1vila Fonte: Reprodu\u00e7\u00e3o de m\u00eddias digitais O judici\u00e1rio israelense decidiu deportar Thiago \u00c1vila, um ativista brasileiro. Ele est\u00e1 na pris\u00e3o em Israel desde segunda-feira (9 de junho), quando o navio Madeleine onde ele foi detido pelo ex\u00e9rcito israelense. Este navio levou Thiago e outros 11 ativistas para Gaza com ajuda humanit\u00e1ria. Mas n\u00e3o<\/p>\n","protected":false},"author":2,"featured_media":7086,"comment_status":"closed","ping_status":"open","sticky":false,"template":"","format":"standard","meta":{"_jetpack_memberships_contains_paid_content":false,"footnotes":""},"categories":[39],"tags":[],"class_list":["post-7087","post","type-post","status-publish","format-standard","has-post-thumbnail","hentry","category-mundo"],"yoast_head":"<!-- This site is optimized with the Yoast SEO plugin v27.4 - https:\/\/yoast.com\/product\/yoast-seo-wordpress\/ -->\n<title>Thiago \u00c1vila ser\u00e1 deportado e proibido de retornar a Israel por 100 anos - Autoria - Thiago Gomes Gon\u00e7alves Peres Lima - REG 0022106\/MG<\/title>\n<meta name=\"robots\" content=\"index, follow, max-snippet:-1, max-image-preview:large, max-video-preview:-1\" \/>\n<link rel=\"canonical\" href=\"https:\/\/newsofthelight.com.br\/?p=7087\" \/>\n<meta property=\"og:locale\" content=\"pt_BR\" \/>\n<meta property=\"og:type\" content=\"article\" \/>\n<meta property=\"og:title\" content=\"Thiago \u00c1vila ser\u00e1 deportado e proibido de retornar a Israel por 100 anos - Autoria - Thiago Gomes Gon\u00e7alves Peres Lima - REG 0022106\/MG\" \/>\n<meta property=\"og:description\" content=\"Foto: Thiago \u00c1vila Fonte: Reprodu\u00e7\u00e3o de m\u00eddias digitais O judici\u00e1rio israelense decidiu deportar Thiago \u00c1vila, um ativista brasileiro. Ele est\u00e1 na pris\u00e3o em Israel desde segunda-feira (9 de junho), quando o navio Madeleine onde ele foi detido pelo ex\u00e9rcito israelense. Este navio levou Thiago e outros 11 ativistas para Gaza com ajuda humanit\u00e1ria. Mas n\u00e3o\" \/>\n<meta property=\"og:url\" content=\"https:\/\/newsofthelight.com.br\/?p=7087\" \/>\n<meta property=\"og:site_name\" content=\"Autoria - Thiago Gomes Gon\u00e7alves Peres Lima - REG 0022106\/MG\" \/>\n<meta property=\"article:published_time\" content=\"2025-06-11T17:06:30+00:00\" \/>\n<meta property=\"article:modified_time\" content=\"2025-06-11T17:08:08+00:00\" \/>\n<meta property=\"og:image\" content=\"https:\/\/newsofthelight.com.br\/wp-content\/uploads\/2025\/06\/img_0316-1.jpg\" \/>\n\t<meta property=\"og:image:width\" content=\"1290\" \/>\n\t<meta property=\"og:image:height\" content=\"659\" \/>\n\t<meta property=\"og:image:type\" content=\"image\/jpeg\" \/>\n<meta name=\"author\" content=\"Thiago Peres\" \/>\n<meta name=\"twitter:card\" content=\"summary_large_image\" \/>\n<meta name=\"twitter:label1\" content=\"Escrito por\" \/>\n\t<meta name=\"twitter:data1\" content=\"Thiago Peres\" \/>\n\t<meta name=\"twitter:label2\" content=\"Est. tempo de leitura\" \/>\n\t<meta name=\"twitter:data2\" content=\"1 minuto\" \/>\n<script type=\"application\/ld+json\" class=\"yoast-schema-graph\">{\"@context\":\"https:\\\/\\\/schema.org\",\"@graph\":[{\"@type\":\"Article\",\"@id\":\"https:\\\/\\\/newsofthelight.com.br\\\/?p=7087#article\",\"isPartOf\":{\"@id\":\"https:\\\/\\\/newsofthelight.com.br\\\/?p=7087\"},\"author\":{\"name\":\"Thiago Peres\",\"@id\":\"https:\\\/\\\/newsofthelight.com.br\\\/#\\\/schema\\\/person\\\/d4878034586ca0e04c11eac65b2f76f2\"},\"headline\":\"Thiago \u00c1vila ser\u00e1 deportado e proibido de retornar a Israel por 100 anos\",\"datePublished\":\"2025-06-11T17:06:30+00:00\",\"dateModified\":\"2025-06-11T17:08:08+00:00\",\"mainEntityOfPage\":{\"@id\":\"https:\\\/\\\/newsofthelight.com.br\\\/?p=7087\"},\"wordCount\":190,\"publisher\":{\"@id\":\"https:\\\/\\\/newsofthelight.com.br\\\/#organization\"},\"image\":{\"@id\":\"https:\\\/\\\/newsofthelight.com.br\\\/?p=7087#primaryimage\"},\"thumbnailUrl\":\"https:\\\/\\\/newsofthelight.com.br\\\/wp-content\\\/uploads\\\/2025\\\/06\\\/img_0316-1.jpg\",\"articleSection\":[\"Mundo\"],\"inLanguage\":\"pt-BR\"},{\"@type\":\"WebPage\",\"@id\":\"https:\\\/\\\/newsofthelight.com.br\\\/?p=7087\",\"url\":\"https:\\\/\\\/newsofthelight.com.br\\\/?p=7087\",\"name\":\"Thiago \u00c1vila ser\u00e1 deportado e proibido de retornar a Israel por 100 anos - Autoria - Thiago Gomes Gon\u00e7alves Peres Lima - REG 0022106\\\/MG\",\"isPartOf\":{\"@id\":\"https:\\\/\\\/newsofthelight.com.br\\\/#website\"},\"primaryImageOfPage\":{\"@id\":\"https:\\\/\\\/newsofthelight.com.br\\\/?p=7087#primaryimage\"},\"image\":{\"@id\":\"https:\\\/\\\/newsofthelight.com.br\\\/?p=7087#primaryimage\"},\"thumbnailUrl\":\"https:\\\/\\\/newsofthelight.com.br\\\/wp-content\\\/uploads\\\/2025\\\/06\\\/img_0316-1.jpg\",\"datePublished\":\"2025-06-11T17:06:30+00:00\",\"dateModified\":\"2025-06-11T17:08:08+00:00\",\"breadcrumb\":{\"@id\":\"https:\\\/\\\/newsofthelight.com.br\\\/?p=7087#breadcrumb\"},\"inLanguage\":\"pt-BR\",\"potentialAction\":[{\"@type\":\"ReadAction\",\"target\":[\"https:\\\/\\\/newsofthelight.com.br\\\/?p=7087\"]}]},{\"@type\":\"ImageObject\",\"inLanguage\":\"pt-BR\",\"@id\":\"https:\\\/\\\/newsofthelight.com.br\\\/?p=7087#primaryimage\",\"url\":\"https:\\\/\\\/newsofthelight.com.br\\\/wp-content\\\/uploads\\\/2025\\\/06\\\/img_0316-1.jpg\",\"contentUrl\":\"https:\\\/\\\/newsofthelight.com.br\\\/wp-content\\\/uploads\\\/2025\\\/06\\\/img_0316-1.jpg\",\"width\":1290,\"height\":659},{\"@type\":\"BreadcrumbList\",\"@id\":\"https:\\\/\\\/newsofthelight.com.br\\\/?p=7087#breadcrumb\",\"itemListElement\":[{\"@type\":\"ListItem\",\"position\":1,\"name\":\"In\u00edcio\",\"item\":\"https:\\\/\\\/newsofthelight.com.br\\\/\"},{\"@type\":\"ListItem\",\"position\":2,\"name\":\"Thiago \u00c1vila ser\u00e1 deportado e proibido de retornar a Israel por 100 anos\"}]},{\"@type\":\"WebSite\",\"@id\":\"https:\\\/\\\/newsofthelight.com.br\\\/#website\",\"url\":\"https:\\\/\\\/newsofthelight.com.br\\\/\",\"name\":\"Autoria - Thiago Gomes Gon\u00e7alves Peres Lima - REG 0022106\\\/MG\",\"description\":\"Noticias na velocidade da luz\",\"publisher\":{\"@id\":\"https:\\\/\\\/newsofthelight.com.br\\\/#organization\"},\"potentialAction\":[{\"@type\":\"SearchAction\",\"target\":{\"@type\":\"EntryPoint\",\"urlTemplate\":\"https:\\\/\\\/newsofthelight.com.br\\\/?s={search_term_string}\"},\"query-input\":{\"@type\":\"PropertyValueSpecification\",\"valueRequired\":true,\"valueName\":\"search_term_string\"}}],\"inLanguage\":\"pt-BR\"},{\"@type\":\"Organization\",\"@id\":\"https:\\\/\\\/newsofthelight.com.br\\\/#organization\",\"name\":\"Autoria - Thiago Gomes Gon\u00e7alves Peres Lima - REG 0022106\\\/MG\",\"url\":\"https:\\\/\\\/newsofthelight.com.br\\\/\",\"logo\":{\"@type\":\"ImageObject\",\"inLanguage\":\"pt-BR\",\"@id\":\"https:\\\/\\\/newsofthelight.com.br\\\/#\\\/schema\\\/logo\\\/image\\\/\",\"url\":\"https:\\\/\\\/newsofthelight.com.br\\\/wp-content\\\/uploads\\\/2025\\\/06\\\/cropped-IMG_0217.png\",\"contentUrl\":\"https:\\\/\\\/newsofthelight.com.br\\\/wp-content\\\/uploads\\\/2025\\\/06\\\/cropped-IMG_0217.png\",\"width\":1177,\"height\":662,\"caption\":\"Autoria - Thiago Gomes Gon\u00e7alves Peres Lima - REG 0022106\\\/MG\"},\"image\":{\"@id\":\"https:\\\/\\\/newsofthelight.com.br\\\/#\\\/schema\\\/logo\\\/image\\\/\"},\"sameAs\":[\"https:\\\/\\\/www.instagram.com\\\/news_of_the_light_?igsh=b3Fwb2psamJzaXds\"]},{\"@type\":\"Person\",\"@id\":\"https:\\\/\\\/newsofthelight.com.br\\\/#\\\/schema\\\/person\\\/d4878034586ca0e04c11eac65b2f76f2\",\"name\":\"Thiago Peres\",\"image\":{\"@type\":\"ImageObject\",\"inLanguage\":\"pt-BR\",\"@id\":\"https:\\\/\\\/secure.gravatar.com\\\/avatar\\\/21d66f46d21d113e9d3dba092a500e64563ed2ed2c77db814dfc7be6345e3815?s=96&d=mm&r=g\",\"url\":\"https:\\\/\\\/secure.gravatar.com\\\/avatar\\\/21d66f46d21d113e9d3dba092a500e64563ed2ed2c77db814dfc7be6345e3815?s=96&d=mm&r=g\",\"contentUrl\":\"https:\\\/\\\/secure.gravatar.com\\\/avatar\\\/21d66f46d21d113e9d3dba092a500e64563ed2ed2c77db814dfc7be6345e3815?s=96&d=mm&r=g\",\"caption\":\"Thiago Peres\"},\"sameAs\":[\"http:\\\/\\\/newsofthelight.com.br\"],\"url\":\"https:\\\/\\\/newsofthelight.com.br\\\/?author=2\"}]}<\/script>\n<!-- \/ Yoast SEO plugin. -->","yoast_head_json":{"title":"Thiago \u00c1vila ser\u00e1 deportado e proibido de retornar a Israel por 100 anos - Autoria - Thiago Gomes Gon\u00e7alves Peres Lima - REG 0022106\/MG","robots":{"index":"index","follow":"follow","max-snippet":"max-snippet:-1","max-image-preview":"max-image-preview:large","max-video-preview":"max-video-preview:-1"},"canonical":"https:\/\/newsofthelight.com.br\/?p=7087","og_locale":"pt_BR","og_type":"article","og_title":"Thiago \u00c1vila ser\u00e1 deportado e proibido de retornar a Israel por 100 anos - Autoria - Thiago Gomes Gon\u00e7alves Peres Lima - REG 0022106\/MG","og_description":"Foto: Thiago \u00c1vila Fonte: Reprodu\u00e7\u00e3o de m\u00eddias digitais O judici\u00e1rio israelense decidiu deportar Thiago \u00c1vila, um ativista brasileiro. Ele est\u00e1 na pris\u00e3o em Israel desde segunda-feira (9 de junho), quando o navio Madeleine onde ele foi detido pelo ex\u00e9rcito israelense. Este navio levou Thiago e outros 11 ativistas para Gaza com ajuda humanit\u00e1ria. Mas n\u00e3o","og_url":"https:\/\/newsofthelight.com.br\/?p=7087","og_site_name":"Autoria - Thiago Gomes Gon\u00e7alves Peres Lima - REG 0022106\/MG","article_published_time":"2025-06-11T17:06:30+00:00","article_modified_time":"2025-06-11T17:08:08+00:00","og_image":[{"width":1290,"height":659,"url":"https:\/\/newsofthelight.com.br\/wp-content\/uploads\/2025\/06\/img_0316-1.jpg","type":"image\/jpeg"}],"author":"Thiago Peres","twitter_card":"summary_large_image","twitter_misc":{"Escrito por":"Thiago Peres","Est. tempo de leitura":"1 minuto"},"schema":{"@context":"https:\/\/schema.org","@graph":[{"@type":"Article","@id":"https:\/\/newsofthelight.com.br\/?p=7087#article","isPartOf":{"@id":"https:\/\/newsofthelight.com.br\/?p=7087"},"author":{"name":"Thiago Peres","@id":"https:\/\/newsofthelight.com.br\/#\/schema\/person\/d4878034586ca0e04c11eac65b2f76f2"},"headline":"Thiago \u00c1vila ser\u00e1 deportado e proibido de retornar a Israel por 100 anos","datePublished":"2025-06-11T17:06:30+00:00","dateModified":"2025-06-11T17:08:08+00:00","mainEntityOfPage":{"@id":"https:\/\/newsofthelight.com.br\/?p=7087"},"wordCount":190,"publisher":{"@id":"https:\/\/newsofthelight.com.br\/#organization"},"image":{"@id":"https:\/\/newsofthelight.com.br\/?p=7087#primaryimage"},"thumbnailUrl":"https:\/\/newsofthelight.com.br\/wp-content\/uploads\/2025\/06\/img_0316-1.jpg","articleSection":["Mundo"],"inLanguage":"pt-BR"},{"@type":"WebPage","@id":"https:\/\/newsofthelight.com.br\/?p=7087","url":"https:\/\/newsofthelight.com.br\/?p=7087","name":"Thiago \u00c1vila ser\u00e1 deportado e proibido de retornar a Israel por 100 anos - Autoria - Thiago Gomes Gon\u00e7alves Peres Lima - REG 0022106\/MG","isPartOf":{"@id":"https:\/\/newsofthelight.com.br\/#website"},"primaryImageOfPage":{"@id":"https:\/\/newsofthelight.com.br\/?p=7087#primaryimage"},"image":{"@id":"https:\/\/newsofthelight.com.br\/?p=7087#primaryimage"},"thumbnailUrl":"https:\/\/newsofthelight.com.br\/wp-content\/uploads\/2025\/06\/img_0316-1.jpg","datePublished":"2025-06-11T17:06:30+00:00","dateModified":"2025-06-11T17:08:08+00:00","breadcrumb":{"@id":"https:\/\/newsofthelight.com.br\/?p=7087#breadcrumb"},"inLanguage":"pt-BR","potentialAction":[{"@type":"ReadAction","target":["https:\/\/newsofthelight.com.br\/?p=7087"]}]},{"@type":"ImageObject","inLanguage":"pt-BR","@id":"https:\/\/newsofthelight.com.br\/?p=7087#primaryimage","url":"https:\/\/newsofthelight.com.br\/wp-content\/uploads\/2025\/06\/img_0316-1.jpg","contentUrl":"https:\/\/newsofthelight.com.br\/wp-content\/uploads\/2025\/06\/img_0316-1.jpg","width":1290,"height":659},{"@type":"BreadcrumbList","@id":"https:\/\/newsofthelight.com.br\/?p=7087#breadcrumb","itemListElement":[{"@type":"ListItem","position":1,"name":"In\u00edcio","item":"https:\/\/newsofthelight.com.br\/"},{"@type":"ListItem","position":2,"name":"Thiago \u00c1vila ser\u00e1 deportado e proibido de retornar a Israel por 100 anos"}]},{"@type":"WebSite","@id":"https:\/\/newsofthelight.com.br\/#website","url":"https:\/\/newsofthelight.com.br\/","name":"Autoria - Thiago Gomes Gon\u00e7alves Peres Lima - REG 0022106\/MG","description":"Noticias na velocidade da luz","publisher":{"@id":"https:\/\/newsofthelight.com.br\/#organization"},"potentialAction":[{"@type":"SearchAction","target":{"@type":"EntryPoint","urlTemplate":"https:\/\/newsofthelight.com.br\/?s={search_term_string}"},"query-input":{"@type":"PropertyValueSpecification","valueRequired":true,"valueName":"search_term_string"}}],"inLanguage":"pt-BR"},{"@type":"Organization","@id":"https:\/\/newsofthelight.com.br\/#organization","name":"Autoria - Thiago Gomes Gon\u00e7alves Peres Lima - REG 0022106\/MG","url":"https:\/\/newsofthelight.com.br\/","logo":{"@type":"ImageObject","inLanguage":"pt-BR","@id":"https:\/\/newsofthelight.com.br\/#\/schema\/logo\/image\/","url":"https:\/\/newsofthelight.com.br\/wp-content\/uploads\/2025\/06\/cropped-IMG_0217.png","contentUrl":"https:\/\/newsofthelight.com.br\/wp-content\/uploads\/2025\/06\/cropped-IMG_0217.png","width":1177,"height":662,"caption":"Autoria - Thiago Gomes Gon\u00e7alves Peres Lima - REG 0022106\/MG"},"image":{"@id":"https:\/\/newsofthelight.com.br\/#\/schema\/logo\/image\/"},"sameAs":["https:\/\/www.instagram.com\/news_of_the_light_?igsh=b3Fwb2psamJzaXds"]},{"@type":"Person","@id":"https:\/\/newsofthelight.com.br\/#\/schema\/person\/d4878034586ca0e04c11eac65b2f76f2","name":"Thiago Peres","image":{"@type":"ImageObject","inLanguage":"pt-BR","@id":"https:\/\/secure.gravatar.com\/avatar\/21d66f46d21d113e9d3dba092a500e64563ed2ed2c77db814dfc7be6345e3815?s=96&d=mm&r=g","url":"https:\/\/secure.gravatar.com\/avatar\/21d66f46d21d113e9d3dba092a500e64563ed2ed2c77db814dfc7be6345e3815?s=96&d=mm&r=g","contentUrl":"https:\/\/secure.gravatar.com\/avatar\/21d66f46d21d113e9d3dba092a500e64563ed2ed2c77db814dfc7be6345e3815?s=96&d=mm&r=g","caption":"Thiago Peres"},"sameAs":["http:\/\/newsofthelight.com.br"],"url":"https:\/\/newsofthelight.com.br\/?author=2"}]}},"jetpack_featured_media_url":"https:\/\/newsofthelight.com.br\/wp-content\/uploads\/2025\/06\/img_0316-1.jpg","jetpack_sharing_enabled":true,"jetpack-related-posts":[{"id":7065,"url":"https:\/\/newsofthelight.com.br\/?p=7065","url_meta":{"origin":7087,"position":0},"title":"Greta Thunberg deixa Israel","author":"Thiago Peres","date":"10 de junho de 2025","format":false,"excerpt":"Foto: Greta Thunberg Fonte: EFE\/EPA\/DANIEL DAL ZENNARO O Minist\u00e9rio dos Neg\u00f3cios Estrangeiros de Israel informou que a ativista sueca Greta Thunberg aceitou permanecer no estrangeiro e deixar Israel na ter\u00e7a-feira, depois de as autoridades israelitas terem apreendido o Madeleine, parte da Frota da Liberdade, que se dirigia para a Faixa\u2026","rel":"","context":"Em &quot;Mundo&quot;","block_context":{"text":"Mundo","link":"https:\/\/newsofthelight.com.br\/?cat=39"},"img":{"alt_text":"","src":"https:\/\/i0.wp.com\/newsofthelight.com.br\/wp-content\/uploads\/2025\/06\/img_0301.jpg?resize=350%2C200&ssl=1","width":350,"height":200,"srcset":"https:\/\/i0.wp.com\/newsofthelight.com.br\/wp-content\/uploads\/2025\/06\/img_0301.jpg?resize=350%2C200&ssl=1 1x, https:\/\/i0.wp.com\/newsofthelight.com.br\/wp-content\/uploads\/2025\/06\/img_0301.jpg?resize=525%2C300&ssl=1 1.5x, https:\/\/i0.wp.com\/newsofthelight.com.br\/wp-content\/uploads\/2025\/06\/img_0301.jpg?resize=700%2C400&ssl=1 2x"},"classes":[]},{"id":7028,"url":"https:\/\/newsofthelight.com.br\/?p=7028","url_meta":{"origin":7087,"position":1},"title":"Ativista sueca Greta Thunberg embarca a caminho da Faixa de Gaza","author":"Thiago Peres","date":"8 de junho de 2025","format":false,"excerpt":"O ativista brasileiro Thiago Avila em um barco com Greta Tunberg a caminho de Gaza - Foto: Reprodu\u00e7\u00e3o\/Instagram A ativista sueca Greta Thunberg est\u00e1 em um barco a caminho da Faixa de Gaza. Thiago \u00c1vila, um tripulante brasileiro, disse em um v\u00eddeo publicado em suas redes sociais no domingo \u00e0\u2026","rel":"","context":"Em &quot;Mundo&quot;","block_context":{"text":"Mundo","link":"https:\/\/newsofthelight.com.br\/?cat=39"},"img":{"alt_text":"","src":"https:\/\/i0.wp.com\/newsofthelight.com.br\/wp-content\/uploads\/2025\/06\/IMG_0280.jpeg?resize=350%2C200&ssl=1","width":350,"height":200,"srcset":"https:\/\/i0.wp.com\/newsofthelight.com.br\/wp-content\/uploads\/2025\/06\/IMG_0280.jpeg?resize=350%2C200&ssl=1 1x, https:\/\/i0.wp.com\/newsofthelight.com.br\/wp-content\/uploads\/2025\/06\/IMG_0280.jpeg?resize=525%2C300&ssl=1 1.5x, https:\/\/i0.wp.com\/newsofthelight.com.br\/wp-content\/uploads\/2025\/06\/IMG_0280.jpeg?resize=700%2C400&ssl=1 2x"},"classes":[]},{"id":5290,"url":"https:\/\/newsofthelight.com.br\/?p=5290","url_meta":{"origin":7087,"position":2},"title":"Cidade de Gaza Sob Ataque: Medo e Desespero Dominam a Regi\u00e3o","author":"Thiago Peres","date":"30 de outubro de 2023","format":false,"excerpt":"Em meio a uma crescente tens\u00e3o, a Cidade de Gaza, o maior centro populacional da Faixa de Gaza, foi alvo de um ataque militar israelense nesta segunda-feira (30). Segundo fontes oficiais, as for\u00e7as israelenses lan\u00e7aram uma ofensiva por terra e ar. Al\u00e9m disso, relatos de moradores locais indicam que ataques\u2026","rel":"","context":"Em &quot;Mundo&quot;","block_context":{"text":"Mundo","link":"https:\/\/newsofthelight.com.br\/?cat=39"},"img":{"alt_text":"","src":"https:\/\/i0.wp.com\/newsofthelight.com.br\/wp-content\/uploads\/2023\/10\/IMG_4937.webp?resize=350%2C200&ssl=1","width":350,"height":200,"srcset":"https:\/\/i0.wp.com\/newsofthelight.com.br\/wp-content\/uploads\/2023\/10\/IMG_4937.webp?resize=350%2C200&ssl=1 1x, https:\/\/i0.wp.com\/newsofthelight.com.br\/wp-content\/uploads\/2023\/10\/IMG_4937.webp?resize=525%2C300&ssl=1 1.5x, https:\/\/i0.wp.com\/newsofthelight.com.br\/wp-content\/uploads\/2023\/10\/IMG_4937.webp?resize=700%2C400&ssl=1 2x"},"classes":[]},{"id":7122,"url":"https:\/\/newsofthelight.com.br\/?p=7122","url_meta":{"origin":7087,"position":3},"title":"Senadores e representantes emitem declara\u00e7\u00f5es sobre postura do Brasil em rela\u00e7\u00e3o a guerra iranoisraelense&nbsp;","author":"Thiago Peres","date":"14 de junho de 2025","format":false,"excerpt":"A pol\u00edcia avan\u00e7a em pr\u00e9dios e ve\u00edculos destru\u00eddos por ataques iranianos na cidade de Ramat Gan, Israel - Foto: REUTERS\/Ronen Zyulun O grupo parlamentar israelense-brasileiro, composto por senadores e legisladores federais, enviou uma nota de descontentamento ao governo brasileiro em rela\u00e7\u00e3o ao ataque do Ir\u00e3. O movimento \u00e9 em solidariedade\u2026","rel":"","context":"Em &quot;Mundo&quot;","block_context":{"text":"Mundo","link":"https:\/\/newsofthelight.com.br\/?cat=39"},"img":{"alt_text":"","src":"https:\/\/i0.wp.com\/newsofthelight.com.br\/wp-content\/uploads\/2025\/06\/img_0341-1.jpg?resize=350%2C200&ssl=1","width":350,"height":200,"srcset":"https:\/\/i0.wp.com\/newsofthelight.com.br\/wp-content\/uploads\/2025\/06\/img_0341-1.jpg?resize=350%2C200&ssl=1 1x, https:\/\/i0.wp.com\/newsofthelight.com.br\/wp-content\/uploads\/2025\/06\/img_0341-1.jpg?resize=525%2C300&ssl=1 1.5x, https:\/\/i0.wp.com\/newsofthelight.com.br\/wp-content\/uploads\/2025\/06\/img_0341-1.jpg?resize=700%2C400&ssl=1 2x, https:\/\/i0.wp.com\/newsofthelight.com.br\/wp-content\/uploads\/2025\/06\/img_0341-1.jpg?resize=1050%2C600&ssl=1 3x"},"classes":[]},{"id":6739,"url":"https:\/\/newsofthelight.com.br\/?p=6739","url_meta":{"origin":7087,"position":4},"title":"Senado aprova a nomea\u00e7\u00e3o de cinco figuras de Lula para as embaixadas da Alemanha, Ar\u00e1bia Saudita, \u00c1ustria, Ir\u00e3 e R\u00fassia","author":"Thiago Peres","date":"24 de maio de 2025","format":false,"excerpt":"Na quarta-feira passada (21), o Senado aprovou os cinco nomeados por Lula para as embaixadas da Alemanha, Ar\u00e1bia Saudita, \u00c1ustria, Ir\u00e3o e R\u00fassia. Os seguintes nomes aguardam agora ser nomeados por lei, ato realizado pelo Pal\u00e1cio do Planalto. H\u00e1 ainda sete embaixadores brasileiros no estrangeiro que precisam de ser votados\u2026","rel":"","context":"Em &quot;Pol\u00edtica&quot;","block_context":{"text":"Pol\u00edtica","link":"https:\/\/newsofthelight.com.br\/?cat=36"},"img":{"alt_text":"","src":"https:\/\/i0.wp.com\/newsofthelight.com.br\/wp-content\/uploads\/2025\/05\/img_0135-1.jpg?resize=350%2C200&ssl=1","width":350,"height":200,"srcset":"https:\/\/i0.wp.com\/newsofthelight.com.br\/wp-content\/uploads\/2025\/05\/img_0135-1.jpg?resize=350%2C200&ssl=1 1x, https:\/\/i0.wp.com\/newsofthelight.com.br\/wp-content\/uploads\/2025\/05\/img_0135-1.jpg?resize=525%2C300&ssl=1 1.5x, https:\/\/i0.wp.com\/newsofthelight.com.br\/wp-content\/uploads\/2025\/05\/img_0135-1.jpg?resize=700%2C400&ssl=1 2x, https:\/\/i0.wp.com\/newsofthelight.com.br\/wp-content\/uploads\/2025\/05\/img_0135-1.jpg?resize=1050%2C600&ssl=1 3x"},"classes":[]},{"id":2180,"url":"https:\/\/newsofthelight.com.br\/?p=2180","url_meta":{"origin":7087,"position":5},"title":"Kat Torres, Dessir\u00ea Freitas e Let\u00edcia Maia ser\u00e3o deportadas para o Brasil","author":"Thiago Peres","date":"12 de novembro de 2022","format":false,"excerpt":"O caso envolvendo Dessir\u00ea Freitas e Let\u00edcia Maia abalou o pa\u00eds nos \u00faltimos meses. As duas jovens brasileiras haviam se mudado para os Estados Unidos em 2020 para trabalharem de au pair (servi\u00e7o de bab\u00e1) no Texas. Contudo, nos \u00faltimos meses ambas as mo\u00e7as n\u00e3o vinham se comunicando com a\u2026","rel":"","context":"Em &quot;Brasil&quot;","block_context":{"text":"Brasil","link":"https:\/\/newsofthelight.com.br\/?cat=38"},"img":{"alt_text":"","src":"https:\/\/i0.wp.com\/newsofthelight.com.br\/wp-content\/uploads\/2022\/11\/EC3628DF-01A4-4F13-A771-12C0CFB0D28F.webp?resize=350%2C200&ssl=1","width":350,"height":200,"srcset":"https:\/\/i0.wp.com\/newsofthelight.com.br\/wp-content\/uploads\/2022\/11\/EC3628DF-01A4-4F13-A771-12C0CFB0D28F.webp?resize=350%2C200&ssl=1 1x, https:\/\/i0.wp.com\/newsofthelight.com.br\/wp-content\/uploads\/2022\/11\/EC3628DF-01A4-4F13-A771-12C0CFB0D28F.webp?resize=525%2C300&ssl=1 1.5x, https:\/\/i0.wp.com\/newsofthelight.com.br\/wp-content\/uploads\/2022\/11\/EC3628DF-01A4-4F13-A771-12C0CFB0D28F.webp?resize=700%2C400&ssl=1 2x"},"classes":[]}],"jetpack_shortlink":"https:\/\/wp.me\/peltaF-1Qj","_links":{"self":[{"href":"https:\/\/newsofthelight.com.br\/index.php?rest_route=\/wp\/v2\/posts\/7087","targetHints":{"allow":["GET"]}}],"collection":[{"href":"https:\/\/newsofthelight.com.br\/index.php?rest_route=\/wp\/v2\/posts"}],"about":[{"href":"https:\/\/newsofthelight.com.br\/index.php?rest_route=\/wp\/v2\/types\/post"}],"author":[{"embeddable":true,"href":"https:\/\/newsofthelight.com.br\/index.php?rest_route=\/wp\/v2\/users\/2"}],"replies":[{"embeddable":true,"href":"https:\/\/newsofthelight.com.br\/index.php?rest_route=%2Fwp%2Fv2%2Fcomments&post=7087"}],"version-history":[{"count":4,"href":"https:\/\/newsofthelight.com.br\/index.php?rest_route=\/wp\/v2\/posts\/7087\/revisions"}],"predecessor-version":[{"id":7091,"href":"https:\/\/newsofthelight.com.br\/index.php?rest_route=\/wp\/v2\/posts\/7087\/revisions\/7091"}],"wp:featuredmedia":[{"embeddable":true,"href":"https:\/\/newsofthelight.com.br\/index.php?rest_route=\/wp\/v2\/media\/7086"}],"wp:attachment":[{"href":"https:\/\/newsofthelight.com.br\/index.php?rest_route=%2Fwp%2Fv2%2Fmedia&parent=7087"}],"wp:term":[{"taxonomy":"category","embeddable":true,"href":"https:\/\/newsofthelight.com.br\/index.php?rest_route=%2Fwp%2Fv2%2Fcategories&post=7087"},{"taxonomy":"post_tag","embeddable":true,"href":"https:\/\/newsofthelight.com.br\/index.php?rest_route=%2Fwp%2Fv2%2Ftags&post=7087"}],"curies":[{"name":"wp","href":"https:\/\/api.w.org\/{rel}","templated":true}]}}