{"id":6917,"date":"2025-06-04T06:13:51","date_gmt":"2025-06-04T09:13:51","guid":{"rendered":"https:\/\/newsofthelight.com.br\/?p=6917"},"modified":"2025-06-04T06:13:51","modified_gmt":"2025-06-04T09:13:51","slug":"lula-critica-a-possibilidade-das-sancoes-dos-estados-unidos-contra-moraesisso-e-intoleravel","status":"publish","type":"post","link":"https:\/\/newsofthelight.com.br\/?p=6917","title":{"rendered":"Lula critica a possibilidade das san\u00e7\u00f5es dos Estados Unidos contra Moraes:&#8221;Isso \u00e9 intoler\u00e1vel&#8221;"},"content":{"rendered":"\n<p class=\"has-text-align-center\">Foto: Presidente Luiz In\u00e1cio Lula da Silva Fonte: Pinterest<\/p>\n\n\n\n<p>O presidente Lula (PT) disse na ter\u00e7a-feira (3) que a possibilidade de san\u00e7\u00f5es dos EUA contra o secret\u00e1rio da Suprema Corte (STF) Alexander de Moraes, e que os coment\u00e1rios do chefe de Estado sobre as decis\u00f5es da Suprema Corte de outros pa\u00edses eram &#8220;inadmiss\u00edveis&#8221;.<\/p>\n\n\n\n<p>\u201c\u00c9 inaceit\u00e1vel que o presidente de qualquer pa\u00eds do mundo especule sobre a decis\u00e3o da Suprema Corte de outro pa\u00eds. Se voc\u00ea concorda ou n\u00e3o, por favor, cale a boca. Porque o que voc\u00ea assume \u00e9 injusto&#8221;, disse o presidente Lula em uma coletiva de imprensa.<\/p>\n\n\n\n<p>A declara\u00e7\u00e3o veio depois que lhe perguntaram o que o governo faria se Lula impusesse san\u00e7\u00f5es contra Moraes. &#8220;Podem estar certos de que o Brasil protege n\u00e3o apenas o ministro e a Suprema Corte&#8221;, disse Lula.<\/p>\n\n\n\n<p>O presidente tamb\u00e9m criticou a posi\u00e7\u00e3o dos Estados Unidos e enfatizou a import\u00e2ncia de respeitar a soberania das institui\u00e7\u00f5es em outros pa\u00edses.<\/p>\n\n\n\n<p>O discurso de Lula foi feito durante um confronto entre o governo de Donald Trump e o ju\u00edz Alexandre de Moraes. Na quinta-feira (30), o Departamento de Justi\u00e7a dos EUA enviou uma carta ao ministro afirmando que a decis\u00e3o do tribunal brasileiro n\u00e3o pode ser executada nos Estados Unidos se n\u00e3o for aprovada pelo estado.<\/p>\n","protected":false},"excerpt":{"rendered":"<p>Foto: Presidente Luiz In\u00e1cio Lula da Silva Fonte: Pinterest O presidente Lula (PT) disse na ter\u00e7a-feira (3) que a possibilidade de san\u00e7\u00f5es dos EUA contra o secret\u00e1rio da Suprema Corte (STF) Alexander de Moraes, e que os coment\u00e1rios do chefe de Estado sobre as decis\u00f5es da Suprema Corte de outros pa\u00edses eram &#8220;inadmiss\u00edveis&#8221;. \u201c\u00c9 inaceit\u00e1vel<\/p>\n","protected":false},"author":2,"featured_media":6916,"comment_status":"open","ping_status":"open","sticky":false,"template":"","format":"standard","meta":{"_jetpack_memberships_contains_paid_content":false,"footnotes":""},"categories":[38,36],"tags":[],"class_list":["post-6917","post","type-post","status-publish","format-standard","has-post-thumbnail","hentry","category-brasil","category-politica"],"yoast_head":"<!-- This site is optimized with the Yoast SEO plugin v27.5 - https:\/\/yoast.com\/product\/yoast-seo-wordpress\/ -->\n<title>Lula critica a possibilidade das san\u00e7\u00f5es dos Estados Unidos contra Moraes:&quot;Isso \u00e9 intoler\u00e1vel&quot; - Autoria - Thiago Gomes Gon\u00e7alves Peres Lima - REG 0022106\/MG<\/title>\n<meta name=\"robots\" content=\"index, follow, max-snippet:-1, max-image-preview:large, max-video-preview:-1\" \/>\n<link rel=\"canonical\" href=\"https:\/\/newsofthelight.com.br\/?p=6917\" \/>\n<meta property=\"og:locale\" content=\"pt_BR\" \/>\n<meta property=\"og:type\" content=\"article\" \/>\n<meta property=\"og:title\" content=\"Lula critica a possibilidade das san\u00e7\u00f5es dos Estados Unidos contra Moraes:&quot;Isso \u00e9 intoler\u00e1vel&quot; - Autoria - Thiago Gomes Gon\u00e7alves Peres Lima - REG 0022106\/MG\" \/>\n<meta property=\"og:description\" content=\"Foto: Presidente Luiz In\u00e1cio Lula da Silva Fonte: Pinterest O presidente Lula (PT) disse na ter\u00e7a-feira (3) que a possibilidade de san\u00e7\u00f5es dos EUA contra o secret\u00e1rio da Suprema Corte (STF) Alexander de Moraes, e que os coment\u00e1rios do chefe de Estado sobre as decis\u00f5es da Suprema Corte de outros pa\u00edses eram &#8220;inadmiss\u00edveis&#8221;. \u201c\u00c9 inaceit\u00e1vel\" \/>\n<meta property=\"og:url\" content=\"https:\/\/newsofthelight.com.br\/?p=6917\" \/>\n<meta property=\"og:site_name\" content=\"Autoria - Thiago Gomes Gon\u00e7alves Peres Lima - REG 0022106\/MG\" \/>\n<meta property=\"article:published_time\" content=\"2025-06-04T09:13:51+00:00\" \/>\n<meta name=\"author\" content=\"Thiago Peres\" \/>\n<meta name=\"twitter:card\" content=\"summary_large_image\" \/>\n<meta name=\"twitter:label1\" content=\"Escrito por\" \/>\n\t<meta name=\"twitter:data1\" content=\"Thiago Peres\" \/>\n\t<meta name=\"twitter:label2\" content=\"Est. tempo de leitura\" \/>\n\t<meta name=\"twitter:data2\" content=\"1 minuto\" \/>\n<script type=\"application\/ld+json\" class=\"yoast-schema-graph\">{\"@context\":\"https:\\\/\\\/schema.org\",\"@graph\":[{\"@type\":\"Article\",\"@id\":\"https:\\\/\\\/newsofthelight.com.br\\\/?p=6917#article\",\"isPartOf\":{\"@id\":\"https:\\\/\\\/newsofthelight.com.br\\\/?p=6917\"},\"author\":{\"name\":\"Thiago Peres\",\"@id\":\"https:\\\/\\\/newsofthelight.com.br\\\/#\\\/schema\\\/person\\\/d4878034586ca0e04c11eac65b2f76f2\"},\"headline\":\"Lula critica a possibilidade das san\u00e7\u00f5es dos Estados Unidos contra Moraes:&#8221;Isso \u00e9 intoler\u00e1vel&#8221;\",\"datePublished\":\"2025-06-04T09:13:51+00:00\",\"mainEntityOfPage\":{\"@id\":\"https:\\\/\\\/newsofthelight.com.br\\\/?p=6917\"},\"wordCount\":249,\"commentCount\":0,\"publisher\":{\"@id\":\"https:\\\/\\\/newsofthelight.com.br\\\/#organization\"},\"image\":{\"@id\":\"https:\\\/\\\/newsofthelight.com.br\\\/?p=6917#primaryimage\"},\"thumbnailUrl\":\"https:\\\/\\\/newsofthelight.com.br\\\/wp-content\\\/uploads\\\/2025\\\/06\\\/img_0235-1.jpg\",\"articleSection\":[\"Brasil\",\"Pol\u00edtica\"],\"inLanguage\":\"pt-BR\",\"potentialAction\":[{\"@type\":\"CommentAction\",\"name\":\"Comment\",\"target\":[\"https:\\\/\\\/newsofthelight.com.br\\\/?p=6917#respond\"]}]},{\"@type\":\"WebPage\",\"@id\":\"https:\\\/\\\/newsofthelight.com.br\\\/?p=6917\",\"url\":\"https:\\\/\\\/newsofthelight.com.br\\\/?p=6917\",\"name\":\"Lula critica a possibilidade das san\u00e7\u00f5es dos Estados Unidos contra Moraes:\\\"Isso \u00e9 intoler\u00e1vel\\\" - Autoria - Thiago Gomes Gon\u00e7alves Peres Lima - REG 0022106\\\/MG\",\"isPartOf\":{\"@id\":\"https:\\\/\\\/newsofthelight.com.br\\\/#website\"},\"primaryImageOfPage\":{\"@id\":\"https:\\\/\\\/newsofthelight.com.br\\\/?p=6917#primaryimage\"},\"image\":{\"@id\":\"https:\\\/\\\/newsofthelight.com.br\\\/?p=6917#primaryimage\"},\"thumbnailUrl\":\"https:\\\/\\\/newsofthelight.com.br\\\/wp-content\\\/uploads\\\/2025\\\/06\\\/img_0235-1.jpg\",\"datePublished\":\"2025-06-04T09:13:51+00:00\",\"breadcrumb\":{\"@id\":\"https:\\\/\\\/newsofthelight.com.br\\\/?p=6917#breadcrumb\"},\"inLanguage\":\"pt-BR\",\"potentialAction\":[{\"@type\":\"ReadAction\",\"target\":[\"https:\\\/\\\/newsofthelight.com.br\\\/?p=6917\"]}]},{\"@type\":\"ImageObject\",\"inLanguage\":\"pt-BR\",\"@id\":\"https:\\\/\\\/newsofthelight.com.br\\\/?p=6917#primaryimage\",\"url\":\"https:\\\/\\\/newsofthelight.com.br\\\/wp-content\\\/uploads\\\/2025\\\/06\\\/img_0235-1.jpg\",\"contentUrl\":\"https:\\\/\\\/newsofthelight.com.br\\\/wp-content\\\/uploads\\\/2025\\\/06\\\/img_0235-1.jpg\",\"width\":850,\"height\":567},{\"@type\":\"BreadcrumbList\",\"@id\":\"https:\\\/\\\/newsofthelight.com.br\\\/?p=6917#breadcrumb\",\"itemListElement\":[{\"@type\":\"ListItem\",\"position\":1,\"name\":\"In\u00edcio\",\"item\":\"https:\\\/\\\/newsofthelight.com.br\\\/\"},{\"@type\":\"ListItem\",\"position\":2,\"name\":\"Lula critica a possibilidade das san\u00e7\u00f5es dos Estados Unidos contra Moraes:&#8221;Isso \u00e9 intoler\u00e1vel&#8221;\"}]},{\"@type\":\"WebSite\",\"@id\":\"https:\\\/\\\/newsofthelight.com.br\\\/#website\",\"url\":\"https:\\\/\\\/newsofthelight.com.br\\\/\",\"name\":\"Autoria - Thiago Gomes Gon\u00e7alves Peres Lima - REG 0022106\\\/MG\",\"description\":\"Noticias na velocidade da luz\",\"publisher\":{\"@id\":\"https:\\\/\\\/newsofthelight.com.br\\\/#organization\"},\"potentialAction\":[{\"@type\":\"SearchAction\",\"target\":{\"@type\":\"EntryPoint\",\"urlTemplate\":\"https:\\\/\\\/newsofthelight.com.br\\\/?s={search_term_string}\"},\"query-input\":{\"@type\":\"PropertyValueSpecification\",\"valueRequired\":true,\"valueName\":\"search_term_string\"}}],\"inLanguage\":\"pt-BR\"},{\"@type\":\"Organization\",\"@id\":\"https:\\\/\\\/newsofthelight.com.br\\\/#organization\",\"name\":\"Autoria - Thiago Gomes Gon\u00e7alves Peres Lima - REG 0022106\\\/MG\",\"url\":\"https:\\\/\\\/newsofthelight.com.br\\\/\",\"logo\":{\"@type\":\"ImageObject\",\"inLanguage\":\"pt-BR\",\"@id\":\"https:\\\/\\\/newsofthelight.com.br\\\/#\\\/schema\\\/logo\\\/image\\\/\",\"url\":\"https:\\\/\\\/newsofthelight.com.br\\\/wp-content\\\/uploads\\\/2025\\\/06\\\/cropped-IMG_0217.png\",\"contentUrl\":\"https:\\\/\\\/newsofthelight.com.br\\\/wp-content\\\/uploads\\\/2025\\\/06\\\/cropped-IMG_0217.png\",\"width\":1177,\"height\":662,\"caption\":\"Autoria - Thiago Gomes Gon\u00e7alves Peres Lima - REG 0022106\\\/MG\"},\"image\":{\"@id\":\"https:\\\/\\\/newsofthelight.com.br\\\/#\\\/schema\\\/logo\\\/image\\\/\"},\"sameAs\":[\"https:\\\/\\\/www.instagram.com\\\/news_of_the_light_?igsh=b3Fwb2psamJzaXds\"]},{\"@type\":\"Person\",\"@id\":\"https:\\\/\\\/newsofthelight.com.br\\\/#\\\/schema\\\/person\\\/d4878034586ca0e04c11eac65b2f76f2\",\"name\":\"Thiago Peres\",\"image\":{\"@type\":\"ImageObject\",\"inLanguage\":\"pt-BR\",\"@id\":\"https:\\\/\\\/secure.gravatar.com\\\/avatar\\\/21d66f46d21d113e9d3dba092a500e64563ed2ed2c77db814dfc7be6345e3815?s=96&d=mm&r=g\",\"url\":\"https:\\\/\\\/secure.gravatar.com\\\/avatar\\\/21d66f46d21d113e9d3dba092a500e64563ed2ed2c77db814dfc7be6345e3815?s=96&d=mm&r=g\",\"contentUrl\":\"https:\\\/\\\/secure.gravatar.com\\\/avatar\\\/21d66f46d21d113e9d3dba092a500e64563ed2ed2c77db814dfc7be6345e3815?s=96&d=mm&r=g\",\"caption\":\"Thiago Peres\"},\"sameAs\":[\"http:\\\/\\\/newsofthelight.com.br\"],\"url\":\"https:\\\/\\\/newsofthelight.com.br\\\/?author=2\"}]}<\/script>\n<!-- \/ Yoast SEO plugin. -->","yoast_head_json":{"title":"Lula critica a possibilidade das san\u00e7\u00f5es dos Estados Unidos contra Moraes:\"Isso \u00e9 intoler\u00e1vel\" - Autoria - Thiago Gomes Gon\u00e7alves Peres Lima - REG 0022106\/MG","robots":{"index":"index","follow":"follow","max-snippet":"max-snippet:-1","max-image-preview":"max-image-preview:large","max-video-preview":"max-video-preview:-1"},"canonical":"https:\/\/newsofthelight.com.br\/?p=6917","og_locale":"pt_BR","og_type":"article","og_title":"Lula critica a possibilidade das san\u00e7\u00f5es dos Estados Unidos contra Moraes:\"Isso \u00e9 intoler\u00e1vel\" - Autoria - Thiago Gomes Gon\u00e7alves Peres Lima - REG 0022106\/MG","og_description":"Foto: Presidente Luiz In\u00e1cio Lula da Silva Fonte: Pinterest O presidente Lula (PT) disse na ter\u00e7a-feira (3) que a possibilidade de san\u00e7\u00f5es dos EUA contra o secret\u00e1rio da Suprema Corte (STF) Alexander de Moraes, e que os coment\u00e1rios do chefe de Estado sobre as decis\u00f5es da Suprema Corte de outros pa\u00edses eram &#8220;inadmiss\u00edveis&#8221;. \u201c\u00c9 inaceit\u00e1vel","og_url":"https:\/\/newsofthelight.com.br\/?p=6917","og_site_name":"Autoria - Thiago Gomes Gon\u00e7alves Peres Lima - REG 0022106\/MG","article_published_time":"2025-06-04T09:13:51+00:00","author":"Thiago Peres","twitter_card":"summary_large_image","twitter_misc":{"Escrito por":"Thiago Peres","Est. tempo de leitura":"1 minuto"},"schema":{"@context":"https:\/\/schema.org","@graph":[{"@type":"Article","@id":"https:\/\/newsofthelight.com.br\/?p=6917#article","isPartOf":{"@id":"https:\/\/newsofthelight.com.br\/?p=6917"},"author":{"name":"Thiago Peres","@id":"https:\/\/newsofthelight.com.br\/#\/schema\/person\/d4878034586ca0e04c11eac65b2f76f2"},"headline":"Lula critica a possibilidade das san\u00e7\u00f5es dos Estados Unidos contra Moraes:&#8221;Isso \u00e9 intoler\u00e1vel&#8221;","datePublished":"2025-06-04T09:13:51+00:00","mainEntityOfPage":{"@id":"https:\/\/newsofthelight.com.br\/?p=6917"},"wordCount":249,"commentCount":0,"publisher":{"@id":"https:\/\/newsofthelight.com.br\/#organization"},"image":{"@id":"https:\/\/newsofthelight.com.br\/?p=6917#primaryimage"},"thumbnailUrl":"https:\/\/newsofthelight.com.br\/wp-content\/uploads\/2025\/06\/img_0235-1.jpg","articleSection":["Brasil","Pol\u00edtica"],"inLanguage":"pt-BR","potentialAction":[{"@type":"CommentAction","name":"Comment","target":["https:\/\/newsofthelight.com.br\/?p=6917#respond"]}]},{"@type":"WebPage","@id":"https:\/\/newsofthelight.com.br\/?p=6917","url":"https:\/\/newsofthelight.com.br\/?p=6917","name":"Lula critica a possibilidade das san\u00e7\u00f5es dos Estados Unidos contra Moraes:\"Isso \u00e9 intoler\u00e1vel\" - Autoria - Thiago Gomes Gon\u00e7alves Peres Lima - REG 0022106\/MG","isPartOf":{"@id":"https:\/\/newsofthelight.com.br\/#website"},"primaryImageOfPage":{"@id":"https:\/\/newsofthelight.com.br\/?p=6917#primaryimage"},"image":{"@id":"https:\/\/newsofthelight.com.br\/?p=6917#primaryimage"},"thumbnailUrl":"https:\/\/newsofthelight.com.br\/wp-content\/uploads\/2025\/06\/img_0235-1.jpg","datePublished":"2025-06-04T09:13:51+00:00","breadcrumb":{"@id":"https:\/\/newsofthelight.com.br\/?p=6917#breadcrumb"},"inLanguage":"pt-BR","potentialAction":[{"@type":"ReadAction","target":["https:\/\/newsofthelight.com.br\/?p=6917"]}]},{"@type":"ImageObject","inLanguage":"pt-BR","@id":"https:\/\/newsofthelight.com.br\/?p=6917#primaryimage","url":"https:\/\/newsofthelight.com.br\/wp-content\/uploads\/2025\/06\/img_0235-1.jpg","contentUrl":"https:\/\/newsofthelight.com.br\/wp-content\/uploads\/2025\/06\/img_0235-1.jpg","width":850,"height":567},{"@type":"BreadcrumbList","@id":"https:\/\/newsofthelight.com.br\/?p=6917#breadcrumb","itemListElement":[{"@type":"ListItem","position":1,"name":"In\u00edcio","item":"https:\/\/newsofthelight.com.br\/"},{"@type":"ListItem","position":2,"name":"Lula critica a possibilidade das san\u00e7\u00f5es dos Estados Unidos contra Moraes:&#8221;Isso \u00e9 intoler\u00e1vel&#8221;"}]},{"@type":"WebSite","@id":"https:\/\/newsofthelight.com.br\/#website","url":"https:\/\/newsofthelight.com.br\/","name":"Autoria - Thiago Gomes Gon\u00e7alves Peres Lima - REG 0022106\/MG","description":"Noticias na velocidade da luz","publisher":{"@id":"https:\/\/newsofthelight.com.br\/#organization"},"potentialAction":[{"@type":"SearchAction","target":{"@type":"EntryPoint","urlTemplate":"https:\/\/newsofthelight.com.br\/?s={search_term_string}"},"query-input":{"@type":"PropertyValueSpecification","valueRequired":true,"valueName":"search_term_string"}}],"inLanguage":"pt-BR"},{"@type":"Organization","@id":"https:\/\/newsofthelight.com.br\/#organization","name":"Autoria - Thiago Gomes Gon\u00e7alves Peres Lima - REG 0022106\/MG","url":"https:\/\/newsofthelight.com.br\/","logo":{"@type":"ImageObject","inLanguage":"pt-BR","@id":"https:\/\/newsofthelight.com.br\/#\/schema\/logo\/image\/","url":"https:\/\/newsofthelight.com.br\/wp-content\/uploads\/2025\/06\/cropped-IMG_0217.png","contentUrl":"https:\/\/newsofthelight.com.br\/wp-content\/uploads\/2025\/06\/cropped-IMG_0217.png","width":1177,"height":662,"caption":"Autoria - Thiago Gomes Gon\u00e7alves Peres Lima - REG 0022106\/MG"},"image":{"@id":"https:\/\/newsofthelight.com.br\/#\/schema\/logo\/image\/"},"sameAs":["https:\/\/www.instagram.com\/news_of_the_light_?igsh=b3Fwb2psamJzaXds"]},{"@type":"Person","@id":"https:\/\/newsofthelight.com.br\/#\/schema\/person\/d4878034586ca0e04c11eac65b2f76f2","name":"Thiago Peres","image":{"@type":"ImageObject","inLanguage":"pt-BR","@id":"https:\/\/secure.gravatar.com\/avatar\/21d66f46d21d113e9d3dba092a500e64563ed2ed2c77db814dfc7be6345e3815?s=96&d=mm&r=g","url":"https:\/\/secure.gravatar.com\/avatar\/21d66f46d21d113e9d3dba092a500e64563ed2ed2c77db814dfc7be6345e3815?s=96&d=mm&r=g","contentUrl":"https:\/\/secure.gravatar.com\/avatar\/21d66f46d21d113e9d3dba092a500e64563ed2ed2c77db814dfc7be6345e3815?s=96&d=mm&r=g","caption":"Thiago Peres"},"sameAs":["http:\/\/newsofthelight.com.br"],"url":"https:\/\/newsofthelight.com.br\/?author=2"}]}},"jetpack_featured_media_url":"https:\/\/newsofthelight.com.br\/wp-content\/uploads\/2025\/06\/img_0235-1.jpg","jetpack_sharing_enabled":true,"jetpack-related-posts":[{"id":7557,"url":"https:\/\/newsofthelight.com.br\/?p=7557","url_meta":{"origin":6917,"position":0},"title":"Um alto funcion\u00e1rio dos EUA adverte &#8220;colegas de Moraes&#8221;","author":"Thiago Peres","date":"7 de agosto de 2025","format":false,"excerpt":"Foto: Alexandre de Moraes\u00a0Fonte: Gustavo Moreno\/ST O Secret\u00e1rio Adjunto da Diplomacia P\u00fablica dos Estados Unidos, Darren Beatty, alertou os ministros do Supremo Tribunal Federal (STF) atrav\u00e9s do seu perfil na quarta-feira (6). Depois de partilhar uma publica\u00e7\u00e3o do Departamento de Estado norte-americano a condenar a pris\u00e3o do ex-presidente Jair Bolsonaro\u2026","rel":"","context":"Em &quot;Brasil&quot;","block_context":{"text":"Brasil","link":"https:\/\/newsofthelight.com.br\/?cat=38"},"img":{"alt_text":"","src":"https:\/\/i0.wp.com\/newsofthelight.com.br\/wp-content\/uploads\/2025\/08\/img_0770.jpg?resize=350%2C200&ssl=1","width":350,"height":200,"srcset":"https:\/\/i0.wp.com\/newsofthelight.com.br\/wp-content\/uploads\/2025\/08\/img_0770.jpg?resize=350%2C200&ssl=1 1x, https:\/\/i0.wp.com\/newsofthelight.com.br\/wp-content\/uploads\/2025\/08\/img_0770.jpg?resize=525%2C300&ssl=1 1.5x, https:\/\/i0.wp.com\/newsofthelight.com.br\/wp-content\/uploads\/2025\/08\/img_0770.jpg?resize=700%2C400&ssl=1 2x, https:\/\/i0.wp.com\/newsofthelight.com.br\/wp-content\/uploads\/2025\/08\/img_0770.jpg?resize=1050%2C600&ssl=1 3x, https:\/\/i0.wp.com\/newsofthelight.com.br\/wp-content\/uploads\/2025\/08\/img_0770.jpg?resize=1400%2C800&ssl=1 4x"},"classes":[]},{"id":6842,"url":"https:\/\/newsofthelight.com.br\/?p=6842","url_meta":{"origin":6917,"position":1},"title":"Avalia\u00e7\u00e3o do governo brasileiro aumenta possibilidade de san\u00e7\u00f5es contra Moraes","author":"Thiago Peres","date":"1 de junho de 2025","format":false,"excerpt":"Foto: Ministro Alexandre de Moraes Cr\u00e9dito: Reuters Nos \u00faltimos dias, o governo brasileiro vem fortalecendo seu relacionamento com o Departamento de Estado dos EUA para evitar que o governo dos EUA imponha san\u00e7\u00f5es a funcion\u00e1rios brasileiros, incluindo o juiz da Suprema Corte Alexandre de Moraes. Esta informa\u00e7\u00e3o foi publicada pelo\u2026","rel":"","context":"Em &quot;Brasil&quot;","block_context":{"text":"Brasil","link":"https:\/\/newsofthelight.com.br\/?cat=38"},"img":{"alt_text":"","src":"https:\/\/i0.wp.com\/newsofthelight.com.br\/wp-content\/uploads\/2025\/06\/img_0185.jpg?resize=350%2C200&ssl=1","width":350,"height":200,"srcset":"https:\/\/i0.wp.com\/newsofthelight.com.br\/wp-content\/uploads\/2025\/06\/img_0185.jpg?resize=350%2C200&ssl=1 1x, https:\/\/i0.wp.com\/newsofthelight.com.br\/wp-content\/uploads\/2025\/06\/img_0185.jpg?resize=525%2C300&ssl=1 1.5x, https:\/\/i0.wp.com\/newsofthelight.com.br\/wp-content\/uploads\/2025\/06\/img_0185.jpg?resize=700%2C400&ssl=1 2x"},"classes":[]},{"id":7527,"url":"https:\/\/newsofthelight.com.br\/?p=7527","url_meta":{"origin":6917,"position":2},"title":"Governo Lula vai defender Moraes em processos nos Estados Unidos e perante organiza\u00e7\u00f5es internacionais","author":"Thiago Peres","date":"31 de julho de 2025","format":false,"excerpt":"O ministro Alexandre de Moraes no STF \u2014 Foto: Ton Molina\/STF A Procuradoria-Geral da Rep\u00fablica (PGR) vai defender o ministro Alexandre de Moraes, do Supremo Tribunal Federal (STF), contra as san\u00e7\u00f5es impostas pela administra\u00e7\u00e3o Trump ao abrigo da Lei Magnitsky. A base legal ainda n\u00e3o est\u00e1 definida, mas Moraes tem\u2026","rel":"","context":"Em &quot;Sem categoria&quot;","block_context":{"text":"Sem categoria","link":"https:\/\/newsofthelight.com.br\/?cat=1"},"img":{"alt_text":"","src":"https:\/\/i0.wp.com\/newsofthelight.com.br\/wp-content\/uploads\/2025\/07\/Sem-Titulo.png?resize=350%2C200&ssl=1","width":350,"height":200},"classes":[]},{"id":7479,"url":"https:\/\/newsofthelight.com.br\/?p=7479","url_meta":{"origin":6917,"position":3},"title":"Moraes amea\u00e7a prender Bolsonaro se ele n\u00e3o explicar suas inten\u00e7\u00f5es \u00e0 rede","author":"Thiago Peres","date":"22 de julho de 2025","format":false,"excerpt":"Foto: Alexandre de Moraes (esquerda) Bolsonaro (direita). Fonte: Getty Images Na segunda-feira (21 de julho), o ministro do Supremo Tribunal Federal (STF) Alexander de Moraes disse que o ex-presidente Jair Bolsonaro (PL), sob amea\u00e7a de pris\u00e3o, deve explicar um post feito em parceria com seu filho Eduardo Bolsonaro (PL-SP). Na\u2026","rel":"","context":"Em &quot;Brasil&quot;","block_context":{"text":"Brasil","link":"https:\/\/newsofthelight.com.br\/?cat=38"},"img":{"alt_text":"","src":"https:\/\/i0.wp.com\/newsofthelight.com.br\/wp-content\/uploads\/2025\/07\/img_0687-1.jpg?resize=350%2C200&ssl=1","width":350,"height":200},"classes":[]},{"id":7465,"url":"https:\/\/newsofthelight.com.br\/?p=7465","url_meta":{"origin":6917,"position":4},"title":"Donald Trump imp\u00f5e san\u00e7\u00f5es aos sat\u00e9lites e GPS brasileiros","author":"Thiago Peres","date":"19 de julho de 2025","format":false,"excerpt":"Foto: Donald Trump\u00a0Fonte: EFE\/EPA\/WIN MCNAMEE \/ POOL Poss\u00edveis novas san\u00e7\u00f5es do presidente norte-americano Donald Trump contra o governo brasileiro podem levar a um aumento de 50% a 100% das tarifas, \u00e0 ado\u00e7\u00e3o de san\u00e7\u00f5es junto da Organiza\u00e7\u00e3o do Tratado do Atl\u00e2ntico Norte (NATO) e ao bloqueio de sat\u00e9lites e GPS\u2026","rel":"","context":"Em &quot;Brasil&quot;","block_context":{"text":"Brasil","link":"https:\/\/newsofthelight.com.br\/?cat=38"},"img":{"alt_text":"","src":"https:\/\/i0.wp.com\/newsofthelight.com.br\/wp-content\/uploads\/2025\/07\/img_0667.jpg?resize=350%2C200&ssl=1","width":350,"height":200,"srcset":"https:\/\/i0.wp.com\/newsofthelight.com.br\/wp-content\/uploads\/2025\/07\/img_0667.jpg?resize=350%2C200&ssl=1 1x, https:\/\/i0.wp.com\/newsofthelight.com.br\/wp-content\/uploads\/2025\/07\/img_0667.jpg?resize=525%2C300&ssl=1 1.5x, https:\/\/i0.wp.com\/newsofthelight.com.br\/wp-content\/uploads\/2025\/07\/img_0667.jpg?resize=700%2C400&ssl=1 2x, https:\/\/i0.wp.com\/newsofthelight.com.br\/wp-content\/uploads\/2025\/07\/img_0667.jpg?resize=1050%2C600&ssl=1 3x, https:\/\/i0.wp.com\/newsofthelight.com.br\/wp-content\/uploads\/2025\/07\/img_0667.jpg?resize=1400%2C800&ssl=1 4x"},"classes":[]},{"id":6725,"url":"https:\/\/newsofthelight.com.br\/?p=6725","url_meta":{"origin":6917,"position":5},"title":"Secret\u00e1rio dos EUA disse que o governo de Trump deve sancionar Moraes","author":"Thiago Peres","date":"23 de maio de 2025","format":false,"excerpt":"O secret\u00e1rio de Estado dos EUA, Marco Rubio, disse na quarta-feira, dia 21, que a administra\u00e7\u00e3o de Donald Trump\u00a0 \"provavelmente \" vai sancionar o juiz da Suprema Corte Alexander de Moraes. A declara\u00e7\u00e3o foi feita por Rubio quando ele testemunhou no Comit\u00ea de Rela\u00e7\u00f5es Exteriores da C\u00e2mara dos Representantes dos\u2026","rel":"","context":"Em &quot;Brasil&quot;","block_context":{"text":"Brasil","link":"https:\/\/newsofthelight.com.br\/?cat=38"},"img":{"alt_text":"","src":"https:\/\/i0.wp.com\/newsofthelight.com.br\/wp-content\/uploads\/2025\/05\/img_0123.jpg?resize=350%2C200&ssl=1","width":350,"height":200,"srcset":"https:\/\/i0.wp.com\/newsofthelight.com.br\/wp-content\/uploads\/2025\/05\/img_0123.jpg?resize=350%2C200&ssl=1 1x, https:\/\/i0.wp.com\/newsofthelight.com.br\/wp-content\/uploads\/2025\/05\/img_0123.jpg?resize=525%2C300&ssl=1 1.5x, https:\/\/i0.wp.com\/newsofthelight.com.br\/wp-content\/uploads\/2025\/05\/img_0123.jpg?resize=700%2C400&ssl=1 2x, https:\/\/i0.wp.com\/newsofthelight.com.br\/wp-content\/uploads\/2025\/05\/img_0123.jpg?resize=1050%2C600&ssl=1 3x"},"classes":[]}],"jetpack_shortlink":"https:\/\/wp.me\/peltaF-1Nz","_links":{"self":[{"href":"https:\/\/newsofthelight.com.br\/index.php?rest_route=\/wp\/v2\/posts\/6917","targetHints":{"allow":["GET"]}}],"collection":[{"href":"https:\/\/newsofthelight.com.br\/index.php?rest_route=\/wp\/v2\/posts"}],"about":[{"href":"https:\/\/newsofthelight.com.br\/index.php?rest_route=\/wp\/v2\/types\/post"}],"author":[{"embeddable":true,"href":"https:\/\/newsofthelight.com.br\/index.php?rest_route=\/wp\/v2\/users\/2"}],"replies":[{"embeddable":true,"href":"https:\/\/newsofthelight.com.br\/index.php?rest_route=%2Fwp%2Fv2%2Fcomments&post=6917"}],"version-history":[{"count":0,"href":"https:\/\/newsofthelight.com.br\/index.php?rest_route=\/wp\/v2\/posts\/6917\/revisions"}],"wp:featuredmedia":[{"embeddable":true,"href":"https:\/\/newsofthelight.com.br\/index.php?rest_route=\/wp\/v2\/media\/6916"}],"wp:attachment":[{"href":"https:\/\/newsofthelight.com.br\/index.php?rest_route=%2Fwp%2Fv2%2Fmedia&parent=6917"}],"wp:term":[{"taxonomy":"category","embeddable":true,"href":"https:\/\/newsofthelight.com.br\/index.php?rest_route=%2Fwp%2Fv2%2Fcategories&post=6917"},{"taxonomy":"post_tag","embeddable":true,"href":"https:\/\/newsofthelight.com.br\/index.php?rest_route=%2Fwp%2Fv2%2Ftags&post=6917"}],"curies":[{"name":"wp","href":"https:\/\/api.w.org\/{rel}","templated":true}]}}