{"id":6784,"date":"2025-05-28T13:07:47","date_gmt":"2025-05-28T16:07:47","guid":{"rendered":"https:\/\/newsofthelight.com.br\/?p=6784"},"modified":"2025-05-28T13:07:47","modified_gmt":"2025-05-28T16:07:47","slug":"direitos-das-pessoas-com-deficiencia","status":"publish","type":"post","link":"https:\/\/newsofthelight.com.br\/?p=6784","title":{"rendered":"Direitos das Pessoas com Defici\u00eancia&nbsp;"},"content":{"rendered":"\n<p>Uma pessoa com defici\u00eancia \u00e9 aquela que apresenta uma limita\u00e7\u00e3o f\u00edsica, intelectual ou sensorial de m\u00e9dio a longo prazo e, caso apresente uma ou mais defici\u00eancias, poder\u00e1 ser impedida de participar plenamente da sociedade e prosperar em igualdade de condi\u00e7\u00f5es com os demais.<\/p>\n\n\n\n<p>Como todos os cidad\u00e3os, as pessoas com defici\u00eancia t\u00eam direito a uma assist\u00eancia integral \u00e0 sa\u00fade e podem receber servi\u00e7os de sa\u00fade do Sistema \u00danico de Sa\u00fade (SUS) quando necessitam de orienta\u00e7\u00e3o ou assist\u00eancia m\u00e9dica. Isto inclui servi\u00e7os b\u00e1sicos de sa\u00fade, como vacina\u00e7\u00e3o, assist\u00eancia m\u00e9dica e dent\u00e1ria, bem como servi\u00e7os de cuidados especializados, como reabilita\u00e7\u00e3o e cuidados hospitalares.<\/p>\n\n\n\n<p>Considerando a defini\u00e7\u00e3o estabelecida na Lei de Inclus\u00e3o (LBI) n\u00ba 13.146 do Brasil, promulgada em julho de 2015, entende-se que a defici\u00eancia \u00e9 causada pela intera\u00e7\u00e3o entre obst\u00e1culos, que s\u00e3o condi\u00e7\u00f5es para atividades e institui\u00e7\u00f5es, e barreiras, que s\u00e3o barreiras para cidades, arquitetura, transporte, comunica\u00e7\u00e3o e informa\u00e7\u00e3o, e vis\u00e3o e informa\u00e7\u00e3o. Assim sendo, a defici\u00eancia \u00e9 entendida como a experi\u00eancia de completa inibi\u00e7\u00e3o e prazer ativo na sociedade em condi\u00e7\u00f5es regulares.<\/p>\n\n\n\n<p>Pol\u00edtica Nacional de Aten\u00e7\u00e3o Integral \u00e0 Sa\u00fade da Pessoa com Defici\u00eancia<\/p>\n\n\n\n<p>Atualizada pela Portaria GM\/MS n\u00ba 1.526, de 11 de outubro de 2023, a nova PNAISPD amplia o acesso \u00e0 aten\u00e7\u00e3o integral no \u00e2mbito do SUS e previne m\u00faltiplos agravos \u00e0 sa\u00fade ao longo da vida. Tem como finalidade contribuir para a autonomia, a qualidade de vida e a inclus\u00e3o social atrav\u00e9s de pol\u00edticas e pr\u00e1ticas nas comunidades.<\/p>\n\n\n\n<p>A tarefa agregada \u00e0 PNAISP insere-se no seguinte contexto:<\/p>\n\n\n\n<p>I &#8211; Melhoria da sa\u00fade em todas as fases da vida, da qualidade de vida e da preven\u00e7\u00e3o da doen\u00e7a, de acordo com as necessidades das pessoas com defici\u00eancia.<\/p>\n\n\n\n<p>II &#8211; Organiza\u00e7\u00e3o dos servi\u00e7os e a\u00e7\u00f5es de sa\u00fade segundo a filosofia da rede de gest\u00e3o em sa\u00fade.<\/p>\n\n\n\n<p>III &#8211; Forma\u00e7\u00e3o, compet\u00eancia e educa\u00e7\u00e3o sustent\u00e1vel em sa\u00fade na perspetiva do modelo social da psicologia.<\/p>\n\n\n\n<p>IV &#8211; Articula\u00e7\u00e3o interdepartamental, intersectorial e interinstitucional.<\/p>\n\n\n\n<p>V &#8211; Pesquisa, produ\u00e7\u00e3o e interpreta\u00e7\u00e3o de informa\u00e7\u00e3o;<\/p>\n\n\n\n<p>VI &#8211; Informa\u00e7\u00e3o e comunica\u00e7\u00e3o em sa\u00fade;<\/p>\n\n\n\n<p>VII &#8211; Dados e sistemas de informa\u00e7\u00e3o em sa\u00fade; e<\/p>\n\n\n\n<p>VIII &#8211; Participa\u00e7\u00e3o Comunit\u00e1ria e Governa\u00e7\u00e3o Comunit\u00e1ria.<\/p>\n\n\n\n<p>O Minist\u00e9rio da Sa\u00fade (MS) \u00e9 respons\u00e1vel por apoiar o desenvolvimento de atividades interinstitucionais, interinstitucionais, interassociativas e internacionais relacionadas com a Pol\u00edtica Nacional de Sa\u00fade para Pessoas com Defici\u00eancia e a Rede de Cuidados Pessoais (RCPD), bem como por coordenar o processo de formula\u00e7\u00e3o, implementa\u00e7\u00e3o, monitoriza\u00e7\u00e3o e avalia\u00e7\u00e3o de pol\u00edticas de sa\u00fade para pessoas com defici\u00eancia que sejam consistentes com os princ\u00edpios t\u00e9cnicos e as pol\u00edticas do governo dos Estados Unidos, bem como com as regulamenta\u00e7\u00f5es estaduais e locais.<\/p>\n\n\n\n<p>A transversalidade \u00e9 essencial para a investiga\u00e7\u00e3o em sa\u00fade humana e cuidados de sa\u00fade, incluindo organiza\u00e7\u00f5es n\u00e3o governamentais e afins, e para o desenvolvimento de pol\u00edticas educativas interdepartamentais e de pol\u00edticas de sa\u00fade para pessoas com defici\u00eancia, incluindo cuidados de sa\u00fade para pessoas com defici\u00eancia.<\/p>\n\n\n\n<p>Reabilita\u00e7\u00e3o<\/p>\n\n\n\n<p>A Reabilita\u00e7\u00e3o inclui uma gama de ferramentas, servi\u00e7os e atividades destinadas a melhorar ou potenciar o funcionamento funcional e social de uma pessoa, e para facilitar e participar na sociedade em condi\u00e7\u00f5es e oportunidades que sejam adequadas \u00e0s suas capacidades, compet\u00eancias e capacidades, entre outras. Tem como objetivo desenvolver compet\u00eancias f\u00edsicas, cognitivas, emocionais, psicossociais, comportamentais, profissionais e art\u00edsticas para contribuir para o sucesso do Canad\u00e1. A reabilita\u00e7\u00e3o\/reabilita\u00e7\u00e3o proporciona uma abordagem interdisciplinar e o envolvimento direto no processo de cuidados dos profissionais, prestadores de cuidados e fam\u00edlias.<\/p>\n\n\n\n<p>Os servi\u00e7os e atividades de reabilita\u00e7\u00e3o podem ser oferecidos em qualquer ponto da rede p\u00fablica de sa\u00fade. No entanto, um centro de reabilita\u00e7\u00e3o profissional (CER) \u00e9 um servi\u00e7o de reabilita\u00e7\u00e3o profissional, tanto sob a forma de servi\u00e7o certificado como sob a forma de servi\u00e7o, e as recomenda\u00e7\u00f5es para estes cursos s\u00e3o concentradas. Estes servi\u00e7os s\u00e3o geralmente baseados na comunidade e adequados para pessoas com defici\u00eancia.<\/p>\n\n\n\n<p>Existem v\u00e1rias categorias para muitos profissionais acad\u00e9micos:<\/p>\n\n\n\n<p>Assistente social;<\/p>\n\n\n\n<p>Cuidador;<\/p>\n\n\n\n<p>Fisioterapeuta;<\/p>\n\n\n\n<p>Terapeuta da Fala;<\/p>\n\n\n\n<p>M\u00e9dico;<\/p>\n\n\n\n<p>Psic\u00f3logo;<\/p>\n\n\n\n<p>Terapeuta ocupacional;<\/p>\n\n\n\n<p>A menos que seja especificado de outra forma<\/p>\n\n\n\n<p>Neste sentido, o Minist\u00e9rio da Sa\u00fade proporcionar\u00e1 o acesso atempado \u00e0 reabilita\u00e7\u00e3o e alargar\u00e1 o \u00e2mbito e os benef\u00edcios dos servi\u00e7os de reabilita\u00e7\u00e3o e da presta\u00e7\u00e3o de servi\u00e7os a n\u00edvel comunit\u00e1rio, a fim de promover uma elevada qualidade de vida e a participa\u00e7\u00e3o social das pessoas com defici\u00eancia.&nbsp;<\/p>\n\n\n\n<p>Uma pessoa com defici\u00eancia \u00e9 aquela que apresenta uma limita\u00e7\u00e3o f\u00edsica, intelectual ou sensorial de m\u00e9dio a longo prazo e, caso apresente uma ou mais defici\u00eancias, poder\u00e1 ser impedida de participar plenamente da sociedade e prosperar em igualdade de condi\u00e7\u00f5es com os demais.<\/p>\n\n\n\n<p>Como todos os cidad\u00e3os, as pessoas com defici\u00eancia t\u00eam direito a uma assist\u00eancia integral \u00e0 sa\u00fade e podem receber servi\u00e7os de sa\u00fade do Sistema \u00danico de Sa\u00fade (SUS) quando necessitam de orienta\u00e7\u00e3o ou assist\u00eancia m\u00e9dica. Isto inclui servi\u00e7os b\u00e1sicos de sa\u00fade, como vacina\u00e7\u00e3o, assist\u00eancia m\u00e9dica e dent\u00e1ria, bem como servi\u00e7os de cuidados especializados, como reabilita\u00e7\u00e3o e cuidados hospitalares.<\/p>\n\n\n\n<p>Considerando a defini\u00e7\u00e3o estabelecida na Lei de Inclus\u00e3o (LBI) n\u00ba 13.146 do Brasil, promulgada em julho de 2015, entende-se que a defici\u00eancia \u00e9 causada pela intera\u00e7\u00e3o entre obst\u00e1culos, que s\u00e3o condi\u00e7\u00f5es para atividades e institui\u00e7\u00f5es, e barreiras, que s\u00e3o barreiras para cidades, arquitetura, transporte, comunica\u00e7\u00e3o e informa\u00e7\u00e3o, e vis\u00e3o e informa\u00e7\u00e3o. Assim sendo, a defici\u00eancia \u00e9 entendida como a experi\u00eancia de completa inibi\u00e7\u00e3o e prazer ativo na sociedade em condi\u00e7\u00f5es regulares.<\/p>\n\n\n\n<p>Pol\u00edtica Nacional de Aten\u00e7\u00e3o Integral \u00e0 Sa\u00fade da Pessoa com Defici\u00eancia<\/p>\n\n\n\n<p>Atualizada pela Portaria GM\/MS n\u00ba 1.526, de 11 de outubro de 2023, a nova PNAISPD amplia o acesso \u00e0 aten\u00e7\u00e3o integral no \u00e2mbito do SUS e previne m\u00faltiplos agravos \u00e0 sa\u00fade ao longo da vida. Tem como finalidade contribuir para a autonomia, a qualidade de vida e a inclus\u00e3o social atrav\u00e9s de pol\u00edticas e pr\u00e1ticas nas comunidades.<\/p>\n\n\n\n<p>A tarefa agregada \u00e0 PNAISP insere-se no seguinte contexto:<\/p>\n\n\n\n<p>I &#8211; Melhoria da sa\u00fade em todas as fases da vida, da qualidade de vida e da preven\u00e7\u00e3o da doen\u00e7a, de acordo com as necessidades das pessoas com defici\u00eancia.<\/p>\n\n\n\n<p>II &#8211; Organiza\u00e7\u00e3o dos servi\u00e7os e a\u00e7\u00f5es de sa\u00fade segundo a filosofia da rede de gest\u00e3o em sa\u00fade.<\/p>\n\n\n\n<p>III &#8211; Forma\u00e7\u00e3o, compet\u00eancia e educa\u00e7\u00e3o sustent\u00e1vel em sa\u00fade na perspetiva do modelo social da psicologia.<\/p>\n\n\n\n<p>IV &#8211; Articula\u00e7\u00e3o interdepartamental, intersectorial e interinstitucional.<\/p>\n\n\n\n<p>V &#8211; Pesquisa, produ\u00e7\u00e3o e interpreta\u00e7\u00e3o de informa\u00e7\u00e3o;<\/p>\n\n\n\n<p>VI &#8211; Informa\u00e7\u00e3o e comunica\u00e7\u00e3o em sa\u00fade;<\/p>\n\n\n\n<p>VII &#8211; Dados e sistemas de informa\u00e7\u00e3o em sa\u00fade; e<\/p>\n\n\n\n<p>VIII &#8211; Participa\u00e7\u00e3o Comunit\u00e1ria e Governa\u00e7\u00e3o Comunit\u00e1ria.<\/p>\n\n\n\n<p>O Minist\u00e9rio da Sa\u00fade (MS) \u00e9 respons\u00e1vel por apoiar o desenvolvimento de atividades interinstitucionais, interinstitucionais, interassociativas e internacionais relacionadas com a Pol\u00edtica Nacional de Sa\u00fade para Pessoas com Defici\u00eancia e a Rede de Cuidados Pessoais (RCPD), bem como por coordenar o processo de formula\u00e7\u00e3o, implementa\u00e7\u00e3o, monitoriza\u00e7\u00e3o e avalia\u00e7\u00e3o de pol\u00edticas de sa\u00fade para pessoas com defici\u00eancia que sejam consistentes com os princ\u00edpios t\u00e9cnicos e as pol\u00edticas do governo dos Estados Unidos, bem como com as regulamenta\u00e7\u00f5es estaduais e locais.<\/p>\n\n\n\n<p>A transversalidade \u00e9 essencial para a investiga\u00e7\u00e3o em sa\u00fade humana e cuidados de sa\u00fade, incluindo organiza\u00e7\u00f5es n\u00e3o governamentais e afins, e para o desenvolvimento de pol\u00edticas educativas interdepartamentais e de pol\u00edticas de sa\u00fade para pessoas com defici\u00eancia, incluindo cuidados de sa\u00fade para pessoas com defici\u00eancia.<\/p>\n\n\n\n<p>Reabilita\u00e7\u00e3o<\/p>\n\n\n\n<p>A Reabilita\u00e7\u00e3o inclui uma gama de ferramentas, servi\u00e7os e atividades destinadas a melhorar ou potenciar o funcionamento funcional e social de uma pessoa, e para facilitar e participar na sociedade em condi\u00e7\u00f5es e oportunidades que sejam adequadas \u00e0s suas capacidades, compet\u00eancias e capacidades, entre outras. Tem como objetivo desenvolver compet\u00eancias f\u00edsicas, cognitivas, emocionais, psicossociais, comportamentais, profissionais e art\u00edsticas para contribuir para o sucesso do Canad\u00e1. A reabilita\u00e7\u00e3o\/reabilita\u00e7\u00e3o proporciona uma abordagem interdisciplinar e o envolvimento direto no processo de cuidados dos profissionais, prestadores de cuidados e fam\u00edlias.<\/p>\n\n\n\n<p>Os servi\u00e7os e atividades de reabilita\u00e7\u00e3o podem ser oferecidos em qualquer ponto da rede p\u00fablica de sa\u00fade. No entanto, um centro de reabilita\u00e7\u00e3o profissional (CER) \u00e9 um servi\u00e7o de reabilita\u00e7\u00e3o profissional, tanto sob a forma de servi\u00e7o certificado como sob a forma de servi\u00e7o, e as recomenda\u00e7\u00f5es para estes cursos s\u00e3o concentradas. Estes servi\u00e7os s\u00e3o geralmente baseados na comunidade e adequados para pessoas com defici\u00eancia.<\/p>\n\n\n\n<p>Existem v\u00e1rias categorias para muitos profissionais acad\u00e9micos:<\/p>\n\n\n\n<p>Assistente social;<\/p>\n\n\n\n<p>Cuidador;<\/p>\n\n\n\n<p>Fisioterapeuta;<\/p>\n\n\n\n<p>Terapeuta da Fala;<\/p>\n\n\n\n<p>M\u00e9dico;<\/p>\n\n\n\n<p>Psic\u00f3logo;<\/p>\n\n\n\n<p>Terapeuta ocupacional;<\/p>\n\n\n\n<p>A menos que seja especificado de outra forma<\/p>\n\n\n\n<p>Neste sentido, o Minist\u00e9rio da Sa\u00fade proporcionar\u00e1 o acesso atempado \u00e0 reabilita\u00e7\u00e3o e alargar\u00e1 o \u00e2mbito e os benef\u00edcios dos servi\u00e7os de reabilita\u00e7\u00e3o e da presta\u00e7\u00e3o de servi\u00e7os a n\u00edvel comunit\u00e1rio, a fim de promover uma elevada qualidade de vida e a participa\u00e7\u00e3o social das pessoas com defici\u00eancia.&nbsp;<\/p>\n\n\n\n<p>Todas as informa\u00e7\u00f5es constam no portal gov.br<\/p>\n","protected":false},"excerpt":{"rendered":"<p>Uma pessoa com defici\u00eancia \u00e9 aquela que apresenta uma limita\u00e7\u00e3o f\u00edsica, intelectual ou sensorial de m\u00e9dio a longo prazo e, caso apresente uma ou mais defici\u00eancias, poder\u00e1 ser impedida de participar plenamente da sociedade e prosperar em igualdade de condi\u00e7\u00f5es com os demais. Como todos os cidad\u00e3os, as pessoas com defici\u00eancia t\u00eam direito a uma<\/p>\n","protected":false},"author":2,"featured_media":6783,"comment_status":"open","ping_status":"open","sticky":false,"template":"","format":"standard","meta":{"_jetpack_memberships_contains_paid_content":false,"footnotes":""},"categories":[38,43],"tags":[],"class_list":["post-6784","post","type-post","status-publish","format-standard","has-post-thumbnail","hentry","category-brasil","category-saude"],"yoast_head":"<!-- This site is optimized with the Yoast SEO plugin v27.5 - https:\/\/yoast.com\/product\/yoast-seo-wordpress\/ -->\n<title>Direitos das Pessoas com Defici\u00eancia&nbsp; - Autoria - Thiago Gomes Gon\u00e7alves Peres Lima - REG 0022106\/MG<\/title>\n<meta name=\"robots\" content=\"index, follow, max-snippet:-1, max-image-preview:large, max-video-preview:-1\" \/>\n<link rel=\"canonical\" href=\"https:\/\/newsofthelight.com.br\/?p=6784\" \/>\n<meta property=\"og:locale\" content=\"pt_BR\" \/>\n<meta property=\"og:type\" content=\"article\" \/>\n<meta property=\"og:title\" content=\"Direitos das Pessoas com Defici\u00eancia&nbsp; - Autoria - Thiago Gomes Gon\u00e7alves Peres Lima - REG 0022106\/MG\" \/>\n<meta property=\"og:description\" content=\"Uma pessoa com defici\u00eancia \u00e9 aquela que apresenta uma limita\u00e7\u00e3o f\u00edsica, intelectual ou sensorial de m\u00e9dio a longo prazo e, caso apresente uma ou mais defici\u00eancias, poder\u00e1 ser impedida de participar plenamente da sociedade e prosperar em igualdade de condi\u00e7\u00f5es com os demais. Como todos os cidad\u00e3os, as pessoas com defici\u00eancia t\u00eam direito a uma\" \/>\n<meta property=\"og:url\" content=\"https:\/\/newsofthelight.com.br\/?p=6784\" \/>\n<meta property=\"og:site_name\" content=\"Autoria - Thiago Gomes Gon\u00e7alves Peres Lima - REG 0022106\/MG\" \/>\n<meta property=\"article:published_time\" content=\"2025-05-28T16:07:47+00:00\" \/>\n<meta property=\"og:image\" content=\"https:\/\/newsofthelight.com.br\/wp-content\/uploads\/2025\/05\/img_0159-1.png\" \/>\n\t<meta property=\"og:image:width\" content=\"1024\" \/>\n\t<meta property=\"og:image:height\" content=\"1024\" \/>\n\t<meta property=\"og:image:type\" content=\"image\/png\" \/>\n<meta name=\"author\" content=\"Thiago Peres\" \/>\n<meta name=\"twitter:card\" content=\"summary_large_image\" \/>\n<meta name=\"twitter:label1\" content=\"Escrito por\" \/>\n\t<meta name=\"twitter:data1\" content=\"Thiago Peres\" \/>\n\t<meta name=\"twitter:label2\" content=\"Est. tempo de leitura\" \/>\n\t<meta name=\"twitter:data2\" content=\"8 minutos\" \/>\n<script type=\"application\/ld+json\" class=\"yoast-schema-graph\">{\"@context\":\"https:\\\/\\\/schema.org\",\"@graph\":[{\"@type\":\"Article\",\"@id\":\"https:\\\/\\\/newsofthelight.com.br\\\/?p=6784#article\",\"isPartOf\":{\"@id\":\"https:\\\/\\\/newsofthelight.com.br\\\/?p=6784\"},\"author\":{\"name\":\"Thiago Peres\",\"@id\":\"https:\\\/\\\/newsofthelight.com.br\\\/#\\\/schema\\\/person\\\/d4878034586ca0e04c11eac65b2f76f2\"},\"headline\":\"Direitos das Pessoas com Defici\u00eancia&nbsp;\",\"datePublished\":\"2025-05-28T16:07:47+00:00\",\"mainEntityOfPage\":{\"@id\":\"https:\\\/\\\/newsofthelight.com.br\\\/?p=6784\"},\"wordCount\":1692,\"commentCount\":0,\"publisher\":{\"@id\":\"https:\\\/\\\/newsofthelight.com.br\\\/#organization\"},\"image\":{\"@id\":\"https:\\\/\\\/newsofthelight.com.br\\\/?p=6784#primaryimage\"},\"thumbnailUrl\":\"https:\\\/\\\/newsofthelight.com.br\\\/wp-content\\\/uploads\\\/2025\\\/05\\\/img_0159-1.png\",\"articleSection\":[\"Brasil\",\"Sa\u00fade\"],\"inLanguage\":\"pt-BR\",\"potentialAction\":[{\"@type\":\"CommentAction\",\"name\":\"Comment\",\"target\":[\"https:\\\/\\\/newsofthelight.com.br\\\/?p=6784#respond\"]}]},{\"@type\":\"WebPage\",\"@id\":\"https:\\\/\\\/newsofthelight.com.br\\\/?p=6784\",\"url\":\"https:\\\/\\\/newsofthelight.com.br\\\/?p=6784\",\"name\":\"Direitos das Pessoas com Defici\u00eancia&nbsp; - Autoria - Thiago Gomes Gon\u00e7alves Peres Lima - REG 0022106\\\/MG\",\"isPartOf\":{\"@id\":\"https:\\\/\\\/newsofthelight.com.br\\\/#website\"},\"primaryImageOfPage\":{\"@id\":\"https:\\\/\\\/newsofthelight.com.br\\\/?p=6784#primaryimage\"},\"image\":{\"@id\":\"https:\\\/\\\/newsofthelight.com.br\\\/?p=6784#primaryimage\"},\"thumbnailUrl\":\"https:\\\/\\\/newsofthelight.com.br\\\/wp-content\\\/uploads\\\/2025\\\/05\\\/img_0159-1.png\",\"datePublished\":\"2025-05-28T16:07:47+00:00\",\"breadcrumb\":{\"@id\":\"https:\\\/\\\/newsofthelight.com.br\\\/?p=6784#breadcrumb\"},\"inLanguage\":\"pt-BR\",\"potentialAction\":[{\"@type\":\"ReadAction\",\"target\":[\"https:\\\/\\\/newsofthelight.com.br\\\/?p=6784\"]}]},{\"@type\":\"ImageObject\",\"inLanguage\":\"pt-BR\",\"@id\":\"https:\\\/\\\/newsofthelight.com.br\\\/?p=6784#primaryimage\",\"url\":\"https:\\\/\\\/newsofthelight.com.br\\\/wp-content\\\/uploads\\\/2025\\\/05\\\/img_0159-1.png\",\"contentUrl\":\"https:\\\/\\\/newsofthelight.com.br\\\/wp-content\\\/uploads\\\/2025\\\/05\\\/img_0159-1.png\",\"width\":1024,\"height\":1024},{\"@type\":\"BreadcrumbList\",\"@id\":\"https:\\\/\\\/newsofthelight.com.br\\\/?p=6784#breadcrumb\",\"itemListElement\":[{\"@type\":\"ListItem\",\"position\":1,\"name\":\"In\u00edcio\",\"item\":\"https:\\\/\\\/newsofthelight.com.br\\\/\"},{\"@type\":\"ListItem\",\"position\":2,\"name\":\"Direitos das Pessoas com Defici\u00eancia&nbsp;\"}]},{\"@type\":\"WebSite\",\"@id\":\"https:\\\/\\\/newsofthelight.com.br\\\/#website\",\"url\":\"https:\\\/\\\/newsofthelight.com.br\\\/\",\"name\":\"Autoria - Thiago Gomes Gon\u00e7alves Peres Lima - REG 0022106\\\/MG\",\"description\":\"Noticias na velocidade da luz\",\"publisher\":{\"@id\":\"https:\\\/\\\/newsofthelight.com.br\\\/#organization\"},\"potentialAction\":[{\"@type\":\"SearchAction\",\"target\":{\"@type\":\"EntryPoint\",\"urlTemplate\":\"https:\\\/\\\/newsofthelight.com.br\\\/?s={search_term_string}\"},\"query-input\":{\"@type\":\"PropertyValueSpecification\",\"valueRequired\":true,\"valueName\":\"search_term_string\"}}],\"inLanguage\":\"pt-BR\"},{\"@type\":\"Organization\",\"@id\":\"https:\\\/\\\/newsofthelight.com.br\\\/#organization\",\"name\":\"Autoria - Thiago Gomes Gon\u00e7alves Peres Lima - REG 0022106\\\/MG\",\"url\":\"https:\\\/\\\/newsofthelight.com.br\\\/\",\"logo\":{\"@type\":\"ImageObject\",\"inLanguage\":\"pt-BR\",\"@id\":\"https:\\\/\\\/newsofthelight.com.br\\\/#\\\/schema\\\/logo\\\/image\\\/\",\"url\":\"https:\\\/\\\/newsofthelight.com.br\\\/wp-content\\\/uploads\\\/2025\\\/06\\\/cropped-IMG_0217.png\",\"contentUrl\":\"https:\\\/\\\/newsofthelight.com.br\\\/wp-content\\\/uploads\\\/2025\\\/06\\\/cropped-IMG_0217.png\",\"width\":1177,\"height\":662,\"caption\":\"Autoria - Thiago Gomes Gon\u00e7alves Peres Lima - REG 0022106\\\/MG\"},\"image\":{\"@id\":\"https:\\\/\\\/newsofthelight.com.br\\\/#\\\/schema\\\/logo\\\/image\\\/\"},\"sameAs\":[\"https:\\\/\\\/www.instagram.com\\\/news_of_the_light_?igsh=b3Fwb2psamJzaXds\"]},{\"@type\":\"Person\",\"@id\":\"https:\\\/\\\/newsofthelight.com.br\\\/#\\\/schema\\\/person\\\/d4878034586ca0e04c11eac65b2f76f2\",\"name\":\"Thiago Peres\",\"image\":{\"@type\":\"ImageObject\",\"inLanguage\":\"pt-BR\",\"@id\":\"https:\\\/\\\/secure.gravatar.com\\\/avatar\\\/21d66f46d21d113e9d3dba092a500e64563ed2ed2c77db814dfc7be6345e3815?s=96&d=mm&r=g\",\"url\":\"https:\\\/\\\/secure.gravatar.com\\\/avatar\\\/21d66f46d21d113e9d3dba092a500e64563ed2ed2c77db814dfc7be6345e3815?s=96&d=mm&r=g\",\"contentUrl\":\"https:\\\/\\\/secure.gravatar.com\\\/avatar\\\/21d66f46d21d113e9d3dba092a500e64563ed2ed2c77db814dfc7be6345e3815?s=96&d=mm&r=g\",\"caption\":\"Thiago Peres\"},\"sameAs\":[\"http:\\\/\\\/newsofthelight.com.br\"],\"url\":\"https:\\\/\\\/newsofthelight.com.br\\\/?author=2\"}]}<\/script>\n<!-- \/ Yoast SEO plugin. -->","yoast_head_json":{"title":"Direitos das Pessoas com Defici\u00eancia&nbsp; - Autoria - Thiago Gomes Gon\u00e7alves Peres Lima - REG 0022106\/MG","robots":{"index":"index","follow":"follow","max-snippet":"max-snippet:-1","max-image-preview":"max-image-preview:large","max-video-preview":"max-video-preview:-1"},"canonical":"https:\/\/newsofthelight.com.br\/?p=6784","og_locale":"pt_BR","og_type":"article","og_title":"Direitos das Pessoas com Defici\u00eancia&nbsp; - Autoria - Thiago Gomes Gon\u00e7alves Peres Lima - REG 0022106\/MG","og_description":"Uma pessoa com defici\u00eancia \u00e9 aquela que apresenta uma limita\u00e7\u00e3o f\u00edsica, intelectual ou sensorial de m\u00e9dio a longo prazo e, caso apresente uma ou mais defici\u00eancias, poder\u00e1 ser impedida de participar plenamente da sociedade e prosperar em igualdade de condi\u00e7\u00f5es com os demais. Como todos os cidad\u00e3os, as pessoas com defici\u00eancia t\u00eam direito a uma","og_url":"https:\/\/newsofthelight.com.br\/?p=6784","og_site_name":"Autoria - Thiago Gomes Gon\u00e7alves Peres Lima - REG 0022106\/MG","article_published_time":"2025-05-28T16:07:47+00:00","og_image":[{"width":1024,"height":1024,"url":"https:\/\/newsofthelight.com.br\/wp-content\/uploads\/2025\/05\/img_0159-1.png","type":"image\/png"}],"author":"Thiago Peres","twitter_card":"summary_large_image","twitter_misc":{"Escrito por":"Thiago Peres","Est. tempo de leitura":"8 minutos"},"schema":{"@context":"https:\/\/schema.org","@graph":[{"@type":"Article","@id":"https:\/\/newsofthelight.com.br\/?p=6784#article","isPartOf":{"@id":"https:\/\/newsofthelight.com.br\/?p=6784"},"author":{"name":"Thiago Peres","@id":"https:\/\/newsofthelight.com.br\/#\/schema\/person\/d4878034586ca0e04c11eac65b2f76f2"},"headline":"Direitos das Pessoas com Defici\u00eancia&nbsp;","datePublished":"2025-05-28T16:07:47+00:00","mainEntityOfPage":{"@id":"https:\/\/newsofthelight.com.br\/?p=6784"},"wordCount":1692,"commentCount":0,"publisher":{"@id":"https:\/\/newsofthelight.com.br\/#organization"},"image":{"@id":"https:\/\/newsofthelight.com.br\/?p=6784#primaryimage"},"thumbnailUrl":"https:\/\/newsofthelight.com.br\/wp-content\/uploads\/2025\/05\/img_0159-1.png","articleSection":["Brasil","Sa\u00fade"],"inLanguage":"pt-BR","potentialAction":[{"@type":"CommentAction","name":"Comment","target":["https:\/\/newsofthelight.com.br\/?p=6784#respond"]}]},{"@type":"WebPage","@id":"https:\/\/newsofthelight.com.br\/?p=6784","url":"https:\/\/newsofthelight.com.br\/?p=6784","name":"Direitos das Pessoas com Defici\u00eancia&nbsp; - Autoria - Thiago Gomes Gon\u00e7alves Peres Lima - REG 0022106\/MG","isPartOf":{"@id":"https:\/\/newsofthelight.com.br\/#website"},"primaryImageOfPage":{"@id":"https:\/\/newsofthelight.com.br\/?p=6784#primaryimage"},"image":{"@id":"https:\/\/newsofthelight.com.br\/?p=6784#primaryimage"},"thumbnailUrl":"https:\/\/newsofthelight.com.br\/wp-content\/uploads\/2025\/05\/img_0159-1.png","datePublished":"2025-05-28T16:07:47+00:00","breadcrumb":{"@id":"https:\/\/newsofthelight.com.br\/?p=6784#breadcrumb"},"inLanguage":"pt-BR","potentialAction":[{"@type":"ReadAction","target":["https:\/\/newsofthelight.com.br\/?p=6784"]}]},{"@type":"ImageObject","inLanguage":"pt-BR","@id":"https:\/\/newsofthelight.com.br\/?p=6784#primaryimage","url":"https:\/\/newsofthelight.com.br\/wp-content\/uploads\/2025\/05\/img_0159-1.png","contentUrl":"https:\/\/newsofthelight.com.br\/wp-content\/uploads\/2025\/05\/img_0159-1.png","width":1024,"height":1024},{"@type":"BreadcrumbList","@id":"https:\/\/newsofthelight.com.br\/?p=6784#breadcrumb","itemListElement":[{"@type":"ListItem","position":1,"name":"In\u00edcio","item":"https:\/\/newsofthelight.com.br\/"},{"@type":"ListItem","position":2,"name":"Direitos das Pessoas com Defici\u00eancia&nbsp;"}]},{"@type":"WebSite","@id":"https:\/\/newsofthelight.com.br\/#website","url":"https:\/\/newsofthelight.com.br\/","name":"Autoria - Thiago Gomes Gon\u00e7alves Peres Lima - REG 0022106\/MG","description":"Noticias na velocidade da luz","publisher":{"@id":"https:\/\/newsofthelight.com.br\/#organization"},"potentialAction":[{"@type":"SearchAction","target":{"@type":"EntryPoint","urlTemplate":"https:\/\/newsofthelight.com.br\/?s={search_term_string}"},"query-input":{"@type":"PropertyValueSpecification","valueRequired":true,"valueName":"search_term_string"}}],"inLanguage":"pt-BR"},{"@type":"Organization","@id":"https:\/\/newsofthelight.com.br\/#organization","name":"Autoria - Thiago Gomes Gon\u00e7alves Peres Lima - REG 0022106\/MG","url":"https:\/\/newsofthelight.com.br\/","logo":{"@type":"ImageObject","inLanguage":"pt-BR","@id":"https:\/\/newsofthelight.com.br\/#\/schema\/logo\/image\/","url":"https:\/\/newsofthelight.com.br\/wp-content\/uploads\/2025\/06\/cropped-IMG_0217.png","contentUrl":"https:\/\/newsofthelight.com.br\/wp-content\/uploads\/2025\/06\/cropped-IMG_0217.png","width":1177,"height":662,"caption":"Autoria - Thiago Gomes Gon\u00e7alves Peres Lima - REG 0022106\/MG"},"image":{"@id":"https:\/\/newsofthelight.com.br\/#\/schema\/logo\/image\/"},"sameAs":["https:\/\/www.instagram.com\/news_of_the_light_?igsh=b3Fwb2psamJzaXds"]},{"@type":"Person","@id":"https:\/\/newsofthelight.com.br\/#\/schema\/person\/d4878034586ca0e04c11eac65b2f76f2","name":"Thiago Peres","image":{"@type":"ImageObject","inLanguage":"pt-BR","@id":"https:\/\/secure.gravatar.com\/avatar\/21d66f46d21d113e9d3dba092a500e64563ed2ed2c77db814dfc7be6345e3815?s=96&d=mm&r=g","url":"https:\/\/secure.gravatar.com\/avatar\/21d66f46d21d113e9d3dba092a500e64563ed2ed2c77db814dfc7be6345e3815?s=96&d=mm&r=g","contentUrl":"https:\/\/secure.gravatar.com\/avatar\/21d66f46d21d113e9d3dba092a500e64563ed2ed2c77db814dfc7be6345e3815?s=96&d=mm&r=g","caption":"Thiago Peres"},"sameAs":["http:\/\/newsofthelight.com.br"],"url":"https:\/\/newsofthelight.com.br\/?author=2"}]}},"jetpack_featured_media_url":"https:\/\/newsofthelight.com.br\/wp-content\/uploads\/2025\/05\/img_0159-1.png","jetpack_sharing_enabled":true,"jetpack-related-posts":[{"id":7506,"url":"https:\/\/newsofthelight.com.br\/?p=7506","url_meta":{"origin":6784,"position":0},"title":"\u201cFoi dif\u00edcil me entender como pessoa com defici\u00eancia\u201d, diz estudante de medicina que ficou paral\u00edtica ap\u00f3s um homem cair de costas","author":"Thiago Peres","date":"26 de julho de 2025","format":false,"excerpt":"Foto: Grace Spence Green Fonte: Alicia Canter Uma estudante de medicina ficou parapl\u00e9gica em 2018 depois de ser atingida por um homem suicida que pulou de uma altura de 40 metros de um andar no shopping e caiu sobre ela. Grace Spence Green sobreviveu, mas teve uma sequela permanente em\u2026","rel":"","context":"Em &quot;Mundo&quot;","block_context":{"text":"Mundo","link":"https:\/\/newsofthelight.com.br\/?cat=39"},"img":{"alt_text":"","src":"https:\/\/i0.wp.com\/newsofthelight.com.br\/wp-content\/uploads\/2025\/07\/img_0724.jpg?resize=350%2C200&ssl=1","width":350,"height":200,"srcset":"https:\/\/i0.wp.com\/newsofthelight.com.br\/wp-content\/uploads\/2025\/07\/img_0724.jpg?resize=350%2C200&ssl=1 1x, https:\/\/i0.wp.com\/newsofthelight.com.br\/wp-content\/uploads\/2025\/07\/img_0724.jpg?resize=525%2C300&ssl=1 1.5x, https:\/\/i0.wp.com\/newsofthelight.com.br\/wp-content\/uploads\/2025\/07\/img_0724.jpg?resize=700%2C400&ssl=1 2x"},"classes":[]},{"id":6900,"url":"https:\/\/newsofthelight.com.br\/?p=6900","url_meta":{"origin":6784,"position":1},"title":"O cart\u00e3o Travessia fornecer\u00e1 um aplicativo de R$500 em transporte para PCDs e dificuldades de mobilidade; descubra quem pode se registrar","author":"Thiago Peres","date":"3 de junho de 2025","format":false,"excerpt":"Travessia tem uma frota de carga adaptativa e regular que atende 46 munic\u00edpios em Maranh\u00e3o. - Foto: Governo P\u00fablico\/Maranh\u00e3o A transfer\u00eancia para o cart\u00e3o Travessia est\u00e1 aberta, uma nova metodologia do programa Travessia que garantir\u00e1 300 pessoas na Grande S\u00e3o Lu\u00eds com um empr\u00e9stimo privado de 500 reais para aplica\u00e7\u00f5es\u2026","rel":"","context":"Em &quot;Munic\u00edpios&quot;","block_context":{"text":"Munic\u00edpios","link":"https:\/\/newsofthelight.com.br\/?cat=41"},"img":{"alt_text":"","src":"https:\/\/i0.wp.com\/newsofthelight.com.br\/wp-content\/uploads\/2025\/06\/img_0218.jpg?resize=350%2C200&ssl=1","width":350,"height":200,"srcset":"https:\/\/i0.wp.com\/newsofthelight.com.br\/wp-content\/uploads\/2025\/06\/img_0218.jpg?resize=350%2C200&ssl=1 1x, https:\/\/i0.wp.com\/newsofthelight.com.br\/wp-content\/uploads\/2025\/06\/img_0218.jpg?resize=525%2C300&ssl=1 1.5x, https:\/\/i0.wp.com\/newsofthelight.com.br\/wp-content\/uploads\/2025\/06\/img_0218.jpg?resize=700%2C400&ssl=1 2x"},"classes":[]},{"id":7442,"url":"https:\/\/newsofthelight.com.br\/?p=7442","url_meta":{"origin":6784,"position":2},"title":"Comiss\u00e3o dos Direitos Humanos aprova isen\u00e7\u00e3o fiscal para os dispositivos de acessibilidade","author":"Thiago Peres","date":"15 de julho de 2025","format":false,"excerpt":"Foto: Duarte J\u00fanior Fonte: Pinterest O Comit\u00ea da C\u00e2mara para a Prote\u00e7\u00e3o dos Direitos das Pessoas com Defici\u00eancia aprovou o Projeto de Lei 1487\/25, que isenta de impostos a produ\u00e7\u00e3o e importa\u00e7\u00e3o de equipamentos e dispositivos de acessibilidade para pessoas com defici\u00eancia. De acordo com a comiss\u00e3o, cadeiras de rodas,\u2026","rel":"","context":"Em &quot;Pol\u00edtica&quot;","block_context":{"text":"Pol\u00edtica","link":"https:\/\/newsofthelight.com.br\/?cat=36"},"img":{"alt_text":"","src":"https:\/\/i0.wp.com\/newsofthelight.com.br\/wp-content\/uploads\/2025\/07\/img_0644-1.jpg?resize=350%2C200&ssl=1","width":350,"height":200,"srcset":"https:\/\/i0.wp.com\/newsofthelight.com.br\/wp-content\/uploads\/2025\/07\/img_0644-1.jpg?resize=350%2C200&ssl=1 1x, https:\/\/i0.wp.com\/newsofthelight.com.br\/wp-content\/uploads\/2025\/07\/img_0644-1.jpg?resize=525%2C300&ssl=1 1.5x"},"classes":[]},{"id":4222,"url":"https:\/\/newsofthelight.com.br\/?p=4222","url_meta":{"origin":6784,"position":3},"title":"Presidente Lula faz falas capacitistas e \u00e9 criticado","author":"Thiago Peres","date":"7 de maio de 2023","format":false,"excerpt":"O presidente Luiz In\u00e1cio Lula da Silva (PT) gerou pol\u00eamica ao fazer coment\u00e1rios ofensivos e estigmatizantes sobre pessoas com defici\u00eancia intelectual durante uma reuni\u00e3o em Bras\u00edlia. Ao discutir a viol\u00eancia nas escolas, o presidente afirmou que pessoas com defici\u00eancia intelectual t\u00eam um \"desequil\u00edbrio de parafuso\" (SIC) e que isso poderia\u2026","rel":"","context":"Em &quot;Brasil&quot;","block_context":{"text":"Brasil","link":"https:\/\/newsofthelight.com.br\/?cat=38"},"img":{"alt_text":"","src":"https:\/\/i0.wp.com\/newsofthelight.com.br\/wp-content\/uploads\/2023\/05\/IMG_4150.jpeg?resize=350%2C200&ssl=1","width":350,"height":200,"srcset":"https:\/\/i0.wp.com\/newsofthelight.com.br\/wp-content\/uploads\/2023\/05\/IMG_4150.jpeg?resize=350%2C200&ssl=1 1x, https:\/\/i0.wp.com\/newsofthelight.com.br\/wp-content\/uploads\/2023\/05\/IMG_4150.jpeg?resize=525%2C300&ssl=1 1.5x, https:\/\/i0.wp.com\/newsofthelight.com.br\/wp-content\/uploads\/2023\/05\/IMG_4150.jpeg?resize=700%2C400&ssl=1 2x"},"classes":[]},{"id":6743,"url":"https:\/\/newsofthelight.com.br\/?p=6743","url_meta":{"origin":6784,"position":4},"title":"Lei Ivan Baron: C\u00e2mara de Natal aprova projeto destinado a formular pol\u00edticas anticapacitistas e a batiza com o nome do influenciador&nbsp;","author":"Thiago Peres","date":"25 de maio de 2025","format":false,"excerpt":"A personalidade da Internet\u00a0 e ativista potiguar, Ivan Baron, trabalha na rede social para defender causas como inclus\u00e3o e anticapacitismo na sociedade. Ivan Bar\u00f3n \u00e9 um ativista e influenciador de 26 anos do Rio Grande do Norte que trabalha nas redes sociais desde 2018, defendendo causas como a inclus\u00e3o e\u2026","rel":"","context":"Em &quot;Pol\u00edtica&quot;","block_context":{"text":"Pol\u00edtica","link":"https:\/\/newsofthelight.com.br\/?cat=36"},"img":{"alt_text":"","src":"https:\/\/i0.wp.com\/newsofthelight.com.br\/wp-content\/uploads\/2025\/05\/img_0137-1.jpg?resize=350%2C200&ssl=1","width":350,"height":200,"srcset":"https:\/\/i0.wp.com\/newsofthelight.com.br\/wp-content\/uploads\/2025\/05\/img_0137-1.jpg?resize=350%2C200&ssl=1 1x, https:\/\/i0.wp.com\/newsofthelight.com.br\/wp-content\/uploads\/2025\/05\/img_0137-1.jpg?resize=525%2C300&ssl=1 1.5x, https:\/\/i0.wp.com\/newsofthelight.com.br\/wp-content\/uploads\/2025\/05\/img_0137-1.jpg?resize=700%2C400&ssl=1 2x, https:\/\/i0.wp.com\/newsofthelight.com.br\/wp-content\/uploads\/2025\/05\/img_0137-1.jpg?resize=1050%2C600&ssl=1 3x"},"classes":[]},{"id":6866,"url":"https:\/\/newsofthelight.com.br\/?p=6866","url_meta":{"origin":6784,"position":5},"title":"Os instrumentos que garantem a autonomia das pessoas com defici\u00eancia nos servi\u00e7os financeiros digitais aplicam-se apenas a 35 das 700 organiza\u00e7\u00f5es envolvidas","author":"Thiago Peres","date":"2 de junho de 2025","format":false,"excerpt":"A falta de autonomia no acesso a sites e aplicativos afetar\u00e1 a gest\u00e3o financeira do PCD (Leandro Fonseca\/Exame) De acordo com um estudo da NTT Data, um consultor na \u00e1rea de tecnologia da informa\u00e7\u00e3o, o acesso \u00e0 m\u00eddia digital \u00e9 um t\u00f3pico que ainda n\u00e3o recebeu muita considera\u00e7\u00e3o no campo\u2026","rel":"","context":"Em &quot;Economia&quot;","block_context":{"text":"Economia","link":"https:\/\/newsofthelight.com.br\/?cat=40"},"img":{"alt_text":"","src":"https:\/\/i0.wp.com\/newsofthelight.com.br\/wp-content\/uploads\/2025\/06\/img_0194.jpg?resize=350%2C200&ssl=1","width":350,"height":200,"srcset":"https:\/\/i0.wp.com\/newsofthelight.com.br\/wp-content\/uploads\/2025\/06\/img_0194.jpg?resize=350%2C200&ssl=1 1x, https:\/\/i0.wp.com\/newsofthelight.com.br\/wp-content\/uploads\/2025\/06\/img_0194.jpg?resize=525%2C300&ssl=1 1.5x, https:\/\/i0.wp.com\/newsofthelight.com.br\/wp-content\/uploads\/2025\/06\/img_0194.jpg?resize=700%2C400&ssl=1 2x, https:\/\/i0.wp.com\/newsofthelight.com.br\/wp-content\/uploads\/2025\/06\/img_0194.jpg?resize=1050%2C600&ssl=1 3x"},"classes":[]}],"jetpack_shortlink":"https:\/\/wp.me\/peltaF-1Lq","_links":{"self":[{"href":"https:\/\/newsofthelight.com.br\/index.php?rest_route=\/wp\/v2\/posts\/6784","targetHints":{"allow":["GET"]}}],"collection":[{"href":"https:\/\/newsofthelight.com.br\/index.php?rest_route=\/wp\/v2\/posts"}],"about":[{"href":"https:\/\/newsofthelight.com.br\/index.php?rest_route=\/wp\/v2\/types\/post"}],"author":[{"embeddable":true,"href":"https:\/\/newsofthelight.com.br\/index.php?rest_route=\/wp\/v2\/users\/2"}],"replies":[{"embeddable":true,"href":"https:\/\/newsofthelight.com.br\/index.php?rest_route=%2Fwp%2Fv2%2Fcomments&post=6784"}],"version-history":[{"count":0,"href":"https:\/\/newsofthelight.com.br\/index.php?rest_route=\/wp\/v2\/posts\/6784\/revisions"}],"wp:featuredmedia":[{"embeddable":true,"href":"https:\/\/newsofthelight.com.br\/index.php?rest_route=\/wp\/v2\/media\/6783"}],"wp:attachment":[{"href":"https:\/\/newsofthelight.com.br\/index.php?rest_route=%2Fwp%2Fv2%2Fmedia&parent=6784"}],"wp:term":[{"taxonomy":"category","embeddable":true,"href":"https:\/\/newsofthelight.com.br\/index.php?rest_route=%2Fwp%2Fv2%2Fcategories&post=6784"},{"taxonomy":"post_tag","embeddable":true,"href":"https:\/\/newsofthelight.com.br\/index.php?rest_route=%2Fwp%2Fv2%2Ftags&post=6784"}],"curies":[{"name":"wp","href":"https:\/\/api.w.org\/{rel}","templated":true}]}}