{"id":6615,"date":"2024-11-13T11:34:22","date_gmt":"2024-11-13T14:34:22","guid":{"rendered":"https:\/\/newsofthelight.com.br\/?p=6615"},"modified":"2024-11-13T11:34:22","modified_gmt":"2024-11-13T14:34:22","slug":"o-pec-para-o-final-da-viagem-6x1-reune-mais-de-171-assinaturas-e-pode-ser-apresentado-a-camara","status":"publish","type":"post","link":"https:\/\/newsofthelight.com.br\/?p=6615","title":{"rendered":"O PEC para o final da viagem 6\u00d71 re\u00fane mais de 171 assinaturas e pode ser apresentado \u00e0 C\u00e2mara"},"content":{"rendered":"\n<p>A Proposta de Emenda \u00e0 Constitui\u00e7\u00e3o que prev\u00ea o fim da escala 6&#215;1 atingiu o qu\u00f3rum necess\u00e1rio para iniciar a tramita\u00e7\u00e3o na C\u00e2mara. A autora do projeto \u00e9 a deputada federal Erika Hilton (PSOL-SP), que formalizou uma iniciativa do Movimento Vida Al\u00e9m do Trabalho (IVA), do vereador eleito no Rio Rick Azevedo (PSOL). Segundo o jornalista Juliano Galisi, do jornal Estad\u00e3o, o texto conta com 194 assinaturas no sistema interno da C\u00e2mara na madrugada desta quarta-feira, 13. Para a apresenta\u00e7\u00e3o da PEC eram necess\u00e1rios pelo menos 171 signat\u00e1rios.<\/p>\n\n\n\n<p>&nbsp;Depois de apresentada, a PEC come\u00e7ar\u00e1 a ser discutida na Comiss\u00e3o de Constitui\u00e7\u00e3o, Justi\u00e7a e Cidadania da C\u00e2mara. No colegiado ser\u00e1 nomeado um orador do texto, que poder\u00e1 modificar o projeto por meio de substitutivo, al\u00e9m de acatar sugest\u00f5es de outros deputados federais. Aprovada na Comiss\u00e3o de Constitui\u00e7\u00e3o e Justi\u00e7a, a proposta seguir\u00e1 para uma comiss\u00e3o especial para aprecia\u00e7\u00e3o. Somente ap\u00f3s esse procedimento o texto poder\u00e1 ser debatido em plen\u00e1rio.<\/p>\n\n\n\n<p>Uma vez apresentado, o PIC iniciar\u00e1 a discuss\u00e3o na Comiss\u00e3o de Constitui\u00e7\u00e3o, Justi\u00e7a e Cidadania da C\u00e2mara. A Comiss\u00e3o nomear\u00e1 um correspondente para o texto, que poder\u00e1 analisar o projeto por meio de alternativas, al\u00e9m de aceitar propostas de outros deputados federais.<\/p>\n\n\n\n<p>Ap\u00f3s aprova\u00e7\u00e3o pela Comiss\u00e3o de Constitui\u00e7\u00e3o e Judici\u00e1rio, a proposta ser\u00e1 submetida \u00e0 aprecia\u00e7\u00e3o da Comiss\u00e3o Especial. Somente ap\u00f3s esse processo o texto poder\u00e1 ser discutido em plen\u00e1rio.<\/p>\n\n\n\n<p>No entanto, a inclus\u00e3o do texto na ordem do dia de vota\u00e7\u00e3o n\u00e3o \u00e9 imediata e depende, na verdade, de acordo entre o grupo de lideran\u00e7a da C\u00e2mara, que \u00e9 formado pelos l\u00edderes das atribui\u00e7\u00f5es e grupos parlamentares como o Grupo do Governo e o Grupo Parlamentar. Por isso, a deputada Erika Hilton disse daqui para frente que discutir\u00e1 a medida com l\u00edderes parlamentares, como o presidente da C\u00e2mara, Arthur Lira.<\/p>\n\n\n\n<p>A congressista disse que os resultados do projeto fornecem uma estimativa importante para a transi\u00e7\u00e3o para o modelo de 4 dias \u00fateis, no qual, devido \u00e0 ado\u00e7\u00e3o de uma estrat\u00e9gia organizacional funcional no modelo corporativo, uma diminui\u00e7\u00e3o dos funcion\u00e1rios e um aumento na produtividade pode ser observado.<\/p>\n\n\n<blockquote class=\"twitter-tweet\">\n<p lang=\"pt\" dir=\"ltr\">Estamos na ofensiva. <\/p>\n<p>Mas a nossa luta apenas come\u00e7ou. Ao atingirmos o n\u00famero de assinaturas, \u00e9 apenas o in\u00edcio da tramita\u00e7\u00e3o da PEC na C\u00e2mara. <\/p>\n<p>A press\u00e3o contra nossa proposta vai aumentar, h\u00e1 muitos interesses em jogo e NENHUMA conquista dos trabalhadores foi f\u00e1cil em nossa\u2026<\/p>\n<p>&mdash; ERIKA HILTON (@ErikakHilton) <a href=\"https:\/\/twitter.com\/ErikakHilton\/status\/1856693911072149696?ref_src=twsrc%5Etfw\">November 13, 2024<\/a><\/p><\/blockquote>\n<p> <script async src=\"https:\/\/platform.twitter.com\/widgets.js\" charset=\"utf-8\"><\/script><\/p>\n\n\n<p><\/p>\n","protected":false},"excerpt":{"rendered":"<p>A Proposta de Emenda \u00e0 Constitui\u00e7\u00e3o que prev\u00ea o fim da escala 6&#215;1 atingiu o qu\u00f3rum necess\u00e1rio para iniciar a tramita\u00e7\u00e3o na C\u00e2mara. A autora do projeto \u00e9 a deputada federal Erika Hilton (PSOL-SP), que formalizou uma iniciativa do Movimento Vida Al\u00e9m do Trabalho (IVA), do vereador eleito no Rio Rick Azevedo (PSOL). Segundo o<\/p>\n","protected":false},"author":2,"featured_media":6614,"comment_status":"closed","ping_status":"open","sticky":false,"template":"","format":"standard","meta":{"_jetpack_memberships_contains_paid_content":false,"footnotes":""},"categories":[36],"tags":[],"class_list":["post-6615","post","type-post","status-publish","format-standard","has-post-thumbnail","hentry","category-politica"],"yoast_head":"<!-- This site is optimized with the Yoast SEO plugin v27.5 - https:\/\/yoast.com\/product\/yoast-seo-wordpress\/ -->\n<title>O PEC para o final da viagem 6\u00d71 re\u00fane mais de 171 assinaturas e pode ser apresentado \u00e0 C\u00e2mara - Autoria - Thiago Gomes Gon\u00e7alves Peres Lima - REG 0022106\/MG<\/title>\n<meta name=\"robots\" content=\"index, follow, max-snippet:-1, max-image-preview:large, max-video-preview:-1\" \/>\n<link rel=\"canonical\" href=\"https:\/\/newsofthelight.com.br\/?p=6615\" \/>\n<meta property=\"og:locale\" content=\"pt_BR\" \/>\n<meta property=\"og:type\" content=\"article\" \/>\n<meta property=\"og:title\" content=\"O PEC para o final da viagem 6\u00d71 re\u00fane mais de 171 assinaturas e pode ser apresentado \u00e0 C\u00e2mara - Autoria - Thiago Gomes Gon\u00e7alves Peres Lima - REG 0022106\/MG\" \/>\n<meta property=\"og:description\" content=\"A Proposta de Emenda \u00e0 Constitui\u00e7\u00e3o que prev\u00ea o fim da escala 6&#215;1 atingiu o qu\u00f3rum necess\u00e1rio para iniciar a tramita\u00e7\u00e3o na C\u00e2mara. A autora do projeto \u00e9 a deputada federal Erika Hilton (PSOL-SP), que formalizou uma iniciativa do Movimento Vida Al\u00e9m do Trabalho (IVA), do vereador eleito no Rio Rick Azevedo (PSOL). Segundo o\" \/>\n<meta property=\"og:url\" content=\"https:\/\/newsofthelight.com.br\/?p=6615\" \/>\n<meta property=\"og:site_name\" content=\"Autoria - Thiago Gomes Gon\u00e7alves Peres Lima - REG 0022106\/MG\" \/>\n<meta property=\"article:published_time\" content=\"2024-11-13T14:34:22+00:00\" \/>\n<meta property=\"og:image\" content=\"https:\/\/newsofthelight.com.br\/wp-content\/uploads\/2024\/11\/img_5895.jpg\" \/>\n\t<meta property=\"og:image:width\" content=\"420\" \/>\n\t<meta property=\"og:image:height\" content=\"259\" \/>\n\t<meta property=\"og:image:type\" content=\"image\/jpeg\" \/>\n<meta name=\"author\" content=\"Thiago Peres\" \/>\n<meta name=\"twitter:card\" content=\"summary_large_image\" \/>\n<meta name=\"twitter:label1\" content=\"Escrito por\" \/>\n\t<meta name=\"twitter:data1\" content=\"Thiago Peres\" \/>\n\t<meta name=\"twitter:label2\" content=\"Est. tempo de leitura\" \/>\n\t<meta name=\"twitter:data2\" content=\"2 minutos\" \/>\n<script type=\"application\/ld+json\" class=\"yoast-schema-graph\">{\"@context\":\"https:\\\/\\\/schema.org\",\"@graph\":[{\"@type\":\"Article\",\"@id\":\"https:\\\/\\\/newsofthelight.com.br\\\/?p=6615#article\",\"isPartOf\":{\"@id\":\"https:\\\/\\\/newsofthelight.com.br\\\/?p=6615\"},\"author\":{\"name\":\"Thiago Peres\",\"@id\":\"https:\\\/\\\/newsofthelight.com.br\\\/#\\\/schema\\\/person\\\/d4878034586ca0e04c11eac65b2f76f2\"},\"headline\":\"O PEC para o final da viagem 6\u00d71 re\u00fane mais de 171 assinaturas e pode ser apresentado \u00e0 C\u00e2mara\",\"datePublished\":\"2024-11-13T14:34:22+00:00\",\"mainEntityOfPage\":{\"@id\":\"https:\\\/\\\/newsofthelight.com.br\\\/?p=6615\"},\"wordCount\":467,\"publisher\":{\"@id\":\"https:\\\/\\\/newsofthelight.com.br\\\/#organization\"},\"image\":{\"@id\":\"https:\\\/\\\/newsofthelight.com.br\\\/?p=6615#primaryimage\"},\"thumbnailUrl\":\"https:\\\/\\\/newsofthelight.com.br\\\/wp-content\\\/uploads\\\/2024\\\/11\\\/img_5895.jpg\",\"articleSection\":[\"Pol\u00edtica\"],\"inLanguage\":\"pt-BR\"},{\"@type\":\"WebPage\",\"@id\":\"https:\\\/\\\/newsofthelight.com.br\\\/?p=6615\",\"url\":\"https:\\\/\\\/newsofthelight.com.br\\\/?p=6615\",\"name\":\"O PEC para o final da viagem 6\u00d71 re\u00fane mais de 171 assinaturas e pode ser apresentado \u00e0 C\u00e2mara - Autoria - Thiago Gomes Gon\u00e7alves Peres Lima - REG 0022106\\\/MG\",\"isPartOf\":{\"@id\":\"https:\\\/\\\/newsofthelight.com.br\\\/#website\"},\"primaryImageOfPage\":{\"@id\":\"https:\\\/\\\/newsofthelight.com.br\\\/?p=6615#primaryimage\"},\"image\":{\"@id\":\"https:\\\/\\\/newsofthelight.com.br\\\/?p=6615#primaryimage\"},\"thumbnailUrl\":\"https:\\\/\\\/newsofthelight.com.br\\\/wp-content\\\/uploads\\\/2024\\\/11\\\/img_5895.jpg\",\"datePublished\":\"2024-11-13T14:34:22+00:00\",\"breadcrumb\":{\"@id\":\"https:\\\/\\\/newsofthelight.com.br\\\/?p=6615#breadcrumb\"},\"inLanguage\":\"pt-BR\",\"potentialAction\":[{\"@type\":\"ReadAction\",\"target\":[\"https:\\\/\\\/newsofthelight.com.br\\\/?p=6615\"]}]},{\"@type\":\"ImageObject\",\"inLanguage\":\"pt-BR\",\"@id\":\"https:\\\/\\\/newsofthelight.com.br\\\/?p=6615#primaryimage\",\"url\":\"https:\\\/\\\/newsofthelight.com.br\\\/wp-content\\\/uploads\\\/2024\\\/11\\\/img_5895.jpg\",\"contentUrl\":\"https:\\\/\\\/newsofthelight.com.br\\\/wp-content\\\/uploads\\\/2024\\\/11\\\/img_5895.jpg\",\"width\":420,\"height\":259},{\"@type\":\"BreadcrumbList\",\"@id\":\"https:\\\/\\\/newsofthelight.com.br\\\/?p=6615#breadcrumb\",\"itemListElement\":[{\"@type\":\"ListItem\",\"position\":1,\"name\":\"In\u00edcio\",\"item\":\"https:\\\/\\\/newsofthelight.com.br\\\/\"},{\"@type\":\"ListItem\",\"position\":2,\"name\":\"O PEC para o final da viagem 6\u00d71 re\u00fane mais de 171 assinaturas e pode ser apresentado \u00e0 C\u00e2mara\"}]},{\"@type\":\"WebSite\",\"@id\":\"https:\\\/\\\/newsofthelight.com.br\\\/#website\",\"url\":\"https:\\\/\\\/newsofthelight.com.br\\\/\",\"name\":\"Autoria - Thiago Gomes Gon\u00e7alves Peres Lima - REG 0022106\\\/MG\",\"description\":\"Noticias na velocidade da luz\",\"publisher\":{\"@id\":\"https:\\\/\\\/newsofthelight.com.br\\\/#organization\"},\"potentialAction\":[{\"@type\":\"SearchAction\",\"target\":{\"@type\":\"EntryPoint\",\"urlTemplate\":\"https:\\\/\\\/newsofthelight.com.br\\\/?s={search_term_string}\"},\"query-input\":{\"@type\":\"PropertyValueSpecification\",\"valueRequired\":true,\"valueName\":\"search_term_string\"}}],\"inLanguage\":\"pt-BR\"},{\"@type\":\"Organization\",\"@id\":\"https:\\\/\\\/newsofthelight.com.br\\\/#organization\",\"name\":\"Autoria - Thiago Gomes Gon\u00e7alves Peres Lima - REG 0022106\\\/MG\",\"url\":\"https:\\\/\\\/newsofthelight.com.br\\\/\",\"logo\":{\"@type\":\"ImageObject\",\"inLanguage\":\"pt-BR\",\"@id\":\"https:\\\/\\\/newsofthelight.com.br\\\/#\\\/schema\\\/logo\\\/image\\\/\",\"url\":\"https:\\\/\\\/newsofthelight.com.br\\\/wp-content\\\/uploads\\\/2025\\\/06\\\/cropped-IMG_0217.png\",\"contentUrl\":\"https:\\\/\\\/newsofthelight.com.br\\\/wp-content\\\/uploads\\\/2025\\\/06\\\/cropped-IMG_0217.png\",\"width\":1177,\"height\":662,\"caption\":\"Autoria - Thiago Gomes Gon\u00e7alves Peres Lima - REG 0022106\\\/MG\"},\"image\":{\"@id\":\"https:\\\/\\\/newsofthelight.com.br\\\/#\\\/schema\\\/logo\\\/image\\\/\"},\"sameAs\":[\"https:\\\/\\\/www.instagram.com\\\/news_of_the_light_?igsh=b3Fwb2psamJzaXds\"]},{\"@type\":\"Person\",\"@id\":\"https:\\\/\\\/newsofthelight.com.br\\\/#\\\/schema\\\/person\\\/d4878034586ca0e04c11eac65b2f76f2\",\"name\":\"Thiago Peres\",\"image\":{\"@type\":\"ImageObject\",\"inLanguage\":\"pt-BR\",\"@id\":\"https:\\\/\\\/secure.gravatar.com\\\/avatar\\\/21d66f46d21d113e9d3dba092a500e64563ed2ed2c77db814dfc7be6345e3815?s=96&d=mm&r=g\",\"url\":\"https:\\\/\\\/secure.gravatar.com\\\/avatar\\\/21d66f46d21d113e9d3dba092a500e64563ed2ed2c77db814dfc7be6345e3815?s=96&d=mm&r=g\",\"contentUrl\":\"https:\\\/\\\/secure.gravatar.com\\\/avatar\\\/21d66f46d21d113e9d3dba092a500e64563ed2ed2c77db814dfc7be6345e3815?s=96&d=mm&r=g\",\"caption\":\"Thiago Peres\"},\"sameAs\":[\"http:\\\/\\\/newsofthelight.com.br\"],\"url\":\"https:\\\/\\\/newsofthelight.com.br\\\/?author=2\"}]}<\/script>\n<!-- \/ Yoast SEO plugin. -->","yoast_head_json":{"title":"O PEC para o final da viagem 6\u00d71 re\u00fane mais de 171 assinaturas e pode ser apresentado \u00e0 C\u00e2mara - Autoria - Thiago Gomes Gon\u00e7alves Peres Lima - REG 0022106\/MG","robots":{"index":"index","follow":"follow","max-snippet":"max-snippet:-1","max-image-preview":"max-image-preview:large","max-video-preview":"max-video-preview:-1"},"canonical":"https:\/\/newsofthelight.com.br\/?p=6615","og_locale":"pt_BR","og_type":"article","og_title":"O PEC para o final da viagem 6\u00d71 re\u00fane mais de 171 assinaturas e pode ser apresentado \u00e0 C\u00e2mara - Autoria - Thiago Gomes Gon\u00e7alves Peres Lima - REG 0022106\/MG","og_description":"A Proposta de Emenda \u00e0 Constitui\u00e7\u00e3o que prev\u00ea o fim da escala 6&#215;1 atingiu o qu\u00f3rum necess\u00e1rio para iniciar a tramita\u00e7\u00e3o na C\u00e2mara. A autora do projeto \u00e9 a deputada federal Erika Hilton (PSOL-SP), que formalizou uma iniciativa do Movimento Vida Al\u00e9m do Trabalho (IVA), do vereador eleito no Rio Rick Azevedo (PSOL). Segundo o","og_url":"https:\/\/newsofthelight.com.br\/?p=6615","og_site_name":"Autoria - Thiago Gomes Gon\u00e7alves Peres Lima - REG 0022106\/MG","article_published_time":"2024-11-13T14:34:22+00:00","og_image":[{"width":420,"height":259,"url":"https:\/\/newsofthelight.com.br\/wp-content\/uploads\/2024\/11\/img_5895.jpg","type":"image\/jpeg"}],"author":"Thiago Peres","twitter_card":"summary_large_image","twitter_misc":{"Escrito por":"Thiago Peres","Est. tempo de leitura":"2 minutos"},"schema":{"@context":"https:\/\/schema.org","@graph":[{"@type":"Article","@id":"https:\/\/newsofthelight.com.br\/?p=6615#article","isPartOf":{"@id":"https:\/\/newsofthelight.com.br\/?p=6615"},"author":{"name":"Thiago Peres","@id":"https:\/\/newsofthelight.com.br\/#\/schema\/person\/d4878034586ca0e04c11eac65b2f76f2"},"headline":"O PEC para o final da viagem 6\u00d71 re\u00fane mais de 171 assinaturas e pode ser apresentado \u00e0 C\u00e2mara","datePublished":"2024-11-13T14:34:22+00:00","mainEntityOfPage":{"@id":"https:\/\/newsofthelight.com.br\/?p=6615"},"wordCount":467,"publisher":{"@id":"https:\/\/newsofthelight.com.br\/#organization"},"image":{"@id":"https:\/\/newsofthelight.com.br\/?p=6615#primaryimage"},"thumbnailUrl":"https:\/\/newsofthelight.com.br\/wp-content\/uploads\/2024\/11\/img_5895.jpg","articleSection":["Pol\u00edtica"],"inLanguage":"pt-BR"},{"@type":"WebPage","@id":"https:\/\/newsofthelight.com.br\/?p=6615","url":"https:\/\/newsofthelight.com.br\/?p=6615","name":"O PEC para o final da viagem 6\u00d71 re\u00fane mais de 171 assinaturas e pode ser apresentado \u00e0 C\u00e2mara - Autoria - Thiago Gomes Gon\u00e7alves Peres Lima - REG 0022106\/MG","isPartOf":{"@id":"https:\/\/newsofthelight.com.br\/#website"},"primaryImageOfPage":{"@id":"https:\/\/newsofthelight.com.br\/?p=6615#primaryimage"},"image":{"@id":"https:\/\/newsofthelight.com.br\/?p=6615#primaryimage"},"thumbnailUrl":"https:\/\/newsofthelight.com.br\/wp-content\/uploads\/2024\/11\/img_5895.jpg","datePublished":"2024-11-13T14:34:22+00:00","breadcrumb":{"@id":"https:\/\/newsofthelight.com.br\/?p=6615#breadcrumb"},"inLanguage":"pt-BR","potentialAction":[{"@type":"ReadAction","target":["https:\/\/newsofthelight.com.br\/?p=6615"]}]},{"@type":"ImageObject","inLanguage":"pt-BR","@id":"https:\/\/newsofthelight.com.br\/?p=6615#primaryimage","url":"https:\/\/newsofthelight.com.br\/wp-content\/uploads\/2024\/11\/img_5895.jpg","contentUrl":"https:\/\/newsofthelight.com.br\/wp-content\/uploads\/2024\/11\/img_5895.jpg","width":420,"height":259},{"@type":"BreadcrumbList","@id":"https:\/\/newsofthelight.com.br\/?p=6615#breadcrumb","itemListElement":[{"@type":"ListItem","position":1,"name":"In\u00edcio","item":"https:\/\/newsofthelight.com.br\/"},{"@type":"ListItem","position":2,"name":"O PEC para o final da viagem 6\u00d71 re\u00fane mais de 171 assinaturas e pode ser apresentado \u00e0 C\u00e2mara"}]},{"@type":"WebSite","@id":"https:\/\/newsofthelight.com.br\/#website","url":"https:\/\/newsofthelight.com.br\/","name":"Autoria - Thiago Gomes Gon\u00e7alves Peres Lima - REG 0022106\/MG","description":"Noticias na velocidade da luz","publisher":{"@id":"https:\/\/newsofthelight.com.br\/#organization"},"potentialAction":[{"@type":"SearchAction","target":{"@type":"EntryPoint","urlTemplate":"https:\/\/newsofthelight.com.br\/?s={search_term_string}"},"query-input":{"@type":"PropertyValueSpecification","valueRequired":true,"valueName":"search_term_string"}}],"inLanguage":"pt-BR"},{"@type":"Organization","@id":"https:\/\/newsofthelight.com.br\/#organization","name":"Autoria - Thiago Gomes Gon\u00e7alves Peres Lima - REG 0022106\/MG","url":"https:\/\/newsofthelight.com.br\/","logo":{"@type":"ImageObject","inLanguage":"pt-BR","@id":"https:\/\/newsofthelight.com.br\/#\/schema\/logo\/image\/","url":"https:\/\/newsofthelight.com.br\/wp-content\/uploads\/2025\/06\/cropped-IMG_0217.png","contentUrl":"https:\/\/newsofthelight.com.br\/wp-content\/uploads\/2025\/06\/cropped-IMG_0217.png","width":1177,"height":662,"caption":"Autoria - Thiago Gomes Gon\u00e7alves Peres Lima - REG 0022106\/MG"},"image":{"@id":"https:\/\/newsofthelight.com.br\/#\/schema\/logo\/image\/"},"sameAs":["https:\/\/www.instagram.com\/news_of_the_light_?igsh=b3Fwb2psamJzaXds"]},{"@type":"Person","@id":"https:\/\/newsofthelight.com.br\/#\/schema\/person\/d4878034586ca0e04c11eac65b2f76f2","name":"Thiago Peres","image":{"@type":"ImageObject","inLanguage":"pt-BR","@id":"https:\/\/secure.gravatar.com\/avatar\/21d66f46d21d113e9d3dba092a500e64563ed2ed2c77db814dfc7be6345e3815?s=96&d=mm&r=g","url":"https:\/\/secure.gravatar.com\/avatar\/21d66f46d21d113e9d3dba092a500e64563ed2ed2c77db814dfc7be6345e3815?s=96&d=mm&r=g","contentUrl":"https:\/\/secure.gravatar.com\/avatar\/21d66f46d21d113e9d3dba092a500e64563ed2ed2c77db814dfc7be6345e3815?s=96&d=mm&r=g","caption":"Thiago Peres"},"sameAs":["http:\/\/newsofthelight.com.br"],"url":"https:\/\/newsofthelight.com.br\/?author=2"}]}},"jetpack_featured_media_url":"https:\/\/newsofthelight.com.br\/wp-content\/uploads\/2024\/11\/img_5895.jpg","jetpack_sharing_enabled":true,"jetpack-related-posts":[{"id":4216,"url":"https:\/\/newsofthelight.com.br\/?p=4216","url_meta":{"origin":6615,"position":0},"title":"Nikolas Ferreira recebe apoio de pol\u00edticos mais conservadores","author":"Thiago Peres","date":"7 de maio de 2023","format":false,"excerpt":"A bancada do PSOL na C\u00e2mara dos Deputados reiterou ao Supremo Tribunal Federal (STF) seu pedido para que seja acolhida a not\u00edcia-crime protocolada contra o deputado federal bolsonarista Nikolas Ferreira (PL-MG) ap\u00f3s um discurso considerado transf\u00f3bico no plen\u00e1rio. Segundo o colunista Lauro Jardim, do jornal O Globo, o grupo quer\u2026","rel":"","context":"Em &quot;Brasil&quot;","block_context":{"text":"Brasil","link":"https:\/\/newsofthelight.com.br\/?cat=38"},"img":{"alt_text":"","src":"https:\/\/i0.wp.com\/newsofthelight.com.br\/wp-content\/uploads\/2023\/05\/IMG_4144.jpeg?resize=350%2C200&ssl=1","width":350,"height":200,"srcset":"https:\/\/i0.wp.com\/newsofthelight.com.br\/wp-content\/uploads\/2023\/05\/IMG_4144.jpeg?resize=350%2C200&ssl=1 1x, https:\/\/i0.wp.com\/newsofthelight.com.br\/wp-content\/uploads\/2023\/05\/IMG_4144.jpeg?resize=525%2C300&ssl=1 1.5x, https:\/\/i0.wp.com\/newsofthelight.com.br\/wp-content\/uploads\/2023\/05\/IMG_4144.jpeg?resize=700%2C400&ssl=1 2x"},"classes":[]},{"id":7246,"url":"https:\/\/newsofthelight.com.br\/?p=7246","url_meta":{"origin":6615,"position":1},"title":"Moraes \u00e9 nomeado relator da audi\u00e7\u00e3o do Supremo Tribunal contra a anula\u00e7\u00e3o do IOF pelo Congresso","author":"Thiago Peres","date":"30 de junho de 2025","format":false,"excerpt":"Alexandre de Moraes na primeira sess\u00e3o de STF. - Foto: Antonio Augusto\/STF O presidente da Suprema Corte Federal, Lu\u00eds Roberto Barroso, nomeou na segunda-feira (30) o ministro Alexandre de Moraes como relator do caso PSOL que contesta a decis\u00e3o do Congresso que aboliu o decreto presidencial sobre o imposto sobre\u2026","rel":"","context":"Em &quot;Pol\u00edtica&quot;","block_context":{"text":"Pol\u00edtica","link":"https:\/\/newsofthelight.com.br\/?cat=36"},"img":{"alt_text":"","src":"https:\/\/i0.wp.com\/newsofthelight.com.br\/wp-content\/uploads\/2025\/06\/img_0486-1.jpg?resize=350%2C200&ssl=1","width":350,"height":200,"srcset":"https:\/\/i0.wp.com\/newsofthelight.com.br\/wp-content\/uploads\/2025\/06\/img_0486-1.jpg?resize=350%2C200&ssl=1 1x, https:\/\/i0.wp.com\/newsofthelight.com.br\/wp-content\/uploads\/2025\/06\/img_0486-1.jpg?resize=525%2C300&ssl=1 1.5x, https:\/\/i0.wp.com\/newsofthelight.com.br\/wp-content\/uploads\/2025\/06\/img_0486-1.jpg?resize=700%2C400&ssl=1 2x, https:\/\/i0.wp.com\/newsofthelight.com.br\/wp-content\/uploads\/2025\/06\/img_0486-1.jpg?resize=1050%2C600&ssl=1 3x"},"classes":[]},{"id":4258,"url":"https:\/\/newsofthelight.com.br\/?p=4258","url_meta":{"origin":6615,"position":2},"title":"Critica de jornalista do Estad\u00e3o divide pol\u00edticos","author":"Thiago Peres","date":"8 de maio de 2023","format":false,"excerpt":"Os valores pol\u00edticos, como a defesa da liberdade individual, da propriedade privada e do livre mercado, s\u00e3o importantes para o desenvolvimento de uma sociedade livre e pr\u00f3spera. A direita valoriza a meritocracia, o empreendedorismo e a responsabilidade individual, assim como a seguran\u00e7a p\u00fablica e a ordem social.No entanto, \u00e9 importante\u2026","rel":"","context":"Em &quot;Brasil&quot;","block_context":{"text":"Brasil","link":"https:\/\/newsofthelight.com.br\/?cat=38"},"img":{"alt_text":"","src":"https:\/\/i0.wp.com\/newsofthelight.com.br\/wp-content\/uploads\/2023\/05\/dsc_2497.jpg.webp?resize=350%2C200&ssl=1","width":350,"height":200,"srcset":"https:\/\/i0.wp.com\/newsofthelight.com.br\/wp-content\/uploads\/2023\/05\/dsc_2497.jpg.webp?resize=350%2C200&ssl=1 1x, https:\/\/i0.wp.com\/newsofthelight.com.br\/wp-content\/uploads\/2023\/05\/dsc_2497.jpg.webp?resize=525%2C300&ssl=1 1.5x, https:\/\/i0.wp.com\/newsofthelight.com.br\/wp-content\/uploads\/2023\/05\/dsc_2497.jpg.webp?resize=700%2C400&ssl=1 2x, https:\/\/i0.wp.com\/newsofthelight.com.br\/wp-content\/uploads\/2023\/05\/dsc_2497.jpg.webp?resize=1050%2C600&ssl=1 3x"},"classes":[]},{"id":3579,"url":"https:\/\/newsofthelight.com.br\/?p=3579","url_meta":{"origin":6615,"position":3},"title":"Em menos de 48 horas, campanha para cassar mandato de Nikolas Ferreira chega a 260 mil assinaturas","author":"Thiago Peres","date":"11 de mar\u00e7o de 2023","format":false,"excerpt":"Em menos de dois dias a peti\u00e7\u00e3o feita pela deputada federal Erika Hilton (PSOL-SP) para cassar o mandato do parlamentar Nikolas Ferreira (PL-MG) alcan\u00e7ou o n\u00famero de 260 mil assinaturas desde o momento de sua cria\u00e7\u00e3o.O deputado federal Nikolas Ferreira, natural da capital mineira, despertou a ira de muitos parlamentares\u2026","rel":"","context":"Em &quot;Brasil&quot;","block_context":{"text":"Brasil","link":"https:\/\/newsofthelight.com.br\/?cat=38"},"img":{"alt_text":"","src":"https:\/\/i0.wp.com\/newsofthelight.com.br\/wp-content\/uploads\/2023\/03\/105BEF4E-C709-4AFC-B921-516DB0EEE028.jpeg?resize=350%2C200&ssl=1","width":350,"height":200,"srcset":"https:\/\/i0.wp.com\/newsofthelight.com.br\/wp-content\/uploads\/2023\/03\/105BEF4E-C709-4AFC-B921-516DB0EEE028.jpeg?resize=350%2C200&ssl=1 1x, https:\/\/i0.wp.com\/newsofthelight.com.br\/wp-content\/uploads\/2023\/03\/105BEF4E-C709-4AFC-B921-516DB0EEE028.jpeg?resize=525%2C300&ssl=1 1.5x, https:\/\/i0.wp.com\/newsofthelight.com.br\/wp-content\/uploads\/2023\/03\/105BEF4E-C709-4AFC-B921-516DB0EEE028.jpeg?resize=700%2C400&ssl=1 2x, https:\/\/i0.wp.com\/newsofthelight.com.br\/wp-content\/uploads\/2023\/03\/105BEF4E-C709-4AFC-B921-516DB0EEE028.jpeg?resize=1050%2C600&ssl=1 3x"},"classes":[]},{"id":7471,"url":"https:\/\/newsofthelight.com.br\/?p=7471","url_meta":{"origin":6615,"position":4},"title":"O comit\u00ea aprova mais vagas para PCDs em institui\u00e7\u00f5es federais","author":"Thiago Peres","date":"20 de julho de 2025","format":false,"excerpt":"Foto: Dep. Sargento Portugal. Fonte: Vinicius Loures\/C\u00e2mara dos Deputados O Comit\u00ea da C\u00e2mara para a Prote\u00e7\u00e3o dos Direitos das Pessoas com Defici\u00eancia aprovou um projeto de lei que expandir\u00e1 o escopo das reservas de espa\u00e7o livre para pessoas com defici\u00eancia (PcD) em universidades federais e institui\u00e7\u00f5es federais de educa\u00e7\u00e3o t\u00e9cnica.\u2026","rel":"","context":"Em &quot;Brasil&quot;","block_context":{"text":"Brasil","link":"https:\/\/newsofthelight.com.br\/?cat=38"},"img":{"alt_text":"","src":"https:\/\/i0.wp.com\/newsofthelight.com.br\/wp-content\/uploads\/2025\/07\/img_0674.jpg?resize=350%2C200&ssl=1","width":350,"height":200,"srcset":"https:\/\/i0.wp.com\/newsofthelight.com.br\/wp-content\/uploads\/2025\/07\/img_0674.jpg?resize=350%2C200&ssl=1 1x, https:\/\/i0.wp.com\/newsofthelight.com.br\/wp-content\/uploads\/2025\/07\/img_0674.jpg?resize=525%2C300&ssl=1 1.5x, https:\/\/i0.wp.com\/newsofthelight.com.br\/wp-content\/uploads\/2025\/07\/img_0674.jpg?resize=700%2C400&ssl=1 2x, https:\/\/i0.wp.com\/newsofthelight.com.br\/wp-content\/uploads\/2025\/07\/img_0674.jpg?resize=1050%2C600&ssl=1 3x, https:\/\/i0.wp.com\/newsofthelight.com.br\/wp-content\/uploads\/2025\/07\/img_0674.jpg?resize=1400%2C800&ssl=1 4x"},"classes":[]},{"id":6126,"url":"https:\/\/newsofthelight.com.br\/?p=6126","url_meta":{"origin":6615,"position":5},"title":"Opera\u00e7\u00f5es da Pol\u00edcia Federal contra apoiadores da extrema direita imp\u00f5em o \u00edmpeto dos aliados de Bolsonaro","author":"Thiago Peres","date":"28 de janeiro de 2024","format":false,"excerpt":"O presidente da Suprema Corte Eleitoral, Alexandre de Moraes, permitiu que a pol\u00edcia federal investigasse dois parlamentares bolsonaristas, o que refor\u00e7ou o impulso de expoentes de extrema direita para apostar em agendas no Congresso Nacional para atacar ao Supremo Tribunal Federal.Nesta sexta-feira, 26, o deputado Rodrigo Valadares (Uni\u00e3o Brasil-SE) coletou\u2026","rel":"","context":"Em &quot;Brasil&quot;","block_context":{"text":"Brasil","link":"https:\/\/newsofthelight.com.br\/?cat=38"},"img":{"alt_text":"","src":"https:\/\/i0.wp.com\/newsofthelight.com.br\/wp-content\/uploads\/2024\/01\/IMG_5405.jpeg?resize=350%2C200&ssl=1","width":350,"height":200,"srcset":"https:\/\/i0.wp.com\/newsofthelight.com.br\/wp-content\/uploads\/2024\/01\/IMG_5405.jpeg?resize=350%2C200&ssl=1 1x, https:\/\/i0.wp.com\/newsofthelight.com.br\/wp-content\/uploads\/2024\/01\/IMG_5405.jpeg?resize=525%2C300&ssl=1 1.5x, https:\/\/i0.wp.com\/newsofthelight.com.br\/wp-content\/uploads\/2024\/01\/IMG_5405.jpeg?resize=700%2C400&ssl=1 2x"},"classes":[]}],"jetpack_shortlink":"https:\/\/wp.me\/peltaF-1IH","_links":{"self":[{"href":"https:\/\/newsofthelight.com.br\/index.php?rest_route=\/wp\/v2\/posts\/6615","targetHints":{"allow":["GET"]}}],"collection":[{"href":"https:\/\/newsofthelight.com.br\/index.php?rest_route=\/wp\/v2\/posts"}],"about":[{"href":"https:\/\/newsofthelight.com.br\/index.php?rest_route=\/wp\/v2\/types\/post"}],"author":[{"embeddable":true,"href":"https:\/\/newsofthelight.com.br\/index.php?rest_route=\/wp\/v2\/users\/2"}],"replies":[{"embeddable":true,"href":"https:\/\/newsofthelight.com.br\/index.php?rest_route=%2Fwp%2Fv2%2Fcomments&post=6615"}],"version-history":[{"count":1,"href":"https:\/\/newsofthelight.com.br\/index.php?rest_route=\/wp\/v2\/posts\/6615\/revisions"}],"predecessor-version":[{"id":6616,"href":"https:\/\/newsofthelight.com.br\/index.php?rest_route=\/wp\/v2\/posts\/6615\/revisions\/6616"}],"wp:featuredmedia":[{"embeddable":true,"href":"https:\/\/newsofthelight.com.br\/index.php?rest_route=\/wp\/v2\/media\/6614"}],"wp:attachment":[{"href":"https:\/\/newsofthelight.com.br\/index.php?rest_route=%2Fwp%2Fv2%2Fmedia&parent=6615"}],"wp:term":[{"taxonomy":"category","embeddable":true,"href":"https:\/\/newsofthelight.com.br\/index.php?rest_route=%2Fwp%2Fv2%2Fcategories&post=6615"},{"taxonomy":"post_tag","embeddable":true,"href":"https:\/\/newsofthelight.com.br\/index.php?rest_route=%2Fwp%2Fv2%2Ftags&post=6615"}],"curies":[{"name":"wp","href":"https:\/\/api.w.org\/{rel}","templated":true}]}}