{"id":6611,"date":"2024-11-12T21:41:49","date_gmt":"2024-11-13T00:41:49","guid":{"rendered":"https:\/\/newsofthelight.com.br\/?p=6611"},"modified":"2024-11-12T21:41:49","modified_gmt":"2024-11-13T00:41:49","slug":"o-projeto-6x1-de-erika-hilton-uma-discussao-sobre-a-jornada-de-trabalho-no-brasil","status":"publish","type":"post","link":"https:\/\/newsofthelight.com.br\/?p=6611","title":{"rendered":"O Projeto 6&#215;1 de Erika Hilton: Uma Discuss\u00e3o sobre a Jornada de Trabalho no Brasil"},"content":{"rendered":"\n<p>A proposta da deputada federal Erika Hilton (PSOL-SP) para acabar com a jornada de trabalho 6&#215;1, estabelecendo uma jornada de 36 horas semanais, tem gerado um intenso debate no cen\u00e1rio pol\u00edtico e social brasileiro. A iniciativa, que busca reduzir a carga hor\u00e1ria e garantir mais tempo de descanso e lazer aos trabalhadores, apresenta tanto pontos positivos quanto desafios a serem considerados.<\/p>\n\n\n\n<p><strong>Os Pr\u00f3s da Proposta<\/strong><\/p>\n\n\n\n<ul class=\"wp-block-list\">\n<li><strong>Melhoria da qualidade de vida:<\/strong>\u00a0A redu\u00e7\u00e3o da jornada de trabalho pode resultar em uma melhor qualidade de vida para os trabalhadores, proporcionando mais tempo para o descanso, a fam\u00edlia, o lazer e o desenvolvimento pessoal.<\/li>\n\n\n\n<li><strong>Aumento da produtividade:<\/strong>\u00a0Estudos apontam que uma jornada de trabalho mais curta pode, paradoxalmente, aumentar a produtividade dos trabalhadores, devido \u00e0 redu\u00e7\u00e3o do estresse e do cansa\u00e7o.<\/li>\n\n\n\n<li><strong>Redu\u00e7\u00e3o de acidentes de trabalho:<\/strong>\u00a0Com mais tempo para descanso, os trabalhadores podem estar menos propensos a sofrer acidentes de trabalho, o que resulta em menores custos para as empresas e para o sistema de sa\u00fade.<\/li>\n\n\n\n<li><strong>Democratiza\u00e7\u00e3o do tempo:<\/strong>\u00a0A proposta de Hilton busca democratizar o tempo, garantindo que todos os trabalhadores tenham acesso a um tempo de lazer e descanso mais justo e equitativo.<\/li>\n<\/ul>\n\n\n\n<p><strong>Os Contras da Proposta<\/strong><\/p>\n\n\n\n<ul class=\"wp-block-list\">\n<li><strong>Impacto na economia:<\/strong>\u00a0Cr\u00edticos argumentam que a redu\u00e7\u00e3o da jornada de trabalho pode gerar um aumento nos custos de produ\u00e7\u00e3o das empresas, o que poderia levar \u00e0 redu\u00e7\u00e3o de empregos e \u00e0 desacelera\u00e7\u00e3o da economia.<\/li>\n\n\n\n<li><strong>Dificuldade de implementa\u00e7\u00e3o:<\/strong>\u00a0A implementa\u00e7\u00e3o de uma jornada de trabalho mais curta pode exigir ajustes significativos nas leis trabalhistas e nas rela\u00e7\u00f5es de trabalho, o que pode ser um processo complexo e demorado.<\/li>\n\n\n\n<li><strong>Setoriaisidade:<\/strong>\u00a0A jornada de trabalho ideal pode variar de acordo com o setor de atividade e a natureza do trabalho. Uma jornada \u00fanica para todos os trabalhadores pode n\u00e3o ser a solu\u00e7\u00e3o mais adequada para todos os casos.<\/li>\n<\/ul>\n\n\n\n<p><strong>Vozes Contra e a Favor<\/strong><\/p>\n\n\n\n<p>A deputada Erika Hilton defende sua proposta como uma forma de garantir direitos b\u00e1sicos aos trabalhadores: &#8220;Isso&nbsp;tira do trabalhador o direito de passar tempo com sua fam\u00edlia, de cuidar de si, de se divertir, de procurar outro emprego ou at\u00e9 mesmo se qualificar para um emprego melhor. A escala 6&#215;1 \u00e9 uma pris\u00e3o, e \u00e9 incompat\u00edvel com a dignidade do trabalhador&#8221;,&nbsp;afirma a parlamentar.&nbsp;&nbsp;&nbsp;<\/p>\n\n\n\n<p>J\u00e1 o deputado Nikolas Ferreira, um dos principais opositores da proposta, argumenta que a redu\u00e7\u00e3o da jornada de trabalho pode prejudicar a economia e gerar desemprego: &#8220;Querem acabar com o 6&#215;1, mas n\u00e3o pensam nas consequ\u00eancias para a economia. Menos horas trabalhadas significam menos produ\u00e7\u00e3o e menos empregos. Essa n\u00e3o \u00e9 a solu\u00e7\u00e3o para os problemas do Brasil.&#8221;<\/p>\n\n\n\n<p>O projeto 6&#215;1 de Erika Hilton levanta quest\u00f5es importantes sobre a organiza\u00e7\u00e3o do trabalho e a qualidade de vida dos trabalhadores brasileiros. A proposta apresenta tanto benef\u00edcios quanto desafios, e \u00e9 fundamental que o debate seja aprofundado, com a participa\u00e7\u00e3o de diversos setores da sociedade, para que se encontrem solu\u00e7\u00f5es que conciliem os interesses dos trabalhadores, das empresas e da sociedade como um todo.<\/p>\n","protected":false},"excerpt":{"rendered":"<p>A proposta da deputada federal Erika Hilton (PSOL-SP) para acabar com a jornada de trabalho 6&#215;1, estabelecendo uma jornada de 36 horas semanais, tem gerado um intenso debate no cen\u00e1rio pol\u00edtico e social brasileiro. A iniciativa, que busca reduzir a carga hor\u00e1ria e garantir mais tempo de descanso e lazer aos trabalhadores, apresenta tanto pontos<\/p>\n","protected":false},"author":2,"featured_media":6612,"comment_status":"open","ping_status":"open","sticky":false,"template":"","format":"standard","meta":{"_jetpack_memberships_contains_paid_content":false,"footnotes":""},"categories":[40,36],"tags":[],"class_list":["post-6611","post","type-post","status-publish","format-standard","has-post-thumbnail","hentry","category-economia","category-politica"],"yoast_head":"<!-- This site is optimized with the Yoast SEO plugin v27.5 - https:\/\/yoast.com\/product\/yoast-seo-wordpress\/ -->\n<title>O Projeto 6x1 de Erika Hilton: Uma Discuss\u00e3o sobre a Jornada de Trabalho no Brasil - Autoria - Thiago Gomes Gon\u00e7alves Peres Lima - REG 0022106\/MG<\/title>\n<meta name=\"robots\" content=\"index, follow, max-snippet:-1, max-image-preview:large, max-video-preview:-1\" \/>\n<link rel=\"canonical\" href=\"https:\/\/newsofthelight.com.br\/?p=6611\" \/>\n<meta property=\"og:locale\" content=\"pt_BR\" \/>\n<meta property=\"og:type\" content=\"article\" \/>\n<meta property=\"og:title\" content=\"O Projeto 6x1 de Erika Hilton: Uma Discuss\u00e3o sobre a Jornada de Trabalho no Brasil - Autoria - Thiago Gomes Gon\u00e7alves Peres Lima - REG 0022106\/MG\" \/>\n<meta property=\"og:description\" content=\"A proposta da deputada federal Erika Hilton (PSOL-SP) para acabar com a jornada de trabalho 6&#215;1, estabelecendo uma jornada de 36 horas semanais, tem gerado um intenso debate no cen\u00e1rio pol\u00edtico e social brasileiro. A iniciativa, que busca reduzir a carga hor\u00e1ria e garantir mais tempo de descanso e lazer aos trabalhadores, apresenta tanto pontos\" \/>\n<meta property=\"og:url\" content=\"https:\/\/newsofthelight.com.br\/?p=6611\" \/>\n<meta property=\"og:site_name\" content=\"Autoria - Thiago Gomes Gon\u00e7alves Peres Lima - REG 0022106\/MG\" \/>\n<meta property=\"article:published_time\" content=\"2024-11-13T00:41:49+00:00\" \/>\n<meta property=\"og:image\" content=\"https:\/\/newsofthelight.com.br\/wp-content\/uploads\/2024\/11\/Sem-Titulo.png\" \/>\n\t<meta property=\"og:image:width\" content=\"501\" \/>\n\t<meta property=\"og:image:height\" content=\"324\" \/>\n\t<meta property=\"og:image:type\" content=\"image\/png\" \/>\n<meta name=\"author\" content=\"Thiago Peres\" \/>\n<meta name=\"twitter:card\" content=\"summary_large_image\" \/>\n<meta name=\"twitter:label1\" content=\"Escrito por\" \/>\n\t<meta name=\"twitter:data1\" content=\"Thiago Peres\" \/>\n\t<meta name=\"twitter:label2\" content=\"Est. tempo de leitura\" \/>\n\t<meta name=\"twitter:data2\" content=\"3 minutos\" \/>\n<script type=\"application\/ld+json\" class=\"yoast-schema-graph\">{\"@context\":\"https:\\\/\\\/schema.org\",\"@graph\":[{\"@type\":\"Article\",\"@id\":\"https:\\\/\\\/newsofthelight.com.br\\\/?p=6611#article\",\"isPartOf\":{\"@id\":\"https:\\\/\\\/newsofthelight.com.br\\\/?p=6611\"},\"author\":{\"name\":\"Thiago Peres\",\"@id\":\"https:\\\/\\\/newsofthelight.com.br\\\/#\\\/schema\\\/person\\\/d4878034586ca0e04c11eac65b2f76f2\"},\"headline\":\"O Projeto 6&#215;1 de Erika Hilton: Uma Discuss\u00e3o sobre a Jornada de Trabalho no Brasil\",\"datePublished\":\"2024-11-13T00:41:49+00:00\",\"mainEntityOfPage\":{\"@id\":\"https:\\\/\\\/newsofthelight.com.br\\\/?p=6611\"},\"wordCount\":544,\"commentCount\":0,\"publisher\":{\"@id\":\"https:\\\/\\\/newsofthelight.com.br\\\/#organization\"},\"image\":{\"@id\":\"https:\\\/\\\/newsofthelight.com.br\\\/?p=6611#primaryimage\"},\"thumbnailUrl\":\"https:\\\/\\\/newsofthelight.com.br\\\/wp-content\\\/uploads\\\/2024\\\/11\\\/Sem-Titulo.png\",\"articleSection\":[\"Economia\",\"Pol\u00edtica\"],\"inLanguage\":\"pt-BR\",\"potentialAction\":[{\"@type\":\"CommentAction\",\"name\":\"Comment\",\"target\":[\"https:\\\/\\\/newsofthelight.com.br\\\/?p=6611#respond\"]}]},{\"@type\":\"WebPage\",\"@id\":\"https:\\\/\\\/newsofthelight.com.br\\\/?p=6611\",\"url\":\"https:\\\/\\\/newsofthelight.com.br\\\/?p=6611\",\"name\":\"O Projeto 6x1 de Erika Hilton: Uma Discuss\u00e3o sobre a Jornada de Trabalho no Brasil - Autoria - Thiago Gomes Gon\u00e7alves Peres Lima - REG 0022106\\\/MG\",\"isPartOf\":{\"@id\":\"https:\\\/\\\/newsofthelight.com.br\\\/#website\"},\"primaryImageOfPage\":{\"@id\":\"https:\\\/\\\/newsofthelight.com.br\\\/?p=6611#primaryimage\"},\"image\":{\"@id\":\"https:\\\/\\\/newsofthelight.com.br\\\/?p=6611#primaryimage\"},\"thumbnailUrl\":\"https:\\\/\\\/newsofthelight.com.br\\\/wp-content\\\/uploads\\\/2024\\\/11\\\/Sem-Titulo.png\",\"datePublished\":\"2024-11-13T00:41:49+00:00\",\"breadcrumb\":{\"@id\":\"https:\\\/\\\/newsofthelight.com.br\\\/?p=6611#breadcrumb\"},\"inLanguage\":\"pt-BR\",\"potentialAction\":[{\"@type\":\"ReadAction\",\"target\":[\"https:\\\/\\\/newsofthelight.com.br\\\/?p=6611\"]}]},{\"@type\":\"ImageObject\",\"inLanguage\":\"pt-BR\",\"@id\":\"https:\\\/\\\/newsofthelight.com.br\\\/?p=6611#primaryimage\",\"url\":\"https:\\\/\\\/newsofthelight.com.br\\\/wp-content\\\/uploads\\\/2024\\\/11\\\/Sem-Titulo.png\",\"contentUrl\":\"https:\\\/\\\/newsofthelight.com.br\\\/wp-content\\\/uploads\\\/2024\\\/11\\\/Sem-Titulo.png\",\"width\":501,\"height\":324},{\"@type\":\"BreadcrumbList\",\"@id\":\"https:\\\/\\\/newsofthelight.com.br\\\/?p=6611#breadcrumb\",\"itemListElement\":[{\"@type\":\"ListItem\",\"position\":1,\"name\":\"In\u00edcio\",\"item\":\"https:\\\/\\\/newsofthelight.com.br\\\/\"},{\"@type\":\"ListItem\",\"position\":2,\"name\":\"O Projeto 6&#215;1 de Erika Hilton: Uma Discuss\u00e3o sobre a Jornada de Trabalho no Brasil\"}]},{\"@type\":\"WebSite\",\"@id\":\"https:\\\/\\\/newsofthelight.com.br\\\/#website\",\"url\":\"https:\\\/\\\/newsofthelight.com.br\\\/\",\"name\":\"Autoria - Thiago Gomes Gon\u00e7alves Peres Lima - REG 0022106\\\/MG\",\"description\":\"Noticias na velocidade da luz\",\"publisher\":{\"@id\":\"https:\\\/\\\/newsofthelight.com.br\\\/#organization\"},\"potentialAction\":[{\"@type\":\"SearchAction\",\"target\":{\"@type\":\"EntryPoint\",\"urlTemplate\":\"https:\\\/\\\/newsofthelight.com.br\\\/?s={search_term_string}\"},\"query-input\":{\"@type\":\"PropertyValueSpecification\",\"valueRequired\":true,\"valueName\":\"search_term_string\"}}],\"inLanguage\":\"pt-BR\"},{\"@type\":\"Organization\",\"@id\":\"https:\\\/\\\/newsofthelight.com.br\\\/#organization\",\"name\":\"Autoria - Thiago Gomes Gon\u00e7alves Peres Lima - REG 0022106\\\/MG\",\"url\":\"https:\\\/\\\/newsofthelight.com.br\\\/\",\"logo\":{\"@type\":\"ImageObject\",\"inLanguage\":\"pt-BR\",\"@id\":\"https:\\\/\\\/newsofthelight.com.br\\\/#\\\/schema\\\/logo\\\/image\\\/\",\"url\":\"https:\\\/\\\/newsofthelight.com.br\\\/wp-content\\\/uploads\\\/2025\\\/06\\\/cropped-IMG_0217.png\",\"contentUrl\":\"https:\\\/\\\/newsofthelight.com.br\\\/wp-content\\\/uploads\\\/2025\\\/06\\\/cropped-IMG_0217.png\",\"width\":1177,\"height\":662,\"caption\":\"Autoria - Thiago Gomes Gon\u00e7alves Peres Lima - REG 0022106\\\/MG\"},\"image\":{\"@id\":\"https:\\\/\\\/newsofthelight.com.br\\\/#\\\/schema\\\/logo\\\/image\\\/\"},\"sameAs\":[\"https:\\\/\\\/www.instagram.com\\\/news_of_the_light_?igsh=b3Fwb2psamJzaXds\"]},{\"@type\":\"Person\",\"@id\":\"https:\\\/\\\/newsofthelight.com.br\\\/#\\\/schema\\\/person\\\/d4878034586ca0e04c11eac65b2f76f2\",\"name\":\"Thiago Peres\",\"image\":{\"@type\":\"ImageObject\",\"inLanguage\":\"pt-BR\",\"@id\":\"https:\\\/\\\/secure.gravatar.com\\\/avatar\\\/21d66f46d21d113e9d3dba092a500e64563ed2ed2c77db814dfc7be6345e3815?s=96&d=mm&r=g\",\"url\":\"https:\\\/\\\/secure.gravatar.com\\\/avatar\\\/21d66f46d21d113e9d3dba092a500e64563ed2ed2c77db814dfc7be6345e3815?s=96&d=mm&r=g\",\"contentUrl\":\"https:\\\/\\\/secure.gravatar.com\\\/avatar\\\/21d66f46d21d113e9d3dba092a500e64563ed2ed2c77db814dfc7be6345e3815?s=96&d=mm&r=g\",\"caption\":\"Thiago Peres\"},\"sameAs\":[\"http:\\\/\\\/newsofthelight.com.br\"],\"url\":\"https:\\\/\\\/newsofthelight.com.br\\\/?author=2\"}]}<\/script>\n<!-- \/ Yoast SEO plugin. -->","yoast_head_json":{"title":"O Projeto 6x1 de Erika Hilton: Uma Discuss\u00e3o sobre a Jornada de Trabalho no Brasil - Autoria - Thiago Gomes Gon\u00e7alves Peres Lima - REG 0022106\/MG","robots":{"index":"index","follow":"follow","max-snippet":"max-snippet:-1","max-image-preview":"max-image-preview:large","max-video-preview":"max-video-preview:-1"},"canonical":"https:\/\/newsofthelight.com.br\/?p=6611","og_locale":"pt_BR","og_type":"article","og_title":"O Projeto 6x1 de Erika Hilton: Uma Discuss\u00e3o sobre a Jornada de Trabalho no Brasil - Autoria - Thiago Gomes Gon\u00e7alves Peres Lima - REG 0022106\/MG","og_description":"A proposta da deputada federal Erika Hilton (PSOL-SP) para acabar com a jornada de trabalho 6&#215;1, estabelecendo uma jornada de 36 horas semanais, tem gerado um intenso debate no cen\u00e1rio pol\u00edtico e social brasileiro. A iniciativa, que busca reduzir a carga hor\u00e1ria e garantir mais tempo de descanso e lazer aos trabalhadores, apresenta tanto pontos","og_url":"https:\/\/newsofthelight.com.br\/?p=6611","og_site_name":"Autoria - Thiago Gomes Gon\u00e7alves Peres Lima - REG 0022106\/MG","article_published_time":"2024-11-13T00:41:49+00:00","og_image":[{"width":501,"height":324,"url":"https:\/\/newsofthelight.com.br\/wp-content\/uploads\/2024\/11\/Sem-Titulo.png","type":"image\/png"}],"author":"Thiago Peres","twitter_card":"summary_large_image","twitter_misc":{"Escrito por":"Thiago Peres","Est. tempo de leitura":"3 minutos"},"schema":{"@context":"https:\/\/schema.org","@graph":[{"@type":"Article","@id":"https:\/\/newsofthelight.com.br\/?p=6611#article","isPartOf":{"@id":"https:\/\/newsofthelight.com.br\/?p=6611"},"author":{"name":"Thiago Peres","@id":"https:\/\/newsofthelight.com.br\/#\/schema\/person\/d4878034586ca0e04c11eac65b2f76f2"},"headline":"O Projeto 6&#215;1 de Erika Hilton: Uma Discuss\u00e3o sobre a Jornada de Trabalho no Brasil","datePublished":"2024-11-13T00:41:49+00:00","mainEntityOfPage":{"@id":"https:\/\/newsofthelight.com.br\/?p=6611"},"wordCount":544,"commentCount":0,"publisher":{"@id":"https:\/\/newsofthelight.com.br\/#organization"},"image":{"@id":"https:\/\/newsofthelight.com.br\/?p=6611#primaryimage"},"thumbnailUrl":"https:\/\/newsofthelight.com.br\/wp-content\/uploads\/2024\/11\/Sem-Titulo.png","articleSection":["Economia","Pol\u00edtica"],"inLanguage":"pt-BR","potentialAction":[{"@type":"CommentAction","name":"Comment","target":["https:\/\/newsofthelight.com.br\/?p=6611#respond"]}]},{"@type":"WebPage","@id":"https:\/\/newsofthelight.com.br\/?p=6611","url":"https:\/\/newsofthelight.com.br\/?p=6611","name":"O Projeto 6x1 de Erika Hilton: Uma Discuss\u00e3o sobre a Jornada de Trabalho no Brasil - Autoria - Thiago Gomes Gon\u00e7alves Peres Lima - REG 0022106\/MG","isPartOf":{"@id":"https:\/\/newsofthelight.com.br\/#website"},"primaryImageOfPage":{"@id":"https:\/\/newsofthelight.com.br\/?p=6611#primaryimage"},"image":{"@id":"https:\/\/newsofthelight.com.br\/?p=6611#primaryimage"},"thumbnailUrl":"https:\/\/newsofthelight.com.br\/wp-content\/uploads\/2024\/11\/Sem-Titulo.png","datePublished":"2024-11-13T00:41:49+00:00","breadcrumb":{"@id":"https:\/\/newsofthelight.com.br\/?p=6611#breadcrumb"},"inLanguage":"pt-BR","potentialAction":[{"@type":"ReadAction","target":["https:\/\/newsofthelight.com.br\/?p=6611"]}]},{"@type":"ImageObject","inLanguage":"pt-BR","@id":"https:\/\/newsofthelight.com.br\/?p=6611#primaryimage","url":"https:\/\/newsofthelight.com.br\/wp-content\/uploads\/2024\/11\/Sem-Titulo.png","contentUrl":"https:\/\/newsofthelight.com.br\/wp-content\/uploads\/2024\/11\/Sem-Titulo.png","width":501,"height":324},{"@type":"BreadcrumbList","@id":"https:\/\/newsofthelight.com.br\/?p=6611#breadcrumb","itemListElement":[{"@type":"ListItem","position":1,"name":"In\u00edcio","item":"https:\/\/newsofthelight.com.br\/"},{"@type":"ListItem","position":2,"name":"O Projeto 6&#215;1 de Erika Hilton: Uma Discuss\u00e3o sobre a Jornada de Trabalho no Brasil"}]},{"@type":"WebSite","@id":"https:\/\/newsofthelight.com.br\/#website","url":"https:\/\/newsofthelight.com.br\/","name":"Autoria - Thiago Gomes Gon\u00e7alves Peres Lima - REG 0022106\/MG","description":"Noticias na velocidade da luz","publisher":{"@id":"https:\/\/newsofthelight.com.br\/#organization"},"potentialAction":[{"@type":"SearchAction","target":{"@type":"EntryPoint","urlTemplate":"https:\/\/newsofthelight.com.br\/?s={search_term_string}"},"query-input":{"@type":"PropertyValueSpecification","valueRequired":true,"valueName":"search_term_string"}}],"inLanguage":"pt-BR"},{"@type":"Organization","@id":"https:\/\/newsofthelight.com.br\/#organization","name":"Autoria - Thiago Gomes Gon\u00e7alves Peres Lima - REG 0022106\/MG","url":"https:\/\/newsofthelight.com.br\/","logo":{"@type":"ImageObject","inLanguage":"pt-BR","@id":"https:\/\/newsofthelight.com.br\/#\/schema\/logo\/image\/","url":"https:\/\/newsofthelight.com.br\/wp-content\/uploads\/2025\/06\/cropped-IMG_0217.png","contentUrl":"https:\/\/newsofthelight.com.br\/wp-content\/uploads\/2025\/06\/cropped-IMG_0217.png","width":1177,"height":662,"caption":"Autoria - Thiago Gomes Gon\u00e7alves Peres Lima - REG 0022106\/MG"},"image":{"@id":"https:\/\/newsofthelight.com.br\/#\/schema\/logo\/image\/"},"sameAs":["https:\/\/www.instagram.com\/news_of_the_light_?igsh=b3Fwb2psamJzaXds"]},{"@type":"Person","@id":"https:\/\/newsofthelight.com.br\/#\/schema\/person\/d4878034586ca0e04c11eac65b2f76f2","name":"Thiago Peres","image":{"@type":"ImageObject","inLanguage":"pt-BR","@id":"https:\/\/secure.gravatar.com\/avatar\/21d66f46d21d113e9d3dba092a500e64563ed2ed2c77db814dfc7be6345e3815?s=96&d=mm&r=g","url":"https:\/\/secure.gravatar.com\/avatar\/21d66f46d21d113e9d3dba092a500e64563ed2ed2c77db814dfc7be6345e3815?s=96&d=mm&r=g","contentUrl":"https:\/\/secure.gravatar.com\/avatar\/21d66f46d21d113e9d3dba092a500e64563ed2ed2c77db814dfc7be6345e3815?s=96&d=mm&r=g","caption":"Thiago Peres"},"sameAs":["http:\/\/newsofthelight.com.br"],"url":"https:\/\/newsofthelight.com.br\/?author=2"}]}},"jetpack_featured_media_url":"https:\/\/newsofthelight.com.br\/wp-content\/uploads\/2024\/11\/Sem-Titulo.png","jetpack_sharing_enabled":true,"jetpack-related-posts":[{"id":7266,"url":"https:\/\/newsofthelight.com.br\/?p=7266","url_meta":{"origin":6611,"position":0},"title":"Quaest diz que 70% dos parlamentares federais est\u00e3o contra o fim da escala 6X1","author":"Thiago Peres","date":"2 de julho de 2025","format":false,"excerpt":"Foto: Divulga\u00e7\u00e3o c\u00e2mara dos deputados De acordo com uma pesquisa de 203 delegados federais, 70% se op\u00f5em ao fim da escala 6x1, um modelo que fornece uma pausa ap\u00f3s seis dias de servi\u00e7o. A proposta, apresentada por Erika\u00a0 Hilton (PSOL-SP), quer estabelecer uma semana de trabalho de 36 horas com\u2026","rel":"","context":"Em &quot;Pol\u00edtica&quot;","block_context":{"text":"Pol\u00edtica","link":"https:\/\/newsofthelight.com.br\/?cat=36"},"img":{"alt_text":"","src":"https:\/\/i0.wp.com\/newsofthelight.com.br\/wp-content\/uploads\/2025\/07\/img_0520-1.jpg?resize=350%2C200&ssl=1","width":350,"height":200,"srcset":"https:\/\/i0.wp.com\/newsofthelight.com.br\/wp-content\/uploads\/2025\/07\/img_0520-1.jpg?resize=350%2C200&ssl=1 1x, https:\/\/i0.wp.com\/newsofthelight.com.br\/wp-content\/uploads\/2025\/07\/img_0520-1.jpg?resize=525%2C300&ssl=1 1.5x, https:\/\/i0.wp.com\/newsofthelight.com.br\/wp-content\/uploads\/2025\/07\/img_0520-1.jpg?resize=700%2C400&ssl=1 2x, https:\/\/i0.wp.com\/newsofthelight.com.br\/wp-content\/uploads\/2025\/07\/img_0520-1.jpg?resize=1050%2C600&ssl=1 3x"},"classes":[]},{"id":6615,"url":"https:\/\/newsofthelight.com.br\/?p=6615","url_meta":{"origin":6611,"position":1},"title":"O PEC para o final da viagem 6\u00d71 re\u00fane mais de 171 assinaturas e pode ser apresentado \u00e0 C\u00e2mara","author":"Thiago Peres","date":"13 de novembro de 2024","format":false,"excerpt":"A Proposta de Emenda \u00e0 Constitui\u00e7\u00e3o que prev\u00ea o fim da escala 6x1 atingiu o qu\u00f3rum necess\u00e1rio para iniciar a tramita\u00e7\u00e3o na C\u00e2mara. A autora do projeto \u00e9 a deputada federal Erika Hilton (PSOL-SP), que formalizou uma iniciativa do Movimento Vida Al\u00e9m do Trabalho (IVA), do vereador eleito no Rio\u2026","rel":"","context":"Em &quot;Pol\u00edtica&quot;","block_context":{"text":"Pol\u00edtica","link":"https:\/\/newsofthelight.com.br\/?cat=36"},"img":{"alt_text":"","src":"https:\/\/i0.wp.com\/newsofthelight.com.br\/wp-content\/uploads\/2024\/11\/img_5895.jpg?resize=350%2C200&ssl=1","width":350,"height":200},"classes":[]},{"id":7656,"url":"https:\/\/newsofthelight.com.br\/?p=7656","url_meta":{"origin":6611,"position":2},"title":"Nikolas Ferreira sugere rescis\u00e3o empresarial da escala 6&#215;1 para o governo","author":"Thiago Peres","date":"17 de abril de 2026","format":false,"excerpt":"Foto: Nikolas Ferreira Fonte: Pinterest Na quinta-feira, o congressista Nikolas Ferreira (PL-MG) anunciou que o PEC reduziria as horas de trabalho por semana de 44 horas para 40 horas, for\u00e7ando o governo a pagar isen\u00e7\u00f5es 6x1. Esta quest\u00e3o deve ser examinada por Paulo Azi (Uni\u00e3o-BA), relator da proposta do Comit\u00e9\u2026","rel":"","context":"Em &quot;Pol\u00edtica&quot;","block_context":{"text":"Pol\u00edtica","link":"https:\/\/newsofthelight.com.br\/?cat=36"},"img":{"alt_text":"","src":"https:\/\/i0.wp.com\/newsofthelight.com.br\/wp-content\/uploads\/2026\/04\/img_1356.jpg?resize=350%2C200&ssl=1","width":350,"height":200,"srcset":"https:\/\/i0.wp.com\/newsofthelight.com.br\/wp-content\/uploads\/2026\/04\/img_1356.jpg?resize=350%2C200&ssl=1 1x, https:\/\/i0.wp.com\/newsofthelight.com.br\/wp-content\/uploads\/2026\/04\/img_1356.jpg?resize=525%2C300&ssl=1 1.5x"},"classes":[]},{"id":7205,"url":"https:\/\/newsofthelight.com.br\/?p=7205","url_meta":{"origin":6611,"position":3},"title":"Erika Hilton \u00e9 acusada de nomear maquiadores como conselheiros pol\u00edticos na C\u00e2mara dos Representantes","author":"Thiago Peres","date":"25 de junho de 2025","format":false,"excerpt":"Foto: \u00c9rika Hilton Fonte: M\u00eddiasDigitais Erika Hilton representou o relat\u00f3rio criminal apresentado pela Procuradoria-Geral (PGR) e pelo Comit\u00ea de \u00c9tica da C\u00e2mara. Esta a\u00e7\u00e3o questionou a nomea\u00e7\u00e3o de dois maquiadores, Indi Montiel e Leonardo Haas, para serem nomeados conselheiros do Congresso para seu escrit\u00f3rio. De acordo com a reclama\u00e7\u00e3o, ambos\u2026","rel":"","context":"Em &quot;Pol\u00edtica&quot;","block_context":{"text":"Pol\u00edtica","link":"https:\/\/newsofthelight.com.br\/?cat=36"},"img":{"alt_text":"","src":"https:\/\/i0.wp.com\/newsofthelight.com.br\/wp-content\/uploads\/2025\/06\/img_0421-1.jpg?resize=350%2C200&ssl=1","width":350,"height":200,"srcset":"https:\/\/i0.wp.com\/newsofthelight.com.br\/wp-content\/uploads\/2025\/06\/img_0421-1.jpg?resize=350%2C200&ssl=1 1x, https:\/\/i0.wp.com\/newsofthelight.com.br\/wp-content\/uploads\/2025\/06\/img_0421-1.jpg?resize=525%2C300&ssl=1 1.5x, https:\/\/i0.wp.com\/newsofthelight.com.br\/wp-content\/uploads\/2025\/06\/img_0421-1.jpg?resize=700%2C400&ssl=1 2x, https:\/\/i0.wp.com\/newsofthelight.com.br\/wp-content\/uploads\/2025\/06\/img_0421-1.jpg?resize=1050%2C600&ssl=1 3x"},"classes":[]},{"id":7298,"url":"https:\/\/newsofthelight.com.br\/?p=7298","url_meta":{"origin":6611,"position":4},"title":"Devido \u00e0 falta de provas, a Justi\u00e7a se recusou a suspender o contrato de seguran\u00e7a de Erika Hilton","author":"Thiago Peres","date":"4 de julho de 2025","format":false,"excerpt":"Foto: Deputada \u00c9rika Hilton Fonte: Acervo Pessoal de \u00c9rika Hilton O tribunal federal anulou a liminar para suspender o acordo de seguran\u00e7a assinado pela deputada Erika Hilton (PSOL-SP) e Amanda Paschoal, (PSOL-SP) e MAPI. A decis\u00e3o, tomada na quarta-feira (2) pelo juiz Adverci Retz Mendes de Abreu, do 20\u00ba Tribunal\u2026","rel":"","context":"Em &quot;Pol\u00edtica&quot;","block_context":{"text":"Pol\u00edtica","link":"https:\/\/newsofthelight.com.br\/?cat=36"},"img":{"alt_text":"","src":"https:\/\/i0.wp.com\/newsofthelight.com.br\/wp-content\/uploads\/2025\/07\/img_0534-1.jpg?resize=350%2C200&ssl=1","width":350,"height":200,"srcset":"https:\/\/i0.wp.com\/newsofthelight.com.br\/wp-content\/uploads\/2025\/07\/img_0534-1.jpg?resize=350%2C200&ssl=1 1x, https:\/\/i0.wp.com\/newsofthelight.com.br\/wp-content\/uploads\/2025\/07\/img_0534-1.jpg?resize=525%2C300&ssl=1 1.5x, https:\/\/i0.wp.com\/newsofthelight.com.br\/wp-content\/uploads\/2025\/07\/img_0534-1.jpg?resize=700%2C400&ssl=1 2x, https:\/\/i0.wp.com\/newsofthelight.com.br\/wp-content\/uploads\/2025\/07\/img_0534-1.jpg?resize=1050%2C600&ssl=1 3x"},"classes":[]},{"id":7379,"url":"https:\/\/newsofthelight.com.br\/?p=7379","url_meta":{"origin":6611,"position":5},"title":"Nikolas refuta acusa\u00e7\u00f5es de contrata\u00e7\u00e3o&nbsp; de designer de sobrancelhas&nbsp;","author":"Thiago Peres","date":"9 de julho de 2025","format":false,"excerpt":"Foto: Reprodu\u00e7\u00e3o das m\u00eddias digitais de Nikolas Fereira Na ter\u00e7a-feira (7 de agosto), o deputado Nikolas Ferreira (PL-MG)\u00a0 negou a especula\u00e7\u00e3o da nomea\u00e7\u00e3o de um designer de sobrancelhas no seu gabinete em Bras\u00edlia (DF). Em um v\u00eddeo postado nas m\u00eddias sociais, o congressista refutou as cr\u00edticas aos oponentes e negou\u2026","rel":"","context":"Em &quot;Pol\u00edtica&quot;","block_context":{"text":"Pol\u00edtica","link":"https:\/\/newsofthelight.com.br\/?cat=36"},"img":{"alt_text":"","src":"https:\/\/i0.wp.com\/newsofthelight.com.br\/wp-content\/uploads\/2025\/07\/img_0582-1.jpg?resize=350%2C200&ssl=1","width":350,"height":200,"srcset":"https:\/\/i0.wp.com\/newsofthelight.com.br\/wp-content\/uploads\/2025\/07\/img_0582-1.jpg?resize=350%2C200&ssl=1 1x, https:\/\/i0.wp.com\/newsofthelight.com.br\/wp-content\/uploads\/2025\/07\/img_0582-1.jpg?resize=525%2C300&ssl=1 1.5x, https:\/\/i0.wp.com\/newsofthelight.com.br\/wp-content\/uploads\/2025\/07\/img_0582-1.jpg?resize=700%2C400&ssl=1 2x, https:\/\/i0.wp.com\/newsofthelight.com.br\/wp-content\/uploads\/2025\/07\/img_0582-1.jpg?resize=1050%2C600&ssl=1 3x"},"classes":[]}],"jetpack_shortlink":"https:\/\/wp.me\/peltaF-1ID","_links":{"self":[{"href":"https:\/\/newsofthelight.com.br\/index.php?rest_route=\/wp\/v2\/posts\/6611","targetHints":{"allow":["GET"]}}],"collection":[{"href":"https:\/\/newsofthelight.com.br\/index.php?rest_route=\/wp\/v2\/posts"}],"about":[{"href":"https:\/\/newsofthelight.com.br\/index.php?rest_route=\/wp\/v2\/types\/post"}],"author":[{"embeddable":true,"href":"https:\/\/newsofthelight.com.br\/index.php?rest_route=\/wp\/v2\/users\/2"}],"replies":[{"embeddable":true,"href":"https:\/\/newsofthelight.com.br\/index.php?rest_route=%2Fwp%2Fv2%2Fcomments&post=6611"}],"version-history":[{"count":1,"href":"https:\/\/newsofthelight.com.br\/index.php?rest_route=\/wp\/v2\/posts\/6611\/revisions"}],"predecessor-version":[{"id":6613,"href":"https:\/\/newsofthelight.com.br\/index.php?rest_route=\/wp\/v2\/posts\/6611\/revisions\/6613"}],"wp:featuredmedia":[{"embeddable":true,"href":"https:\/\/newsofthelight.com.br\/index.php?rest_route=\/wp\/v2\/media\/6612"}],"wp:attachment":[{"href":"https:\/\/newsofthelight.com.br\/index.php?rest_route=%2Fwp%2Fv2%2Fmedia&parent=6611"}],"wp:term":[{"taxonomy":"category","embeddable":true,"href":"https:\/\/newsofthelight.com.br\/index.php?rest_route=%2Fwp%2Fv2%2Fcategories&post=6611"},{"taxonomy":"post_tag","embeddable":true,"href":"https:\/\/newsofthelight.com.br\/index.php?rest_route=%2Fwp%2Fv2%2Ftags&post=6611"}],"curies":[{"name":"wp","href":"https:\/\/api.w.org\/{rel}","templated":true}]}}