{"id":6602,"date":"2024-09-17T21:13:20","date_gmt":"2024-09-18T00:13:20","guid":{"rendered":"https:\/\/newsofthelight.com.br\/?p=6602"},"modified":"2024-09-17T21:13:20","modified_gmt":"2024-09-18T00:13:20","slug":"instituto-quest-realiza-1-200-entrevistas-com-eleitores-entre-domingo-e-terca-feira-quando-ocorreu-o-episodio-de-cadeirada","status":"publish","type":"post","link":"https:\/\/newsofthelight.com.br\/?p=6602","title":{"rendered":"Instituto Quest realiza 1.200 entrevistas com eleitores entre domingo e ter\u00e7a-feira, quando ocorreu o epis\u00f3dio de cadeirada&nbsp;"},"content":{"rendered":"\n<p>Na quarta-feira, a Quest publicou os resultados de uma nova pesquisa sobre a inten\u00e7\u00e3o de voto pela prefeitura de S\u00e3o Paulo, um dia depois que os dois candidatos se reencontraram no debate RedeTV\/UOL. A pesquisa encomendada pela Globo TV mediu a inten\u00e7\u00e3o de voto ap\u00f3s o incidente entre o presidente Jos\u00e9 Luiz Datena (PSDB), Pablo Mar\u00e7al (PRTB), e o incidente que incendiou ambas as partes durante o debate cultural televisionado no \u00faltimo domingo.<\/p>\n\n\n\n<p>Na \u00faltima pesquisa, a inten\u00e7\u00e3o de voto do prefeito Ricardo Nunes (MDB) aumentou de 19% para 24%, 23% \u00e0 frente de Pablo Mar\u00e7al (PRTB) e 21% \u00e0 frente de Guilherme Boulos (PSOL). A c\u00e9dula de&nbsp; resultados capturaram o progresso feito por Nunes obtendo vantagem no tempo eleitoral na TV, somando 65% do tempo do candidato.<\/p>\n\n\n\n<p>Na semana passada, os novos resultados do Datafolha tamb\u00e9m foram divulgados, mostrando os diferentes comportamentos de desempenho de Mar\u00e7al. Na &#8220;Folha de S.&#8221;, a pesquisa de institutos relacionados a jornais, a pontua\u00e7\u00e3o de Mar\u00e7al \u00e9 de 19%, que \u00e9 oficialmente menor do que peemedebista (27%), e est\u00e1 na margem de erro com o psolista (25%).\u201d<\/p>\n","protected":false},"excerpt":{"rendered":"<p>Na quarta-feira, a Quest publicou os resultados de uma nova pesquisa sobre a inten\u00e7\u00e3o de voto pela prefeitura de S\u00e3o Paulo, um dia depois que os dois candidatos se reencontraram no debate RedeTV\/UOL. A pesquisa encomendada pela Globo TV mediu a inten\u00e7\u00e3o de voto ap\u00f3s o incidente entre o presidente Jos\u00e9 Luiz Datena (PSDB), Pablo<\/p>\n","protected":false},"author":2,"featured_media":6601,"comment_status":"closed","ping_status":"open","sticky":false,"template":"","format":"standard","meta":{"_jetpack_memberships_contains_paid_content":false,"footnotes":""},"categories":[36],"tags":[],"class_list":["post-6602","post","type-post","status-publish","format-standard","has-post-thumbnail","hentry","category-politica"],"yoast_head":"<!-- This site is optimized with the Yoast SEO plugin v27.5 - https:\/\/yoast.com\/product\/yoast-seo-wordpress\/ -->\n<title>Instituto Quest realiza 1.200 entrevistas com eleitores entre domingo e ter\u00e7a-feira, quando ocorreu o epis\u00f3dio de cadeirada&nbsp; - Autoria - Thiago Gomes Gon\u00e7alves Peres Lima - REG 0022106\/MG<\/title>\n<meta name=\"robots\" content=\"index, follow, max-snippet:-1, max-image-preview:large, max-video-preview:-1\" \/>\n<link rel=\"canonical\" href=\"https:\/\/newsofthelight.com.br\/?p=6602\" \/>\n<meta property=\"og:locale\" content=\"pt_BR\" \/>\n<meta property=\"og:type\" content=\"article\" \/>\n<meta property=\"og:title\" content=\"Instituto Quest realiza 1.200 entrevistas com eleitores entre domingo e ter\u00e7a-feira, quando ocorreu o epis\u00f3dio de cadeirada&nbsp; - Autoria - Thiago Gomes Gon\u00e7alves Peres Lima - REG 0022106\/MG\" \/>\n<meta property=\"og:description\" content=\"Na quarta-feira, a Quest publicou os resultados de uma nova pesquisa sobre a inten\u00e7\u00e3o de voto pela prefeitura de S\u00e3o Paulo, um dia depois que os dois candidatos se reencontraram no debate RedeTV\/UOL. A pesquisa encomendada pela Globo TV mediu a inten\u00e7\u00e3o de voto ap\u00f3s o incidente entre o presidente Jos\u00e9 Luiz Datena (PSDB), Pablo\" \/>\n<meta property=\"og:url\" content=\"https:\/\/newsofthelight.com.br\/?p=6602\" \/>\n<meta property=\"og:site_name\" content=\"Autoria - Thiago Gomes Gon\u00e7alves Peres Lima - REG 0022106\/MG\" \/>\n<meta property=\"article:published_time\" content=\"2024-09-18T00:13:20+00:00\" \/>\n<meta property=\"og:image\" content=\"https:\/\/newsofthelight.com.br\/wp-content\/uploads\/2024\/09\/img_5829.jpg\" \/>\n\t<meta property=\"og:image:width\" content=\"924\" \/>\n\t<meta property=\"og:image:height\" content=\"520\" \/>\n\t<meta property=\"og:image:type\" content=\"image\/jpeg\" \/>\n<meta name=\"author\" content=\"Thiago Peres\" \/>\n<meta name=\"twitter:card\" content=\"summary_large_image\" \/>\n<meta name=\"twitter:label1\" content=\"Escrito por\" \/>\n\t<meta name=\"twitter:data1\" content=\"Thiago Peres\" \/>\n\t<meta name=\"twitter:label2\" content=\"Est. tempo de leitura\" \/>\n\t<meta name=\"twitter:data2\" content=\"1 minuto\" \/>\n<script type=\"application\/ld+json\" class=\"yoast-schema-graph\">{\"@context\":\"https:\\\/\\\/schema.org\",\"@graph\":[{\"@type\":\"Article\",\"@id\":\"https:\\\/\\\/newsofthelight.com.br\\\/?p=6602#article\",\"isPartOf\":{\"@id\":\"https:\\\/\\\/newsofthelight.com.br\\\/?p=6602\"},\"author\":{\"name\":\"Thiago Peres\",\"@id\":\"https:\\\/\\\/newsofthelight.com.br\\\/#\\\/schema\\\/person\\\/d4878034586ca0e04c11eac65b2f76f2\"},\"headline\":\"Instituto Quest realiza 1.200 entrevistas com eleitores entre domingo e ter\u00e7a-feira, quando ocorreu o epis\u00f3dio de cadeirada&nbsp;\",\"datePublished\":\"2024-09-18T00:13:20+00:00\",\"mainEntityOfPage\":{\"@id\":\"https:\\\/\\\/newsofthelight.com.br\\\/?p=6602\"},\"wordCount\":204,\"publisher\":{\"@id\":\"https:\\\/\\\/newsofthelight.com.br\\\/#organization\"},\"image\":{\"@id\":\"https:\\\/\\\/newsofthelight.com.br\\\/?p=6602#primaryimage\"},\"thumbnailUrl\":\"https:\\\/\\\/newsofthelight.com.br\\\/wp-content\\\/uploads\\\/2024\\\/09\\\/img_5829.jpg\",\"articleSection\":[\"Pol\u00edtica\"],\"inLanguage\":\"pt-BR\"},{\"@type\":\"WebPage\",\"@id\":\"https:\\\/\\\/newsofthelight.com.br\\\/?p=6602\",\"url\":\"https:\\\/\\\/newsofthelight.com.br\\\/?p=6602\",\"name\":\"Instituto Quest realiza 1.200 entrevistas com eleitores entre domingo e ter\u00e7a-feira, quando ocorreu o epis\u00f3dio de cadeirada&nbsp; - Autoria - Thiago Gomes Gon\u00e7alves Peres Lima - REG 0022106\\\/MG\",\"isPartOf\":{\"@id\":\"https:\\\/\\\/newsofthelight.com.br\\\/#website\"},\"primaryImageOfPage\":{\"@id\":\"https:\\\/\\\/newsofthelight.com.br\\\/?p=6602#primaryimage\"},\"image\":{\"@id\":\"https:\\\/\\\/newsofthelight.com.br\\\/?p=6602#primaryimage\"},\"thumbnailUrl\":\"https:\\\/\\\/newsofthelight.com.br\\\/wp-content\\\/uploads\\\/2024\\\/09\\\/img_5829.jpg\",\"datePublished\":\"2024-09-18T00:13:20+00:00\",\"breadcrumb\":{\"@id\":\"https:\\\/\\\/newsofthelight.com.br\\\/?p=6602#breadcrumb\"},\"inLanguage\":\"pt-BR\",\"potentialAction\":[{\"@type\":\"ReadAction\",\"target\":[\"https:\\\/\\\/newsofthelight.com.br\\\/?p=6602\"]}]},{\"@type\":\"ImageObject\",\"inLanguage\":\"pt-BR\",\"@id\":\"https:\\\/\\\/newsofthelight.com.br\\\/?p=6602#primaryimage\",\"url\":\"https:\\\/\\\/newsofthelight.com.br\\\/wp-content\\\/uploads\\\/2024\\\/09\\\/img_5829.jpg\",\"contentUrl\":\"https:\\\/\\\/newsofthelight.com.br\\\/wp-content\\\/uploads\\\/2024\\\/09\\\/img_5829.jpg\",\"width\":924,\"height\":520},{\"@type\":\"BreadcrumbList\",\"@id\":\"https:\\\/\\\/newsofthelight.com.br\\\/?p=6602#breadcrumb\",\"itemListElement\":[{\"@type\":\"ListItem\",\"position\":1,\"name\":\"In\u00edcio\",\"item\":\"https:\\\/\\\/newsofthelight.com.br\\\/\"},{\"@type\":\"ListItem\",\"position\":2,\"name\":\"Instituto Quest realiza 1.200 entrevistas com eleitores entre domingo e ter\u00e7a-feira, quando ocorreu o epis\u00f3dio de cadeirada&nbsp;\"}]},{\"@type\":\"WebSite\",\"@id\":\"https:\\\/\\\/newsofthelight.com.br\\\/#website\",\"url\":\"https:\\\/\\\/newsofthelight.com.br\\\/\",\"name\":\"Autoria - Thiago Gomes Gon\u00e7alves Peres Lima - REG 0022106\\\/MG\",\"description\":\"Noticias na velocidade da luz\",\"publisher\":{\"@id\":\"https:\\\/\\\/newsofthelight.com.br\\\/#organization\"},\"potentialAction\":[{\"@type\":\"SearchAction\",\"target\":{\"@type\":\"EntryPoint\",\"urlTemplate\":\"https:\\\/\\\/newsofthelight.com.br\\\/?s={search_term_string}\"},\"query-input\":{\"@type\":\"PropertyValueSpecification\",\"valueRequired\":true,\"valueName\":\"search_term_string\"}}],\"inLanguage\":\"pt-BR\"},{\"@type\":\"Organization\",\"@id\":\"https:\\\/\\\/newsofthelight.com.br\\\/#organization\",\"name\":\"Autoria - Thiago Gomes Gon\u00e7alves Peres Lima - REG 0022106\\\/MG\",\"url\":\"https:\\\/\\\/newsofthelight.com.br\\\/\",\"logo\":{\"@type\":\"ImageObject\",\"inLanguage\":\"pt-BR\",\"@id\":\"https:\\\/\\\/newsofthelight.com.br\\\/#\\\/schema\\\/logo\\\/image\\\/\",\"url\":\"https:\\\/\\\/newsofthelight.com.br\\\/wp-content\\\/uploads\\\/2025\\\/06\\\/cropped-IMG_0217.png\",\"contentUrl\":\"https:\\\/\\\/newsofthelight.com.br\\\/wp-content\\\/uploads\\\/2025\\\/06\\\/cropped-IMG_0217.png\",\"width\":1177,\"height\":662,\"caption\":\"Autoria - Thiago Gomes Gon\u00e7alves Peres Lima - REG 0022106\\\/MG\"},\"image\":{\"@id\":\"https:\\\/\\\/newsofthelight.com.br\\\/#\\\/schema\\\/logo\\\/image\\\/\"},\"sameAs\":[\"https:\\\/\\\/www.instagram.com\\\/news_of_the_light_?igsh=b3Fwb2psamJzaXds\"]},{\"@type\":\"Person\",\"@id\":\"https:\\\/\\\/newsofthelight.com.br\\\/#\\\/schema\\\/person\\\/d4878034586ca0e04c11eac65b2f76f2\",\"name\":\"Thiago Peres\",\"image\":{\"@type\":\"ImageObject\",\"inLanguage\":\"pt-BR\",\"@id\":\"https:\\\/\\\/secure.gravatar.com\\\/avatar\\\/21d66f46d21d113e9d3dba092a500e64563ed2ed2c77db814dfc7be6345e3815?s=96&d=mm&r=g\",\"url\":\"https:\\\/\\\/secure.gravatar.com\\\/avatar\\\/21d66f46d21d113e9d3dba092a500e64563ed2ed2c77db814dfc7be6345e3815?s=96&d=mm&r=g\",\"contentUrl\":\"https:\\\/\\\/secure.gravatar.com\\\/avatar\\\/21d66f46d21d113e9d3dba092a500e64563ed2ed2c77db814dfc7be6345e3815?s=96&d=mm&r=g\",\"caption\":\"Thiago Peres\"},\"sameAs\":[\"http:\\\/\\\/newsofthelight.com.br\"],\"url\":\"https:\\\/\\\/newsofthelight.com.br\\\/?author=2\"}]}<\/script>\n<!-- \/ Yoast SEO plugin. -->","yoast_head_json":{"title":"Instituto Quest realiza 1.200 entrevistas com eleitores entre domingo e ter\u00e7a-feira, quando ocorreu o epis\u00f3dio de cadeirada&nbsp; - Autoria - Thiago Gomes Gon\u00e7alves Peres Lima - REG 0022106\/MG","robots":{"index":"index","follow":"follow","max-snippet":"max-snippet:-1","max-image-preview":"max-image-preview:large","max-video-preview":"max-video-preview:-1"},"canonical":"https:\/\/newsofthelight.com.br\/?p=6602","og_locale":"pt_BR","og_type":"article","og_title":"Instituto Quest realiza 1.200 entrevistas com eleitores entre domingo e ter\u00e7a-feira, quando ocorreu o epis\u00f3dio de cadeirada&nbsp; - Autoria - Thiago Gomes Gon\u00e7alves Peres Lima - REG 0022106\/MG","og_description":"Na quarta-feira, a Quest publicou os resultados de uma nova pesquisa sobre a inten\u00e7\u00e3o de voto pela prefeitura de S\u00e3o Paulo, um dia depois que os dois candidatos se reencontraram no debate RedeTV\/UOL. A pesquisa encomendada pela Globo TV mediu a inten\u00e7\u00e3o de voto ap\u00f3s o incidente entre o presidente Jos\u00e9 Luiz Datena (PSDB), Pablo","og_url":"https:\/\/newsofthelight.com.br\/?p=6602","og_site_name":"Autoria - Thiago Gomes Gon\u00e7alves Peres Lima - REG 0022106\/MG","article_published_time":"2024-09-18T00:13:20+00:00","og_image":[{"width":924,"height":520,"url":"https:\/\/newsofthelight.com.br\/wp-content\/uploads\/2024\/09\/img_5829.jpg","type":"image\/jpeg"}],"author":"Thiago Peres","twitter_card":"summary_large_image","twitter_misc":{"Escrito por":"Thiago Peres","Est. tempo de leitura":"1 minuto"},"schema":{"@context":"https:\/\/schema.org","@graph":[{"@type":"Article","@id":"https:\/\/newsofthelight.com.br\/?p=6602#article","isPartOf":{"@id":"https:\/\/newsofthelight.com.br\/?p=6602"},"author":{"name":"Thiago Peres","@id":"https:\/\/newsofthelight.com.br\/#\/schema\/person\/d4878034586ca0e04c11eac65b2f76f2"},"headline":"Instituto Quest realiza 1.200 entrevistas com eleitores entre domingo e ter\u00e7a-feira, quando ocorreu o epis\u00f3dio de cadeirada&nbsp;","datePublished":"2024-09-18T00:13:20+00:00","mainEntityOfPage":{"@id":"https:\/\/newsofthelight.com.br\/?p=6602"},"wordCount":204,"publisher":{"@id":"https:\/\/newsofthelight.com.br\/#organization"},"image":{"@id":"https:\/\/newsofthelight.com.br\/?p=6602#primaryimage"},"thumbnailUrl":"https:\/\/newsofthelight.com.br\/wp-content\/uploads\/2024\/09\/img_5829.jpg","articleSection":["Pol\u00edtica"],"inLanguage":"pt-BR"},{"@type":"WebPage","@id":"https:\/\/newsofthelight.com.br\/?p=6602","url":"https:\/\/newsofthelight.com.br\/?p=6602","name":"Instituto Quest realiza 1.200 entrevistas com eleitores entre domingo e ter\u00e7a-feira, quando ocorreu o epis\u00f3dio de cadeirada&nbsp; - Autoria - Thiago Gomes Gon\u00e7alves Peres Lima - REG 0022106\/MG","isPartOf":{"@id":"https:\/\/newsofthelight.com.br\/#website"},"primaryImageOfPage":{"@id":"https:\/\/newsofthelight.com.br\/?p=6602#primaryimage"},"image":{"@id":"https:\/\/newsofthelight.com.br\/?p=6602#primaryimage"},"thumbnailUrl":"https:\/\/newsofthelight.com.br\/wp-content\/uploads\/2024\/09\/img_5829.jpg","datePublished":"2024-09-18T00:13:20+00:00","breadcrumb":{"@id":"https:\/\/newsofthelight.com.br\/?p=6602#breadcrumb"},"inLanguage":"pt-BR","potentialAction":[{"@type":"ReadAction","target":["https:\/\/newsofthelight.com.br\/?p=6602"]}]},{"@type":"ImageObject","inLanguage":"pt-BR","@id":"https:\/\/newsofthelight.com.br\/?p=6602#primaryimage","url":"https:\/\/newsofthelight.com.br\/wp-content\/uploads\/2024\/09\/img_5829.jpg","contentUrl":"https:\/\/newsofthelight.com.br\/wp-content\/uploads\/2024\/09\/img_5829.jpg","width":924,"height":520},{"@type":"BreadcrumbList","@id":"https:\/\/newsofthelight.com.br\/?p=6602#breadcrumb","itemListElement":[{"@type":"ListItem","position":1,"name":"In\u00edcio","item":"https:\/\/newsofthelight.com.br\/"},{"@type":"ListItem","position":2,"name":"Instituto Quest realiza 1.200 entrevistas com eleitores entre domingo e ter\u00e7a-feira, quando ocorreu o epis\u00f3dio de cadeirada&nbsp;"}]},{"@type":"WebSite","@id":"https:\/\/newsofthelight.com.br\/#website","url":"https:\/\/newsofthelight.com.br\/","name":"Autoria - Thiago Gomes Gon\u00e7alves Peres Lima - REG 0022106\/MG","description":"Noticias na velocidade da luz","publisher":{"@id":"https:\/\/newsofthelight.com.br\/#organization"},"potentialAction":[{"@type":"SearchAction","target":{"@type":"EntryPoint","urlTemplate":"https:\/\/newsofthelight.com.br\/?s={search_term_string}"},"query-input":{"@type":"PropertyValueSpecification","valueRequired":true,"valueName":"search_term_string"}}],"inLanguage":"pt-BR"},{"@type":"Organization","@id":"https:\/\/newsofthelight.com.br\/#organization","name":"Autoria - Thiago Gomes Gon\u00e7alves Peres Lima - REG 0022106\/MG","url":"https:\/\/newsofthelight.com.br\/","logo":{"@type":"ImageObject","inLanguage":"pt-BR","@id":"https:\/\/newsofthelight.com.br\/#\/schema\/logo\/image\/","url":"https:\/\/newsofthelight.com.br\/wp-content\/uploads\/2025\/06\/cropped-IMG_0217.png","contentUrl":"https:\/\/newsofthelight.com.br\/wp-content\/uploads\/2025\/06\/cropped-IMG_0217.png","width":1177,"height":662,"caption":"Autoria - Thiago Gomes Gon\u00e7alves Peres Lima - REG 0022106\/MG"},"image":{"@id":"https:\/\/newsofthelight.com.br\/#\/schema\/logo\/image\/"},"sameAs":["https:\/\/www.instagram.com\/news_of_the_light_?igsh=b3Fwb2psamJzaXds"]},{"@type":"Person","@id":"https:\/\/newsofthelight.com.br\/#\/schema\/person\/d4878034586ca0e04c11eac65b2f76f2","name":"Thiago Peres","image":{"@type":"ImageObject","inLanguage":"pt-BR","@id":"https:\/\/secure.gravatar.com\/avatar\/21d66f46d21d113e9d3dba092a500e64563ed2ed2c77db814dfc7be6345e3815?s=96&d=mm&r=g","url":"https:\/\/secure.gravatar.com\/avatar\/21d66f46d21d113e9d3dba092a500e64563ed2ed2c77db814dfc7be6345e3815?s=96&d=mm&r=g","contentUrl":"https:\/\/secure.gravatar.com\/avatar\/21d66f46d21d113e9d3dba092a500e64563ed2ed2c77db814dfc7be6345e3815?s=96&d=mm&r=g","caption":"Thiago Peres"},"sameAs":["http:\/\/newsofthelight.com.br"],"url":"https:\/\/newsofthelight.com.br\/?author=2"}]}},"jetpack_featured_media_url":"https:\/\/newsofthelight.com.br\/wp-content\/uploads\/2024\/09\/img_5829.jpg","jetpack_sharing_enabled":true,"jetpack-related-posts":[{"id":6586,"url":"https:\/\/newsofthelight.com.br\/?p=6586","url_meta":{"origin":6602,"position":0},"title":"Datena n\u00e3o se arrepende de agress\u00e3o a Mar\u00e7al durante debate","author":"Thiago Peres","date":"16 de setembro de 2024","format":false,"excerpt":"Jos\u00e9 Luiz Datena (PSDB), o candidato a prefeito de S\u00e3o Paulo, disse que n\u00e3o se arrependeu de atacar seu oponente Pablo Mar\u00e7al (PRTB) no debate transmitido pela TV no \u00faltimo domingo (15). O incidente ocorreu depois que os candidatos acusaram ferozmente um ao outro. Durante o debate, Datena bateu em\u2026","rel":"","context":"Em &quot;Pol\u00edtica&quot;","block_context":{"text":"Pol\u00edtica","link":"https:\/\/newsofthelight.com.br\/?cat=36"},"img":{"alt_text":"","src":"https:\/\/i0.wp.com\/newsofthelight.com.br\/wp-content\/uploads\/2024\/09\/img_5823-1.jpg?resize=350%2C200&ssl=1","width":350,"height":200,"srcset":"https:\/\/i0.wp.com\/newsofthelight.com.br\/wp-content\/uploads\/2024\/09\/img_5823-1.jpg?resize=350%2C200&ssl=1 1x, https:\/\/i0.wp.com\/newsofthelight.com.br\/wp-content\/uploads\/2024\/09\/img_5823-1.jpg?resize=525%2C300&ssl=1 1.5x, https:\/\/i0.wp.com\/newsofthelight.com.br\/wp-content\/uploads\/2024\/09\/img_5823-1.jpg?resize=700%2C400&ssl=1 2x, https:\/\/i0.wp.com\/newsofthelight.com.br\/wp-content\/uploads\/2024\/09\/img_5823-1.jpg?resize=1050%2C600&ssl=1 3x"},"classes":[]},{"id":6268,"url":"https:\/\/newsofthelight.com.br\/?p=6268","url_meta":{"origin":6602,"position":1},"title":"&#8220;Bolsonarismo sem Bolsonaro&#8221;? Informa\u00e7\u00f5es sobre o que aconteceu depois de Pablo Mar\u00e7al e o ex-presidente trocarem  farpas","author":"Thiago Peres","date":"26 de agosto de 2024","format":false,"excerpt":"A disputa pela prefeitura de S\u00e3o Paulo nas elei\u00e7\u00f5es de outubro tornou-se um dilema improv\u00e1vel para Jair Bolsonaro e seu grupo pol\u00edtico. Embora o ex-presidente declarasse oficialmente seu apoio ao atual prefeito Ricardo Nunes (MDB), um nome dominou os coment\u00e1rios de seus apoiadores nas redes sociais: Pablo Mar\u00e7al, o candidato\u2026","rel":"","context":"Em &quot;Brasil&quot;","block_context":{"text":"Brasil","link":"https:\/\/newsofthelight.com.br\/?cat=38"},"img":{"alt_text":"","src":"https:\/\/i0.wp.com\/newsofthelight.com.br\/wp-content\/uploads\/2024\/08\/img_5710.jpg?resize=350%2C200&ssl=1","width":350,"height":200,"srcset":"https:\/\/i0.wp.com\/newsofthelight.com.br\/wp-content\/uploads\/2024\/08\/img_5710.jpg?resize=350%2C200&ssl=1 1x, https:\/\/i0.wp.com\/newsofthelight.com.br\/wp-content\/uploads\/2024\/08\/img_5710.jpg?resize=525%2C300&ssl=1 1.5x, https:\/\/i0.wp.com\/newsofthelight.com.br\/wp-content\/uploads\/2024\/08\/img_5710.jpg?resize=700%2C400&ssl=1 2x"},"classes":[]},{"id":6581,"url":"https:\/\/newsofthelight.com.br\/?p=6581","url_meta":{"origin":6602,"position":2},"title":"Mar\u00e7al tem costelas fraturadas e bra\u00e7o im\u00f3vel ap\u00f3s levar cadeirada de Datena","author":"Thiago Peres","date":"16 de setembro de 2024","format":false,"excerpt":"O candidato \u00e0 prefeitura de S\u00e3o Paulo pelo PRTB, Pablo Mar\u00e7al, quebrou as costelas ao ser agredido com uma cadeira por Jos\u00e9 Luis Datena (PSDB) durante debate televisionado transmitido pela TV Cultura na noite de domingo (15), informou. Mar\u00e7al foi levado ao Hospital S\u00edrio-Liban\u00eas, para onde retornou na segunda-feira (16).\u2026","rel":"","context":"Em &quot;Pol\u00edtica&quot;","block_context":{"text":"Pol\u00edtica","link":"https:\/\/newsofthelight.com.br\/?cat=36"},"img":{"alt_text":"","src":"https:\/\/i0.wp.com\/newsofthelight.com.br\/wp-content\/uploads\/2024\/09\/img_5821.jpg?resize=350%2C200&ssl=1","width":350,"height":200,"srcset":"https:\/\/i0.wp.com\/newsofthelight.com.br\/wp-content\/uploads\/2024\/09\/img_5821.jpg?resize=350%2C200&ssl=1 1x, https:\/\/i0.wp.com\/newsofthelight.com.br\/wp-content\/uploads\/2024\/09\/img_5821.jpg?resize=525%2C300&ssl=1 1.5x, https:\/\/i0.wp.com\/newsofthelight.com.br\/wp-content\/uploads\/2024\/09\/img_5821.jpg?resize=700%2C400&ssl=1 2x"},"classes":[]},{"id":6599,"url":"https:\/\/newsofthelight.com.br\/?p=6599","url_meta":{"origin":6602,"position":3},"title":"Datena bloqueia Mar\u00e7al ap\u00f3s mensagem matinal","author":"Thiago Peres","date":"17 de setembro de 2024","format":false,"excerpt":"Datena (PSDB) disse que recebeu uma mensagem na madrugada desta segunda-feira (16) de Pablo Mar\u00e7al (PRTB), seu advers\u00e1rio na elei\u00e7\u00e3o para prefeito de S\u00e3o Paulo. Segundo o blog de Natuza Nery do G1, ele finalmente bloqueou Mar\u00e7al\u00a0 no WhatsApp. A mensagem foi enviada poucas horas depois do jornalista agredir o\u2026","rel":"","context":"Em &quot;Pol\u00edtica&quot;","block_context":{"text":"Pol\u00edtica","link":"https:\/\/newsofthelight.com.br\/?cat=36"},"img":{"alt_text":"","src":"https:\/\/i0.wp.com\/newsofthelight.com.br\/wp-content\/uploads\/2024\/09\/img_5828.jpg?resize=350%2C200&ssl=1","width":350,"height":200,"srcset":"https:\/\/i0.wp.com\/newsofthelight.com.br\/wp-content\/uploads\/2024\/09\/img_5828.jpg?resize=350%2C200&ssl=1 1x, https:\/\/i0.wp.com\/newsofthelight.com.br\/wp-content\/uploads\/2024\/09\/img_5828.jpg?resize=525%2C300&ssl=1 1.5x, https:\/\/i0.wp.com\/newsofthelight.com.br\/wp-content\/uploads\/2024\/09\/img_5828.jpg?resize=700%2C400&ssl=1 2x, https:\/\/i0.wp.com\/newsofthelight.com.br\/wp-content\/uploads\/2024\/09\/img_5828.jpg?resize=1050%2C600&ssl=1 3x"},"classes":[]},{"id":6385,"url":"https:\/\/newsofthelight.com.br\/?p=6385","url_meta":{"origin":6602,"position":4},"title":"Um conjunto de acusa\u00e7\u00f5es, ep\u00edtetos e pedidos de respostas que caracterizaram o debate promovido pela TV Gazeta","author":"Thiago Peres","date":"2 de setembro de 2024","format":false,"excerpt":"Neste domingo,1\u00ba, todos os principais candidatos a prefeito de S\u00e3o Paulo voltaram ao debate da TV Gazeta em parceria com o canal MyNews. O prefeito Ricardo Nu\u00f1es (MDB), o congressista Guilherme Boulos (PSOL-SP) e o apresentador Jos\u00e9 Luiz Datena (PSDB,) s\u00e3o o ex-pastor Pablo Marzal (PRTB), entrei e voltei para\u2026","rel":"","context":"Em &quot;Brasil&quot;","block_context":{"text":"Brasil","link":"https:\/\/newsofthelight.com.br\/?cat=38"},"img":{"alt_text":"","src":"https:\/\/i0.wp.com\/newsofthelight.com.br\/wp-content\/uploads\/2024\/09\/IMG_5759.webp?resize=350%2C200&ssl=1","width":350,"height":200,"srcset":"https:\/\/i0.wp.com\/newsofthelight.com.br\/wp-content\/uploads\/2024\/09\/IMG_5759.webp?resize=350%2C200&ssl=1 1x, https:\/\/i0.wp.com\/newsofthelight.com.br\/wp-content\/uploads\/2024\/09\/IMG_5759.webp?resize=525%2C300&ssl=1 1.5x, https:\/\/i0.wp.com\/newsofthelight.com.br\/wp-content\/uploads\/2024\/09\/IMG_5759.webp?resize=700%2C400&ssl=1 2x"},"classes":[]},{"id":6256,"url":"https:\/\/newsofthelight.com.br\/?p=6256","url_meta":{"origin":6602,"position":5},"title":"Nikolas critica censura a Mar\u00e7al e afirma que Tabata \u00e9 \u201cdesequilibrada\u201d","author":"Thiago Peres","date":"25 de agosto de 2024","format":false,"excerpt":"O deputado Nikolas Ferreira (PL-MG) usou suas redes sociais neste s\u00e1bado (24) para condenar a censura imposta pela Justi\u00e7a ao candidato a prefeito de S\u00e3o Paulo, Pablo Mar\u00e7al (PRTB), e criticar \u00e0 T\u00e1bata Amaral (PSD), advers\u00e1ria do empres\u00e1rio na elei\u00e7\u00e3o na capital paulista e autora da a\u00e7\u00e3o que levou ao\u2026","rel":"","context":"Em &quot;Brasil&quot;","block_context":{"text":"Brasil","link":"https:\/\/newsofthelight.com.br\/?cat=38"},"img":{"alt_text":"","src":"https:\/\/i0.wp.com\/newsofthelight.com.br\/wp-content\/uploads\/2024\/08\/img_5708-1.jpg?resize=350%2C200&ssl=1","width":350,"height":200,"srcset":"https:\/\/i0.wp.com\/newsofthelight.com.br\/wp-content\/uploads\/2024\/08\/img_5708-1.jpg?resize=350%2C200&ssl=1 1x, https:\/\/i0.wp.com\/newsofthelight.com.br\/wp-content\/uploads\/2024\/08\/img_5708-1.jpg?resize=525%2C300&ssl=1 1.5x, https:\/\/i0.wp.com\/newsofthelight.com.br\/wp-content\/uploads\/2024\/08\/img_5708-1.jpg?resize=700%2C400&ssl=1 2x"},"classes":[]}],"jetpack_shortlink":"https:\/\/wp.me\/peltaF-1Iu","_links":{"self":[{"href":"https:\/\/newsofthelight.com.br\/index.php?rest_route=\/wp\/v2\/posts\/6602","targetHints":{"allow":["GET"]}}],"collection":[{"href":"https:\/\/newsofthelight.com.br\/index.php?rest_route=\/wp\/v2\/posts"}],"about":[{"href":"https:\/\/newsofthelight.com.br\/index.php?rest_route=\/wp\/v2\/types\/post"}],"author":[{"embeddable":true,"href":"https:\/\/newsofthelight.com.br\/index.php?rest_route=\/wp\/v2\/users\/2"}],"replies":[{"embeddable":true,"href":"https:\/\/newsofthelight.com.br\/index.php?rest_route=%2Fwp%2Fv2%2Fcomments&post=6602"}],"version-history":[{"count":1,"href":"https:\/\/newsofthelight.com.br\/index.php?rest_route=\/wp\/v2\/posts\/6602\/revisions"}],"predecessor-version":[{"id":6603,"href":"https:\/\/newsofthelight.com.br\/index.php?rest_route=\/wp\/v2\/posts\/6602\/revisions\/6603"}],"wp:featuredmedia":[{"embeddable":true,"href":"https:\/\/newsofthelight.com.br\/index.php?rest_route=\/wp\/v2\/media\/6601"}],"wp:attachment":[{"href":"https:\/\/newsofthelight.com.br\/index.php?rest_route=%2Fwp%2Fv2%2Fmedia&parent=6602"}],"wp:term":[{"taxonomy":"category","embeddable":true,"href":"https:\/\/newsofthelight.com.br\/index.php?rest_route=%2Fwp%2Fv2%2Fcategories&post=6602"},{"taxonomy":"post_tag","embeddable":true,"href":"https:\/\/newsofthelight.com.br\/index.php?rest_route=%2Fwp%2Fv2%2Ftags&post=6602"}],"curies":[{"name":"wp","href":"https:\/\/api.w.org\/{rel}","templated":true}]}}