{"id":6424,"date":"2024-09-03T15:56:22","date_gmt":"2024-09-03T18:56:22","guid":{"rendered":"https:\/\/newsofthelight.com.br\/?p=6424"},"modified":"2024-09-03T15:59:24","modified_gmt":"2024-09-03T18:59:24","slug":"a-economia-brasileira-cresce-14-no-segundo-trimestre-de-2024","status":"publish","type":"post","link":"https:\/\/newsofthelight.com.br\/?p=6424","title":{"rendered":"A economia brasileira cresce 1,4% no segundo trimestre de 2024"},"content":{"rendered":"<p>Em compara\u00e7\u00e3o com o mesmo trimestre do ano passado, o PIB aumentou 3,3%. O INE reviu tamb\u00e9m a sua previs\u00e3o de crescimento para o primeiro trimestre para 1,0%, face aos 0,8% anunciados anteriormente.<\/p>\n<p>Ante o mesmo trimestre do ano passado, o PIB cresceu 3,3%. O INE tamb\u00e9m revisou o crescimento do primeiro trimestre para 1,0%, ante 0,8% anunciado anteriormente.O crescimento econ\u00f3mico no segundo trimestre superou as expectativas do mercado, registrando um crescimento de 0,9%, de acordo com a estimativa m\u00e9dia de mais de 70 consultorias e institui\u00e7\u00f5es financeiras consultadas pelo jornal Valor Econ\u00f4mico.<\/p>\n<p>Esta \u00e9 uma boa not\u00edcia para o presidente Luis Inacio Lula da Silva (PT). Ele disse repetidamente que a economia alcan\u00e7ar\u00e1 um crescimento maior do que os especialistas preveem.<\/p>\n<p>Os executivos preveem que o PIB (o total de todos os bens e servi\u00e7os produzidos no pa\u00eds) aumentar\u00e1 2,5% este ano em compara\u00e7\u00e3o com o mercado, que prev\u00ea um crescimento de 2,46%. A analista do IBGE Rebeca Palis enfatizou o &#8220;fim do setor agr\u00edcola&#8221; no impulso econ\u00f4mico da \u00e9poca.<\/p>\n<p>&#8220;A ind\u00fastria se destacou neste trimestre, especialmente em eletricidade, g\u00e1s, \u00e1gua, esgoto, gest\u00e3o de res\u00edduos e atividades de constru\u00e7\u00e3o&#8221;, disse ele.<\/p>\n<p>Os analistas afirmaram que o aumento das despesas das fam\u00edlias e do governo contribuiu de forma semelhante para o investimento, impulsionado pela melhoria dos mercados de trabalho, pelas taxas de juro mais baixas e pela disponibilidade de cr\u00e9dito.<\/p>\n<p>A taxa de desemprego no Brasil desceu para 6,8% no trimestre acumulado de maio a julho, uma queda de 1,1 pontos percentuais face ao per\u00edodo hom\u00f3logo de 2023 (7,9%).<\/p>\n<p>Enquanto isso, a infla\u00e7\u00e3o subiu 0,38% em julho e atingiu os 4,50% em 12 meses, segundo dados do IBGE.<\/p>\n","protected":false},"excerpt":{"rendered":"<p>Em compara\u00e7\u00e3o com o mesmo trimestre do ano passado, o PIB aumentou 3,3%. O INE reviu tamb\u00e9m a sua previs\u00e3o de crescimento para o primeiro trimestre para 1,0%, face aos 0,8% anunciados anteriormente. Ante o mesmo trimestre do ano passado, o PIB cresceu 3,3%. O INE tamb\u00e9m revisou o crescimento do primeiro trimestre para 1,0%,<\/p>\n","protected":false},"author":2,"featured_media":6426,"comment_status":"open","ping_status":"open","sticky":false,"template":"","format":"standard","meta":{"_jetpack_memberships_contains_paid_content":false,"footnotes":""},"categories":[40],"tags":[],"class_list":["post-6424","post","type-post","status-publish","format-standard","has-post-thumbnail","hentry","category-economia"],"yoast_head":"<!-- This site is optimized with the Yoast SEO plugin v27.5 - https:\/\/yoast.com\/product\/yoast-seo-wordpress\/ -->\n<title>A economia brasileira cresce 1,4% no segundo trimestre de 2024 - Autoria - Thiago Gomes Gon\u00e7alves Peres Lima - REG 0022106\/MG<\/title>\n<meta name=\"robots\" content=\"index, follow, max-snippet:-1, max-image-preview:large, max-video-preview:-1\" \/>\n<link rel=\"canonical\" href=\"https:\/\/newsofthelight.com.br\/?p=6424\" \/>\n<meta property=\"og:locale\" content=\"pt_BR\" \/>\n<meta property=\"og:type\" content=\"article\" \/>\n<meta property=\"og:title\" content=\"A economia brasileira cresce 1,4% no segundo trimestre de 2024 - Autoria - Thiago Gomes Gon\u00e7alves Peres Lima - REG 0022106\/MG\" \/>\n<meta property=\"og:description\" content=\"Em compara\u00e7\u00e3o com o mesmo trimestre do ano passado, o PIB aumentou 3,3%. O INE reviu tamb\u00e9m a sua previs\u00e3o de crescimento para o primeiro trimestre para 1,0%, face aos 0,8% anunciados anteriormente. Ante o mesmo trimestre do ano passado, o PIB cresceu 3,3%. O INE tamb\u00e9m revisou o crescimento do primeiro trimestre para 1,0%,\" \/>\n<meta property=\"og:url\" content=\"https:\/\/newsofthelight.com.br\/?p=6424\" \/>\n<meta property=\"og:site_name\" content=\"Autoria - Thiago Gomes Gon\u00e7alves Peres Lima - REG 0022106\/MG\" \/>\n<meta property=\"article:published_time\" content=\"2024-09-03T18:56:22+00:00\" \/>\n<meta property=\"article:modified_time\" content=\"2024-09-03T18:59:24+00:00\" \/>\n<meta property=\"og:image\" content=\"https:\/\/newsofthelight.com.br\/wp-content\/uploads\/2024\/09\/money-cash-dollars-7881948.jpg\" \/>\n\t<meta property=\"og:image:width\" content=\"1280\" \/>\n\t<meta property=\"og:image:height\" content=\"878\" \/>\n\t<meta property=\"og:image:type\" content=\"image\/jpeg\" \/>\n<meta name=\"author\" content=\"Thiago Peres\" \/>\n<meta name=\"twitter:card\" content=\"summary_large_image\" \/>\n<meta name=\"twitter:label1\" content=\"Escrito por\" \/>\n\t<meta name=\"twitter:data1\" content=\"Thiago Peres\" \/>\n\t<meta name=\"twitter:label2\" content=\"Est. tempo de leitura\" \/>\n\t<meta name=\"twitter:data2\" content=\"1 minuto\" \/>\n<script type=\"application\/ld+json\" class=\"yoast-schema-graph\">{\"@context\":\"https:\\\/\\\/schema.org\",\"@graph\":[{\"@type\":\"Article\",\"@id\":\"https:\\\/\\\/newsofthelight.com.br\\\/?p=6424#article\",\"isPartOf\":{\"@id\":\"https:\\\/\\\/newsofthelight.com.br\\\/?p=6424\"},\"author\":{\"name\":\"Thiago Peres\",\"@id\":\"https:\\\/\\\/newsofthelight.com.br\\\/#\\\/schema\\\/person\\\/d4878034586ca0e04c11eac65b2f76f2\"},\"headline\":\"A economia brasileira cresce 1,4% no segundo trimestre de 2024\",\"datePublished\":\"2024-09-03T18:56:22+00:00\",\"dateModified\":\"2024-09-03T18:59:24+00:00\",\"mainEntityOfPage\":{\"@id\":\"https:\\\/\\\/newsofthelight.com.br\\\/?p=6424\"},\"wordCount\":294,\"commentCount\":0,\"publisher\":{\"@id\":\"https:\\\/\\\/newsofthelight.com.br\\\/#organization\"},\"image\":{\"@id\":\"https:\\\/\\\/newsofthelight.com.br\\\/?p=6424#primaryimage\"},\"thumbnailUrl\":\"https:\\\/\\\/newsofthelight.com.br\\\/wp-content\\\/uploads\\\/2024\\\/09\\\/money-cash-dollars-7881948.jpg\",\"articleSection\":[\"Economia\"],\"inLanguage\":\"pt-BR\",\"potentialAction\":[{\"@type\":\"CommentAction\",\"name\":\"Comment\",\"target\":[\"https:\\\/\\\/newsofthelight.com.br\\\/?p=6424#respond\"]}]},{\"@type\":\"WebPage\",\"@id\":\"https:\\\/\\\/newsofthelight.com.br\\\/?p=6424\",\"url\":\"https:\\\/\\\/newsofthelight.com.br\\\/?p=6424\",\"name\":\"A economia brasileira cresce 1,4% no segundo trimestre de 2024 - Autoria - Thiago Gomes Gon\u00e7alves Peres Lima - REG 0022106\\\/MG\",\"isPartOf\":{\"@id\":\"https:\\\/\\\/newsofthelight.com.br\\\/#website\"},\"primaryImageOfPage\":{\"@id\":\"https:\\\/\\\/newsofthelight.com.br\\\/?p=6424#primaryimage\"},\"image\":{\"@id\":\"https:\\\/\\\/newsofthelight.com.br\\\/?p=6424#primaryimage\"},\"thumbnailUrl\":\"https:\\\/\\\/newsofthelight.com.br\\\/wp-content\\\/uploads\\\/2024\\\/09\\\/money-cash-dollars-7881948.jpg\",\"datePublished\":\"2024-09-03T18:56:22+00:00\",\"dateModified\":\"2024-09-03T18:59:24+00:00\",\"breadcrumb\":{\"@id\":\"https:\\\/\\\/newsofthelight.com.br\\\/?p=6424#breadcrumb\"},\"inLanguage\":\"pt-BR\",\"potentialAction\":[{\"@type\":\"ReadAction\",\"target\":[\"https:\\\/\\\/newsofthelight.com.br\\\/?p=6424\"]}]},{\"@type\":\"ImageObject\",\"inLanguage\":\"pt-BR\",\"@id\":\"https:\\\/\\\/newsofthelight.com.br\\\/?p=6424#primaryimage\",\"url\":\"https:\\\/\\\/newsofthelight.com.br\\\/wp-content\\\/uploads\\\/2024\\\/09\\\/money-cash-dollars-7881948.jpg\",\"contentUrl\":\"https:\\\/\\\/newsofthelight.com.br\\\/wp-content\\\/uploads\\\/2024\\\/09\\\/money-cash-dollars-7881948.jpg\",\"width\":1280,\"height\":878,\"caption\":\"money, cash, dollars-7881948.jpg\"},{\"@type\":\"BreadcrumbList\",\"@id\":\"https:\\\/\\\/newsofthelight.com.br\\\/?p=6424#breadcrumb\",\"itemListElement\":[{\"@type\":\"ListItem\",\"position\":1,\"name\":\"In\u00edcio\",\"item\":\"https:\\\/\\\/newsofthelight.com.br\\\/\"},{\"@type\":\"ListItem\",\"position\":2,\"name\":\"A economia brasileira cresce 1,4% no segundo trimestre de 2024\"}]},{\"@type\":\"WebSite\",\"@id\":\"https:\\\/\\\/newsofthelight.com.br\\\/#website\",\"url\":\"https:\\\/\\\/newsofthelight.com.br\\\/\",\"name\":\"Autoria - Thiago Gomes Gon\u00e7alves Peres Lima - REG 0022106\\\/MG\",\"description\":\"Noticias na velocidade da luz\",\"publisher\":{\"@id\":\"https:\\\/\\\/newsofthelight.com.br\\\/#organization\"},\"potentialAction\":[{\"@type\":\"SearchAction\",\"target\":{\"@type\":\"EntryPoint\",\"urlTemplate\":\"https:\\\/\\\/newsofthelight.com.br\\\/?s={search_term_string}\"},\"query-input\":{\"@type\":\"PropertyValueSpecification\",\"valueRequired\":true,\"valueName\":\"search_term_string\"}}],\"inLanguage\":\"pt-BR\"},{\"@type\":\"Organization\",\"@id\":\"https:\\\/\\\/newsofthelight.com.br\\\/#organization\",\"name\":\"Autoria - Thiago Gomes Gon\u00e7alves Peres Lima - REG 0022106\\\/MG\",\"url\":\"https:\\\/\\\/newsofthelight.com.br\\\/\",\"logo\":{\"@type\":\"ImageObject\",\"inLanguage\":\"pt-BR\",\"@id\":\"https:\\\/\\\/newsofthelight.com.br\\\/#\\\/schema\\\/logo\\\/image\\\/\",\"url\":\"https:\\\/\\\/newsofthelight.com.br\\\/wp-content\\\/uploads\\\/2025\\\/06\\\/cropped-IMG_0217.png\",\"contentUrl\":\"https:\\\/\\\/newsofthelight.com.br\\\/wp-content\\\/uploads\\\/2025\\\/06\\\/cropped-IMG_0217.png\",\"width\":1177,\"height\":662,\"caption\":\"Autoria - Thiago Gomes Gon\u00e7alves Peres Lima - REG 0022106\\\/MG\"},\"image\":{\"@id\":\"https:\\\/\\\/newsofthelight.com.br\\\/#\\\/schema\\\/logo\\\/image\\\/\"},\"sameAs\":[\"https:\\\/\\\/www.instagram.com\\\/news_of_the_light_?igsh=b3Fwb2psamJzaXds\"]},{\"@type\":\"Person\",\"@id\":\"https:\\\/\\\/newsofthelight.com.br\\\/#\\\/schema\\\/person\\\/d4878034586ca0e04c11eac65b2f76f2\",\"name\":\"Thiago Peres\",\"image\":{\"@type\":\"ImageObject\",\"inLanguage\":\"pt-BR\",\"@id\":\"https:\\\/\\\/secure.gravatar.com\\\/avatar\\\/21d66f46d21d113e9d3dba092a500e64563ed2ed2c77db814dfc7be6345e3815?s=96&d=mm&r=g\",\"url\":\"https:\\\/\\\/secure.gravatar.com\\\/avatar\\\/21d66f46d21d113e9d3dba092a500e64563ed2ed2c77db814dfc7be6345e3815?s=96&d=mm&r=g\",\"contentUrl\":\"https:\\\/\\\/secure.gravatar.com\\\/avatar\\\/21d66f46d21d113e9d3dba092a500e64563ed2ed2c77db814dfc7be6345e3815?s=96&d=mm&r=g\",\"caption\":\"Thiago Peres\"},\"sameAs\":[\"http:\\\/\\\/newsofthelight.com.br\"],\"url\":\"https:\\\/\\\/newsofthelight.com.br\\\/?author=2\"}]}<\/script>\n<!-- \/ Yoast SEO plugin. -->","yoast_head_json":{"title":"A economia brasileira cresce 1,4% no segundo trimestre de 2024 - Autoria - Thiago Gomes Gon\u00e7alves Peres Lima - REG 0022106\/MG","robots":{"index":"index","follow":"follow","max-snippet":"max-snippet:-1","max-image-preview":"max-image-preview:large","max-video-preview":"max-video-preview:-1"},"canonical":"https:\/\/newsofthelight.com.br\/?p=6424","og_locale":"pt_BR","og_type":"article","og_title":"A economia brasileira cresce 1,4% no segundo trimestre de 2024 - Autoria - Thiago Gomes Gon\u00e7alves Peres Lima - REG 0022106\/MG","og_description":"Em compara\u00e7\u00e3o com o mesmo trimestre do ano passado, o PIB aumentou 3,3%. O INE reviu tamb\u00e9m a sua previs\u00e3o de crescimento para o primeiro trimestre para 1,0%, face aos 0,8% anunciados anteriormente. Ante o mesmo trimestre do ano passado, o PIB cresceu 3,3%. O INE tamb\u00e9m revisou o crescimento do primeiro trimestre para 1,0%,","og_url":"https:\/\/newsofthelight.com.br\/?p=6424","og_site_name":"Autoria - Thiago Gomes Gon\u00e7alves Peres Lima - REG 0022106\/MG","article_published_time":"2024-09-03T18:56:22+00:00","article_modified_time":"2024-09-03T18:59:24+00:00","og_image":[{"width":1280,"height":878,"url":"https:\/\/newsofthelight.com.br\/wp-content\/uploads\/2024\/09\/money-cash-dollars-7881948.jpg","type":"image\/jpeg"}],"author":"Thiago Peres","twitter_card":"summary_large_image","twitter_misc":{"Escrito por":"Thiago Peres","Est. tempo de leitura":"1 minuto"},"schema":{"@context":"https:\/\/schema.org","@graph":[{"@type":"Article","@id":"https:\/\/newsofthelight.com.br\/?p=6424#article","isPartOf":{"@id":"https:\/\/newsofthelight.com.br\/?p=6424"},"author":{"name":"Thiago Peres","@id":"https:\/\/newsofthelight.com.br\/#\/schema\/person\/d4878034586ca0e04c11eac65b2f76f2"},"headline":"A economia brasileira cresce 1,4% no segundo trimestre de 2024","datePublished":"2024-09-03T18:56:22+00:00","dateModified":"2024-09-03T18:59:24+00:00","mainEntityOfPage":{"@id":"https:\/\/newsofthelight.com.br\/?p=6424"},"wordCount":294,"commentCount":0,"publisher":{"@id":"https:\/\/newsofthelight.com.br\/#organization"},"image":{"@id":"https:\/\/newsofthelight.com.br\/?p=6424#primaryimage"},"thumbnailUrl":"https:\/\/newsofthelight.com.br\/wp-content\/uploads\/2024\/09\/money-cash-dollars-7881948.jpg","articleSection":["Economia"],"inLanguage":"pt-BR","potentialAction":[{"@type":"CommentAction","name":"Comment","target":["https:\/\/newsofthelight.com.br\/?p=6424#respond"]}]},{"@type":"WebPage","@id":"https:\/\/newsofthelight.com.br\/?p=6424","url":"https:\/\/newsofthelight.com.br\/?p=6424","name":"A economia brasileira cresce 1,4% no segundo trimestre de 2024 - Autoria - Thiago Gomes Gon\u00e7alves Peres Lima - REG 0022106\/MG","isPartOf":{"@id":"https:\/\/newsofthelight.com.br\/#website"},"primaryImageOfPage":{"@id":"https:\/\/newsofthelight.com.br\/?p=6424#primaryimage"},"image":{"@id":"https:\/\/newsofthelight.com.br\/?p=6424#primaryimage"},"thumbnailUrl":"https:\/\/newsofthelight.com.br\/wp-content\/uploads\/2024\/09\/money-cash-dollars-7881948.jpg","datePublished":"2024-09-03T18:56:22+00:00","dateModified":"2024-09-03T18:59:24+00:00","breadcrumb":{"@id":"https:\/\/newsofthelight.com.br\/?p=6424#breadcrumb"},"inLanguage":"pt-BR","potentialAction":[{"@type":"ReadAction","target":["https:\/\/newsofthelight.com.br\/?p=6424"]}]},{"@type":"ImageObject","inLanguage":"pt-BR","@id":"https:\/\/newsofthelight.com.br\/?p=6424#primaryimage","url":"https:\/\/newsofthelight.com.br\/wp-content\/uploads\/2024\/09\/money-cash-dollars-7881948.jpg","contentUrl":"https:\/\/newsofthelight.com.br\/wp-content\/uploads\/2024\/09\/money-cash-dollars-7881948.jpg","width":1280,"height":878,"caption":"money, cash, dollars-7881948.jpg"},{"@type":"BreadcrumbList","@id":"https:\/\/newsofthelight.com.br\/?p=6424#breadcrumb","itemListElement":[{"@type":"ListItem","position":1,"name":"In\u00edcio","item":"https:\/\/newsofthelight.com.br\/"},{"@type":"ListItem","position":2,"name":"A economia brasileira cresce 1,4% no segundo trimestre de 2024"}]},{"@type":"WebSite","@id":"https:\/\/newsofthelight.com.br\/#website","url":"https:\/\/newsofthelight.com.br\/","name":"Autoria - Thiago Gomes Gon\u00e7alves Peres Lima - REG 0022106\/MG","description":"Noticias na velocidade da luz","publisher":{"@id":"https:\/\/newsofthelight.com.br\/#organization"},"potentialAction":[{"@type":"SearchAction","target":{"@type":"EntryPoint","urlTemplate":"https:\/\/newsofthelight.com.br\/?s={search_term_string}"},"query-input":{"@type":"PropertyValueSpecification","valueRequired":true,"valueName":"search_term_string"}}],"inLanguage":"pt-BR"},{"@type":"Organization","@id":"https:\/\/newsofthelight.com.br\/#organization","name":"Autoria - Thiago Gomes Gon\u00e7alves Peres Lima - REG 0022106\/MG","url":"https:\/\/newsofthelight.com.br\/","logo":{"@type":"ImageObject","inLanguage":"pt-BR","@id":"https:\/\/newsofthelight.com.br\/#\/schema\/logo\/image\/","url":"https:\/\/newsofthelight.com.br\/wp-content\/uploads\/2025\/06\/cropped-IMG_0217.png","contentUrl":"https:\/\/newsofthelight.com.br\/wp-content\/uploads\/2025\/06\/cropped-IMG_0217.png","width":1177,"height":662,"caption":"Autoria - Thiago Gomes Gon\u00e7alves Peres Lima - REG 0022106\/MG"},"image":{"@id":"https:\/\/newsofthelight.com.br\/#\/schema\/logo\/image\/"},"sameAs":["https:\/\/www.instagram.com\/news_of_the_light_?igsh=b3Fwb2psamJzaXds"]},{"@type":"Person","@id":"https:\/\/newsofthelight.com.br\/#\/schema\/person\/d4878034586ca0e04c11eac65b2f76f2","name":"Thiago Peres","image":{"@type":"ImageObject","inLanguage":"pt-BR","@id":"https:\/\/secure.gravatar.com\/avatar\/21d66f46d21d113e9d3dba092a500e64563ed2ed2c77db814dfc7be6345e3815?s=96&d=mm&r=g","url":"https:\/\/secure.gravatar.com\/avatar\/21d66f46d21d113e9d3dba092a500e64563ed2ed2c77db814dfc7be6345e3815?s=96&d=mm&r=g","contentUrl":"https:\/\/secure.gravatar.com\/avatar\/21d66f46d21d113e9d3dba092a500e64563ed2ed2c77db814dfc7be6345e3815?s=96&d=mm&r=g","caption":"Thiago Peres"},"sameAs":["http:\/\/newsofthelight.com.br"],"url":"https:\/\/newsofthelight.com.br\/?author=2"}]}},"jetpack_featured_media_url":"https:\/\/newsofthelight.com.br\/wp-content\/uploads\/2024\/09\/money-cash-dollars-7881948.jpg","jetpack_sharing_enabled":true,"jetpack-related-posts":[{"id":6681,"url":"https:\/\/newsofthelight.com.br\/?p=6681","url_meta":{"origin":6424,"position":0},"title":"IBC-Br marca 109,9 pontos, sendo o n\u00edvel mais alto da s\u00e9rie BC","author":"Thiago Peres","date":"19 de maio de 2025","format":false,"excerpt":"Sob contratos financeiros rigorosos, a taxa de juros SELIC foi definida em um n\u00edvel fenomenal de 14,75% ao ano, mas a economia do pa\u00eds ainda \u00e9 forte e continua a se expandir. )'Os dados provam o desempenho do produto interno bruto (PIB) no primeiro trimestre de 2025. O monitor do\u2026","rel":"","context":"Em &quot;Brasil&quot;","block_context":{"text":"Brasil","link":"https:\/\/newsofthelight.com.br\/?cat=38"},"img":{"alt_text":"","src":"https:\/\/i0.wp.com\/newsofthelight.com.br\/wp-content\/uploads\/2025\/05\/img_0091-1.jpg?resize=350%2C200&ssl=1","width":350,"height":200,"srcset":"https:\/\/i0.wp.com\/newsofthelight.com.br\/wp-content\/uploads\/2025\/05\/img_0091-1.jpg?resize=350%2C200&ssl=1 1x, https:\/\/i0.wp.com\/newsofthelight.com.br\/wp-content\/uploads\/2025\/05\/img_0091-1.jpg?resize=525%2C300&ssl=1 1.5x, https:\/\/i0.wp.com\/newsofthelight.com.br\/wp-content\/uploads\/2025\/05\/img_0091-1.jpg?resize=700%2C400&ssl=1 2x"},"classes":[]},{"id":5390,"url":"https:\/\/newsofthelight.com.br\/?p=5390","url_meta":{"origin":6424,"position":1},"title":"An\u00e1lise da Economia Brasileira em 2023: Crescimento, Desafios e Perspectivas","author":"Thiago Peres","date":"29 de novembro de 2023","format":false,"excerpt":"A economia brasileira tem sido um assunto de grande interesse e debate em 2023. Segundo o Minist\u00e9rio da Fazenda, a economia do Brasil est\u00e1 prevista para crescer 3,2% em 2023. No entanto, a Organiza\u00e7\u00e3o para a Coopera\u00e7\u00e3o e Desenvolvimento Econ\u00f4mico (OCDE) projeta um crescimento do PIB real de apenas 1,7%.Rodrigo\u2026","rel":"","context":"Em &quot;Brasil&quot;","block_context":{"text":"Brasil","link":"https:\/\/newsofthelight.com.br\/?cat=38"},"img":{"alt_text":"","src":"https:\/\/i0.wp.com\/newsofthelight.com.br\/wp-content\/uploads\/2023\/11\/IMG_4993.jpeg?resize=350%2C200&ssl=1","width":350,"height":200,"srcset":"https:\/\/i0.wp.com\/newsofthelight.com.br\/wp-content\/uploads\/2023\/11\/IMG_4993.jpeg?resize=350%2C200&ssl=1 1x, https:\/\/i0.wp.com\/newsofthelight.com.br\/wp-content\/uploads\/2023\/11\/IMG_4993.jpeg?resize=525%2C300&ssl=1 1.5x, https:\/\/i0.wp.com\/newsofthelight.com.br\/wp-content\/uploads\/2023\/11\/IMG_4993.jpeg?resize=700%2C400&ssl=1 2x"},"classes":[]},{"id":2162,"url":"https:\/\/newsofthelight.com.br\/?p=2162","url_meta":{"origin":6424,"position":2},"title":"Magazine Luiza apresenta preju\u00edzo l\u00edquido de R$ 166,8 milh\u00f5es em 2022","author":"Thiago Peres","date":"11 de novembro de 2022","format":false,"excerpt":"As lojas do Magazine Luiza obteve uma queda de R$166,8 milh\u00f5es no terceiro trimestre de 2022. O preju\u00edzo foi de extremo contraste com o lucro de R$ 143,5 milh\u00f5es nesta mesma \u00e9poca no ano passado. O Ebitda ( do ingl\u00eas Lucros antes de juros, impostos, deprecia\u00e7\u00e3o e amortiza\u00e7\u00e3o), por sua\u2026","rel":"","context":"Em &quot;Brasil&quot;","block_context":{"text":"Brasil","link":"https:\/\/newsofthelight.com.br\/?cat=38"},"img":{"alt_text":"","src":"https:\/\/i0.wp.com\/newsofthelight.com.br\/wp-content\/uploads\/2022\/11\/C1DD0628-EFB8-4902-9D23-5F79AF7C4DA2.jpeg?resize=350%2C200&ssl=1","width":350,"height":200,"srcset":"https:\/\/i0.wp.com\/newsofthelight.com.br\/wp-content\/uploads\/2022\/11\/C1DD0628-EFB8-4902-9D23-5F79AF7C4DA2.jpeg?resize=350%2C200&ssl=1 1x, https:\/\/i0.wp.com\/newsofthelight.com.br\/wp-content\/uploads\/2022\/11\/C1DD0628-EFB8-4902-9D23-5F79AF7C4DA2.jpeg?resize=525%2C300&ssl=1 1.5x, https:\/\/i0.wp.com\/newsofthelight.com.br\/wp-content\/uploads\/2022\/11\/C1DD0628-EFB8-4902-9D23-5F79AF7C4DA2.jpeg?resize=700%2C400&ssl=1 2x"},"classes":[]},{"id":7434,"url":"https:\/\/newsofthelight.com.br\/?p=7434","url_meta":{"origin":6424,"position":3},"title":"O Minist\u00e9rio das Finan\u00e7as tem previs\u00e3o de aumentar o PIB para 2,5% ainda este ano","author":"Thiago Peres","date":"13 de julho de 2025","format":false,"excerpt":"Foto: Fernando Haddad Fonte: Pinterest O Minist\u00e9rio da Fazenda prev\u00ea que a economia brasileira crescer\u00e1 de 2,4% para 2,5% este ano. Esta \u00e9 uma previs\u00e3o publicada nas not\u00edcias macroecon\u00f4micas divulgadas pela Secretaria de Pol\u00edtica Econ\u00f4mica do Minist\u00e9rio das Finan\u00e7as na sexta-feira (11). Nos indicadores econ\u00f4micos, a previs\u00e3o do PIB (produto\u2026","rel":"","context":"Em &quot;Economia&quot;","block_context":{"text":"Economia","link":"https:\/\/newsofthelight.com.br\/?cat=40"},"img":{"alt_text":"","src":"https:\/\/i0.wp.com\/newsofthelight.com.br\/wp-content\/uploads\/2025\/07\/img_0636-1.jpg?resize=350%2C200&ssl=1","width":350,"height":200,"srcset":"https:\/\/i0.wp.com\/newsofthelight.com.br\/wp-content\/uploads\/2025\/07\/img_0636-1.jpg?resize=350%2C200&ssl=1 1x, https:\/\/i0.wp.com\/newsofthelight.com.br\/wp-content\/uploads\/2025\/07\/img_0636-1.jpg?resize=525%2C300&ssl=1 1.5x"},"classes":[]},{"id":5029,"url":"https:\/\/newsofthelight.com.br\/?p=5029","url_meta":{"origin":6424,"position":4},"title":"Cresce n\u00famero de moradores de rua na Grande S\u00e3o Paulo","author":"Thiago Peres","date":"10 de junho de 2023","format":false,"excerpt":"Segundo dados divulgados ontem pela Cad\u00fanico, o n\u00famero de pessoas em situa\u00e7\u00e3o de rua cresceu no m\u00eas de mar\u00e7o na grande S\u00e3o Paulo. De acordo com a pesquisa levantada pelo \u00f3rg\u00e3o do governo federal, o estado possui agora mais de 62 mil pessoas desabrigadas.Em compara\u00e7\u00e3o com o primeiro trimestre de\u2026","rel":"","context":"Em &quot;Economia&quot;","block_context":{"text":"Economia","link":"https:\/\/newsofthelight.com.br\/?cat=40"},"img":{"alt_text":"","src":"https:\/\/i0.wp.com\/newsofthelight.com.br\/wp-content\/uploads\/2023\/06\/IMG_4567.jpeg?resize=350%2C200&ssl=1","width":350,"height":200,"srcset":"https:\/\/i0.wp.com\/newsofthelight.com.br\/wp-content\/uploads\/2023\/06\/IMG_4567.jpeg?resize=350%2C200&ssl=1 1x, https:\/\/i0.wp.com\/newsofthelight.com.br\/wp-content\/uploads\/2023\/06\/IMG_4567.jpeg?resize=525%2C300&ssl=1 1.5x"},"classes":[]},{"id":5640,"url":"https:\/\/newsofthelight.com.br\/?p=5640","url_meta":{"origin":6424,"position":5},"title":"Economia 2024: Desafios e Expectativas","author":"Thiago Peres","date":"1 de janeiro de 2024","format":false,"excerpt":"Com a chegada de 2024 \u00e0s expectativas para uma melhora econ\u00f4mica no Brasil se tornam mais evidentes. As expectativas econ\u00f4micas para 2024 s\u00e3o promissoras, mas tamb\u00e9m apresentam desafios.O FMI prev\u00ea que o pa\u00eds se torne a 9\u00aa maior economia global, mas antecipa uma desacelera\u00e7\u00e3o leve, com um crescimento de 1,5%\u2026","rel":"","context":"Em &quot;Brasil&quot;","block_context":{"text":"Brasil","link":"https:\/\/newsofthelight.com.br\/?cat=38"},"img":{"alt_text":"","src":"https:\/\/i0.wp.com\/newsofthelight.com.br\/wp-content\/uploads\/2024\/01\/IMG_5201.jpeg?resize=350%2C200&ssl=1","width":350,"height":200,"srcset":"https:\/\/i0.wp.com\/newsofthelight.com.br\/wp-content\/uploads\/2024\/01\/IMG_5201.jpeg?resize=350%2C200&ssl=1 1x, https:\/\/i0.wp.com\/newsofthelight.com.br\/wp-content\/uploads\/2024\/01\/IMG_5201.jpeg?resize=525%2C300&ssl=1 1.5x, https:\/\/i0.wp.com\/newsofthelight.com.br\/wp-content\/uploads\/2024\/01\/IMG_5201.jpeg?resize=700%2C400&ssl=1 2x, https:\/\/i0.wp.com\/newsofthelight.com.br\/wp-content\/uploads\/2024\/01\/IMG_5201.jpeg?resize=1050%2C600&ssl=1 3x"},"classes":[]}],"jetpack_shortlink":"https:\/\/wp.me\/peltaF-1FC","_links":{"self":[{"href":"https:\/\/newsofthelight.com.br\/index.php?rest_route=\/wp\/v2\/posts\/6424","targetHints":{"allow":["GET"]}}],"collection":[{"href":"https:\/\/newsofthelight.com.br\/index.php?rest_route=\/wp\/v2\/posts"}],"about":[{"href":"https:\/\/newsofthelight.com.br\/index.php?rest_route=\/wp\/v2\/types\/post"}],"author":[{"embeddable":true,"href":"https:\/\/newsofthelight.com.br\/index.php?rest_route=\/wp\/v2\/users\/2"}],"replies":[{"embeddable":true,"href":"https:\/\/newsofthelight.com.br\/index.php?rest_route=%2Fwp%2Fv2%2Fcomments&post=6424"}],"version-history":[{"count":4,"href":"https:\/\/newsofthelight.com.br\/index.php?rest_route=\/wp\/v2\/posts\/6424\/revisions"}],"predecessor-version":[{"id":6429,"href":"https:\/\/newsofthelight.com.br\/index.php?rest_route=\/wp\/v2\/posts\/6424\/revisions\/6429"}],"wp:featuredmedia":[{"embeddable":true,"href":"https:\/\/newsofthelight.com.br\/index.php?rest_route=\/wp\/v2\/media\/6426"}],"wp:attachment":[{"href":"https:\/\/newsofthelight.com.br\/index.php?rest_route=%2Fwp%2Fv2%2Fmedia&parent=6424"}],"wp:term":[{"taxonomy":"category","embeddable":true,"href":"https:\/\/newsofthelight.com.br\/index.php?rest_route=%2Fwp%2Fv2%2Fcategories&post=6424"},{"taxonomy":"post_tag","embeddable":true,"href":"https:\/\/newsofthelight.com.br\/index.php?rest_route=%2Fwp%2Fv2%2Ftags&post=6424"}],"curies":[{"name":"wp","href":"https:\/\/api.w.org\/{rel}","templated":true}]}}