{"id":6278,"date":"2024-08-26T18:31:41","date_gmt":"2024-08-26T21:31:41","guid":{"rendered":"https:\/\/newsofthelight.com.br\/?p=6278"},"modified":"2024-08-26T18:31:41","modified_gmt":"2024-08-26T21:31:41","slug":"stf-realizara-audiencia-com-seis-ministros-de-lula-para-discutir-incendios-em-biomas-brasileiros","status":"publish","type":"post","link":"https:\/\/newsofthelight.com.br\/?p=6278","title":{"rendered":"STF realizar\u00e1 audi\u00eancia com seis ministros de Lula para discutir&nbsp; inc\u00eandios em biomas brasileiros&nbsp;"},"content":{"rendered":"\n<p>O Supremo Tribunal Federal (STF) realizar\u00e1 no dia 10 de setembro uma audi\u00eancia com seis ministros do governo Luiz In\u00e1cio Lula da Silva para discutir o desmatamento no Pantanal e na Amaz\u00f4nia.<\/p>\n\n\n\n<p>Participar\u00e3o o secret\u00e1rio da Justi\u00e7a, Ricardo Lewandowski, o secret\u00e1rio da Defesa, Jos\u00e9 M\u00facio, a secret\u00e1ria do Meio Ambiente, Marina Silva, a secret\u00e1ria dos Povos Ind\u00edgenas, S\u00f4nia Guajajara, o secret\u00e1rio de Desenvolvimento Agropecu\u00e1rio, Paulo Teixeira, e o procurador-geral da Uni\u00e3o, Jorge Messias.<\/p>\n\n\n\n<p>Essa data j\u00e1 estava marcada para 12 de agosto, antes do agravamento dos inc\u00eandios nas duas regi\u00f5es e no interior de S\u00e3o Paulo. Os reflexos do inc\u00eandio puderam ser sentidos em diversas cidades do pa\u00eds que vivenciaram intensa a\u00e7\u00e3o nos \u00faltimos dias.<\/p>\n\n\n\n<p>A audi\u00eancia \u00e9 o primeiro passo para estabelecer um plano de preven\u00e7\u00e3o e combate a inc\u00eandios no Pantanal e na Amaz\u00f4nia \u00e9 um programa para restaurar a capacidade operacional do Sistema Nacional de Preven\u00e7\u00e3o de Inc\u00eandios Florestais (Prevfogo).<\/p>\n\n\n\n<p>Em mar\u00e7o deste ano, o STF encarregou o governo federal de tomar uma s\u00e9rie de medidas para resolver o problema, como parte de uma das a\u00e7\u00f5es da chamada \u201cAgenda Verde\u201d.<\/p>\n\n\n\n<p>Embora a audi\u00eancia deva iniciar conversas com base no que foi decidido pela sess\u00e3o plen\u00e1ria da Suprema Corte, todas as partes esperam que mais medidas de emerg\u00eancia tamb\u00e9m sejam discutidas para limitar o cen\u00e1rio atual.<\/p>\n\n\n\n<p>O Procurador-Geral da Rep\u00fablica, Paulo Gonet, e o Ministro Herman Benjamin, Presidente da Suprema Corte (STJ) e Coordenador Geral da Vigil\u00e2ncia Ambiental do Judici\u00e1rio, tamb\u00e9m foram convocados.<\/p>\n","protected":false},"excerpt":{"rendered":"<p>O Supremo Tribunal Federal (STF) realizar\u00e1 no dia 10 de setembro uma audi\u00eancia com seis ministros do governo Luiz In\u00e1cio Lula da Silva para discutir o desmatamento no Pantanal e na Amaz\u00f4nia. Participar\u00e3o o secret\u00e1rio da Justi\u00e7a, Ricardo Lewandowski, o secret\u00e1rio da Defesa, Jos\u00e9 M\u00facio, a secret\u00e1ria do Meio Ambiente, Marina Silva, a secret\u00e1ria dos<\/p>\n","protected":false},"author":2,"featured_media":6277,"comment_status":"closed","ping_status":"open","sticky":false,"template":"","format":"standard","meta":{"_jetpack_memberships_contains_paid_content":false,"footnotes":""},"categories":[36],"tags":[],"class_list":["post-6278","post","type-post","status-publish","format-standard","has-post-thumbnail","hentry","category-politica"],"yoast_head":"<!-- This site is optimized with the Yoast SEO plugin v27.5 - https:\/\/yoast.com\/product\/yoast-seo-wordpress\/ -->\n<title>STF realizar\u00e1 audi\u00eancia com seis ministros de Lula para discutir&nbsp; inc\u00eandios em biomas brasileiros&nbsp; - Autoria - Thiago Gomes Gon\u00e7alves Peres Lima - REG 0022106\/MG<\/title>\n<meta name=\"robots\" content=\"index, follow, max-snippet:-1, max-image-preview:large, max-video-preview:-1\" \/>\n<link rel=\"canonical\" href=\"https:\/\/newsofthelight.com.br\/?p=6278\" \/>\n<meta property=\"og:locale\" content=\"pt_BR\" \/>\n<meta property=\"og:type\" content=\"article\" \/>\n<meta property=\"og:title\" content=\"STF realizar\u00e1 audi\u00eancia com seis ministros de Lula para discutir&nbsp; inc\u00eandios em biomas brasileiros&nbsp; - Autoria - Thiago Gomes Gon\u00e7alves Peres Lima - REG 0022106\/MG\" \/>\n<meta property=\"og:description\" content=\"O Supremo Tribunal Federal (STF) realizar\u00e1 no dia 10 de setembro uma audi\u00eancia com seis ministros do governo Luiz In\u00e1cio Lula da Silva para discutir o desmatamento no Pantanal e na Amaz\u00f4nia. Participar\u00e3o o secret\u00e1rio da Justi\u00e7a, Ricardo Lewandowski, o secret\u00e1rio da Defesa, Jos\u00e9 M\u00facio, a secret\u00e1ria do Meio Ambiente, Marina Silva, a secret\u00e1ria dos\" \/>\n<meta property=\"og:url\" content=\"https:\/\/newsofthelight.com.br\/?p=6278\" \/>\n<meta property=\"og:site_name\" content=\"Autoria - Thiago Gomes Gon\u00e7alves Peres Lima - REG 0022106\/MG\" \/>\n<meta property=\"article:published_time\" content=\"2024-08-26T21:31:41+00:00\" \/>\n<meta property=\"og:image\" content=\"https:\/\/newsofthelight.com.br\/wp-content\/uploads\/2024\/08\/img_5713.jpg\" \/>\n\t<meta property=\"og:image:width\" content=\"984\" \/>\n\t<meta property=\"og:image:height\" content=\"657\" \/>\n\t<meta property=\"og:image:type\" content=\"image\/jpeg\" \/>\n<meta name=\"author\" content=\"Thiago Peres\" \/>\n<meta name=\"twitter:card\" content=\"summary_large_image\" \/>\n<meta name=\"twitter:label1\" content=\"Escrito por\" \/>\n\t<meta name=\"twitter:data1\" content=\"Thiago Peres\" \/>\n\t<meta name=\"twitter:label2\" content=\"Est. tempo de leitura\" \/>\n\t<meta name=\"twitter:data2\" content=\"1 minuto\" \/>\n<script type=\"application\/ld+json\" class=\"yoast-schema-graph\">{\"@context\":\"https:\\\/\\\/schema.org\",\"@graph\":[{\"@type\":\"Article\",\"@id\":\"https:\\\/\\\/newsofthelight.com.br\\\/?p=6278#article\",\"isPartOf\":{\"@id\":\"https:\\\/\\\/newsofthelight.com.br\\\/?p=6278\"},\"author\":{\"name\":\"Thiago Peres\",\"@id\":\"https:\\\/\\\/newsofthelight.com.br\\\/#\\\/schema\\\/person\\\/d4878034586ca0e04c11eac65b2f76f2\"},\"headline\":\"STF realizar\u00e1 audi\u00eancia com seis ministros de Lula para discutir&nbsp; inc\u00eandios em biomas brasileiros&nbsp;\",\"datePublished\":\"2024-08-26T21:31:41+00:00\",\"mainEntityOfPage\":{\"@id\":\"https:\\\/\\\/newsofthelight.com.br\\\/?p=6278\"},\"wordCount\":299,\"publisher\":{\"@id\":\"https:\\\/\\\/newsofthelight.com.br\\\/#organization\"},\"image\":{\"@id\":\"https:\\\/\\\/newsofthelight.com.br\\\/?p=6278#primaryimage\"},\"thumbnailUrl\":\"https:\\\/\\\/newsofthelight.com.br\\\/wp-content\\\/uploads\\\/2024\\\/08\\\/img_5713.jpg\",\"articleSection\":[\"Pol\u00edtica\"],\"inLanguage\":\"pt-BR\"},{\"@type\":\"WebPage\",\"@id\":\"https:\\\/\\\/newsofthelight.com.br\\\/?p=6278\",\"url\":\"https:\\\/\\\/newsofthelight.com.br\\\/?p=6278\",\"name\":\"STF realizar\u00e1 audi\u00eancia com seis ministros de Lula para discutir&nbsp; inc\u00eandios em biomas brasileiros&nbsp; - Autoria - Thiago Gomes Gon\u00e7alves Peres Lima - REG 0022106\\\/MG\",\"isPartOf\":{\"@id\":\"https:\\\/\\\/newsofthelight.com.br\\\/#website\"},\"primaryImageOfPage\":{\"@id\":\"https:\\\/\\\/newsofthelight.com.br\\\/?p=6278#primaryimage\"},\"image\":{\"@id\":\"https:\\\/\\\/newsofthelight.com.br\\\/?p=6278#primaryimage\"},\"thumbnailUrl\":\"https:\\\/\\\/newsofthelight.com.br\\\/wp-content\\\/uploads\\\/2024\\\/08\\\/img_5713.jpg\",\"datePublished\":\"2024-08-26T21:31:41+00:00\",\"breadcrumb\":{\"@id\":\"https:\\\/\\\/newsofthelight.com.br\\\/?p=6278#breadcrumb\"},\"inLanguage\":\"pt-BR\",\"potentialAction\":[{\"@type\":\"ReadAction\",\"target\":[\"https:\\\/\\\/newsofthelight.com.br\\\/?p=6278\"]}]},{\"@type\":\"ImageObject\",\"inLanguage\":\"pt-BR\",\"@id\":\"https:\\\/\\\/newsofthelight.com.br\\\/?p=6278#primaryimage\",\"url\":\"https:\\\/\\\/newsofthelight.com.br\\\/wp-content\\\/uploads\\\/2024\\\/08\\\/img_5713.jpg\",\"contentUrl\":\"https:\\\/\\\/newsofthelight.com.br\\\/wp-content\\\/uploads\\\/2024\\\/08\\\/img_5713.jpg\",\"width\":984,\"height\":657},{\"@type\":\"BreadcrumbList\",\"@id\":\"https:\\\/\\\/newsofthelight.com.br\\\/?p=6278#breadcrumb\",\"itemListElement\":[{\"@type\":\"ListItem\",\"position\":1,\"name\":\"In\u00edcio\",\"item\":\"https:\\\/\\\/newsofthelight.com.br\\\/\"},{\"@type\":\"ListItem\",\"position\":2,\"name\":\"STF realizar\u00e1 audi\u00eancia com seis ministros de Lula para discutir&nbsp; inc\u00eandios em biomas brasileiros&nbsp;\"}]},{\"@type\":\"WebSite\",\"@id\":\"https:\\\/\\\/newsofthelight.com.br\\\/#website\",\"url\":\"https:\\\/\\\/newsofthelight.com.br\\\/\",\"name\":\"Autoria - Thiago Gomes Gon\u00e7alves Peres Lima - REG 0022106\\\/MG\",\"description\":\"Noticias na velocidade da luz\",\"publisher\":{\"@id\":\"https:\\\/\\\/newsofthelight.com.br\\\/#organization\"},\"potentialAction\":[{\"@type\":\"SearchAction\",\"target\":{\"@type\":\"EntryPoint\",\"urlTemplate\":\"https:\\\/\\\/newsofthelight.com.br\\\/?s={search_term_string}\"},\"query-input\":{\"@type\":\"PropertyValueSpecification\",\"valueRequired\":true,\"valueName\":\"search_term_string\"}}],\"inLanguage\":\"pt-BR\"},{\"@type\":\"Organization\",\"@id\":\"https:\\\/\\\/newsofthelight.com.br\\\/#organization\",\"name\":\"Autoria - Thiago Gomes Gon\u00e7alves Peres Lima - REG 0022106\\\/MG\",\"url\":\"https:\\\/\\\/newsofthelight.com.br\\\/\",\"logo\":{\"@type\":\"ImageObject\",\"inLanguage\":\"pt-BR\",\"@id\":\"https:\\\/\\\/newsofthelight.com.br\\\/#\\\/schema\\\/logo\\\/image\\\/\",\"url\":\"https:\\\/\\\/newsofthelight.com.br\\\/wp-content\\\/uploads\\\/2025\\\/06\\\/cropped-IMG_0217.png\",\"contentUrl\":\"https:\\\/\\\/newsofthelight.com.br\\\/wp-content\\\/uploads\\\/2025\\\/06\\\/cropped-IMG_0217.png\",\"width\":1177,\"height\":662,\"caption\":\"Autoria - Thiago Gomes Gon\u00e7alves Peres Lima - REG 0022106\\\/MG\"},\"image\":{\"@id\":\"https:\\\/\\\/newsofthelight.com.br\\\/#\\\/schema\\\/logo\\\/image\\\/\"},\"sameAs\":[\"https:\\\/\\\/www.instagram.com\\\/news_of_the_light_?igsh=b3Fwb2psamJzaXds\"]},{\"@type\":\"Person\",\"@id\":\"https:\\\/\\\/newsofthelight.com.br\\\/#\\\/schema\\\/person\\\/d4878034586ca0e04c11eac65b2f76f2\",\"name\":\"Thiago Peres\",\"image\":{\"@type\":\"ImageObject\",\"inLanguage\":\"pt-BR\",\"@id\":\"https:\\\/\\\/secure.gravatar.com\\\/avatar\\\/21d66f46d21d113e9d3dba092a500e64563ed2ed2c77db814dfc7be6345e3815?s=96&d=mm&r=g\",\"url\":\"https:\\\/\\\/secure.gravatar.com\\\/avatar\\\/21d66f46d21d113e9d3dba092a500e64563ed2ed2c77db814dfc7be6345e3815?s=96&d=mm&r=g\",\"contentUrl\":\"https:\\\/\\\/secure.gravatar.com\\\/avatar\\\/21d66f46d21d113e9d3dba092a500e64563ed2ed2c77db814dfc7be6345e3815?s=96&d=mm&r=g\",\"caption\":\"Thiago Peres\"},\"sameAs\":[\"http:\\\/\\\/newsofthelight.com.br\"],\"url\":\"https:\\\/\\\/newsofthelight.com.br\\\/?author=2\"}]}<\/script>\n<!-- \/ Yoast SEO plugin. -->","yoast_head_json":{"title":"STF realizar\u00e1 audi\u00eancia com seis ministros de Lula para discutir&nbsp; inc\u00eandios em biomas brasileiros&nbsp; - Autoria - Thiago Gomes Gon\u00e7alves Peres Lima - REG 0022106\/MG","robots":{"index":"index","follow":"follow","max-snippet":"max-snippet:-1","max-image-preview":"max-image-preview:large","max-video-preview":"max-video-preview:-1"},"canonical":"https:\/\/newsofthelight.com.br\/?p=6278","og_locale":"pt_BR","og_type":"article","og_title":"STF realizar\u00e1 audi\u00eancia com seis ministros de Lula para discutir&nbsp; inc\u00eandios em biomas brasileiros&nbsp; - Autoria - Thiago Gomes Gon\u00e7alves Peres Lima - REG 0022106\/MG","og_description":"O Supremo Tribunal Federal (STF) realizar\u00e1 no dia 10 de setembro uma audi\u00eancia com seis ministros do governo Luiz In\u00e1cio Lula da Silva para discutir o desmatamento no Pantanal e na Amaz\u00f4nia. Participar\u00e3o o secret\u00e1rio da Justi\u00e7a, Ricardo Lewandowski, o secret\u00e1rio da Defesa, Jos\u00e9 M\u00facio, a secret\u00e1ria do Meio Ambiente, Marina Silva, a secret\u00e1ria dos","og_url":"https:\/\/newsofthelight.com.br\/?p=6278","og_site_name":"Autoria - Thiago Gomes Gon\u00e7alves Peres Lima - REG 0022106\/MG","article_published_time":"2024-08-26T21:31:41+00:00","og_image":[{"width":984,"height":657,"url":"https:\/\/newsofthelight.com.br\/wp-content\/uploads\/2024\/08\/img_5713.jpg","type":"image\/jpeg"}],"author":"Thiago Peres","twitter_card":"summary_large_image","twitter_misc":{"Escrito por":"Thiago Peres","Est. tempo de leitura":"1 minuto"},"schema":{"@context":"https:\/\/schema.org","@graph":[{"@type":"Article","@id":"https:\/\/newsofthelight.com.br\/?p=6278#article","isPartOf":{"@id":"https:\/\/newsofthelight.com.br\/?p=6278"},"author":{"name":"Thiago Peres","@id":"https:\/\/newsofthelight.com.br\/#\/schema\/person\/d4878034586ca0e04c11eac65b2f76f2"},"headline":"STF realizar\u00e1 audi\u00eancia com seis ministros de Lula para discutir&nbsp; inc\u00eandios em biomas brasileiros&nbsp;","datePublished":"2024-08-26T21:31:41+00:00","mainEntityOfPage":{"@id":"https:\/\/newsofthelight.com.br\/?p=6278"},"wordCount":299,"publisher":{"@id":"https:\/\/newsofthelight.com.br\/#organization"},"image":{"@id":"https:\/\/newsofthelight.com.br\/?p=6278#primaryimage"},"thumbnailUrl":"https:\/\/newsofthelight.com.br\/wp-content\/uploads\/2024\/08\/img_5713.jpg","articleSection":["Pol\u00edtica"],"inLanguage":"pt-BR"},{"@type":"WebPage","@id":"https:\/\/newsofthelight.com.br\/?p=6278","url":"https:\/\/newsofthelight.com.br\/?p=6278","name":"STF realizar\u00e1 audi\u00eancia com seis ministros de Lula para discutir&nbsp; inc\u00eandios em biomas brasileiros&nbsp; - Autoria - Thiago Gomes Gon\u00e7alves Peres Lima - REG 0022106\/MG","isPartOf":{"@id":"https:\/\/newsofthelight.com.br\/#website"},"primaryImageOfPage":{"@id":"https:\/\/newsofthelight.com.br\/?p=6278#primaryimage"},"image":{"@id":"https:\/\/newsofthelight.com.br\/?p=6278#primaryimage"},"thumbnailUrl":"https:\/\/newsofthelight.com.br\/wp-content\/uploads\/2024\/08\/img_5713.jpg","datePublished":"2024-08-26T21:31:41+00:00","breadcrumb":{"@id":"https:\/\/newsofthelight.com.br\/?p=6278#breadcrumb"},"inLanguage":"pt-BR","potentialAction":[{"@type":"ReadAction","target":["https:\/\/newsofthelight.com.br\/?p=6278"]}]},{"@type":"ImageObject","inLanguage":"pt-BR","@id":"https:\/\/newsofthelight.com.br\/?p=6278#primaryimage","url":"https:\/\/newsofthelight.com.br\/wp-content\/uploads\/2024\/08\/img_5713.jpg","contentUrl":"https:\/\/newsofthelight.com.br\/wp-content\/uploads\/2024\/08\/img_5713.jpg","width":984,"height":657},{"@type":"BreadcrumbList","@id":"https:\/\/newsofthelight.com.br\/?p=6278#breadcrumb","itemListElement":[{"@type":"ListItem","position":1,"name":"In\u00edcio","item":"https:\/\/newsofthelight.com.br\/"},{"@type":"ListItem","position":2,"name":"STF realizar\u00e1 audi\u00eancia com seis ministros de Lula para discutir&nbsp; inc\u00eandios em biomas brasileiros&nbsp;"}]},{"@type":"WebSite","@id":"https:\/\/newsofthelight.com.br\/#website","url":"https:\/\/newsofthelight.com.br\/","name":"Autoria - Thiago Gomes Gon\u00e7alves Peres Lima - REG 0022106\/MG","description":"Noticias na velocidade da luz","publisher":{"@id":"https:\/\/newsofthelight.com.br\/#organization"},"potentialAction":[{"@type":"SearchAction","target":{"@type":"EntryPoint","urlTemplate":"https:\/\/newsofthelight.com.br\/?s={search_term_string}"},"query-input":{"@type":"PropertyValueSpecification","valueRequired":true,"valueName":"search_term_string"}}],"inLanguage":"pt-BR"},{"@type":"Organization","@id":"https:\/\/newsofthelight.com.br\/#organization","name":"Autoria - Thiago Gomes Gon\u00e7alves Peres Lima - REG 0022106\/MG","url":"https:\/\/newsofthelight.com.br\/","logo":{"@type":"ImageObject","inLanguage":"pt-BR","@id":"https:\/\/newsofthelight.com.br\/#\/schema\/logo\/image\/","url":"https:\/\/newsofthelight.com.br\/wp-content\/uploads\/2025\/06\/cropped-IMG_0217.png","contentUrl":"https:\/\/newsofthelight.com.br\/wp-content\/uploads\/2025\/06\/cropped-IMG_0217.png","width":1177,"height":662,"caption":"Autoria - Thiago Gomes Gon\u00e7alves Peres Lima - REG 0022106\/MG"},"image":{"@id":"https:\/\/newsofthelight.com.br\/#\/schema\/logo\/image\/"},"sameAs":["https:\/\/www.instagram.com\/news_of_the_light_?igsh=b3Fwb2psamJzaXds"]},{"@type":"Person","@id":"https:\/\/newsofthelight.com.br\/#\/schema\/person\/d4878034586ca0e04c11eac65b2f76f2","name":"Thiago Peres","image":{"@type":"ImageObject","inLanguage":"pt-BR","@id":"https:\/\/secure.gravatar.com\/avatar\/21d66f46d21d113e9d3dba092a500e64563ed2ed2c77db814dfc7be6345e3815?s=96&d=mm&r=g","url":"https:\/\/secure.gravatar.com\/avatar\/21d66f46d21d113e9d3dba092a500e64563ed2ed2c77db814dfc7be6345e3815?s=96&d=mm&r=g","contentUrl":"https:\/\/secure.gravatar.com\/avatar\/21d66f46d21d113e9d3dba092a500e64563ed2ed2c77db814dfc7be6345e3815?s=96&d=mm&r=g","caption":"Thiago Peres"},"sameAs":["http:\/\/newsofthelight.com.br"],"url":"https:\/\/newsofthelight.com.br\/?author=2"}]}},"jetpack_featured_media_url":"https:\/\/newsofthelight.com.br\/wp-content\/uploads\/2024\/08\/img_5713.jpg","jetpack_sharing_enabled":true,"jetpack-related-posts":[{"id":7045,"url":"https:\/\/newsofthelight.com.br\/?p=7045","url_meta":{"origin":6278,"position":0},"title":"Suprema Corte inicia audi\u00eancias contra suposta tentativa de golpe de Bolsonaro","author":"Thiago Peres","date":"9 de junho de 2025","format":false,"excerpt":"Foto: Reprodu\u00e7\u00e3o do julgamento O Supremo Tribunal Federal (STF) deu in\u00edcio, esta ter\u00e7a-feira (9), \u00e0s 14h00, \u00e0 primeira audi\u00eancia das acusa\u00e7\u00f5es de corrup\u00e7\u00e3o contra o Governo do ex-Presidente Jair Bolsonaro (PL). Entre os dias 9 e 13 de junho, ser\u00e3o ouvidos, um a um, o ministro do Processo Penal Alexandre\u2026","rel":"","context":"Em &quot;Brasil&quot;","block_context":{"text":"Brasil","link":"https:\/\/newsofthelight.com.br\/?cat=38"},"img":{"alt_text":"","src":"https:\/\/i0.wp.com\/newsofthelight.com.br\/wp-content\/uploads\/2025\/06\/53952387558_1e353677e4_k-600x350.jpg.webp?resize=350%2C200&ssl=1","width":350,"height":200,"srcset":"https:\/\/i0.wp.com\/newsofthelight.com.br\/wp-content\/uploads\/2025\/06\/53952387558_1e353677e4_k-600x350.jpg.webp?resize=350%2C200&ssl=1 1x, https:\/\/i0.wp.com\/newsofthelight.com.br\/wp-content\/uploads\/2025\/06\/53952387558_1e353677e4_k-600x350.jpg.webp?resize=525%2C300&ssl=1 1.5x"},"classes":[]},{"id":7197,"url":"https:\/\/newsofthelight.com.br\/?p=7197","url_meta":{"origin":6278,"position":1},"title":"Braga Netto e Mauro Cid tem acarea\u00e7\u00e3o sem acesso p\u00fablico&nbsp;","author":"Thiago Peres","date":"24 de junho de 2025","format":false,"excerpt":"Mauro Cid e Braga Netto\u00a0Foto: Ton Molina\/STF \/\/ Isac N\u00f3brega\/PR Na ter\u00e7a-feira (24), o ministro do Supremo Tribunal Federal (STF) Alexandre de Moraes admitiu na ter\u00e7a-feira (24) que a equipe de defesa do ex-presidente Jair Bolsonaro (PL) tenha acesso ao contexto de a\u00e7\u00f5es para investigar a tentativa de golpe. O\u2026","rel":"","context":"Em &quot;Brasil&quot;","block_context":{"text":"Brasil","link":"https:\/\/newsofthelight.com.br\/?cat=38"},"img":{"alt_text":"","src":"https:\/\/i0.wp.com\/newsofthelight.com.br\/wp-content\/uploads\/2025\/06\/img_0414.jpg?resize=350%2C200&ssl=1","width":350,"height":200,"srcset":"https:\/\/i0.wp.com\/newsofthelight.com.br\/wp-content\/uploads\/2025\/06\/img_0414.jpg?resize=350%2C200&ssl=1 1x, https:\/\/i0.wp.com\/newsofthelight.com.br\/wp-content\/uploads\/2025\/06\/img_0414.jpg?resize=525%2C300&ssl=1 1.5x, https:\/\/i0.wp.com\/newsofthelight.com.br\/wp-content\/uploads\/2025\/06\/img_0414.jpg?resize=700%2C400&ssl=1 2x, https:\/\/i0.wp.com\/newsofthelight.com.br\/wp-content\/uploads\/2025\/06\/img_0414.jpg?resize=1050%2C600&ssl=1 3x"},"classes":[]},{"id":6669,"url":"https:\/\/newsofthelight.com.br\/?p=6669","url_meta":{"origin":6278,"position":2},"title":"Ministro Considera Dados Inalterados Apesar do Pedido de An\u00e1lise Adicional do Ex-Presidente","author":"Thiago Peres","date":"18 de maio de 2025","format":false,"excerpt":"O presidente do Supremo Tribunal Federal (STF), Alexandre de Morais, rejeitou um pedido da defesa do ex-Presidente Jair Bolsonaro (PL) para adiar a audi\u00e7\u00e3o de testemunhas no processo-crime que investiga a alegada tentativa de golpe. A audi\u00eancia das testemunhas do N\u00facleo 1 est\u00e1 marcada para come\u00e7ar na pr\u00f3xima segunda-feira (19).\u2026","rel":"","context":"Em &quot;Brasil&quot;","block_context":{"text":"Brasil","link":"https:\/\/newsofthelight.com.br\/?cat=38"},"img":{"alt_text":"","src":"","width":0,"height":0},"classes":[]},{"id":5439,"url":"https:\/\/newsofthelight.com.br\/?p=5439","url_meta":{"origin":6278,"position":3},"title":"A Viagem do Presidente Lula \u00e0 Alemanha: Uma Perspectiva Cr\u00edtica sobre Diplomacia e Parcerias Internacionais","author":"Thiago Peres","date":"6 de dezembro de 2023","format":false,"excerpt":"Na ter\u00e7a-feira, 5, o presidente Luiz In\u00e1cio Lula da Silva (PT) havia inovado durante sua transmiss\u00e3o ao vivo semanal \"Conversa com o Presidente\". Em vez de ser entrevistado, ele havia criado um segmento entrevistando dez ministros de seu governo. A edi\u00e7\u00e3o, que foi gravada em Berlim, na Alemanha, serviu como\u2026","rel":"","context":"Em &quot;Pol\u00edtica&quot;","block_context":{"text":"Pol\u00edtica","link":"https:\/\/newsofthelight.com.br\/?cat=36"},"img":{"alt_text":"","src":"https:\/\/i0.wp.com\/newsofthelight.com.br\/wp-content\/uploads\/2023\/12\/IMG_5043.jpeg?resize=350%2C200&ssl=1","width":350,"height":200},"classes":[]},{"id":3080,"url":"https:\/\/newsofthelight.com.br\/?p=3080","url_meta":{"origin":6278,"position":4},"title":"Bras\u00edlia sofre noite de terror com inc\u00eandio em \u00f4nibus causados por bolsonaristas","author":"Thiago Peres","date":"13 de dezembro de 2022","format":false,"excerpt":"O Distrito Federal teve uma noite de caos com inc\u00eandios causados por bolsonaristas. Os problemas v\u00eam ocorrendo desde o in\u00edcio da noite desta segunda-feira (12). Em torno de 10 carros sofreram depreda\u00e7\u00e3o e pelo menos quatro \u00f4nibus j\u00e1 foram incendiados. As demais viaturas que circulavam pelo local foram recolhidas para\u2026","rel":"","context":"Em &quot;Brasil&quot;","block_context":{"text":"Brasil","link":"https:\/\/newsofthelight.com.br\/?cat=38"},"img":{"alt_text":"","src":"https:\/\/i0.wp.com\/newsofthelight.com.br\/wp-content\/uploads\/2022\/12\/A42A633E-1D68-4B2E-9C7C-F6514F37AF78.webp?resize=350%2C200&ssl=1","width":350,"height":200,"srcset":"https:\/\/i0.wp.com\/newsofthelight.com.br\/wp-content\/uploads\/2022\/12\/A42A633E-1D68-4B2E-9C7C-F6514F37AF78.webp?resize=350%2C200&ssl=1 1x, https:\/\/i0.wp.com\/newsofthelight.com.br\/wp-content\/uploads\/2022\/12\/A42A633E-1D68-4B2E-9C7C-F6514F37AF78.webp?resize=525%2C300&ssl=1 1.5x"},"classes":[]},{"id":7302,"url":"https:\/\/newsofthelight.com.br\/?p=7302","url_meta":{"origin":6278,"position":5},"title":"O Congresso cancela a ordem do Planalto para aumentar a taxa de juros da IOF","author":"Thiago Peres","date":"4 de julho de 2025","format":false,"excerpt":"Foto: Alexandre de Moraes Fonte: Pinterest O ministro da Suprema Corte (STF) Alexandre de Moraes decidiu na sexta-feira (4) suspender todas as leis relacionadas ao imposto sobre transa\u00e7\u00f5es financeiras (IOF) e realizar audi\u00eancias de coordena\u00e7\u00e3o entre o governo e o Congresso sobre essa quest\u00e3o. A audi\u00eancia de reconcilia\u00e7\u00e3o foi agendada\u2026","rel":"","context":"Em &quot;Pol\u00edtica&quot;","block_context":{"text":"Pol\u00edtica","link":"https:\/\/newsofthelight.com.br\/?cat=36"},"img":{"alt_text":"","src":"https:\/\/i0.wp.com\/newsofthelight.com.br\/wp-content\/uploads\/2025\/07\/img_0538-1.jpg?resize=350%2C200&ssl=1","width":350,"height":200,"srcset":"https:\/\/i0.wp.com\/newsofthelight.com.br\/wp-content\/uploads\/2025\/07\/img_0538-1.jpg?resize=350%2C200&ssl=1 1x, https:\/\/i0.wp.com\/newsofthelight.com.br\/wp-content\/uploads\/2025\/07\/img_0538-1.jpg?resize=525%2C300&ssl=1 1.5x, https:\/\/i0.wp.com\/newsofthelight.com.br\/wp-content\/uploads\/2025\/07\/img_0538-1.jpg?resize=700%2C400&ssl=1 2x"},"classes":[]}],"jetpack_shortlink":"https:\/\/wp.me\/peltaF-1Dg","_links":{"self":[{"href":"https:\/\/newsofthelight.com.br\/index.php?rest_route=\/wp\/v2\/posts\/6278","targetHints":{"allow":["GET"]}}],"collection":[{"href":"https:\/\/newsofthelight.com.br\/index.php?rest_route=\/wp\/v2\/posts"}],"about":[{"href":"https:\/\/newsofthelight.com.br\/index.php?rest_route=\/wp\/v2\/types\/post"}],"author":[{"embeddable":true,"href":"https:\/\/newsofthelight.com.br\/index.php?rest_route=\/wp\/v2\/users\/2"}],"replies":[{"embeddable":true,"href":"https:\/\/newsofthelight.com.br\/index.php?rest_route=%2Fwp%2Fv2%2Fcomments&post=6278"}],"version-history":[{"count":1,"href":"https:\/\/newsofthelight.com.br\/index.php?rest_route=\/wp\/v2\/posts\/6278\/revisions"}],"predecessor-version":[{"id":6279,"href":"https:\/\/newsofthelight.com.br\/index.php?rest_route=\/wp\/v2\/posts\/6278\/revisions\/6279"}],"wp:featuredmedia":[{"embeddable":true,"href":"https:\/\/newsofthelight.com.br\/index.php?rest_route=\/wp\/v2\/media\/6277"}],"wp:attachment":[{"href":"https:\/\/newsofthelight.com.br\/index.php?rest_route=%2Fwp%2Fv2%2Fmedia&parent=6278"}],"wp:term":[{"taxonomy":"category","embeddable":true,"href":"https:\/\/newsofthelight.com.br\/index.php?rest_route=%2Fwp%2Fv2%2Fcategories&post=6278"},{"taxonomy":"post_tag","embeddable":true,"href":"https:\/\/newsofthelight.com.br\/index.php?rest_route=%2Fwp%2Fv2%2Ftags&post=6278"}],"curies":[{"name":"wp","href":"https:\/\/api.w.org\/{rel}","templated":true}]}}