{"id":5466,"date":"2023-12-07T12:06:07","date_gmt":"2023-12-07T15:06:07","guid":{"rendered":"https:\/\/newsofthelight.com.br\/?p=5466"},"modified":"2023-12-07T12:10:50","modified_gmt":"2023-12-07T15:10:50","slug":"desafios-e-controversias-a-gestao-de-lula-sob-o-olhar-dos-parlamentares","status":"publish","type":"post","link":"https:\/\/newsofthelight.com.br\/?p=5466","title":{"rendered":"Desafios e Controv\u00e9rsias: A Gest\u00e3o de Lula Sob o Olhar dos Parlamentares"},"content":{"rendered":"<p>O terceiro mandato do presidente Luiz In\u00e1cio Lula da Silva tem sido marcado por desafios significativos. Apesar de anunciar um acordo de US$ 300 milh\u00f5es para a economia verde no Par\u00e1, o setor de transportes tem sofrido com bloqueios no or\u00e7amento, com R$ 1,3 bilh\u00e3o retido no ano.<\/p>\n<p>O governador do Par\u00e1, Helder Barbalho (MDB), anunciou em entrevista \u00e0 CNN que ir\u00e1 firmar um acordo de US$ 300 milh\u00f5es com o Banco Interamericano de Desenvolvimento (BID) para impulsionar a economia sustent\u00e1vel em seu estado, promovendo a cria\u00e7\u00e3o de empregos ligados \u00e0 preserva\u00e7\u00e3o da Floresta Amaz\u00f4nica.<br \/>\u201cEstamos recuperando 5,7 milh\u00f5es de hectares com a iniciativa privada e tamb\u00e9m em \u00e1reas p\u00fablicas. Vamos estabelecer com que 100% da cadeia da pecu\u00e1ria [no Par\u00e1], todos os animais, sejam chipados, recebendo um brinco para que n\u00f3s possamos conhecer se aquele animal \u00e9 de uma propriedade que tem boas pr\u00e1ticas.\u201d Afirmou.<\/p>\n<p>Em contrapartida, o deputado Andr\u00e9 Fernandes (PL-CE) criticou a postura de um colega de partido ao posar para uma foro com o esquerdista.<\/p>\n<p>&#8220;Deputado do PL que posa ao lado do maior ladr\u00e3o da hist\u00f3ria do Brasil em foto tem que ser expulso imediatamente do partido. Quem tem &#8216;honra&#8217; em receber Lula, n\u00e3o tem honra para permanecer no nosso partido&#8221;.<\/p>\n<p>Lula, por sua vez, tem sinalizado mudan\u00e7as em seu gabinete. &#8220;Estou considerando escolher uma mulher para a pasta da Justi\u00e7a&#8221;, disse o presidente. Al\u00e9m disso, ele sancionou uma lei que amplia o direito da mulher a ter acompanhante em servi\u00e7os de sa\u00fade.<\/p>\n<p>A gest\u00e3o de Lula continua a ser um t\u00f3pico de debate acalorado entre parlamentares e o p\u00fablico. Com desafios significativos \u00e0 frente, o presidente Lula ter\u00e1 que navegar cuidadosamente para atender \u00e0s expectativas do povo brasileiro.<\/p>\n","protected":false},"excerpt":{"rendered":"<p>O terceiro mandato do presidente Luiz In\u00e1cio Lula da Silva tem sido marcado por desafios significativos. Apesar de anunciar um acordo de US$ 300 milh\u00f5es para a economia verde no Par\u00e1, o setor de transportes tem sofrido com bloqueios no or\u00e7amento, com R$ 1,3 bilh\u00e3o retido no ano. O governador do Par\u00e1, Helder Barbalho (MDB),<\/p>\n","protected":false},"author":2,"featured_media":5468,"comment_status":"open","ping_status":"open","sticky":false,"template":"","format":"standard","meta":{"_jetpack_memberships_contains_paid_content":false,"footnotes":""},"categories":[38,36],"tags":[],"class_list":["post-5466","post","type-post","status-publish","format-standard","has-post-thumbnail","hentry","category-brasil","category-politica"],"yoast_head":"<!-- This site is optimized with the Yoast SEO plugin v27.4 - https:\/\/yoast.com\/product\/yoast-seo-wordpress\/ -->\n<title>Desafios e Controv\u00e9rsias: A Gest\u00e3o de Lula Sob o Olhar dos Parlamentares - Autoria - Thiago Gomes Gon\u00e7alves Peres Lima - REG 0022106\/MG<\/title>\n<meta name=\"robots\" content=\"index, follow, max-snippet:-1, max-image-preview:large, max-video-preview:-1\" \/>\n<link rel=\"canonical\" href=\"https:\/\/newsofthelight.com.br\/?p=5466\" \/>\n<meta property=\"og:locale\" content=\"pt_BR\" \/>\n<meta property=\"og:type\" content=\"article\" \/>\n<meta property=\"og:title\" content=\"Desafios e Controv\u00e9rsias: A Gest\u00e3o de Lula Sob o Olhar dos Parlamentares - Autoria - Thiago Gomes Gon\u00e7alves Peres Lima - REG 0022106\/MG\" \/>\n<meta property=\"og:description\" content=\"O terceiro mandato do presidente Luiz In\u00e1cio Lula da Silva tem sido marcado por desafios significativos. Apesar de anunciar um acordo de US$ 300 milh\u00f5es para a economia verde no Par\u00e1, o setor de transportes tem sofrido com bloqueios no or\u00e7amento, com R$ 1,3 bilh\u00e3o retido no ano. O governador do Par\u00e1, Helder Barbalho (MDB),\" \/>\n<meta property=\"og:url\" content=\"https:\/\/newsofthelight.com.br\/?p=5466\" \/>\n<meta property=\"og:site_name\" content=\"Autoria - Thiago Gomes Gon\u00e7alves Peres Lima - REG 0022106\/MG\" \/>\n<meta property=\"article:published_time\" content=\"2023-12-07T15:06:07+00:00\" \/>\n<meta property=\"article:modified_time\" content=\"2023-12-07T15:10:50+00:00\" \/>\n<meta property=\"og:image\" content=\"https:\/\/newsofthelight.com.br\/wp-content\/uploads\/2023\/12\/IMG_5069.jpeg\" \/>\n\t<meta property=\"og:image:width\" content=\"632\" \/>\n\t<meta property=\"og:image:height\" content=\"446\" \/>\n\t<meta property=\"og:image:type\" content=\"image\/jpeg\" \/>\n<meta name=\"author\" content=\"Thiago Peres\" \/>\n<meta name=\"twitter:card\" content=\"summary_large_image\" \/>\n<meta name=\"twitter:label1\" content=\"Escrito por\" \/>\n\t<meta name=\"twitter:data1\" content=\"Thiago Peres\" \/>\n\t<meta name=\"twitter:label2\" content=\"Est. tempo de leitura\" \/>\n\t<meta name=\"twitter:data2\" content=\"2 minutos\" \/>\n<script type=\"application\/ld+json\" class=\"yoast-schema-graph\">{\"@context\":\"https:\\\/\\\/schema.org\",\"@graph\":[{\"@type\":\"Article\",\"@id\":\"https:\\\/\\\/newsofthelight.com.br\\\/?p=5466#article\",\"isPartOf\":{\"@id\":\"https:\\\/\\\/newsofthelight.com.br\\\/?p=5466\"},\"author\":{\"name\":\"Thiago Peres\",\"@id\":\"https:\\\/\\\/newsofthelight.com.br\\\/#\\\/schema\\\/person\\\/d4878034586ca0e04c11eac65b2f76f2\"},\"headline\":\"Desafios e Controv\u00e9rsias: A Gest\u00e3o de Lula Sob o Olhar dos Parlamentares\",\"datePublished\":\"2023-12-07T15:06:07+00:00\",\"dateModified\":\"2023-12-07T15:10:50+00:00\",\"mainEntityOfPage\":{\"@id\":\"https:\\\/\\\/newsofthelight.com.br\\\/?p=5466\"},\"wordCount\":315,\"commentCount\":0,\"publisher\":{\"@id\":\"https:\\\/\\\/newsofthelight.com.br\\\/#organization\"},\"image\":{\"@id\":\"https:\\\/\\\/newsofthelight.com.br\\\/?p=5466#primaryimage\"},\"thumbnailUrl\":\"https:\\\/\\\/newsofthelight.com.br\\\/wp-content\\\/uploads\\\/2023\\\/12\\\/IMG_5069.jpeg\",\"articleSection\":[\"Brasil\",\"Pol\u00edtica\"],\"inLanguage\":\"pt-BR\",\"potentialAction\":[{\"@type\":\"CommentAction\",\"name\":\"Comment\",\"target\":[\"https:\\\/\\\/newsofthelight.com.br\\\/?p=5466#respond\"]}]},{\"@type\":\"WebPage\",\"@id\":\"https:\\\/\\\/newsofthelight.com.br\\\/?p=5466\",\"url\":\"https:\\\/\\\/newsofthelight.com.br\\\/?p=5466\",\"name\":\"Desafios e Controv\u00e9rsias: A Gest\u00e3o de Lula Sob o Olhar dos Parlamentares - Autoria - Thiago Gomes Gon\u00e7alves Peres Lima - REG 0022106\\\/MG\",\"isPartOf\":{\"@id\":\"https:\\\/\\\/newsofthelight.com.br\\\/#website\"},\"primaryImageOfPage\":{\"@id\":\"https:\\\/\\\/newsofthelight.com.br\\\/?p=5466#primaryimage\"},\"image\":{\"@id\":\"https:\\\/\\\/newsofthelight.com.br\\\/?p=5466#primaryimage\"},\"thumbnailUrl\":\"https:\\\/\\\/newsofthelight.com.br\\\/wp-content\\\/uploads\\\/2023\\\/12\\\/IMG_5069.jpeg\",\"datePublished\":\"2023-12-07T15:06:07+00:00\",\"dateModified\":\"2023-12-07T15:10:50+00:00\",\"breadcrumb\":{\"@id\":\"https:\\\/\\\/newsofthelight.com.br\\\/?p=5466#breadcrumb\"},\"inLanguage\":\"pt-BR\",\"potentialAction\":[{\"@type\":\"ReadAction\",\"target\":[\"https:\\\/\\\/newsofthelight.com.br\\\/?p=5466\"]}]},{\"@type\":\"ImageObject\",\"inLanguage\":\"pt-BR\",\"@id\":\"https:\\\/\\\/newsofthelight.com.br\\\/?p=5466#primaryimage\",\"url\":\"https:\\\/\\\/newsofthelight.com.br\\\/wp-content\\\/uploads\\\/2023\\\/12\\\/IMG_5069.jpeg\",\"contentUrl\":\"https:\\\/\\\/newsofthelight.com.br\\\/wp-content\\\/uploads\\\/2023\\\/12\\\/IMG_5069.jpeg\",\"width\":632,\"height\":446},{\"@type\":\"BreadcrumbList\",\"@id\":\"https:\\\/\\\/newsofthelight.com.br\\\/?p=5466#breadcrumb\",\"itemListElement\":[{\"@type\":\"ListItem\",\"position\":1,\"name\":\"In\u00edcio\",\"item\":\"https:\\\/\\\/newsofthelight.com.br\\\/\"},{\"@type\":\"ListItem\",\"position\":2,\"name\":\"Desafios e Controv\u00e9rsias: A Gest\u00e3o de Lula Sob o Olhar dos Parlamentares\"}]},{\"@type\":\"WebSite\",\"@id\":\"https:\\\/\\\/newsofthelight.com.br\\\/#website\",\"url\":\"https:\\\/\\\/newsofthelight.com.br\\\/\",\"name\":\"Autoria - Thiago Gomes Gon\u00e7alves Peres Lima - REG 0022106\\\/MG\",\"description\":\"Noticias na velocidade da luz\",\"publisher\":{\"@id\":\"https:\\\/\\\/newsofthelight.com.br\\\/#organization\"},\"potentialAction\":[{\"@type\":\"SearchAction\",\"target\":{\"@type\":\"EntryPoint\",\"urlTemplate\":\"https:\\\/\\\/newsofthelight.com.br\\\/?s={search_term_string}\"},\"query-input\":{\"@type\":\"PropertyValueSpecification\",\"valueRequired\":true,\"valueName\":\"search_term_string\"}}],\"inLanguage\":\"pt-BR\"},{\"@type\":\"Organization\",\"@id\":\"https:\\\/\\\/newsofthelight.com.br\\\/#organization\",\"name\":\"Autoria - Thiago Gomes Gon\u00e7alves Peres Lima - REG 0022106\\\/MG\",\"url\":\"https:\\\/\\\/newsofthelight.com.br\\\/\",\"logo\":{\"@type\":\"ImageObject\",\"inLanguage\":\"pt-BR\",\"@id\":\"https:\\\/\\\/newsofthelight.com.br\\\/#\\\/schema\\\/logo\\\/image\\\/\",\"url\":\"https:\\\/\\\/newsofthelight.com.br\\\/wp-content\\\/uploads\\\/2025\\\/06\\\/cropped-IMG_0217.png\",\"contentUrl\":\"https:\\\/\\\/newsofthelight.com.br\\\/wp-content\\\/uploads\\\/2025\\\/06\\\/cropped-IMG_0217.png\",\"width\":1177,\"height\":662,\"caption\":\"Autoria - Thiago Gomes Gon\u00e7alves Peres Lima - REG 0022106\\\/MG\"},\"image\":{\"@id\":\"https:\\\/\\\/newsofthelight.com.br\\\/#\\\/schema\\\/logo\\\/image\\\/\"},\"sameAs\":[\"https:\\\/\\\/www.instagram.com\\\/news_of_the_light_?igsh=b3Fwb2psamJzaXds\"]},{\"@type\":\"Person\",\"@id\":\"https:\\\/\\\/newsofthelight.com.br\\\/#\\\/schema\\\/person\\\/d4878034586ca0e04c11eac65b2f76f2\",\"name\":\"Thiago Peres\",\"image\":{\"@type\":\"ImageObject\",\"inLanguage\":\"pt-BR\",\"@id\":\"https:\\\/\\\/secure.gravatar.com\\\/avatar\\\/21d66f46d21d113e9d3dba092a500e64563ed2ed2c77db814dfc7be6345e3815?s=96&d=mm&r=g\",\"url\":\"https:\\\/\\\/secure.gravatar.com\\\/avatar\\\/21d66f46d21d113e9d3dba092a500e64563ed2ed2c77db814dfc7be6345e3815?s=96&d=mm&r=g\",\"contentUrl\":\"https:\\\/\\\/secure.gravatar.com\\\/avatar\\\/21d66f46d21d113e9d3dba092a500e64563ed2ed2c77db814dfc7be6345e3815?s=96&d=mm&r=g\",\"caption\":\"Thiago Peres\"},\"sameAs\":[\"http:\\\/\\\/newsofthelight.com.br\"],\"url\":\"https:\\\/\\\/newsofthelight.com.br\\\/?author=2\"}]}<\/script>\n<!-- \/ Yoast SEO plugin. -->","yoast_head_json":{"title":"Desafios e Controv\u00e9rsias: A Gest\u00e3o de Lula Sob o Olhar dos Parlamentares - Autoria - Thiago Gomes Gon\u00e7alves Peres Lima - REG 0022106\/MG","robots":{"index":"index","follow":"follow","max-snippet":"max-snippet:-1","max-image-preview":"max-image-preview:large","max-video-preview":"max-video-preview:-1"},"canonical":"https:\/\/newsofthelight.com.br\/?p=5466","og_locale":"pt_BR","og_type":"article","og_title":"Desafios e Controv\u00e9rsias: A Gest\u00e3o de Lula Sob o Olhar dos Parlamentares - Autoria - Thiago Gomes Gon\u00e7alves Peres Lima - REG 0022106\/MG","og_description":"O terceiro mandato do presidente Luiz In\u00e1cio Lula da Silva tem sido marcado por desafios significativos. Apesar de anunciar um acordo de US$ 300 milh\u00f5es para a economia verde no Par\u00e1, o setor de transportes tem sofrido com bloqueios no or\u00e7amento, com R$ 1,3 bilh\u00e3o retido no ano. O governador do Par\u00e1, Helder Barbalho (MDB),","og_url":"https:\/\/newsofthelight.com.br\/?p=5466","og_site_name":"Autoria - Thiago Gomes Gon\u00e7alves Peres Lima - REG 0022106\/MG","article_published_time":"2023-12-07T15:06:07+00:00","article_modified_time":"2023-12-07T15:10:50+00:00","og_image":[{"width":632,"height":446,"url":"https:\/\/newsofthelight.com.br\/wp-content\/uploads\/2023\/12\/IMG_5069.jpeg","type":"image\/jpeg"}],"author":"Thiago Peres","twitter_card":"summary_large_image","twitter_misc":{"Escrito por":"Thiago Peres","Est. tempo de leitura":"2 minutos"},"schema":{"@context":"https:\/\/schema.org","@graph":[{"@type":"Article","@id":"https:\/\/newsofthelight.com.br\/?p=5466#article","isPartOf":{"@id":"https:\/\/newsofthelight.com.br\/?p=5466"},"author":{"name":"Thiago Peres","@id":"https:\/\/newsofthelight.com.br\/#\/schema\/person\/d4878034586ca0e04c11eac65b2f76f2"},"headline":"Desafios e Controv\u00e9rsias: A Gest\u00e3o de Lula Sob o Olhar dos Parlamentares","datePublished":"2023-12-07T15:06:07+00:00","dateModified":"2023-12-07T15:10:50+00:00","mainEntityOfPage":{"@id":"https:\/\/newsofthelight.com.br\/?p=5466"},"wordCount":315,"commentCount":0,"publisher":{"@id":"https:\/\/newsofthelight.com.br\/#organization"},"image":{"@id":"https:\/\/newsofthelight.com.br\/?p=5466#primaryimage"},"thumbnailUrl":"https:\/\/newsofthelight.com.br\/wp-content\/uploads\/2023\/12\/IMG_5069.jpeg","articleSection":["Brasil","Pol\u00edtica"],"inLanguage":"pt-BR","potentialAction":[{"@type":"CommentAction","name":"Comment","target":["https:\/\/newsofthelight.com.br\/?p=5466#respond"]}]},{"@type":"WebPage","@id":"https:\/\/newsofthelight.com.br\/?p=5466","url":"https:\/\/newsofthelight.com.br\/?p=5466","name":"Desafios e Controv\u00e9rsias: A Gest\u00e3o de Lula Sob o Olhar dos Parlamentares - Autoria - Thiago Gomes Gon\u00e7alves Peres Lima - REG 0022106\/MG","isPartOf":{"@id":"https:\/\/newsofthelight.com.br\/#website"},"primaryImageOfPage":{"@id":"https:\/\/newsofthelight.com.br\/?p=5466#primaryimage"},"image":{"@id":"https:\/\/newsofthelight.com.br\/?p=5466#primaryimage"},"thumbnailUrl":"https:\/\/newsofthelight.com.br\/wp-content\/uploads\/2023\/12\/IMG_5069.jpeg","datePublished":"2023-12-07T15:06:07+00:00","dateModified":"2023-12-07T15:10:50+00:00","breadcrumb":{"@id":"https:\/\/newsofthelight.com.br\/?p=5466#breadcrumb"},"inLanguage":"pt-BR","potentialAction":[{"@type":"ReadAction","target":["https:\/\/newsofthelight.com.br\/?p=5466"]}]},{"@type":"ImageObject","inLanguage":"pt-BR","@id":"https:\/\/newsofthelight.com.br\/?p=5466#primaryimage","url":"https:\/\/newsofthelight.com.br\/wp-content\/uploads\/2023\/12\/IMG_5069.jpeg","contentUrl":"https:\/\/newsofthelight.com.br\/wp-content\/uploads\/2023\/12\/IMG_5069.jpeg","width":632,"height":446},{"@type":"BreadcrumbList","@id":"https:\/\/newsofthelight.com.br\/?p=5466#breadcrumb","itemListElement":[{"@type":"ListItem","position":1,"name":"In\u00edcio","item":"https:\/\/newsofthelight.com.br\/"},{"@type":"ListItem","position":2,"name":"Desafios e Controv\u00e9rsias: A Gest\u00e3o de Lula Sob o Olhar dos Parlamentares"}]},{"@type":"WebSite","@id":"https:\/\/newsofthelight.com.br\/#website","url":"https:\/\/newsofthelight.com.br\/","name":"Autoria - Thiago Gomes Gon\u00e7alves Peres Lima - REG 0022106\/MG","description":"Noticias na velocidade da luz","publisher":{"@id":"https:\/\/newsofthelight.com.br\/#organization"},"potentialAction":[{"@type":"SearchAction","target":{"@type":"EntryPoint","urlTemplate":"https:\/\/newsofthelight.com.br\/?s={search_term_string}"},"query-input":{"@type":"PropertyValueSpecification","valueRequired":true,"valueName":"search_term_string"}}],"inLanguage":"pt-BR"},{"@type":"Organization","@id":"https:\/\/newsofthelight.com.br\/#organization","name":"Autoria - Thiago Gomes Gon\u00e7alves Peres Lima - REG 0022106\/MG","url":"https:\/\/newsofthelight.com.br\/","logo":{"@type":"ImageObject","inLanguage":"pt-BR","@id":"https:\/\/newsofthelight.com.br\/#\/schema\/logo\/image\/","url":"https:\/\/newsofthelight.com.br\/wp-content\/uploads\/2025\/06\/cropped-IMG_0217.png","contentUrl":"https:\/\/newsofthelight.com.br\/wp-content\/uploads\/2025\/06\/cropped-IMG_0217.png","width":1177,"height":662,"caption":"Autoria - Thiago Gomes Gon\u00e7alves Peres Lima - REG 0022106\/MG"},"image":{"@id":"https:\/\/newsofthelight.com.br\/#\/schema\/logo\/image\/"},"sameAs":["https:\/\/www.instagram.com\/news_of_the_light_?igsh=b3Fwb2psamJzaXds"]},{"@type":"Person","@id":"https:\/\/newsofthelight.com.br\/#\/schema\/person\/d4878034586ca0e04c11eac65b2f76f2","name":"Thiago Peres","image":{"@type":"ImageObject","inLanguage":"pt-BR","@id":"https:\/\/secure.gravatar.com\/avatar\/21d66f46d21d113e9d3dba092a500e64563ed2ed2c77db814dfc7be6345e3815?s=96&d=mm&r=g","url":"https:\/\/secure.gravatar.com\/avatar\/21d66f46d21d113e9d3dba092a500e64563ed2ed2c77db814dfc7be6345e3815?s=96&d=mm&r=g","contentUrl":"https:\/\/secure.gravatar.com\/avatar\/21d66f46d21d113e9d3dba092a500e64563ed2ed2c77db814dfc7be6345e3815?s=96&d=mm&r=g","caption":"Thiago Peres"},"sameAs":["http:\/\/newsofthelight.com.br"],"url":"https:\/\/newsofthelight.com.br\/?author=2"}]}},"jetpack_featured_media_url":"https:\/\/newsofthelight.com.br\/wp-content\/uploads\/2023\/12\/IMG_5069.jpeg","jetpack_sharing_enabled":true,"jetpack-related-posts":[{"id":4517,"url":"https:\/\/newsofthelight.com.br\/?p=4517","url_meta":{"origin":5466,"position":0},"title":"Bolsonaro processar\u00e1 Lula por acusa\u00e7\u00f5es infundadas em evento pol\u00edtico","author":"Thiago Peres","date":"12 de maio de 2023","format":false,"excerpt":"A pol\u00edtica brasileira segue agitada e as tens\u00f5es entre os principais l\u00edderes do pa\u00eds continuam em alta. O presidente Lula, do Partido dos Trabalhadores (PT), voltou a atacar o ex-mandat\u00e1rio Jair Bolsonaro, do Partido Liberal (PL), em um evento em Salvador (BA), acusando-o de possuir uma mans\u00e3o milion\u00e1ria nos Estados\u2026","rel":"","context":"Em &quot;Brasil&quot;","block_context":{"text":"Brasil","link":"https:\/\/newsofthelight.com.br\/?cat=38"},"img":{"alt_text":"","src":"https:\/\/i0.wp.com\/newsofthelight.com.br\/wp-content\/uploads\/2023\/05\/IMG_4260.jpeg?resize=350%2C200&ssl=1","width":350,"height":200,"srcset":"https:\/\/i0.wp.com\/newsofthelight.com.br\/wp-content\/uploads\/2023\/05\/IMG_4260.jpeg?resize=350%2C200&ssl=1 1x, https:\/\/i0.wp.com\/newsofthelight.com.br\/wp-content\/uploads\/2023\/05\/IMG_4260.jpeg?resize=525%2C300&ssl=1 1.5x, https:\/\/i0.wp.com\/newsofthelight.com.br\/wp-content\/uploads\/2023\/05\/IMG_4260.jpeg?resize=700%2C400&ssl=1 2x, https:\/\/i0.wp.com\/newsofthelight.com.br\/wp-content\/uploads\/2023\/05\/IMG_4260.jpeg?resize=1050%2C600&ssl=1 3x"},"classes":[]},{"id":4625,"url":"https:\/\/newsofthelight.com.br\/?p=4625","url_meta":{"origin":5466,"position":1},"title":"Lula possui os maiores gastos do Cart\u00e3o Corporativo","author":"Thiago Peres","date":"16 de maio de 2023","format":false,"excerpt":"Recentemente, informa\u00e7\u00f5es divulgadas pelo programa \"Pingo nos Is\" da Jovem Pan trouxeram \u00e0 tona uma quest\u00e3o relevante para o debate pol\u00edtico: os gastos de Lula com o cart\u00e3o corporativo, que totalizaram R$12 milh\u00f5es em apenas tr\u00eas meses. Neste texto, iremos analisar os dados dispon\u00edveis e as declara\u00e7\u00f5es feitas por diversas\u2026","rel":"","context":"Em &quot;Brasil&quot;","block_context":{"text":"Brasil","link":"https:\/\/newsofthelight.com.br\/?cat=38"},"img":{"alt_text":"","src":"https:\/\/i0.wp.com\/newsofthelight.com.br\/wp-content\/uploads\/2023\/05\/PoderData_-Lula-pode-vencer-eleicao-presidencial-no-1o-turno.png?resize=350%2C200&ssl=1","width":350,"height":200,"srcset":"https:\/\/i0.wp.com\/newsofthelight.com.br\/wp-content\/uploads\/2023\/05\/PoderData_-Lula-pode-vencer-eleicao-presidencial-no-1o-turno.png?resize=350%2C200&ssl=1 1x, https:\/\/i0.wp.com\/newsofthelight.com.br\/wp-content\/uploads\/2023\/05\/PoderData_-Lula-pode-vencer-eleicao-presidencial-no-1o-turno.png?resize=525%2C300&ssl=1 1.5x"},"classes":[]},{"id":5172,"url":"https:\/\/newsofthelight.com.br\/?p=5172","url_meta":{"origin":5466,"position":2},"title":"Caixa suspende cobran\u00e7a do Pix por ordem de Lula","author":"Thiago Peres","date":"21 de junho de 2023","format":false,"excerpt":"Em resposta ao clamor p\u00fablico, o governo federal ordenou \u00e0 Caixa Econ\u00f4mica Federal que suspendesse sua decis\u00e3o de impor tarifas sobre transfer\u00eancias financeiras instant\u00e2neas feitas entre pessoas jur\u00eddicas. A institui\u00e7\u00e3o banc\u00e1ria confirmou em comunicado que n\u00e3o ir\u00e1 mais proceder com as cobran\u00e7as previstas. A medida ocorre ap\u00f3s o banco p\u00fablico\u2026","rel":"","context":"Em &quot;Brasil&quot;","block_context":{"text":"Brasil","link":"https:\/\/newsofthelight.com.br\/?cat=38"},"img":{"alt_text":"","src":"https:\/\/i0.wp.com\/newsofthelight.com.br\/wp-content\/uploads\/2023\/06\/IMG_4671.jpeg?resize=350%2C200&ssl=1","width":350,"height":200,"srcset":"https:\/\/i0.wp.com\/newsofthelight.com.br\/wp-content\/uploads\/2023\/06\/IMG_4671.jpeg?resize=350%2C200&ssl=1 1x, https:\/\/i0.wp.com\/newsofthelight.com.br\/wp-content\/uploads\/2023\/06\/IMG_4671.jpeg?resize=525%2C300&ssl=1 1.5x, https:\/\/i0.wp.com\/newsofthelight.com.br\/wp-content\/uploads\/2023\/06\/IMG_4671.jpeg?resize=700%2C400&ssl=1 2x, https:\/\/i0.wp.com\/newsofthelight.com.br\/wp-content\/uploads\/2023\/06\/IMG_4671.jpeg?resize=1050%2C600&ssl=1 3x"},"classes":[]},{"id":7043,"url":"https:\/\/newsofthelight.com.br\/?p=7043","url_meta":{"origin":5466,"position":3},"title":"Haddad se re\u00fane com os l\u00edderes do partido no domingo e afirma acatar proposta do IOF","author":"Thiago Peres","date":"9 de junho de 2025","format":false,"excerpt":"Ministro das Finan\u00e7as Fernando Haddad Fonte: Reuters Haddad reuniu-se com respons\u00e1veis partid\u00e1rios no domingo e afirmou que ainda estaria aberto \u00e0 proposta. A proposta final ser\u00e1 anunciada apenas ap\u00f3s uma reuni\u00e3o com o Presidente Lula, que regressa de Fran\u00e7a na segunda-feira. A proposta apresentada pelo governo \u00e0 Assembleia Nacional inclui\u2026","rel":"","context":"Em &quot;Economia&quot;","block_context":{"text":"Economia","link":"https:\/\/newsofthelight.com.br\/?cat=40"},"img":{"alt_text":"","src":"https:\/\/i0.wp.com\/newsofthelight.com.br\/wp-content\/uploads\/2025\/06\/img_0289.jpg?resize=350%2C200&ssl=1","width":350,"height":200,"srcset":"https:\/\/i0.wp.com\/newsofthelight.com.br\/wp-content\/uploads\/2025\/06\/img_0289.jpg?resize=350%2C200&ssl=1 1x, https:\/\/i0.wp.com\/newsofthelight.com.br\/wp-content\/uploads\/2025\/06\/img_0289.jpg?resize=525%2C300&ssl=1 1.5x, https:\/\/i0.wp.com\/newsofthelight.com.br\/wp-content\/uploads\/2025\/06\/img_0289.jpg?resize=700%2C400&ssl=1 2x, https:\/\/i0.wp.com\/newsofthelight.com.br\/wp-content\/uploads\/2025\/06\/img_0289.jpg?resize=1050%2C600&ssl=1 3x"},"classes":[]},{"id":5016,"url":"https:\/\/newsofthelight.com.br\/?p=5016","url_meta":{"origin":5466,"position":4},"title":"Banco Central Estabelece Novos Recordes para Transa\u00e7\u00f5es Pix","author":"Thiago Peres","date":"9 de junho de 2023","format":false,"excerpt":"O Banco Central (BC) registrou novos registros de transa\u00e7\u00f5es financeiras via Pix esta semana. Na ter\u00e7a-feira (6o) e quarta-feira (7o), mais de 124,7 milh\u00f5es de opera\u00e7\u00f5es foram registradas. Ao longo desses dois dias, o sistema financeiro foi respons\u00e1vel por quase 250 milh\u00f5es de transa\u00e7\u00f5es desse tipo, conforme confirmado pela autoridade\u2026","rel":"","context":"Em &quot;Brasil&quot;","block_context":{"text":"Brasil","link":"https:\/\/newsofthelight.com.br\/?cat=38"},"img":{"alt_text":"","src":"https:\/\/i0.wp.com\/newsofthelight.com.br\/wp-content\/uploads\/2023\/06\/IMG_4561.webp?resize=350%2C200&ssl=1","width":350,"height":200},"classes":[]},{"id":3427,"url":"https:\/\/newsofthelight.com.br\/?p=3427","url_meta":{"origin":5466,"position":5},"title":"Lula \u00e9 criticado na C\u00e2mara dos deputados por valor destinado \u00e0s v\u00edtimas das chuvas em S\u00e3o Paulo","author":"Thiago Peres","date":"21 de fevereiro de 2023","format":false,"excerpt":"O presidente do Brasil, Luiz In\u00e1cio Lula da Silva (PT) anunciou atrav\u00e9s do ministro dos Portos e Aeroportos, M\u00e1rcio Fran\u00e7a, um aux\u00edlio emergencial de 2 milh\u00f5es para socorrer as v\u00edtimas do temporal que atingiu a baixada litor\u00e2nea de S\u00e3o Paulo nos dias 18 e 19 de fevereiro.As chuvas deixaram mais\u2026","rel":"","context":"Em &quot;Brasil&quot;","block_context":{"text":"Brasil","link":"https:\/\/newsofthelight.com.br\/?cat=38"},"img":{"alt_text":"","src":"https:\/\/i0.wp.com\/newsofthelight.com.br\/wp-content\/uploads\/2023\/02\/9814714D-A2C7-4C47-8BA8-DAD70ECA939E.jpeg?resize=350%2C200&ssl=1","width":350,"height":200,"srcset":"https:\/\/i0.wp.com\/newsofthelight.com.br\/wp-content\/uploads\/2023\/02\/9814714D-A2C7-4C47-8BA8-DAD70ECA939E.jpeg?resize=350%2C200&ssl=1 1x, https:\/\/i0.wp.com\/newsofthelight.com.br\/wp-content\/uploads\/2023\/02\/9814714D-A2C7-4C47-8BA8-DAD70ECA939E.jpeg?resize=525%2C300&ssl=1 1.5x, https:\/\/i0.wp.com\/newsofthelight.com.br\/wp-content\/uploads\/2023\/02\/9814714D-A2C7-4C47-8BA8-DAD70ECA939E.jpeg?resize=700%2C400&ssl=1 2x"},"classes":[]}],"jetpack_shortlink":"https:\/\/wp.me\/peltaF-1qa","_links":{"self":[{"href":"https:\/\/newsofthelight.com.br\/index.php?rest_route=\/wp\/v2\/posts\/5466","targetHints":{"allow":["GET"]}}],"collection":[{"href":"https:\/\/newsofthelight.com.br\/index.php?rest_route=\/wp\/v2\/posts"}],"about":[{"href":"https:\/\/newsofthelight.com.br\/index.php?rest_route=\/wp\/v2\/types\/post"}],"author":[{"embeddable":true,"href":"https:\/\/newsofthelight.com.br\/index.php?rest_route=\/wp\/v2\/users\/2"}],"replies":[{"embeddable":true,"href":"https:\/\/newsofthelight.com.br\/index.php?rest_route=%2Fwp%2Fv2%2Fcomments&post=5466"}],"version-history":[{"count":4,"href":"https:\/\/newsofthelight.com.br\/index.php?rest_route=\/wp\/v2\/posts\/5466\/revisions"}],"predecessor-version":[{"id":5471,"href":"https:\/\/newsofthelight.com.br\/index.php?rest_route=\/wp\/v2\/posts\/5466\/revisions\/5471"}],"wp:featuredmedia":[{"embeddable":true,"href":"https:\/\/newsofthelight.com.br\/index.php?rest_route=\/wp\/v2\/media\/5468"}],"wp:attachment":[{"href":"https:\/\/newsofthelight.com.br\/index.php?rest_route=%2Fwp%2Fv2%2Fmedia&parent=5466"}],"wp:term":[{"taxonomy":"category","embeddable":true,"href":"https:\/\/newsofthelight.com.br\/index.php?rest_route=%2Fwp%2Fv2%2Fcategories&post=5466"},{"taxonomy":"post_tag","embeddable":true,"href":"https:\/\/newsofthelight.com.br\/index.php?rest_route=%2Fwp%2Fv2%2Ftags&post=5466"}],"curies":[{"name":"wp","href":"https:\/\/api.w.org\/{rel}","templated":true}]}}