{"id":5460,"date":"2023-12-06T22:10:56","date_gmt":"2023-12-07T01:10:56","guid":{"rendered":"https:\/\/newsofthelight.com.br\/?p=5460"},"modified":"2023-12-06T22:13:07","modified_gmt":"2023-12-07T01:13:07","slug":"andre-lamoglia-fara-participacao-crossover-em-sangue-e-agua","status":"publish","type":"post","link":"https:\/\/newsofthelight.com.br\/?p=5460","title":{"rendered":"Andr\u00e9 Lamoglia  far\u00e1 participa\u00e7\u00e3o crossover em Sangue e \u00c1gua"},"content":{"rendered":"<p>Andr\u00e9 Lamoglia, o talentoso ator brasileiro que conquistou o p\u00fablico com sua atua\u00e7\u00e3o em &#8220;Elite&#8221;, est\u00e1 se preparando para um novo desafio. Ele vai participar de um crossover com a s\u00e9rie sul-africana &#8220;Sangue e \u00c1gua&#8221;, tamb\u00e9m produzida pela Netflix. Este ser\u00e1 um marco em sua carreira, pois ser\u00e1 a primeira vez que Lamoglia atuar\u00e1 inteiramente em ingl\u00eas.<\/p>\n<p>Em uma entrevista, Lamoglia compartilhou sua empolga\u00e7\u00e3o com o novo projeto: &#8220;Nunca tinha feito um crossover assim. Tens que ter em conta elementos como qual \u00e9 o tom da s\u00e9rie de l\u00e1, qual \u00e9 o teu tom, como unir os dois universos para trazer um personagem de outro tom e met\u00ea-lo no teu tom&#8221;.<\/p>\n<p>Seus colegas de elenco tamb\u00e9m est\u00e3o animados com a oportunidade de trabalhar com ele. Manu R\u00edos, que trabalhou com Lamoglia em &#8220;Elite&#8221;, elogiou o ator: &#8220;Ele me fez sentir muito confort\u00e1vel, e o fato de nos darmos bem \u00e9 \u00f3timo para a s\u00e9rie e as cenas, porque j\u00e1 temos uma certa intimidade, uma certa qu\u00edmica&#8221;. Lamoglia tamb\u00e9m falou sobre sua rela\u00e7\u00e3o com R\u00edos, afirmando: &#8220;Foi um amigo que ganhei aqui no projeto&#8221;.<\/p>\n<p>Enquanto isso, a s\u00e9tima temporada de &#8220;Elite&#8221; j\u00e1 est\u00e1 dispon\u00edvel na Netflix, e a nova temporada de &#8220;Sangue e \u00c1gua&#8221; \u00e9 esperada para estrear em 2024 no Tudum. Al\u00e9m disso, &#8220;Elite&#8221; j\u00e1 confirmou sua nova temporada, que ser\u00e1 a \u00faltima na hist\u00f3ria de Las Encinas, marcando o fim de uma era para os f\u00e3s da s\u00e9rie espanhola.<\/p>\n","protected":false},"excerpt":{"rendered":"<p>Andr\u00e9 Lamoglia, o talentoso ator brasileiro que conquistou o p\u00fablico com sua atua\u00e7\u00e3o em &#8220;Elite&#8221;, est\u00e1 se preparando para um novo desafio. Ele vai participar de um crossover com a s\u00e9rie sul-africana &#8220;Sangue e \u00c1gua&#8221;, tamb\u00e9m produzida pela Netflix. Este ser\u00e1 um marco em sua carreira, pois ser\u00e1 a primeira vez que Lamoglia atuar\u00e1 inteiramente<\/p>\n","protected":false},"author":2,"featured_media":5462,"comment_status":"open","ping_status":"open","sticky":false,"template":"","format":"standard","meta":{"_jetpack_memberships_contains_paid_content":false,"footnotes":""},"categories":[42],"tags":[],"class_list":["post-5460","post","type-post","status-publish","format-standard","has-post-thumbnail","hentry","category-entretenimento"],"yoast_head":"<!-- This site is optimized with the Yoast SEO plugin v27.4 - https:\/\/yoast.com\/product\/yoast-seo-wordpress\/ -->\n<title>Andr\u00e9 Lamoglia far\u00e1 participa\u00e7\u00e3o crossover em Sangue e \u00c1gua - Autoria - Thiago Gomes Gon\u00e7alves Peres Lima - REG 0022106\/MG<\/title>\n<meta name=\"robots\" content=\"index, follow, max-snippet:-1, max-image-preview:large, max-video-preview:-1\" \/>\n<link rel=\"canonical\" href=\"https:\/\/newsofthelight.com.br\/?p=5460\" \/>\n<meta property=\"og:locale\" content=\"pt_BR\" \/>\n<meta property=\"og:type\" content=\"article\" \/>\n<meta property=\"og:title\" content=\"Andr\u00e9 Lamoglia far\u00e1 participa\u00e7\u00e3o crossover em Sangue e \u00c1gua - Autoria - Thiago Gomes Gon\u00e7alves Peres Lima - REG 0022106\/MG\" \/>\n<meta property=\"og:description\" content=\"Andr\u00e9 Lamoglia, o talentoso ator brasileiro que conquistou o p\u00fablico com sua atua\u00e7\u00e3o em &#8220;Elite&#8221;, est\u00e1 se preparando para um novo desafio. Ele vai participar de um crossover com a s\u00e9rie sul-africana &#8220;Sangue e \u00c1gua&#8221;, tamb\u00e9m produzida pela Netflix. Este ser\u00e1 um marco em sua carreira, pois ser\u00e1 a primeira vez que Lamoglia atuar\u00e1 inteiramente\" \/>\n<meta property=\"og:url\" content=\"https:\/\/newsofthelight.com.br\/?p=5460\" \/>\n<meta property=\"og:site_name\" content=\"Autoria - Thiago Gomes Gon\u00e7alves Peres Lima - REG 0022106\/MG\" \/>\n<meta property=\"article:published_time\" content=\"2023-12-07T01:10:56+00:00\" \/>\n<meta property=\"article:modified_time\" content=\"2023-12-07T01:13:07+00:00\" \/>\n<meta property=\"og:image\" content=\"https:\/\/newsofthelight.com.br\/wp-content\/uploads\/2023\/12\/IMG_5066.webp\" \/>\n\t<meta property=\"og:image:width\" content=\"533\" \/>\n\t<meta property=\"og:image:height\" content=\"261\" \/>\n\t<meta property=\"og:image:type\" content=\"image\/webp\" \/>\n<meta name=\"author\" content=\"Thiago Peres\" \/>\n<meta name=\"twitter:card\" content=\"summary_large_image\" \/>\n<meta name=\"twitter:label1\" content=\"Escrito por\" \/>\n\t<meta name=\"twitter:data1\" content=\"Thiago Peres\" \/>\n\t<meta name=\"twitter:label2\" content=\"Est. tempo de leitura\" \/>\n\t<meta name=\"twitter:data2\" content=\"1 minuto\" \/>\n<script type=\"application\/ld+json\" class=\"yoast-schema-graph\">{\"@context\":\"https:\\\/\\\/schema.org\",\"@graph\":[{\"@type\":\"Article\",\"@id\":\"https:\\\/\\\/newsofthelight.com.br\\\/?p=5460#article\",\"isPartOf\":{\"@id\":\"https:\\\/\\\/newsofthelight.com.br\\\/?p=5460\"},\"author\":{\"name\":\"Thiago Peres\",\"@id\":\"https:\\\/\\\/newsofthelight.com.br\\\/#\\\/schema\\\/person\\\/d4878034586ca0e04c11eac65b2f76f2\"},\"headline\":\"Andr\u00e9 Lamoglia far\u00e1 participa\u00e7\u00e3o crossover em Sangue e \u00c1gua\",\"datePublished\":\"2023-12-07T01:10:56+00:00\",\"dateModified\":\"2023-12-07T01:13:07+00:00\",\"mainEntityOfPage\":{\"@id\":\"https:\\\/\\\/newsofthelight.com.br\\\/?p=5460\"},\"wordCount\":268,\"commentCount\":0,\"publisher\":{\"@id\":\"https:\\\/\\\/newsofthelight.com.br\\\/#organization\"},\"image\":{\"@id\":\"https:\\\/\\\/newsofthelight.com.br\\\/?p=5460#primaryimage\"},\"thumbnailUrl\":\"https:\\\/\\\/newsofthelight.com.br\\\/wp-content\\\/uploads\\\/2023\\\/12\\\/IMG_5066.webp\",\"articleSection\":[\"Entretenimento\"],\"inLanguage\":\"pt-BR\",\"potentialAction\":[{\"@type\":\"CommentAction\",\"name\":\"Comment\",\"target\":[\"https:\\\/\\\/newsofthelight.com.br\\\/?p=5460#respond\"]}]},{\"@type\":\"WebPage\",\"@id\":\"https:\\\/\\\/newsofthelight.com.br\\\/?p=5460\",\"url\":\"https:\\\/\\\/newsofthelight.com.br\\\/?p=5460\",\"name\":\"Andr\u00e9 Lamoglia far\u00e1 participa\u00e7\u00e3o crossover em Sangue e \u00c1gua - Autoria - Thiago Gomes Gon\u00e7alves Peres Lima - REG 0022106\\\/MG\",\"isPartOf\":{\"@id\":\"https:\\\/\\\/newsofthelight.com.br\\\/#website\"},\"primaryImageOfPage\":{\"@id\":\"https:\\\/\\\/newsofthelight.com.br\\\/?p=5460#primaryimage\"},\"image\":{\"@id\":\"https:\\\/\\\/newsofthelight.com.br\\\/?p=5460#primaryimage\"},\"thumbnailUrl\":\"https:\\\/\\\/newsofthelight.com.br\\\/wp-content\\\/uploads\\\/2023\\\/12\\\/IMG_5066.webp\",\"datePublished\":\"2023-12-07T01:10:56+00:00\",\"dateModified\":\"2023-12-07T01:13:07+00:00\",\"breadcrumb\":{\"@id\":\"https:\\\/\\\/newsofthelight.com.br\\\/?p=5460#breadcrumb\"},\"inLanguage\":\"pt-BR\",\"potentialAction\":[{\"@type\":\"ReadAction\",\"target\":[\"https:\\\/\\\/newsofthelight.com.br\\\/?p=5460\"]}]},{\"@type\":\"ImageObject\",\"inLanguage\":\"pt-BR\",\"@id\":\"https:\\\/\\\/newsofthelight.com.br\\\/?p=5460#primaryimage\",\"url\":\"https:\\\/\\\/newsofthelight.com.br\\\/wp-content\\\/uploads\\\/2023\\\/12\\\/IMG_5066.webp\",\"contentUrl\":\"https:\\\/\\\/newsofthelight.com.br\\\/wp-content\\\/uploads\\\/2023\\\/12\\\/IMG_5066.webp\",\"width\":533,\"height\":261},{\"@type\":\"BreadcrumbList\",\"@id\":\"https:\\\/\\\/newsofthelight.com.br\\\/?p=5460#breadcrumb\",\"itemListElement\":[{\"@type\":\"ListItem\",\"position\":1,\"name\":\"In\u00edcio\",\"item\":\"https:\\\/\\\/newsofthelight.com.br\\\/\"},{\"@type\":\"ListItem\",\"position\":2,\"name\":\"Andr\u00e9 Lamoglia far\u00e1 participa\u00e7\u00e3o crossover em Sangue e \u00c1gua\"}]},{\"@type\":\"WebSite\",\"@id\":\"https:\\\/\\\/newsofthelight.com.br\\\/#website\",\"url\":\"https:\\\/\\\/newsofthelight.com.br\\\/\",\"name\":\"Autoria - Thiago Gomes Gon\u00e7alves Peres Lima - REG 0022106\\\/MG\",\"description\":\"Noticias na velocidade da luz\",\"publisher\":{\"@id\":\"https:\\\/\\\/newsofthelight.com.br\\\/#organization\"},\"potentialAction\":[{\"@type\":\"SearchAction\",\"target\":{\"@type\":\"EntryPoint\",\"urlTemplate\":\"https:\\\/\\\/newsofthelight.com.br\\\/?s={search_term_string}\"},\"query-input\":{\"@type\":\"PropertyValueSpecification\",\"valueRequired\":true,\"valueName\":\"search_term_string\"}}],\"inLanguage\":\"pt-BR\"},{\"@type\":\"Organization\",\"@id\":\"https:\\\/\\\/newsofthelight.com.br\\\/#organization\",\"name\":\"Autoria - Thiago Gomes Gon\u00e7alves Peres Lima - REG 0022106\\\/MG\",\"url\":\"https:\\\/\\\/newsofthelight.com.br\\\/\",\"logo\":{\"@type\":\"ImageObject\",\"inLanguage\":\"pt-BR\",\"@id\":\"https:\\\/\\\/newsofthelight.com.br\\\/#\\\/schema\\\/logo\\\/image\\\/\",\"url\":\"https:\\\/\\\/newsofthelight.com.br\\\/wp-content\\\/uploads\\\/2025\\\/06\\\/cropped-IMG_0217.png\",\"contentUrl\":\"https:\\\/\\\/newsofthelight.com.br\\\/wp-content\\\/uploads\\\/2025\\\/06\\\/cropped-IMG_0217.png\",\"width\":1177,\"height\":662,\"caption\":\"Autoria - Thiago Gomes Gon\u00e7alves Peres Lima - REG 0022106\\\/MG\"},\"image\":{\"@id\":\"https:\\\/\\\/newsofthelight.com.br\\\/#\\\/schema\\\/logo\\\/image\\\/\"},\"sameAs\":[\"https:\\\/\\\/www.instagram.com\\\/news_of_the_light_?igsh=b3Fwb2psamJzaXds\"]},{\"@type\":\"Person\",\"@id\":\"https:\\\/\\\/newsofthelight.com.br\\\/#\\\/schema\\\/person\\\/d4878034586ca0e04c11eac65b2f76f2\",\"name\":\"Thiago Peres\",\"image\":{\"@type\":\"ImageObject\",\"inLanguage\":\"pt-BR\",\"@id\":\"https:\\\/\\\/secure.gravatar.com\\\/avatar\\\/21d66f46d21d113e9d3dba092a500e64563ed2ed2c77db814dfc7be6345e3815?s=96&d=mm&r=g\",\"url\":\"https:\\\/\\\/secure.gravatar.com\\\/avatar\\\/21d66f46d21d113e9d3dba092a500e64563ed2ed2c77db814dfc7be6345e3815?s=96&d=mm&r=g\",\"contentUrl\":\"https:\\\/\\\/secure.gravatar.com\\\/avatar\\\/21d66f46d21d113e9d3dba092a500e64563ed2ed2c77db814dfc7be6345e3815?s=96&d=mm&r=g\",\"caption\":\"Thiago Peres\"},\"sameAs\":[\"http:\\\/\\\/newsofthelight.com.br\"],\"url\":\"https:\\\/\\\/newsofthelight.com.br\\\/?author=2\"}]}<\/script>\n<!-- \/ Yoast SEO plugin. -->","yoast_head_json":{"title":"Andr\u00e9 Lamoglia far\u00e1 participa\u00e7\u00e3o crossover em Sangue e \u00c1gua - Autoria - Thiago Gomes Gon\u00e7alves Peres Lima - REG 0022106\/MG","robots":{"index":"index","follow":"follow","max-snippet":"max-snippet:-1","max-image-preview":"max-image-preview:large","max-video-preview":"max-video-preview:-1"},"canonical":"https:\/\/newsofthelight.com.br\/?p=5460","og_locale":"pt_BR","og_type":"article","og_title":"Andr\u00e9 Lamoglia far\u00e1 participa\u00e7\u00e3o crossover em Sangue e \u00c1gua - Autoria - Thiago Gomes Gon\u00e7alves Peres Lima - REG 0022106\/MG","og_description":"Andr\u00e9 Lamoglia, o talentoso ator brasileiro que conquistou o p\u00fablico com sua atua\u00e7\u00e3o em &#8220;Elite&#8221;, est\u00e1 se preparando para um novo desafio. Ele vai participar de um crossover com a s\u00e9rie sul-africana &#8220;Sangue e \u00c1gua&#8221;, tamb\u00e9m produzida pela Netflix. Este ser\u00e1 um marco em sua carreira, pois ser\u00e1 a primeira vez que Lamoglia atuar\u00e1 inteiramente","og_url":"https:\/\/newsofthelight.com.br\/?p=5460","og_site_name":"Autoria - Thiago Gomes Gon\u00e7alves Peres Lima - REG 0022106\/MG","article_published_time":"2023-12-07T01:10:56+00:00","article_modified_time":"2023-12-07T01:13:07+00:00","og_image":[{"width":533,"height":261,"url":"https:\/\/newsofthelight.com.br\/wp-content\/uploads\/2023\/12\/IMG_5066.webp","type":"image\/webp"}],"author":"Thiago Peres","twitter_card":"summary_large_image","twitter_misc":{"Escrito por":"Thiago Peres","Est. tempo de leitura":"1 minuto"},"schema":{"@context":"https:\/\/schema.org","@graph":[{"@type":"Article","@id":"https:\/\/newsofthelight.com.br\/?p=5460#article","isPartOf":{"@id":"https:\/\/newsofthelight.com.br\/?p=5460"},"author":{"name":"Thiago Peres","@id":"https:\/\/newsofthelight.com.br\/#\/schema\/person\/d4878034586ca0e04c11eac65b2f76f2"},"headline":"Andr\u00e9 Lamoglia far\u00e1 participa\u00e7\u00e3o crossover em Sangue e \u00c1gua","datePublished":"2023-12-07T01:10:56+00:00","dateModified":"2023-12-07T01:13:07+00:00","mainEntityOfPage":{"@id":"https:\/\/newsofthelight.com.br\/?p=5460"},"wordCount":268,"commentCount":0,"publisher":{"@id":"https:\/\/newsofthelight.com.br\/#organization"},"image":{"@id":"https:\/\/newsofthelight.com.br\/?p=5460#primaryimage"},"thumbnailUrl":"https:\/\/newsofthelight.com.br\/wp-content\/uploads\/2023\/12\/IMG_5066.webp","articleSection":["Entretenimento"],"inLanguage":"pt-BR","potentialAction":[{"@type":"CommentAction","name":"Comment","target":["https:\/\/newsofthelight.com.br\/?p=5460#respond"]}]},{"@type":"WebPage","@id":"https:\/\/newsofthelight.com.br\/?p=5460","url":"https:\/\/newsofthelight.com.br\/?p=5460","name":"Andr\u00e9 Lamoglia far\u00e1 participa\u00e7\u00e3o crossover em Sangue e \u00c1gua - Autoria - Thiago Gomes Gon\u00e7alves Peres Lima - REG 0022106\/MG","isPartOf":{"@id":"https:\/\/newsofthelight.com.br\/#website"},"primaryImageOfPage":{"@id":"https:\/\/newsofthelight.com.br\/?p=5460#primaryimage"},"image":{"@id":"https:\/\/newsofthelight.com.br\/?p=5460#primaryimage"},"thumbnailUrl":"https:\/\/newsofthelight.com.br\/wp-content\/uploads\/2023\/12\/IMG_5066.webp","datePublished":"2023-12-07T01:10:56+00:00","dateModified":"2023-12-07T01:13:07+00:00","breadcrumb":{"@id":"https:\/\/newsofthelight.com.br\/?p=5460#breadcrumb"},"inLanguage":"pt-BR","potentialAction":[{"@type":"ReadAction","target":["https:\/\/newsofthelight.com.br\/?p=5460"]}]},{"@type":"ImageObject","inLanguage":"pt-BR","@id":"https:\/\/newsofthelight.com.br\/?p=5460#primaryimage","url":"https:\/\/newsofthelight.com.br\/wp-content\/uploads\/2023\/12\/IMG_5066.webp","contentUrl":"https:\/\/newsofthelight.com.br\/wp-content\/uploads\/2023\/12\/IMG_5066.webp","width":533,"height":261},{"@type":"BreadcrumbList","@id":"https:\/\/newsofthelight.com.br\/?p=5460#breadcrumb","itemListElement":[{"@type":"ListItem","position":1,"name":"In\u00edcio","item":"https:\/\/newsofthelight.com.br\/"},{"@type":"ListItem","position":2,"name":"Andr\u00e9 Lamoglia far\u00e1 participa\u00e7\u00e3o crossover em Sangue e \u00c1gua"}]},{"@type":"WebSite","@id":"https:\/\/newsofthelight.com.br\/#website","url":"https:\/\/newsofthelight.com.br\/","name":"Autoria - Thiago Gomes Gon\u00e7alves Peres Lima - REG 0022106\/MG","description":"Noticias na velocidade da luz","publisher":{"@id":"https:\/\/newsofthelight.com.br\/#organization"},"potentialAction":[{"@type":"SearchAction","target":{"@type":"EntryPoint","urlTemplate":"https:\/\/newsofthelight.com.br\/?s={search_term_string}"},"query-input":{"@type":"PropertyValueSpecification","valueRequired":true,"valueName":"search_term_string"}}],"inLanguage":"pt-BR"},{"@type":"Organization","@id":"https:\/\/newsofthelight.com.br\/#organization","name":"Autoria - Thiago Gomes Gon\u00e7alves Peres Lima - REG 0022106\/MG","url":"https:\/\/newsofthelight.com.br\/","logo":{"@type":"ImageObject","inLanguage":"pt-BR","@id":"https:\/\/newsofthelight.com.br\/#\/schema\/logo\/image\/","url":"https:\/\/newsofthelight.com.br\/wp-content\/uploads\/2025\/06\/cropped-IMG_0217.png","contentUrl":"https:\/\/newsofthelight.com.br\/wp-content\/uploads\/2025\/06\/cropped-IMG_0217.png","width":1177,"height":662,"caption":"Autoria - Thiago Gomes Gon\u00e7alves Peres Lima - REG 0022106\/MG"},"image":{"@id":"https:\/\/newsofthelight.com.br\/#\/schema\/logo\/image\/"},"sameAs":["https:\/\/www.instagram.com\/news_of_the_light_?igsh=b3Fwb2psamJzaXds"]},{"@type":"Person","@id":"https:\/\/newsofthelight.com.br\/#\/schema\/person\/d4878034586ca0e04c11eac65b2f76f2","name":"Thiago Peres","image":{"@type":"ImageObject","inLanguage":"pt-BR","@id":"https:\/\/secure.gravatar.com\/avatar\/21d66f46d21d113e9d3dba092a500e64563ed2ed2c77db814dfc7be6345e3815?s=96&d=mm&r=g","url":"https:\/\/secure.gravatar.com\/avatar\/21d66f46d21d113e9d3dba092a500e64563ed2ed2c77db814dfc7be6345e3815?s=96&d=mm&r=g","contentUrl":"https:\/\/secure.gravatar.com\/avatar\/21d66f46d21d113e9d3dba092a500e64563ed2ed2c77db814dfc7be6345e3815?s=96&d=mm&r=g","caption":"Thiago Peres"},"sameAs":["http:\/\/newsofthelight.com.br"],"url":"https:\/\/newsofthelight.com.br\/?author=2"}]}},"jetpack_featured_media_url":"https:\/\/newsofthelight.com.br\/wp-content\/uploads\/2023\/12\/IMG_5066.webp","jetpack_sharing_enabled":true,"jetpack-related-posts":[{"id":6310,"url":"https:\/\/newsofthelight.com.br\/?p=6310","url_meta":{"origin":5460,"position":0},"title":"Ator de elite, Andr\u00e9 Lamoglia celebra desempenho do Brasil na produ\u00e7\u00e3o internacional","author":"Thiago Peres","date":"28 de agosto de 2024","format":false,"excerpt":"Ao site da TV Cultura, Andr\u00e9 Lamoglia (27), carioca que integrou a s\u00e9rie da s\u00e9rie espanhola \u2018Elite\u2019, disse que seria \u201cmuito gratificante\u201d ver os brasileiros fazendo pap\u00e9is relevantes numa produ\u00e7\u00e3o audiovisual internacional. Neste caso, o ator responde se pretende participar na produ\u00e7\u00e3o brasileira. \u201cCom brasileiro, \u00e9 muito gratificante ver como\u2026","rel":"","context":"Em &quot;Entretenimento&quot;","block_context":{"text":"Entretenimento","link":"https:\/\/newsofthelight.com.br\/?cat=42"},"img":{"alt_text":"","src":"https:\/\/i0.wp.com\/newsofthelight.com.br\/wp-content\/uploads\/2024\/08\/IMG_5740.jpeg?resize=350%2C200&ssl=1","width":350,"height":200},"classes":[]},{"id":2464,"url":"https:\/\/newsofthelight.com.br\/?p=2464","url_meta":{"origin":5460,"position":1},"title":"Em sua 6\u00aa temporada, Elite consegue prender pelo mist\u00e9rio, mas n\u00e3o pelo enredo","author":"Thiago Peres","date":"20 de novembro de 2022","format":false,"excerpt":"A 6\u00aa temporada de Elite\u00a0 chegou na Netflix nesta sexta-feira (18) sem o elenco original e totalmente destoada dos anos anteriores. Com metade de um elenco novo, Elite segue a mesma f\u00f3rmula em um novo mist\u00e9rio com uma nova v\u00edtima. Contudo, a leva dos novos epis\u00f3dios s\u00f3 consegue prender os\u2026","rel":"","context":"Em &quot;Entretenimento&quot;","block_context":{"text":"Entretenimento","link":"https:\/\/newsofthelight.com.br\/?cat=42"},"img":{"alt_text":"","src":"https:\/\/i0.wp.com\/newsofthelight.com.br\/wp-content\/uploads\/2022\/11\/1CE0CA05-4981-4551-960B-183DB008E45E.jpeg?resize=350%2C200&ssl=1","width":350,"height":200,"srcset":"https:\/\/i0.wp.com\/newsofthelight.com.br\/wp-content\/uploads\/2022\/11\/1CE0CA05-4981-4551-960B-183DB008E45E.jpeg?resize=350%2C200&ssl=1 1x, https:\/\/i0.wp.com\/newsofthelight.com.br\/wp-content\/uploads\/2022\/11\/1CE0CA05-4981-4551-960B-183DB008E45E.jpeg?resize=525%2C300&ssl=1 1.5x, https:\/\/i0.wp.com\/newsofthelight.com.br\/wp-content\/uploads\/2022\/11\/1CE0CA05-4981-4551-960B-183DB008E45E.jpeg?resize=700%2C400&ssl=1 2x, https:\/\/i0.wp.com\/newsofthelight.com.br\/wp-content\/uploads\/2022\/11\/1CE0CA05-4981-4551-960B-183DB008E45E.jpeg?resize=1050%2C600&ssl=1 3x"},"classes":[]},{"id":3691,"url":"https:\/\/newsofthelight.com.br\/?p=3691","url_meta":{"origin":5460,"position":2},"title":"Astro de Elite, Manu Rios torna-se representante WME","author":"Thiago Peres","date":"15 de mar\u00e7o de 2023","format":false,"excerpt":"O ator castelhano Manu Rios, famoso por interpretar o personagem gay Patrick na s\u00e9rie \u00a0original da Netflix Elite, assinou um contrato de representa\u00e7\u00e3o com a WME (William Morris Endeavour), tradu\u00e7\u00e3o livre de Esfor\u00e7os de William Morris, uma das ag\u00eancias pioneiras em cria\u00e7\u00e3o de conte\u00fado de esportes, m\u00eddias sociais, eventos e\u2026","rel":"","context":"Em &quot;Entretenimento&quot;","block_context":{"text":"Entretenimento","link":"https:\/\/newsofthelight.com.br\/?cat=42"},"img":{"alt_text":"","src":"https:\/\/i0.wp.com\/newsofthelight.com.br\/wp-content\/uploads\/2023\/03\/A1184DFF-096E-45D4-83D8-896419B828CA.jpeg?resize=350%2C200&ssl=1","width":350,"height":200,"srcset":"https:\/\/i0.wp.com\/newsofthelight.com.br\/wp-content\/uploads\/2023\/03\/A1184DFF-096E-45D4-83D8-896419B828CA.jpeg?resize=350%2C200&ssl=1 1x, https:\/\/i0.wp.com\/newsofthelight.com.br\/wp-content\/uploads\/2023\/03\/A1184DFF-096E-45D4-83D8-896419B828CA.jpeg?resize=525%2C300&ssl=1 1.5x, https:\/\/i0.wp.com\/newsofthelight.com.br\/wp-content\/uploads\/2023\/03\/A1184DFF-096E-45D4-83D8-896419B828CA.jpeg?resize=700%2C400&ssl=1 2x"},"classes":[]},{"id":3527,"url":"https:\/\/newsofthelight.com.br\/?p=3527","url_meta":{"origin":5460,"position":3},"title":"\u00c9 oficial: Anitta estar\u00e1 presente na s\u00e9tima temporada do seriado espanhol Elite","author":"Thiago Peres","date":"9 de mar\u00e7o de 2023","format":false,"excerpt":"A cantora carioca Larissa de Macedo Machado, conhecida popularmente como Anitta, publicou na manh\u00e3 desta quinta-feira (09\/03) que ela far\u00e1 parte da s\u00e9tima temporada do seriado espanhol Elite. Sem mencionar se ter\u00e1 um personagem fict\u00edcio fixo no enredo ou se ter\u00e1 apenas uma participa\u00e7\u00e3o especial, a cantora junto aos produtores\u2026","rel":"","context":"Em &quot;Brasil&quot;","block_context":{"text":"Brasil","link":"https:\/\/newsofthelight.com.br\/?cat=38"},"img":{"alt_text":"","src":"https:\/\/i0.wp.com\/newsofthelight.com.br\/wp-content\/uploads\/2023\/03\/5A50209A-A925-43E0-9FF5-7EE6438FD2AD.jpeg?resize=350%2C200&ssl=1","width":350,"height":200,"srcset":"https:\/\/i0.wp.com\/newsofthelight.com.br\/wp-content\/uploads\/2023\/03\/5A50209A-A925-43E0-9FF5-7EE6438FD2AD.jpeg?resize=350%2C200&ssl=1 1x, https:\/\/i0.wp.com\/newsofthelight.com.br\/wp-content\/uploads\/2023\/03\/5A50209A-A925-43E0-9FF5-7EE6438FD2AD.jpeg?resize=525%2C300&ssl=1 1.5x, https:\/\/i0.wp.com\/newsofthelight.com.br\/wp-content\/uploads\/2023\/03\/5A50209A-A925-43E0-9FF5-7EE6438FD2AD.jpeg?resize=700%2C400&ssl=1 2x, https:\/\/i0.wp.com\/newsofthelight.com.br\/wp-content\/uploads\/2023\/03\/5A50209A-A925-43E0-9FF5-7EE6438FD2AD.jpeg?resize=1050%2C600&ssl=1 3x"},"classes":[]},{"id":5316,"url":"https:\/\/newsofthelight.com.br\/?p=5316","url_meta":{"origin":5460,"position":4},"title":"Aretha Sadick, atriz trans, \u00e9 escalada para papel principal em nova s\u00e9rie de terror sobrenatural do Globoplay","author":"Thiago Peres","date":"31 de outubro de 2023","format":false,"excerpt":"A Rede Globo, visando aumentar a representatividade e inclus\u00e3o em suas produ\u00e7\u00f5es, tem selecionado atrizes transg\u00eanero para seus novos projetos. A mais recente contrata\u00e7\u00e3o \u00e9 Aretha Sadick, 34 anos, conhecida por seu trabalho no teatro do Rio de Janeiro.Sadick foi escalada para o papel principal na nova s\u00e9rie de terror\u2026","rel":"","context":"Em &quot;Brasil&quot;","block_context":{"text":"Brasil","link":"https:\/\/newsofthelight.com.br\/?cat=38"},"img":{"alt_text":"","src":"https:\/\/i0.wp.com\/newsofthelight.com.br\/wp-content\/uploads\/2023\/10\/IMG_4950.jpeg?resize=350%2C200&ssl=1","width":350,"height":200,"srcset":"https:\/\/i0.wp.com\/newsofthelight.com.br\/wp-content\/uploads\/2023\/10\/IMG_4950.jpeg?resize=350%2C200&ssl=1 1x, https:\/\/i0.wp.com\/newsofthelight.com.br\/wp-content\/uploads\/2023\/10\/IMG_4950.jpeg?resize=525%2C300&ssl=1 1.5x"},"classes":[]},{"id":4746,"url":"https:\/\/newsofthelight.com.br\/?p=4746","url_meta":{"origin":5460,"position":5},"title":"Alega\u00e7\u00f5es de Viol\u00eancia: Tati vs Thomaz","author":"Thiago Peres","date":"21 de maio de 2023","format":false,"excerpt":"Tati Zaqui, a popular cantora brasileira, e Thomaz Costa, conhecido por seu papel na novela \"Carrossel\", est\u00e3o envolvidos em uma pol\u00eamica den\u00fancia de viol\u00eancia dom\u00e9stica. Segundo o boletim de ocorr\u00eancia registrado, a cantora acusa o ator de amea\u00e7as, viol\u00eancia psicol\u00f3gica, danos, les\u00e3o corporal e viol\u00eancia dom\u00e9stica. Ela alega ter sido\u2026","rel":"","context":"Em &quot;Brasil&quot;","block_context":{"text":"Brasil","link":"https:\/\/newsofthelight.com.br\/?cat=38"},"img":{"alt_text":"","src":"https:\/\/i0.wp.com\/newsofthelight.com.br\/wp-content\/uploads\/2023\/05\/IMG_4378.webp?resize=350%2C200&ssl=1","width":350,"height":200,"srcset":"https:\/\/i0.wp.com\/newsofthelight.com.br\/wp-content\/uploads\/2023\/05\/IMG_4378.webp?resize=350%2C200&ssl=1 1x, https:\/\/i0.wp.com\/newsofthelight.com.br\/wp-content\/uploads\/2023\/05\/IMG_4378.webp?resize=525%2C300&ssl=1 1.5x, https:\/\/i0.wp.com\/newsofthelight.com.br\/wp-content\/uploads\/2023\/05\/IMG_4378.webp?resize=700%2C400&ssl=1 2x"},"classes":[]}],"jetpack_shortlink":"https:\/\/wp.me\/peltaF-1q4","_links":{"self":[{"href":"https:\/\/newsofthelight.com.br\/index.php?rest_route=\/wp\/v2\/posts\/5460","targetHints":{"allow":["GET"]}}],"collection":[{"href":"https:\/\/newsofthelight.com.br\/index.php?rest_route=\/wp\/v2\/posts"}],"about":[{"href":"https:\/\/newsofthelight.com.br\/index.php?rest_route=\/wp\/v2\/types\/post"}],"author":[{"embeddable":true,"href":"https:\/\/newsofthelight.com.br\/index.php?rest_route=\/wp\/v2\/users\/2"}],"replies":[{"embeddable":true,"href":"https:\/\/newsofthelight.com.br\/index.php?rest_route=%2Fwp%2Fv2%2Fcomments&post=5460"}],"version-history":[{"count":4,"href":"https:\/\/newsofthelight.com.br\/index.php?rest_route=\/wp\/v2\/posts\/5460\/revisions"}],"predecessor-version":[{"id":5465,"href":"https:\/\/newsofthelight.com.br\/index.php?rest_route=\/wp\/v2\/posts\/5460\/revisions\/5465"}],"wp:featuredmedia":[{"embeddable":true,"href":"https:\/\/newsofthelight.com.br\/index.php?rest_route=\/wp\/v2\/media\/5462"}],"wp:attachment":[{"href":"https:\/\/newsofthelight.com.br\/index.php?rest_route=%2Fwp%2Fv2%2Fmedia&parent=5460"}],"wp:term":[{"taxonomy":"category","embeddable":true,"href":"https:\/\/newsofthelight.com.br\/index.php?rest_route=%2Fwp%2Fv2%2Fcategories&post=5460"},{"taxonomy":"post_tag","embeddable":true,"href":"https:\/\/newsofthelight.com.br\/index.php?rest_route=%2Fwp%2Fv2%2Ftags&post=5460"}],"curies":[{"name":"wp","href":"https:\/\/api.w.org\/{rel}","templated":true}]}}