{"id":5451,"date":"2023-12-06T20:47:33","date_gmt":"2023-12-06T23:47:33","guid":{"rendered":"https:\/\/newsofthelight.com.br\/?p=5451"},"modified":"2023-12-06T20:55:14","modified_gmt":"2023-12-06T23:55:14","slug":"fernanda-lima-e-rodrigo-hilbert-falam-sobre-mudanca-para-portugal","status":"publish","type":"post","link":"https:\/\/newsofthelight.com.br\/?p=5451","title":{"rendered":"Fernanda Lima e Rodrigo Hilbert falam sobre mudan\u00e7a para Portugal"},"content":{"rendered":"<p>A apresentadora Fernanda Lima, que mora em Portugal com sua fam\u00edlia desde o ano passado, revelou o motivo que a fez sair do Brasil. Elao e o esposo Rodrigo Hilbert seguem residindo no pa\u00eds europeu.<\/p>\n<p>&#8220;\u00c9 muito gostoso viver aqui. A gente est\u00e1 vivendo uma quest\u00e3o no Brasil um pouco complicada. Muita desigualdade, muitas quest\u00f5es. A gente vive sem medo&#8221;, disse ela, em entrevista \u00e0 emissora portuguesa TVI.<\/p>\n<p>Ainda de acordo com ela, os brasileiros t\u00eam fasc\u00ednio pela vida dos famosos. E, como artista, ela tem optado por preservar a privacidade de seus filhos. Ela \u00e9 m\u00e3e dos g\u00eameos Jo\u00e3o e Francisco, de 15 anos, e de Maria Manoela, todos frutos de seu relacionamento com Rodrigo.<\/p>\n<p>Em 2022, durante as elei\u00e7\u00f5es presidenciais do Brasil, Fernanda Lima e Rodrigo Hilbert declararam apoio a Luiz In\u00e1cio Lula da Silva.<\/p>\n<p>\u00c0 \u00e9poca, o casal chegou a aparecer em foto &#8216;fazendo o L&#8217;. em sinaliza\u00e7\u00e3o de apoio ao\u00a0pol\u00edtico de extrema-esquerda.<\/p>\n","protected":false},"excerpt":{"rendered":"<p>A apresentadora Fernanda Lima, que mora em Portugal com sua fam\u00edlia desde o ano passado, revelou o motivo que a fez sair do Brasil. Elao e o esposo Rodrigo Hilbert seguem residindo no pa\u00eds europeu. &#8220;\u00c9 muito gostoso viver aqui. A gente est\u00e1 vivendo uma quest\u00e3o no Brasil um pouco complicada. Muita desigualdade, muitas quest\u00f5es.<\/p>\n","protected":false},"author":2,"featured_media":5453,"comment_status":"open","ping_status":"open","sticky":false,"template":"","format":"standard","meta":{"_jetpack_memberships_contains_paid_content":false,"footnotes":""},"categories":[42],"tags":[],"class_list":["post-5451","post","type-post","status-publish","format-standard","has-post-thumbnail","hentry","category-entretenimento"],"yoast_head":"<!-- This site is optimized with the Yoast SEO plugin v27.4 - https:\/\/yoast.com\/product\/yoast-seo-wordpress\/ -->\n<title>Fernanda Lima e Rodrigo Hilbert falam sobre mudan\u00e7a para Portugal - Autoria - Thiago Gomes Gon\u00e7alves Peres Lima - REG 0022106\/MG<\/title>\n<meta name=\"robots\" content=\"index, follow, max-snippet:-1, max-image-preview:large, max-video-preview:-1\" \/>\n<link rel=\"canonical\" href=\"https:\/\/newsofthelight.com.br\/?p=5451\" \/>\n<meta property=\"og:locale\" content=\"pt_BR\" \/>\n<meta property=\"og:type\" content=\"article\" \/>\n<meta property=\"og:title\" content=\"Fernanda Lima e Rodrigo Hilbert falam sobre mudan\u00e7a para Portugal - Autoria - Thiago Gomes Gon\u00e7alves Peres Lima - REG 0022106\/MG\" \/>\n<meta property=\"og:description\" content=\"A apresentadora Fernanda Lima, que mora em Portugal com sua fam\u00edlia desde o ano passado, revelou o motivo que a fez sair do Brasil. Elao e o esposo Rodrigo Hilbert seguem residindo no pa\u00eds europeu. &#8220;\u00c9 muito gostoso viver aqui. A gente est\u00e1 vivendo uma quest\u00e3o no Brasil um pouco complicada. Muita desigualdade, muitas quest\u00f5es.\" \/>\n<meta property=\"og:url\" content=\"https:\/\/newsofthelight.com.br\/?p=5451\" \/>\n<meta property=\"og:site_name\" content=\"Autoria - Thiago Gomes Gon\u00e7alves Peres Lima - REG 0022106\/MG\" \/>\n<meta property=\"article:published_time\" content=\"2023-12-06T23:47:33+00:00\" \/>\n<meta property=\"article:modified_time\" content=\"2023-12-06T23:55:14+00:00\" \/>\n<meta property=\"og:image\" content=\"https:\/\/newsofthelight.com.br\/wp-content\/uploads\/2023\/12\/IMG_5062.jpeg\" \/>\n\t<meta property=\"og:image:width\" content=\"750\" \/>\n\t<meta property=\"og:image:height\" content=\"500\" \/>\n\t<meta property=\"og:image:type\" content=\"image\/jpeg\" \/>\n<meta name=\"author\" content=\"Thiago Peres\" \/>\n<meta name=\"twitter:card\" content=\"summary_large_image\" \/>\n<meta name=\"twitter:label1\" content=\"Escrito por\" \/>\n\t<meta name=\"twitter:data1\" content=\"Thiago Peres\" \/>\n\t<meta name=\"twitter:label2\" content=\"Est. tempo de leitura\" \/>\n\t<meta name=\"twitter:data2\" content=\"1 minuto\" \/>\n<script type=\"application\/ld+json\" class=\"yoast-schema-graph\">{\"@context\":\"https:\\\/\\\/schema.org\",\"@graph\":[{\"@type\":\"Article\",\"@id\":\"https:\\\/\\\/newsofthelight.com.br\\\/?p=5451#article\",\"isPartOf\":{\"@id\":\"https:\\\/\\\/newsofthelight.com.br\\\/?p=5451\"},\"author\":{\"name\":\"Thiago Peres\",\"@id\":\"https:\\\/\\\/newsofthelight.com.br\\\/#\\\/schema\\\/person\\\/d4878034586ca0e04c11eac65b2f76f2\"},\"headline\":\"Fernanda Lima e Rodrigo Hilbert falam sobre mudan\u00e7a para Portugal\",\"datePublished\":\"2023-12-06T23:47:33+00:00\",\"dateModified\":\"2023-12-06T23:55:14+00:00\",\"mainEntityOfPage\":{\"@id\":\"https:\\\/\\\/newsofthelight.com.br\\\/?p=5451\"},\"wordCount\":175,\"commentCount\":0,\"publisher\":{\"@id\":\"https:\\\/\\\/newsofthelight.com.br\\\/#organization\"},\"image\":{\"@id\":\"https:\\\/\\\/newsofthelight.com.br\\\/?p=5451#primaryimage\"},\"thumbnailUrl\":\"https:\\\/\\\/newsofthelight.com.br\\\/wp-content\\\/uploads\\\/2023\\\/12\\\/IMG_5062.jpeg\",\"articleSection\":[\"Entretenimento\"],\"inLanguage\":\"pt-BR\",\"potentialAction\":[{\"@type\":\"CommentAction\",\"name\":\"Comment\",\"target\":[\"https:\\\/\\\/newsofthelight.com.br\\\/?p=5451#respond\"]}]},{\"@type\":\"WebPage\",\"@id\":\"https:\\\/\\\/newsofthelight.com.br\\\/?p=5451\",\"url\":\"https:\\\/\\\/newsofthelight.com.br\\\/?p=5451\",\"name\":\"Fernanda Lima e Rodrigo Hilbert falam sobre mudan\u00e7a para Portugal - Autoria - Thiago Gomes Gon\u00e7alves Peres Lima - REG 0022106\\\/MG\",\"isPartOf\":{\"@id\":\"https:\\\/\\\/newsofthelight.com.br\\\/#website\"},\"primaryImageOfPage\":{\"@id\":\"https:\\\/\\\/newsofthelight.com.br\\\/?p=5451#primaryimage\"},\"image\":{\"@id\":\"https:\\\/\\\/newsofthelight.com.br\\\/?p=5451#primaryimage\"},\"thumbnailUrl\":\"https:\\\/\\\/newsofthelight.com.br\\\/wp-content\\\/uploads\\\/2023\\\/12\\\/IMG_5062.jpeg\",\"datePublished\":\"2023-12-06T23:47:33+00:00\",\"dateModified\":\"2023-12-06T23:55:14+00:00\",\"breadcrumb\":{\"@id\":\"https:\\\/\\\/newsofthelight.com.br\\\/?p=5451#breadcrumb\"},\"inLanguage\":\"pt-BR\",\"potentialAction\":[{\"@type\":\"ReadAction\",\"target\":[\"https:\\\/\\\/newsofthelight.com.br\\\/?p=5451\"]}]},{\"@type\":\"ImageObject\",\"inLanguage\":\"pt-BR\",\"@id\":\"https:\\\/\\\/newsofthelight.com.br\\\/?p=5451#primaryimage\",\"url\":\"https:\\\/\\\/newsofthelight.com.br\\\/wp-content\\\/uploads\\\/2023\\\/12\\\/IMG_5062.jpeg\",\"contentUrl\":\"https:\\\/\\\/newsofthelight.com.br\\\/wp-content\\\/uploads\\\/2023\\\/12\\\/IMG_5062.jpeg\",\"width\":750,\"height\":500},{\"@type\":\"BreadcrumbList\",\"@id\":\"https:\\\/\\\/newsofthelight.com.br\\\/?p=5451#breadcrumb\",\"itemListElement\":[{\"@type\":\"ListItem\",\"position\":1,\"name\":\"In\u00edcio\",\"item\":\"https:\\\/\\\/newsofthelight.com.br\\\/\"},{\"@type\":\"ListItem\",\"position\":2,\"name\":\"Fernanda Lima e Rodrigo Hilbert falam sobre mudan\u00e7a para Portugal\"}]},{\"@type\":\"WebSite\",\"@id\":\"https:\\\/\\\/newsofthelight.com.br\\\/#website\",\"url\":\"https:\\\/\\\/newsofthelight.com.br\\\/\",\"name\":\"Autoria - Thiago Gomes Gon\u00e7alves Peres Lima - REG 0022106\\\/MG\",\"description\":\"Noticias na velocidade da luz\",\"publisher\":{\"@id\":\"https:\\\/\\\/newsofthelight.com.br\\\/#organization\"},\"potentialAction\":[{\"@type\":\"SearchAction\",\"target\":{\"@type\":\"EntryPoint\",\"urlTemplate\":\"https:\\\/\\\/newsofthelight.com.br\\\/?s={search_term_string}\"},\"query-input\":{\"@type\":\"PropertyValueSpecification\",\"valueRequired\":true,\"valueName\":\"search_term_string\"}}],\"inLanguage\":\"pt-BR\"},{\"@type\":\"Organization\",\"@id\":\"https:\\\/\\\/newsofthelight.com.br\\\/#organization\",\"name\":\"Autoria - Thiago Gomes Gon\u00e7alves Peres Lima - REG 0022106\\\/MG\",\"url\":\"https:\\\/\\\/newsofthelight.com.br\\\/\",\"logo\":{\"@type\":\"ImageObject\",\"inLanguage\":\"pt-BR\",\"@id\":\"https:\\\/\\\/newsofthelight.com.br\\\/#\\\/schema\\\/logo\\\/image\\\/\",\"url\":\"https:\\\/\\\/newsofthelight.com.br\\\/wp-content\\\/uploads\\\/2025\\\/06\\\/cropped-IMG_0217.png\",\"contentUrl\":\"https:\\\/\\\/newsofthelight.com.br\\\/wp-content\\\/uploads\\\/2025\\\/06\\\/cropped-IMG_0217.png\",\"width\":1177,\"height\":662,\"caption\":\"Autoria - Thiago Gomes Gon\u00e7alves Peres Lima - REG 0022106\\\/MG\"},\"image\":{\"@id\":\"https:\\\/\\\/newsofthelight.com.br\\\/#\\\/schema\\\/logo\\\/image\\\/\"},\"sameAs\":[\"https:\\\/\\\/www.instagram.com\\\/news_of_the_light_?igsh=b3Fwb2psamJzaXds\"]},{\"@type\":\"Person\",\"@id\":\"https:\\\/\\\/newsofthelight.com.br\\\/#\\\/schema\\\/person\\\/d4878034586ca0e04c11eac65b2f76f2\",\"name\":\"Thiago Peres\",\"image\":{\"@type\":\"ImageObject\",\"inLanguage\":\"pt-BR\",\"@id\":\"https:\\\/\\\/secure.gravatar.com\\\/avatar\\\/21d66f46d21d113e9d3dba092a500e64563ed2ed2c77db814dfc7be6345e3815?s=96&d=mm&r=g\",\"url\":\"https:\\\/\\\/secure.gravatar.com\\\/avatar\\\/21d66f46d21d113e9d3dba092a500e64563ed2ed2c77db814dfc7be6345e3815?s=96&d=mm&r=g\",\"contentUrl\":\"https:\\\/\\\/secure.gravatar.com\\\/avatar\\\/21d66f46d21d113e9d3dba092a500e64563ed2ed2c77db814dfc7be6345e3815?s=96&d=mm&r=g\",\"caption\":\"Thiago Peres\"},\"sameAs\":[\"http:\\\/\\\/newsofthelight.com.br\"],\"url\":\"https:\\\/\\\/newsofthelight.com.br\\\/?author=2\"}]}<\/script>\n<!-- \/ Yoast SEO plugin. -->","yoast_head_json":{"title":"Fernanda Lima e Rodrigo Hilbert falam sobre mudan\u00e7a para Portugal - Autoria - Thiago Gomes Gon\u00e7alves Peres Lima - REG 0022106\/MG","robots":{"index":"index","follow":"follow","max-snippet":"max-snippet:-1","max-image-preview":"max-image-preview:large","max-video-preview":"max-video-preview:-1"},"canonical":"https:\/\/newsofthelight.com.br\/?p=5451","og_locale":"pt_BR","og_type":"article","og_title":"Fernanda Lima e Rodrigo Hilbert falam sobre mudan\u00e7a para Portugal - Autoria - Thiago Gomes Gon\u00e7alves Peres Lima - REG 0022106\/MG","og_description":"A apresentadora Fernanda Lima, que mora em Portugal com sua fam\u00edlia desde o ano passado, revelou o motivo que a fez sair do Brasil. Elao e o esposo Rodrigo Hilbert seguem residindo no pa\u00eds europeu. &#8220;\u00c9 muito gostoso viver aqui. A gente est\u00e1 vivendo uma quest\u00e3o no Brasil um pouco complicada. Muita desigualdade, muitas quest\u00f5es.","og_url":"https:\/\/newsofthelight.com.br\/?p=5451","og_site_name":"Autoria - Thiago Gomes Gon\u00e7alves Peres Lima - REG 0022106\/MG","article_published_time":"2023-12-06T23:47:33+00:00","article_modified_time":"2023-12-06T23:55:14+00:00","og_image":[{"width":750,"height":500,"url":"https:\/\/newsofthelight.com.br\/wp-content\/uploads\/2023\/12\/IMG_5062.jpeg","type":"image\/jpeg"}],"author":"Thiago Peres","twitter_card":"summary_large_image","twitter_misc":{"Escrito por":"Thiago Peres","Est. tempo de leitura":"1 minuto"},"schema":{"@context":"https:\/\/schema.org","@graph":[{"@type":"Article","@id":"https:\/\/newsofthelight.com.br\/?p=5451#article","isPartOf":{"@id":"https:\/\/newsofthelight.com.br\/?p=5451"},"author":{"name":"Thiago Peres","@id":"https:\/\/newsofthelight.com.br\/#\/schema\/person\/d4878034586ca0e04c11eac65b2f76f2"},"headline":"Fernanda Lima e Rodrigo Hilbert falam sobre mudan\u00e7a para Portugal","datePublished":"2023-12-06T23:47:33+00:00","dateModified":"2023-12-06T23:55:14+00:00","mainEntityOfPage":{"@id":"https:\/\/newsofthelight.com.br\/?p=5451"},"wordCount":175,"commentCount":0,"publisher":{"@id":"https:\/\/newsofthelight.com.br\/#organization"},"image":{"@id":"https:\/\/newsofthelight.com.br\/?p=5451#primaryimage"},"thumbnailUrl":"https:\/\/newsofthelight.com.br\/wp-content\/uploads\/2023\/12\/IMG_5062.jpeg","articleSection":["Entretenimento"],"inLanguage":"pt-BR","potentialAction":[{"@type":"CommentAction","name":"Comment","target":["https:\/\/newsofthelight.com.br\/?p=5451#respond"]}]},{"@type":"WebPage","@id":"https:\/\/newsofthelight.com.br\/?p=5451","url":"https:\/\/newsofthelight.com.br\/?p=5451","name":"Fernanda Lima e Rodrigo Hilbert falam sobre mudan\u00e7a para Portugal - Autoria - Thiago Gomes Gon\u00e7alves Peres Lima - REG 0022106\/MG","isPartOf":{"@id":"https:\/\/newsofthelight.com.br\/#website"},"primaryImageOfPage":{"@id":"https:\/\/newsofthelight.com.br\/?p=5451#primaryimage"},"image":{"@id":"https:\/\/newsofthelight.com.br\/?p=5451#primaryimage"},"thumbnailUrl":"https:\/\/newsofthelight.com.br\/wp-content\/uploads\/2023\/12\/IMG_5062.jpeg","datePublished":"2023-12-06T23:47:33+00:00","dateModified":"2023-12-06T23:55:14+00:00","breadcrumb":{"@id":"https:\/\/newsofthelight.com.br\/?p=5451#breadcrumb"},"inLanguage":"pt-BR","potentialAction":[{"@type":"ReadAction","target":["https:\/\/newsofthelight.com.br\/?p=5451"]}]},{"@type":"ImageObject","inLanguage":"pt-BR","@id":"https:\/\/newsofthelight.com.br\/?p=5451#primaryimage","url":"https:\/\/newsofthelight.com.br\/wp-content\/uploads\/2023\/12\/IMG_5062.jpeg","contentUrl":"https:\/\/newsofthelight.com.br\/wp-content\/uploads\/2023\/12\/IMG_5062.jpeg","width":750,"height":500},{"@type":"BreadcrumbList","@id":"https:\/\/newsofthelight.com.br\/?p=5451#breadcrumb","itemListElement":[{"@type":"ListItem","position":1,"name":"In\u00edcio","item":"https:\/\/newsofthelight.com.br\/"},{"@type":"ListItem","position":2,"name":"Fernanda Lima e Rodrigo Hilbert falam sobre mudan\u00e7a para Portugal"}]},{"@type":"WebSite","@id":"https:\/\/newsofthelight.com.br\/#website","url":"https:\/\/newsofthelight.com.br\/","name":"Autoria - Thiago Gomes Gon\u00e7alves Peres Lima - REG 0022106\/MG","description":"Noticias na velocidade da luz","publisher":{"@id":"https:\/\/newsofthelight.com.br\/#organization"},"potentialAction":[{"@type":"SearchAction","target":{"@type":"EntryPoint","urlTemplate":"https:\/\/newsofthelight.com.br\/?s={search_term_string}"},"query-input":{"@type":"PropertyValueSpecification","valueRequired":true,"valueName":"search_term_string"}}],"inLanguage":"pt-BR"},{"@type":"Organization","@id":"https:\/\/newsofthelight.com.br\/#organization","name":"Autoria - Thiago Gomes Gon\u00e7alves Peres Lima - REG 0022106\/MG","url":"https:\/\/newsofthelight.com.br\/","logo":{"@type":"ImageObject","inLanguage":"pt-BR","@id":"https:\/\/newsofthelight.com.br\/#\/schema\/logo\/image\/","url":"https:\/\/newsofthelight.com.br\/wp-content\/uploads\/2025\/06\/cropped-IMG_0217.png","contentUrl":"https:\/\/newsofthelight.com.br\/wp-content\/uploads\/2025\/06\/cropped-IMG_0217.png","width":1177,"height":662,"caption":"Autoria - Thiago Gomes Gon\u00e7alves Peres Lima - REG 0022106\/MG"},"image":{"@id":"https:\/\/newsofthelight.com.br\/#\/schema\/logo\/image\/"},"sameAs":["https:\/\/www.instagram.com\/news_of_the_light_?igsh=b3Fwb2psamJzaXds"]},{"@type":"Person","@id":"https:\/\/newsofthelight.com.br\/#\/schema\/person\/d4878034586ca0e04c11eac65b2f76f2","name":"Thiago Peres","image":{"@type":"ImageObject","inLanguage":"pt-BR","@id":"https:\/\/secure.gravatar.com\/avatar\/21d66f46d21d113e9d3dba092a500e64563ed2ed2c77db814dfc7be6345e3815?s=96&d=mm&r=g","url":"https:\/\/secure.gravatar.com\/avatar\/21d66f46d21d113e9d3dba092a500e64563ed2ed2c77db814dfc7be6345e3815?s=96&d=mm&r=g","contentUrl":"https:\/\/secure.gravatar.com\/avatar\/21d66f46d21d113e9d3dba092a500e64563ed2ed2c77db814dfc7be6345e3815?s=96&d=mm&r=g","caption":"Thiago Peres"},"sameAs":["http:\/\/newsofthelight.com.br"],"url":"https:\/\/newsofthelight.com.br\/?author=2"}]}},"jetpack_featured_media_url":"https:\/\/newsofthelight.com.br\/wp-content\/uploads\/2023\/12\/IMG_5062.jpeg","jetpack_sharing_enabled":true,"jetpack-related-posts":[{"id":3824,"url":"https:\/\/newsofthelight.com.br\/?p=3824","url_meta":{"origin":5451,"position":0},"title":"F\u00e3 autista da Banda Coldplay se emociona ao ver show antes de perder a vis\u00e3o","author":"Thiago Peres","date":"20 de mar\u00e7o de 2023","format":false,"excerpt":"Murilo Leal, paulista f\u00e3 da banda Coldplay, que est\u00e1 fazendo uma turn\u00ea pelo Brasil, tem autismo e realizou o sonho de ver um show ao vivo da banda brit\u00e2nica antes de perder completamente sua vis\u00e3o em decorr\u00eancia da s\u00edndrome de Bardet-Biedl. A produ\u00e7\u00e3o respons\u00e1vel pelo evento tamb\u00e9m conseguiu promover o\u2026","rel":"","context":"Em &quot;Brasil&quot;","block_context":{"text":"Brasil","link":"https:\/\/newsofthelight.com.br\/?cat=38"},"img":{"alt_text":"","src":"https:\/\/i0.wp.com\/newsofthelight.com.br\/wp-content\/uploads\/2023\/03\/ED8EBAAB-8EC9-45AA-A46B-1C82ABDAF16B.jpeg?resize=350%2C200&ssl=1","width":350,"height":200,"srcset":"https:\/\/i0.wp.com\/newsofthelight.com.br\/wp-content\/uploads\/2023\/03\/ED8EBAAB-8EC9-45AA-A46B-1C82ABDAF16B.jpeg?resize=350%2C200&ssl=1 1x, https:\/\/i0.wp.com\/newsofthelight.com.br\/wp-content\/uploads\/2023\/03\/ED8EBAAB-8EC9-45AA-A46B-1C82ABDAF16B.jpeg?resize=525%2C300&ssl=1 1.5x, https:\/\/i0.wp.com\/newsofthelight.com.br\/wp-content\/uploads\/2023\/03\/ED8EBAAB-8EC9-45AA-A46B-1C82ABDAF16B.jpeg?resize=700%2C400&ssl=1 2x, https:\/\/i0.wp.com\/newsofthelight.com.br\/wp-content\/uploads\/2023\/03\/ED8EBAAB-8EC9-45AA-A46B-1C82ABDAF16B.jpeg?resize=1050%2C600&ssl=1 3x"},"classes":[]},{"id":6766,"url":"https:\/\/newsofthelight.com.br\/?p=6766","url_meta":{"origin":5451,"position":1},"title":"Filho de Sebasti\u00e3o Salgado, Rodrigo exp\u00f5e seus trabalhos pela primeira vez na Fran\u00e7a&nbsp;","author":"Thiago Peres","date":"27 de maio de 2025","format":false,"excerpt":"\"Rodrigo, Vida de Artista\" ser\u00e1 lan\u00e7ado em 27 de maio, um dia antes do in\u00edcio do programa, o programa da curadora e designer L\u00e9lia Barnik Salgado e do filho do fot\u00f3grafo Sebasti\u00e3o Salgado, Rodrigo Salgado, falecido aos 45 anos. Enquanto Sebastian Salgado estava encarregado de iluminar a exposi\u00e7\u00e3o, um de\u2026","rel":"","context":"Em &quot;Mundo&quot;","block_context":{"text":"Mundo","link":"https:\/\/newsofthelight.com.br\/?cat=39"},"img":{"alt_text":"","src":"https:\/\/i0.wp.com\/newsofthelight.com.br\/wp-content\/uploads\/2025\/05\/img_0147.jpg?resize=350%2C200&ssl=1","width":350,"height":200,"srcset":"https:\/\/i0.wp.com\/newsofthelight.com.br\/wp-content\/uploads\/2025\/05\/img_0147.jpg?resize=350%2C200&ssl=1 1x, https:\/\/i0.wp.com\/newsofthelight.com.br\/wp-content\/uploads\/2025\/05\/img_0147.jpg?resize=525%2C300&ssl=1 1.5x, https:\/\/i0.wp.com\/newsofthelight.com.br\/wp-content\/uploads\/2025\/05\/img_0147.jpg?resize=700%2C400&ssl=1 2x"},"classes":[]},{"id":5296,"url":"https:\/\/newsofthelight.com.br\/?p=5296","url_meta":{"origin":5451,"position":2},"title":"Mudan\u00e7as no alto escal\u00e3o geram cr\u00edticas ao governo Lula pela falta de mulheres no parlamento","author":"Thiago Peres","date":"30 de outubro de 2023","format":false,"excerpt":"A recente substitui\u00e7\u00e3o de Rita Serrano, economista e ex-presidente da Caixa Econ\u00f4mica, por Carlos Vieira Fernandes, indicado pelo presidente da C\u00e2mara, Arthur Lira (PP-AL), gerou descontentamento entre os parlamentares de esquerda. Serrano \u00e9 a terceira mulher a ser substitu\u00edda por um membro do Centr\u00e3o.Anteriormente, as ministras Daniela Carneiro (Turismo) e\u2026","rel":"","context":"Em &quot;Brasil&quot;","block_context":{"text":"Brasil","link":"https:\/\/newsofthelight.com.br\/?cat=38"},"img":{"alt_text":"","src":"https:\/\/i0.wp.com\/newsofthelight.com.br\/wp-content\/uploads\/2023\/10\/IMG_4939.webp?resize=350%2C200&ssl=1","width":350,"height":200,"srcset":"https:\/\/i0.wp.com\/newsofthelight.com.br\/wp-content\/uploads\/2023\/10\/IMG_4939.webp?resize=350%2C200&ssl=1 1x, https:\/\/i0.wp.com\/newsofthelight.com.br\/wp-content\/uploads\/2023\/10\/IMG_4939.webp?resize=525%2C300&ssl=1 1.5x, https:\/\/i0.wp.com\/newsofthelight.com.br\/wp-content\/uploads\/2023\/10\/IMG_4939.webp?resize=700%2C400&ssl=1 2x"},"classes":[]},{"id":6554,"url":"https:\/\/newsofthelight.com.br\/?p=6554","url_meta":{"origin":5451,"position":3},"title":"Rodrigo Valadares afirma que&nbsp; governo n\u00e3o tem votos suficientes para impedir o Projeto de Lei da Anistia na Comiss\u00e3o de Constitui\u00e7\u00e3o de Justi\u00e7a","author":"Thiago Peres","date":"12 de setembro de 2024","format":false,"excerpt":"O vice-presidente federal Rodrigo Ferrarez (Uni\u00e3o Brasil-SE) disse que o governo escolheu a proibi\u00e7\u00e3o porque o Comit\u00ea Constitucional Judicial da C\u00e2mara dos Representantes (CCJ) n\u00e3o tinha votos suficientes para impedir o avan\u00e7o da Lei de Anistia (PL). - Os advers\u00e1rios j\u00e1 votaram a aprova\u00e7\u00e3o da Amnistia Internacional na CCJ -\u2026","rel":"","context":"Em &quot;Pol\u00edtica&quot;","block_context":{"text":"Pol\u00edtica","link":"https:\/\/newsofthelight.com.br\/?cat=36"},"img":{"alt_text":"","src":"https:\/\/i0.wp.com\/newsofthelight.com.br\/wp-content\/uploads\/2024\/09\/img_5807-1.jpg?resize=350%2C200&ssl=1","width":350,"height":200,"srcset":"https:\/\/i0.wp.com\/newsofthelight.com.br\/wp-content\/uploads\/2024\/09\/img_5807-1.jpg?resize=350%2C200&ssl=1 1x, https:\/\/i0.wp.com\/newsofthelight.com.br\/wp-content\/uploads\/2024\/09\/img_5807-1.jpg?resize=525%2C300&ssl=1 1.5x, https:\/\/i0.wp.com\/newsofthelight.com.br\/wp-content\/uploads\/2024\/09\/img_5807-1.jpg?resize=700%2C400&ssl=1 2x"},"classes":[]},{"id":5390,"url":"https:\/\/newsofthelight.com.br\/?p=5390","url_meta":{"origin":5451,"position":4},"title":"An\u00e1lise da Economia Brasileira em 2023: Crescimento, Desafios e Perspectivas","author":"Thiago Peres","date":"29 de novembro de 2023","format":false,"excerpt":"A economia brasileira tem sido um assunto de grande interesse e debate em 2023. Segundo o Minist\u00e9rio da Fazenda, a economia do Brasil est\u00e1 prevista para crescer 3,2% em 2023. No entanto, a Organiza\u00e7\u00e3o para a Coopera\u00e7\u00e3o e Desenvolvimento Econ\u00f4mico (OCDE) projeta um crescimento do PIB real de apenas 1,7%.Rodrigo\u2026","rel":"","context":"Em &quot;Brasil&quot;","block_context":{"text":"Brasil","link":"https:\/\/newsofthelight.com.br\/?cat=38"},"img":{"alt_text":"","src":"https:\/\/i0.wp.com\/newsofthelight.com.br\/wp-content\/uploads\/2023\/11\/IMG_4993.jpeg?resize=350%2C200&ssl=1","width":350,"height":200,"srcset":"https:\/\/i0.wp.com\/newsofthelight.com.br\/wp-content\/uploads\/2023\/11\/IMG_4993.jpeg?resize=350%2C200&ssl=1 1x, https:\/\/i0.wp.com\/newsofthelight.com.br\/wp-content\/uploads\/2023\/11\/IMG_4993.jpeg?resize=525%2C300&ssl=1 1.5x, https:\/\/i0.wp.com\/newsofthelight.com.br\/wp-content\/uploads\/2023\/11\/IMG_4993.jpeg?resize=700%2C400&ssl=1 2x"},"classes":[]},{"id":5928,"url":"https:\/\/newsofthelight.com.br\/?p=5928","url_meta":{"origin":5451,"position":5},"title":"Medida Provis\u00f3ria 1.202\/2023: Entre a Necessidade Fiscal e a Separa\u00e7\u00e3o de Poderes","author":"Thiago Peres","date":"11 de janeiro de 2024","format":false,"excerpt":"A Medida Provis\u00f3ria 1.202\/2023, que prop\u00f5e a reonera\u00e7\u00e3o gradual da folha de pagamento de diferentes setores da economia, tem sido objeto de intensos debates no Brasil. A medida, que foi publicada nos \u00faltimos dias de 2023, tem gerado rea\u00e7\u00f5es diversas entre os principais atores pol\u00edticos do pa\u00eds.O presidente Luiz In\u00e1cio\u2026","rel":"","context":"Em &quot;Brasil&quot;","block_context":{"text":"Brasil","link":"https:\/\/newsofthelight.com.br\/?cat=38"},"img":{"alt_text":"","src":"https:\/\/i0.wp.com\/newsofthelight.com.br\/wp-content\/uploads\/2024\/01\/IMG_5319.jpeg?resize=350%2C200&ssl=1","width":350,"height":200,"srcset":"https:\/\/i0.wp.com\/newsofthelight.com.br\/wp-content\/uploads\/2024\/01\/IMG_5319.jpeg?resize=350%2C200&ssl=1 1x, https:\/\/i0.wp.com\/newsofthelight.com.br\/wp-content\/uploads\/2024\/01\/IMG_5319.jpeg?resize=525%2C300&ssl=1 1.5x, https:\/\/i0.wp.com\/newsofthelight.com.br\/wp-content\/uploads\/2024\/01\/IMG_5319.jpeg?resize=700%2C400&ssl=1 2x"},"classes":[]}],"jetpack_shortlink":"https:\/\/wp.me\/peltaF-1pV","_links":{"self":[{"href":"https:\/\/newsofthelight.com.br\/index.php?rest_route=\/wp\/v2\/posts\/5451","targetHints":{"allow":["GET"]}}],"collection":[{"href":"https:\/\/newsofthelight.com.br\/index.php?rest_route=\/wp\/v2\/posts"}],"about":[{"href":"https:\/\/newsofthelight.com.br\/index.php?rest_route=\/wp\/v2\/types\/post"}],"author":[{"embeddable":true,"href":"https:\/\/newsofthelight.com.br\/index.php?rest_route=\/wp\/v2\/users\/2"}],"replies":[{"embeddable":true,"href":"https:\/\/newsofthelight.com.br\/index.php?rest_route=%2Fwp%2Fv2%2Fcomments&post=5451"}],"version-history":[{"count":7,"href":"https:\/\/newsofthelight.com.br\/index.php?rest_route=\/wp\/v2\/posts\/5451\/revisions"}],"predecessor-version":[{"id":5459,"href":"https:\/\/newsofthelight.com.br\/index.php?rest_route=\/wp\/v2\/posts\/5451\/revisions\/5459"}],"wp:featuredmedia":[{"embeddable":true,"href":"https:\/\/newsofthelight.com.br\/index.php?rest_route=\/wp\/v2\/media\/5453"}],"wp:attachment":[{"href":"https:\/\/newsofthelight.com.br\/index.php?rest_route=%2Fwp%2Fv2%2Fmedia&parent=5451"}],"wp:term":[{"taxonomy":"category","embeddable":true,"href":"https:\/\/newsofthelight.com.br\/index.php?rest_route=%2Fwp%2Fv2%2Fcategories&post=5451"},{"taxonomy":"post_tag","embeddable":true,"href":"https:\/\/newsofthelight.com.br\/index.php?rest_route=%2Fwp%2Fv2%2Ftags&post=5451"}],"curies":[{"name":"wp","href":"https:\/\/api.w.org\/{rel}","templated":true}]}}