{"id":5445,"date":"2023-12-06T11:14:08","date_gmt":"2023-12-06T14:14:08","guid":{"rendered":"https:\/\/newsofthelight.com.br\/?p=5445"},"modified":"2023-12-06T11:15:20","modified_gmt":"2023-12-06T14:15:20","slug":"o-acordo-mercosul-e-uniao-europeia-uma-analise-dos-desafios-e-progressos-nas-negociacoes-comerciais","status":"publish","type":"post","link":"https:\/\/newsofthelight.com.br\/?p=5445","title":{"rendered":"O Acordo Mercosul e Uni\u00e3o Europeia: Uma An\u00e1lise dos Desafios e Progressos nas Negocia\u00e7\u00f5es Comerciais"},"content":{"rendered":"<p>Nos \u00faltimos tempos, a esperan\u00e7a do Brasil de anunciar o acordo comercial entre o Mercosul e a Uni\u00e3o Europeia at\u00e9 o final da c\u00fapula do bloco sul-americano, na quinta-feira (7\/12), parece ter se distanciado. Desde agosto, os negociadores de ambos os blocos t\u00eam se esfor\u00e7ado para finalizar os termos do acordo que vem sendo discutido desde 1999. No entanto, reviravoltas diplom\u00e1ticas recentes parecem ter mudado o rumo das coisas.<\/p>\n<p>O acordo de livre com\u00e9rcio entre o Mercosul e a Uni\u00e3o Europeia, que come\u00e7ou a ser discutido em 1999, prop\u00f5e a isen\u00e7\u00e3o ou redu\u00e7\u00e3o de impostos de importa\u00e7\u00e3o de bens e servi\u00e7os produzidos nos dois blocos.<\/p>\n<p>Em 2019, durante o mandato do presidente Jair Bolsonaro (PL), o Mercosul e a Uni\u00e3o Europeia assinaram o acordo. No entanto, para que o acordo entrasse em vigor, era necess\u00e1rio passar por uma revis\u00e3o t\u00e9cnica e ser ratificado pelos parlamentos de todos os pa\u00edses envolvidos.<\/p>\n<p>Depois de quatro anos de impasse, as negocia\u00e7\u00f5es foram retomadas com a mudan\u00e7a de governo no Brasil e a chegada de Luiz In\u00e1cio Lula da Silva (PT) ao Pal\u00e1cio do Planalto. No entanto, as exig\u00eancias ambientais europeias voltaram a ser um obst\u00e1culo nas negocia\u00e7\u00f5es. Nos \u00faltimos meses, no entanto, os dois blocos voltaram a colaborar para tentar finalizar os \u00faltimos ajustes. Diplomatas brasileiros comemoravam, nos bastidores, os avan\u00e7os nas negocia\u00e7\u00f5es. No entanto, a expectativa foi freada ap\u00f3s uma declara\u00e7\u00e3o contra o acordo do presidente franc\u00eas Emmanuel Macron, no s\u00e1bado (2\/12), durante a confer\u00eancia para o clima da Organiza\u00e7\u00e3o das Na\u00e7\u00f5es Unidas (COP 28), em Dubai.<\/p>\n<p>&#8220;Acrescentamos frases [ao acordo] no in\u00edcio para agradar a Fran\u00e7a, mas ele n\u00e3o \u00e9 bom para ningu\u00e9m, porque n\u00e3o posso pedir aos nossos agricultores, aos nossos industriais na Fran\u00e7a, em toda a Europa, que fa\u00e7am esfor\u00e7os, que apliquem novas linguagens para descarbonizar, para abandonar certos produtos, enquanto s\u00e3o removidas todas as tarifas para importar produtos que n\u00e3o aplicam essas regras&#8221;, disse o presidente franc\u00eas.<\/p>\n","protected":false},"excerpt":{"rendered":"<p>Nos \u00faltimos tempos, a esperan\u00e7a do Brasil de anunciar o acordo comercial entre o Mercosul e a Uni\u00e3o Europeia at\u00e9 o final da c\u00fapula do bloco sul-americano, na quinta-feira (7\/12), parece ter se distanciado. Desde agosto, os negociadores de ambos os blocos t\u00eam se esfor\u00e7ado para finalizar os termos do acordo que vem sendo discutido<\/p>\n","protected":false},"author":2,"featured_media":5447,"comment_status":"open","ping_status":"open","sticky":false,"template":"","format":"standard","meta":{"_jetpack_memberships_contains_paid_content":false,"footnotes":""},"categories":[38,39,36],"tags":[],"class_list":["post-5445","post","type-post","status-publish","format-standard","has-post-thumbnail","hentry","category-brasil","category-mundo","category-politica"],"yoast_head":"<!-- This site is optimized with the Yoast SEO plugin v27.4 - https:\/\/yoast.com\/product\/yoast-seo-wordpress\/ -->\n<title>O Acordo Mercosul e Uni\u00e3o Europeia: Uma An\u00e1lise dos Desafios e Progressos nas Negocia\u00e7\u00f5es Comerciais - Autoria - Thiago Gomes Gon\u00e7alves Peres Lima - REG 0022106\/MG<\/title>\n<meta name=\"robots\" content=\"index, follow, max-snippet:-1, max-image-preview:large, max-video-preview:-1\" \/>\n<link rel=\"canonical\" href=\"https:\/\/newsofthelight.com.br\/?p=5445\" \/>\n<meta property=\"og:locale\" content=\"pt_BR\" \/>\n<meta property=\"og:type\" content=\"article\" \/>\n<meta property=\"og:title\" content=\"O Acordo Mercosul e Uni\u00e3o Europeia: Uma An\u00e1lise dos Desafios e Progressos nas Negocia\u00e7\u00f5es Comerciais - Autoria - Thiago Gomes Gon\u00e7alves Peres Lima - REG 0022106\/MG\" \/>\n<meta property=\"og:description\" content=\"Nos \u00faltimos tempos, a esperan\u00e7a do Brasil de anunciar o acordo comercial entre o Mercosul e a Uni\u00e3o Europeia at\u00e9 o final da c\u00fapula do bloco sul-americano, na quinta-feira (7\/12), parece ter se distanciado. Desde agosto, os negociadores de ambos os blocos t\u00eam se esfor\u00e7ado para finalizar os termos do acordo que vem sendo discutido\" \/>\n<meta property=\"og:url\" content=\"https:\/\/newsofthelight.com.br\/?p=5445\" \/>\n<meta property=\"og:site_name\" content=\"Autoria - Thiago Gomes Gon\u00e7alves Peres Lima - REG 0022106\/MG\" \/>\n<meta property=\"article:published_time\" content=\"2023-12-06T14:14:08+00:00\" \/>\n<meta property=\"article:modified_time\" content=\"2023-12-06T14:15:20+00:00\" \/>\n<meta property=\"og:image\" content=\"https:\/\/newsofthelight.com.br\/wp-content\/uploads\/2023\/12\/IMG_5046.webp\" \/>\n\t<meta property=\"og:image:width\" content=\"800\" \/>\n\t<meta property=\"og:image:height\" content=\"517\" \/>\n\t<meta property=\"og:image:type\" content=\"image\/webp\" \/>\n<meta name=\"author\" content=\"Thiago Peres\" \/>\n<meta name=\"twitter:card\" content=\"summary_large_image\" \/>\n<meta name=\"twitter:label1\" content=\"Escrito por\" \/>\n\t<meta name=\"twitter:data1\" content=\"Thiago Peres\" \/>\n\t<meta name=\"twitter:label2\" content=\"Est. tempo de leitura\" \/>\n\t<meta name=\"twitter:data2\" content=\"2 minutos\" \/>\n<script type=\"application\/ld+json\" class=\"yoast-schema-graph\">{\"@context\":\"https:\\\/\\\/schema.org\",\"@graph\":[{\"@type\":\"Article\",\"@id\":\"https:\\\/\\\/newsofthelight.com.br\\\/?p=5445#article\",\"isPartOf\":{\"@id\":\"https:\\\/\\\/newsofthelight.com.br\\\/?p=5445\"},\"author\":{\"name\":\"Thiago Peres\",\"@id\":\"https:\\\/\\\/newsofthelight.com.br\\\/#\\\/schema\\\/person\\\/d4878034586ca0e04c11eac65b2f76f2\"},\"headline\":\"O Acordo Mercosul e Uni\u00e3o Europeia: Uma An\u00e1lise dos Desafios e Progressos nas Negocia\u00e7\u00f5es Comerciais\",\"datePublished\":\"2023-12-06T14:14:08+00:00\",\"dateModified\":\"2023-12-06T14:15:20+00:00\",\"mainEntityOfPage\":{\"@id\":\"https:\\\/\\\/newsofthelight.com.br\\\/?p=5445\"},\"wordCount\":376,\"commentCount\":0,\"publisher\":{\"@id\":\"https:\\\/\\\/newsofthelight.com.br\\\/#organization\"},\"image\":{\"@id\":\"https:\\\/\\\/newsofthelight.com.br\\\/?p=5445#primaryimage\"},\"thumbnailUrl\":\"https:\\\/\\\/newsofthelight.com.br\\\/wp-content\\\/uploads\\\/2023\\\/12\\\/IMG_5046.webp\",\"articleSection\":[\"Brasil\",\"Mundo\",\"Pol\u00edtica\"],\"inLanguage\":\"pt-BR\",\"potentialAction\":[{\"@type\":\"CommentAction\",\"name\":\"Comment\",\"target\":[\"https:\\\/\\\/newsofthelight.com.br\\\/?p=5445#respond\"]}]},{\"@type\":\"WebPage\",\"@id\":\"https:\\\/\\\/newsofthelight.com.br\\\/?p=5445\",\"url\":\"https:\\\/\\\/newsofthelight.com.br\\\/?p=5445\",\"name\":\"O Acordo Mercosul e Uni\u00e3o Europeia: Uma An\u00e1lise dos Desafios e Progressos nas Negocia\u00e7\u00f5es Comerciais - Autoria - Thiago Gomes Gon\u00e7alves Peres Lima - REG 0022106\\\/MG\",\"isPartOf\":{\"@id\":\"https:\\\/\\\/newsofthelight.com.br\\\/#website\"},\"primaryImageOfPage\":{\"@id\":\"https:\\\/\\\/newsofthelight.com.br\\\/?p=5445#primaryimage\"},\"image\":{\"@id\":\"https:\\\/\\\/newsofthelight.com.br\\\/?p=5445#primaryimage\"},\"thumbnailUrl\":\"https:\\\/\\\/newsofthelight.com.br\\\/wp-content\\\/uploads\\\/2023\\\/12\\\/IMG_5046.webp\",\"datePublished\":\"2023-12-06T14:14:08+00:00\",\"dateModified\":\"2023-12-06T14:15:20+00:00\",\"breadcrumb\":{\"@id\":\"https:\\\/\\\/newsofthelight.com.br\\\/?p=5445#breadcrumb\"},\"inLanguage\":\"pt-BR\",\"potentialAction\":[{\"@type\":\"ReadAction\",\"target\":[\"https:\\\/\\\/newsofthelight.com.br\\\/?p=5445\"]}]},{\"@type\":\"ImageObject\",\"inLanguage\":\"pt-BR\",\"@id\":\"https:\\\/\\\/newsofthelight.com.br\\\/?p=5445#primaryimage\",\"url\":\"https:\\\/\\\/newsofthelight.com.br\\\/wp-content\\\/uploads\\\/2023\\\/12\\\/IMG_5046.webp\",\"contentUrl\":\"https:\\\/\\\/newsofthelight.com.br\\\/wp-content\\\/uploads\\\/2023\\\/12\\\/IMG_5046.webp\",\"width\":800,\"height\":517},{\"@type\":\"BreadcrumbList\",\"@id\":\"https:\\\/\\\/newsofthelight.com.br\\\/?p=5445#breadcrumb\",\"itemListElement\":[{\"@type\":\"ListItem\",\"position\":1,\"name\":\"In\u00edcio\",\"item\":\"https:\\\/\\\/newsofthelight.com.br\\\/\"},{\"@type\":\"ListItem\",\"position\":2,\"name\":\"O Acordo Mercosul e Uni\u00e3o Europeia: Uma An\u00e1lise dos Desafios e Progressos nas Negocia\u00e7\u00f5es Comerciais\"}]},{\"@type\":\"WebSite\",\"@id\":\"https:\\\/\\\/newsofthelight.com.br\\\/#website\",\"url\":\"https:\\\/\\\/newsofthelight.com.br\\\/\",\"name\":\"Autoria - Thiago Gomes Gon\u00e7alves Peres Lima - REG 0022106\\\/MG\",\"description\":\"Noticias na velocidade da luz\",\"publisher\":{\"@id\":\"https:\\\/\\\/newsofthelight.com.br\\\/#organization\"},\"potentialAction\":[{\"@type\":\"SearchAction\",\"target\":{\"@type\":\"EntryPoint\",\"urlTemplate\":\"https:\\\/\\\/newsofthelight.com.br\\\/?s={search_term_string}\"},\"query-input\":{\"@type\":\"PropertyValueSpecification\",\"valueRequired\":true,\"valueName\":\"search_term_string\"}}],\"inLanguage\":\"pt-BR\"},{\"@type\":\"Organization\",\"@id\":\"https:\\\/\\\/newsofthelight.com.br\\\/#organization\",\"name\":\"Autoria - Thiago Gomes Gon\u00e7alves Peres Lima - REG 0022106\\\/MG\",\"url\":\"https:\\\/\\\/newsofthelight.com.br\\\/\",\"logo\":{\"@type\":\"ImageObject\",\"inLanguage\":\"pt-BR\",\"@id\":\"https:\\\/\\\/newsofthelight.com.br\\\/#\\\/schema\\\/logo\\\/image\\\/\",\"url\":\"https:\\\/\\\/newsofthelight.com.br\\\/wp-content\\\/uploads\\\/2025\\\/06\\\/cropped-IMG_0217.png\",\"contentUrl\":\"https:\\\/\\\/newsofthelight.com.br\\\/wp-content\\\/uploads\\\/2025\\\/06\\\/cropped-IMG_0217.png\",\"width\":1177,\"height\":662,\"caption\":\"Autoria - Thiago Gomes Gon\u00e7alves Peres Lima - REG 0022106\\\/MG\"},\"image\":{\"@id\":\"https:\\\/\\\/newsofthelight.com.br\\\/#\\\/schema\\\/logo\\\/image\\\/\"},\"sameAs\":[\"https:\\\/\\\/www.instagram.com\\\/news_of_the_light_?igsh=b3Fwb2psamJzaXds\"]},{\"@type\":\"Person\",\"@id\":\"https:\\\/\\\/newsofthelight.com.br\\\/#\\\/schema\\\/person\\\/d4878034586ca0e04c11eac65b2f76f2\",\"name\":\"Thiago Peres\",\"image\":{\"@type\":\"ImageObject\",\"inLanguage\":\"pt-BR\",\"@id\":\"https:\\\/\\\/secure.gravatar.com\\\/avatar\\\/21d66f46d21d113e9d3dba092a500e64563ed2ed2c77db814dfc7be6345e3815?s=96&d=mm&r=g\",\"url\":\"https:\\\/\\\/secure.gravatar.com\\\/avatar\\\/21d66f46d21d113e9d3dba092a500e64563ed2ed2c77db814dfc7be6345e3815?s=96&d=mm&r=g\",\"contentUrl\":\"https:\\\/\\\/secure.gravatar.com\\\/avatar\\\/21d66f46d21d113e9d3dba092a500e64563ed2ed2c77db814dfc7be6345e3815?s=96&d=mm&r=g\",\"caption\":\"Thiago Peres\"},\"sameAs\":[\"http:\\\/\\\/newsofthelight.com.br\"],\"url\":\"https:\\\/\\\/newsofthelight.com.br\\\/?author=2\"}]}<\/script>\n<!-- \/ Yoast SEO plugin. -->","yoast_head_json":{"title":"O Acordo Mercosul e Uni\u00e3o Europeia: Uma An\u00e1lise dos Desafios e Progressos nas Negocia\u00e7\u00f5es Comerciais - Autoria - Thiago Gomes Gon\u00e7alves Peres Lima - REG 0022106\/MG","robots":{"index":"index","follow":"follow","max-snippet":"max-snippet:-1","max-image-preview":"max-image-preview:large","max-video-preview":"max-video-preview:-1"},"canonical":"https:\/\/newsofthelight.com.br\/?p=5445","og_locale":"pt_BR","og_type":"article","og_title":"O Acordo Mercosul e Uni\u00e3o Europeia: Uma An\u00e1lise dos Desafios e Progressos nas Negocia\u00e7\u00f5es Comerciais - Autoria - Thiago Gomes Gon\u00e7alves Peres Lima - REG 0022106\/MG","og_description":"Nos \u00faltimos tempos, a esperan\u00e7a do Brasil de anunciar o acordo comercial entre o Mercosul e a Uni\u00e3o Europeia at\u00e9 o final da c\u00fapula do bloco sul-americano, na quinta-feira (7\/12), parece ter se distanciado. Desde agosto, os negociadores de ambos os blocos t\u00eam se esfor\u00e7ado para finalizar os termos do acordo que vem sendo discutido","og_url":"https:\/\/newsofthelight.com.br\/?p=5445","og_site_name":"Autoria - Thiago Gomes Gon\u00e7alves Peres Lima - REG 0022106\/MG","article_published_time":"2023-12-06T14:14:08+00:00","article_modified_time":"2023-12-06T14:15:20+00:00","og_image":[{"width":800,"height":517,"url":"https:\/\/newsofthelight.com.br\/wp-content\/uploads\/2023\/12\/IMG_5046.webp","type":"image\/webp"}],"author":"Thiago Peres","twitter_card":"summary_large_image","twitter_misc":{"Escrito por":"Thiago Peres","Est. tempo de leitura":"2 minutos"},"schema":{"@context":"https:\/\/schema.org","@graph":[{"@type":"Article","@id":"https:\/\/newsofthelight.com.br\/?p=5445#article","isPartOf":{"@id":"https:\/\/newsofthelight.com.br\/?p=5445"},"author":{"name":"Thiago Peres","@id":"https:\/\/newsofthelight.com.br\/#\/schema\/person\/d4878034586ca0e04c11eac65b2f76f2"},"headline":"O Acordo Mercosul e Uni\u00e3o Europeia: Uma An\u00e1lise dos Desafios e Progressos nas Negocia\u00e7\u00f5es Comerciais","datePublished":"2023-12-06T14:14:08+00:00","dateModified":"2023-12-06T14:15:20+00:00","mainEntityOfPage":{"@id":"https:\/\/newsofthelight.com.br\/?p=5445"},"wordCount":376,"commentCount":0,"publisher":{"@id":"https:\/\/newsofthelight.com.br\/#organization"},"image":{"@id":"https:\/\/newsofthelight.com.br\/?p=5445#primaryimage"},"thumbnailUrl":"https:\/\/newsofthelight.com.br\/wp-content\/uploads\/2023\/12\/IMG_5046.webp","articleSection":["Brasil","Mundo","Pol\u00edtica"],"inLanguage":"pt-BR","potentialAction":[{"@type":"CommentAction","name":"Comment","target":["https:\/\/newsofthelight.com.br\/?p=5445#respond"]}]},{"@type":"WebPage","@id":"https:\/\/newsofthelight.com.br\/?p=5445","url":"https:\/\/newsofthelight.com.br\/?p=5445","name":"O Acordo Mercosul e Uni\u00e3o Europeia: Uma An\u00e1lise dos Desafios e Progressos nas Negocia\u00e7\u00f5es Comerciais - Autoria - Thiago Gomes Gon\u00e7alves Peres Lima - REG 0022106\/MG","isPartOf":{"@id":"https:\/\/newsofthelight.com.br\/#website"},"primaryImageOfPage":{"@id":"https:\/\/newsofthelight.com.br\/?p=5445#primaryimage"},"image":{"@id":"https:\/\/newsofthelight.com.br\/?p=5445#primaryimage"},"thumbnailUrl":"https:\/\/newsofthelight.com.br\/wp-content\/uploads\/2023\/12\/IMG_5046.webp","datePublished":"2023-12-06T14:14:08+00:00","dateModified":"2023-12-06T14:15:20+00:00","breadcrumb":{"@id":"https:\/\/newsofthelight.com.br\/?p=5445#breadcrumb"},"inLanguage":"pt-BR","potentialAction":[{"@type":"ReadAction","target":["https:\/\/newsofthelight.com.br\/?p=5445"]}]},{"@type":"ImageObject","inLanguage":"pt-BR","@id":"https:\/\/newsofthelight.com.br\/?p=5445#primaryimage","url":"https:\/\/newsofthelight.com.br\/wp-content\/uploads\/2023\/12\/IMG_5046.webp","contentUrl":"https:\/\/newsofthelight.com.br\/wp-content\/uploads\/2023\/12\/IMG_5046.webp","width":800,"height":517},{"@type":"BreadcrumbList","@id":"https:\/\/newsofthelight.com.br\/?p=5445#breadcrumb","itemListElement":[{"@type":"ListItem","position":1,"name":"In\u00edcio","item":"https:\/\/newsofthelight.com.br\/"},{"@type":"ListItem","position":2,"name":"O Acordo Mercosul e Uni\u00e3o Europeia: Uma An\u00e1lise dos Desafios e Progressos nas Negocia\u00e7\u00f5es Comerciais"}]},{"@type":"WebSite","@id":"https:\/\/newsofthelight.com.br\/#website","url":"https:\/\/newsofthelight.com.br\/","name":"Autoria - Thiago Gomes Gon\u00e7alves Peres Lima - REG 0022106\/MG","description":"Noticias na velocidade da luz","publisher":{"@id":"https:\/\/newsofthelight.com.br\/#organization"},"potentialAction":[{"@type":"SearchAction","target":{"@type":"EntryPoint","urlTemplate":"https:\/\/newsofthelight.com.br\/?s={search_term_string}"},"query-input":{"@type":"PropertyValueSpecification","valueRequired":true,"valueName":"search_term_string"}}],"inLanguage":"pt-BR"},{"@type":"Organization","@id":"https:\/\/newsofthelight.com.br\/#organization","name":"Autoria - Thiago Gomes Gon\u00e7alves Peres Lima - REG 0022106\/MG","url":"https:\/\/newsofthelight.com.br\/","logo":{"@type":"ImageObject","inLanguage":"pt-BR","@id":"https:\/\/newsofthelight.com.br\/#\/schema\/logo\/image\/","url":"https:\/\/newsofthelight.com.br\/wp-content\/uploads\/2025\/06\/cropped-IMG_0217.png","contentUrl":"https:\/\/newsofthelight.com.br\/wp-content\/uploads\/2025\/06\/cropped-IMG_0217.png","width":1177,"height":662,"caption":"Autoria - Thiago Gomes Gon\u00e7alves Peres Lima - REG 0022106\/MG"},"image":{"@id":"https:\/\/newsofthelight.com.br\/#\/schema\/logo\/image\/"},"sameAs":["https:\/\/www.instagram.com\/news_of_the_light_?igsh=b3Fwb2psamJzaXds"]},{"@type":"Person","@id":"https:\/\/newsofthelight.com.br\/#\/schema\/person\/d4878034586ca0e04c11eac65b2f76f2","name":"Thiago Peres","image":{"@type":"ImageObject","inLanguage":"pt-BR","@id":"https:\/\/secure.gravatar.com\/avatar\/21d66f46d21d113e9d3dba092a500e64563ed2ed2c77db814dfc7be6345e3815?s=96&d=mm&r=g","url":"https:\/\/secure.gravatar.com\/avatar\/21d66f46d21d113e9d3dba092a500e64563ed2ed2c77db814dfc7be6345e3815?s=96&d=mm&r=g","contentUrl":"https:\/\/secure.gravatar.com\/avatar\/21d66f46d21d113e9d3dba092a500e64563ed2ed2c77db814dfc7be6345e3815?s=96&d=mm&r=g","caption":"Thiago Peres"},"sameAs":["http:\/\/newsofthelight.com.br"],"url":"https:\/\/newsofthelight.com.br\/?author=2"}]}},"jetpack_featured_media_url":"https:\/\/newsofthelight.com.br\/wp-content\/uploads\/2023\/12\/IMG_5046.webp","jetpack_sharing_enabled":true,"jetpack-related-posts":[{"id":5191,"url":"https:\/\/newsofthelight.com.br\/?p=5191","url_meta":{"origin":5445,"position":0},"title":"Presidente Lula critica Uni\u00e3o Europeia","author":"Thiago Peres","date":"23 de junho de 2023","format":false,"excerpt":"Na manh\u00e3 desta sexta-feira, durante a C\u00fapula sobre Novo Pacto de Financiamento Global em Paris, o presidente Luiz In\u00e1cio Lula da Silva, do Partido dos Trabalhadores (PT), expressou sua preocupa\u00e7\u00e3o em rela\u00e7\u00e3o \u00e0s exig\u00eancias impostas pela Uni\u00e3o Europeia (UE) para a finaliza\u00e7\u00e3o do acordo com o Mercosul, classificando-as como uma\u2026","rel":"","context":"Em &quot;Brasil&quot;","block_context":{"text":"Brasil","link":"https:\/\/newsofthelight.com.br\/?cat=38"},"img":{"alt_text":"","src":"https:\/\/i0.wp.com\/newsofthelight.com.br\/wp-content\/uploads\/2023\/06\/IMG_4680.jpeg?resize=350%2C200&ssl=1","width":350,"height":200,"srcset":"https:\/\/i0.wp.com\/newsofthelight.com.br\/wp-content\/uploads\/2023\/06\/IMG_4680.jpeg?resize=350%2C200&ssl=1 1x, https:\/\/i0.wp.com\/newsofthelight.com.br\/wp-content\/uploads\/2023\/06\/IMG_4680.jpeg?resize=525%2C300&ssl=1 1.5x, https:\/\/i0.wp.com\/newsofthelight.com.br\/wp-content\/uploads\/2023\/06\/IMG_4680.jpeg?resize=700%2C400&ssl=1 2x, https:\/\/i0.wp.com\/newsofthelight.com.br\/wp-content\/uploads\/2023\/06\/IMG_4680.jpeg?resize=1050%2C600&ssl=1 3x"},"classes":[]},{"id":6949,"url":"https:\/\/newsofthelight.com.br\/?p=6949","url_meta":{"origin":5445,"position":1},"title":"Com um decl\u00ednio de 1,09%, valor abaixo de R$5,60&nbsp; pela primeira vez desde outubro de 2024","author":"Thiago Peres","date":"5 de junho de 2025","format":false,"excerpt":"Foto: c\u00e9dulas de d\u00f3lar Fonte: Freepik O d\u00f3lar caiu acentuadamente na sess\u00e3o de negocia\u00e7\u00e3o de quinta-feira (05), fechando o dia com uma queda de 1,09% de cerca de 5,583%, pela primeira vez desde 14 de outubro do ano passado, quando o d\u00f3lar americano estava sendo negociado abaixo de 5,60 libras.\u2026","rel":"","context":"Em &quot;Economia&quot;","block_context":{"text":"Economia","link":"https:\/\/newsofthelight.com.br\/?cat=40"},"img":{"alt_text":"","src":"https:\/\/i0.wp.com\/newsofthelight.com.br\/wp-content\/uploads\/2025\/06\/img_0252.jpg?resize=350%2C200&ssl=1","width":350,"height":200,"srcset":"https:\/\/i0.wp.com\/newsofthelight.com.br\/wp-content\/uploads\/2025\/06\/img_0252.jpg?resize=350%2C200&ssl=1 1x, https:\/\/i0.wp.com\/newsofthelight.com.br\/wp-content\/uploads\/2025\/06\/img_0252.jpg?resize=525%2C300&ssl=1 1.5x, https:\/\/i0.wp.com\/newsofthelight.com.br\/wp-content\/uploads\/2025\/06\/img_0252.jpg?resize=700%2C400&ssl=1 2x"},"classes":[]},{"id":6216,"url":"https:\/\/newsofthelight.com.br\/?p=6216","url_meta":{"origin":5445,"position":2},"title":"Brasil n\u00e3o assina comunicado rejeitando a reelei\u00e7\u00e3o de Nicol\u00e1s Maduro na Venezuela","author":"Thiago Peres","date":"24 de agosto de 2024","format":false,"excerpt":"O governo brasileiro decidiu n\u00e3o assinar uma declara\u00e7\u00e3o conjunta dos Estados Unidos e de outros dez pa\u00edses latino-americanos que \u201crejeitou categoricamente\u201d o reconhecimento da reelei\u00e7\u00e3o do ditador Nicol\u00e1s Maduro na Venezuela. Paralelamente, a Uni\u00e3o Europeia tamb\u00e9m afirmou que n\u00e3o aceitar\u00e1 a certifica\u00e7\u00e3o encomendada por Maduro e emitida nesta quinta-feira (22),\u2026","rel":"","context":"Em &quot;Pol\u00edtica&quot;","block_context":{"text":"Pol\u00edtica","link":"https:\/\/newsofthelight.com.br\/?cat=36"},"img":{"alt_text":"","src":"https:\/\/i0.wp.com\/newsofthelight.com.br\/wp-content\/uploads\/2024\/08\/img_5698-1.png?resize=350%2C200&ssl=1","width":350,"height":200},"classes":[]},{"id":6236,"url":"https:\/\/newsofthelight.com.br\/?p=6236","url_meta":{"origin":5445,"position":3},"title":"Brasil e Col\u00f4mbia afirmaram \u201ccredibilidade\u201d da elei\u00e7\u00e3o presidencial da Venezuela.","author":"Thiago Peres","date":"25 de agosto de 2024","format":false,"excerpt":"O presidente Lula e o presidente colombiano Gustavo Petro insistiram na publica\u00e7\u00e3o dos registros eleitorais da Venezuela. Em comunicado conjunto divulgado na noite de s\u00e1bado (24), ambos pediram uma \u201cpublica\u00e7\u00e3o transparente\u201d dos dados das elei\u00e7\u00f5es disputadas por Nicol\u00e1s Maduro em 2024.Segundo o Minist\u00e9rio dos Neg\u00f3cios Estrangeiros, os dois presidentes concordam\u2026","rel":"","context":"Em &quot;Brasil&quot;","block_context":{"text":"Brasil","link":"https:\/\/newsofthelight.com.br\/?cat=38"},"img":{"alt_text":"","src":"https:\/\/i0.wp.com\/newsofthelight.com.br\/wp-content\/uploads\/2024\/08\/Maduro_e_Lula_Divulgacao_Ricardo_Stuckert_PR_75cf9f296a.webp?resize=350%2C200&ssl=1","width":350,"height":200,"srcset":"https:\/\/i0.wp.com\/newsofthelight.com.br\/wp-content\/uploads\/2024\/08\/Maduro_e_Lula_Divulgacao_Ricardo_Stuckert_PR_75cf9f296a.webp?resize=350%2C200&ssl=1 1x, https:\/\/i0.wp.com\/newsofthelight.com.br\/wp-content\/uploads\/2024\/08\/Maduro_e_Lula_Divulgacao_Ricardo_Stuckert_PR_75cf9f296a.webp?resize=525%2C300&ssl=1 1.5x"},"classes":[]},{"id":5662,"url":"https:\/\/newsofthelight.com.br\/?p=5662","url_meta":{"origin":5445,"position":4},"title":"2024: O Ano da Democracia Global &#8211; Mais de 2 Bilh\u00f5es de Pessoas nas Urnas em uma Manifesta\u00e7\u00e3o Hist\u00f3rica de Engajamento C\u00edvico","author":"Thiago Peres","date":"2 de janeiro de 2024","format":false,"excerpt":"Em 2024, est\u00e1 previsto um recorde hist\u00f3rico de participa\u00e7\u00e3o democr\u00e1tica, com mais de 2 bilh\u00f5es de cidad\u00e3os em todo o mundo exercendo seu direito ao voto, de acordo com dados do Centro para o Progresso Americano, um renomado instituto de pesquisa nos Estados Unidos. Esse expressivo n\u00famero de eleitores ser\u00e1\u2026","rel":"","context":"Em &quot;Brasil&quot;","block_context":{"text":"Brasil","link":"https:\/\/newsofthelight.com.br\/?cat=38"},"img":{"alt_text":"","src":"","width":0,"height":0},"classes":[]},{"id":7024,"url":"https:\/\/newsofthelight.com.br\/?p=7024","url_meta":{"origin":5445,"position":5},"title":"Lula cita Neymar em discurso em prol do acordo com a UE e o Mercado Comum do Sul","author":"Thiago Peres","date":"8 de junho de 2025","format":false,"excerpt":"Foto: Presidente Lula Fonte: Metr\u00f3pole O presidente Lula usou um f\u00f3rum com empres\u00e1rios realizado em Paris na sexta-feira (6 de junho) para comparar a recente vit\u00f3ria do Paris Saint-Germain na Liga dos Campe\u00f5es com o acordo entre a Uni\u00e3o Europeia e o Mercado Comum do Sul. Lula, conhecido por suas\u2026","rel":"","context":"Em &quot;Brasil&quot;","block_context":{"text":"Brasil","link":"https:\/\/newsofthelight.com.br\/?cat=38"},"img":{"alt_text":"","src":"https:\/\/i0.wp.com\/newsofthelight.com.br\/wp-content\/uploads\/2025\/06\/IMG_0279.jpeg?resize=350%2C200&ssl=1","width":350,"height":200,"srcset":"https:\/\/i0.wp.com\/newsofthelight.com.br\/wp-content\/uploads\/2025\/06\/IMG_0279.jpeg?resize=350%2C200&ssl=1 1x, https:\/\/i0.wp.com\/newsofthelight.com.br\/wp-content\/uploads\/2025\/06\/IMG_0279.jpeg?resize=525%2C300&ssl=1 1.5x, https:\/\/i0.wp.com\/newsofthelight.com.br\/wp-content\/uploads\/2025\/06\/IMG_0279.jpeg?resize=700%2C400&ssl=1 2x, https:\/\/i0.wp.com\/newsofthelight.com.br\/wp-content\/uploads\/2025\/06\/IMG_0279.jpeg?resize=1050%2C600&ssl=1 3x"},"classes":[]}],"jetpack_shortlink":"https:\/\/wp.me\/peltaF-1pP","_links":{"self":[{"href":"https:\/\/newsofthelight.com.br\/index.php?rest_route=\/wp\/v2\/posts\/5445","targetHints":{"allow":["GET"]}}],"collection":[{"href":"https:\/\/newsofthelight.com.br\/index.php?rest_route=\/wp\/v2\/posts"}],"about":[{"href":"https:\/\/newsofthelight.com.br\/index.php?rest_route=\/wp\/v2\/types\/post"}],"author":[{"embeddable":true,"href":"https:\/\/newsofthelight.com.br\/index.php?rest_route=\/wp\/v2\/users\/2"}],"replies":[{"embeddable":true,"href":"https:\/\/newsofthelight.com.br\/index.php?rest_route=%2Fwp%2Fv2%2Fcomments&post=5445"}],"version-history":[{"count":4,"href":"https:\/\/newsofthelight.com.br\/index.php?rest_route=\/wp\/v2\/posts\/5445\/revisions"}],"predecessor-version":[{"id":5450,"href":"https:\/\/newsofthelight.com.br\/index.php?rest_route=\/wp\/v2\/posts\/5445\/revisions\/5450"}],"wp:featuredmedia":[{"embeddable":true,"href":"https:\/\/newsofthelight.com.br\/index.php?rest_route=\/wp\/v2\/media\/5447"}],"wp:attachment":[{"href":"https:\/\/newsofthelight.com.br\/index.php?rest_route=%2Fwp%2Fv2%2Fmedia&parent=5445"}],"wp:term":[{"taxonomy":"category","embeddable":true,"href":"https:\/\/newsofthelight.com.br\/index.php?rest_route=%2Fwp%2Fv2%2Fcategories&post=5445"},{"taxonomy":"post_tag","embeddable":true,"href":"https:\/\/newsofthelight.com.br\/index.php?rest_route=%2Fwp%2Fv2%2Ftags&post=5445"}],"curies":[{"name":"wp","href":"https:\/\/api.w.org\/{rel}","templated":true}]}}