{"id":5131,"date":"2023-06-19T10:38:42","date_gmt":"2023-06-19T13:38:42","guid":{"rendered":"https:\/\/newsofthelight.com.br\/?p=5131"},"modified":"2023-06-19T10:39:13","modified_gmt":"2023-06-19T13:39:13","slug":"reuniao-ministerial-de-lula-e-considerada-interessante-para-harmonizar-a-equipe-de-governo","status":"publish","type":"post","link":"https:\/\/newsofthelight.com.br\/?p=5131","title":{"rendered":"Reuni\u00e3o Ministerial de Lula \u00e9 Considerada &#8220;Interessante&#8221; para &#8220;Harmonizar&#8221; a Equipe de Governo"},"content":{"rendered":"<p>Em uma live realizada nesta segunda-feira, o presidente Luiz In\u00e1cio Lula da Silva (PT) descreveu a reuni\u00e3o ministerial da semana passada como &#8220;interessante&#8221; para alcan\u00e7ar uma suposta &#8220;harmoniza\u00e7\u00e3o&#8221; dentro de sua equipe de governo. Durante o evento virtual, Lula expressou sua satisfa\u00e7\u00e3o em ouvir todos os ministros e ministras, com o intuito de entender suas realiza\u00e7\u00f5es, propostas em andamento e os obst\u00e1culos que enfrentam para implementar suas ideias.<\/p>\n<p>\u2014 Foi a melhor reuni\u00e3o que eu j\u00e1 fiz. Eu queria ouvir todos os ministros e ministras, queria ouvir o que eles fizeram, aquilo que eles est\u00e3o se propondo a fazer e o que falta para entregar a proposta completa [&#8230;] E foi muito interessante porque demos uma harmonizada na equipe do governo. E completou: \u2014 Muitas vezes, a gente n\u00e3o se re\u00fane. Cada um come\u00e7a a falar alguma coisa, responder fofoca de jornal. \u00c9 importante harmonizar a linguagem do governo. [&#8230;] \u00c9 importante dar menos ouvidos a &#8220;futrica&#8221; e dar mais ouvidos \u00e0s coisas que s\u00e3o verdadeiras. _ declarou o presidente.<\/p>\n<p>Lula destacou a import\u00e2ncia de promover uma linguagem unificada no governo, argumentando que muitas vezes as reuni\u00f5es s\u00e3o dispersas e os membros do governo se envolvem em responder a fofocas de jornais. Ele ressaltou a necessidade de dar menos aten\u00e7\u00e3o a &#8220;futricas&#8221; e mais aten\u00e7\u00e3o a informa\u00e7\u00f5es verdadeiras.<\/p>\n<p>Al\u00e9m disso, o ex-presidente voltou a mencionar o programa Minha Casa Minha Vida, destacando que para as mulheres uma casa \u00e9 algo &#8220;sagrado e meia&#8221; e representa o desejo de cuidar de seus filhos.<\/p>\n<p>Lula adotou a estrat\u00e9gia de lives semanais, seguindo os passos do ex-presidente Jair Bolsonaro, que costumava fazer transmiss\u00f5es ao vivo do Pal\u00e1cio da Alvorada. Essa abordagem visa manter uma comunica\u00e7\u00e3o direta com o p\u00fablico e compartilhar as atividades do ex-presidente.<\/p>\n<p>Ainda nesta segunda-feira, Lula embarcar\u00e1 para a Europa, onde ter\u00e1 compromissos oficiais no Vaticano e em Paris ao longo da semana. A agenda inclui um almo\u00e7o com o presidente Emmanuel Macron e uma reuni\u00e3o com o Papa Francisco.<\/p>\n","protected":false},"excerpt":{"rendered":"<p>Em uma live realizada nesta segunda-feira, o presidente Luiz In\u00e1cio Lula da Silva (PT) descreveu a reuni\u00e3o ministerial da semana passada como &#8220;interessante&#8221; para alcan\u00e7ar uma suposta &#8220;harmoniza\u00e7\u00e3o&#8221; dentro de sua equipe de governo. Durante o evento virtual, Lula expressou sua satisfa\u00e7\u00e3o em ouvir todos os ministros e ministras, com o intuito de entender suas<\/p>\n","protected":false},"author":2,"featured_media":5133,"comment_status":"open","ping_status":"open","sticky":false,"template":"","format":"standard","meta":{"_jetpack_memberships_contains_paid_content":false,"footnotes":""},"categories":[38,36],"tags":[],"class_list":["post-5131","post","type-post","status-publish","format-standard","has-post-thumbnail","hentry","category-brasil","category-politica"],"yoast_head":"<!-- This site is optimized with the Yoast SEO plugin v27.4 - https:\/\/yoast.com\/product\/yoast-seo-wordpress\/ -->\n<title>Reuni\u00e3o Ministerial de Lula \u00e9 Considerada &quot;Interessante&quot; para &quot;Harmonizar&quot; a Equipe de Governo - Autoria - Thiago Gomes Gon\u00e7alves Peres Lima - REG 0022106\/MG<\/title>\n<meta name=\"robots\" content=\"index, follow, max-snippet:-1, max-image-preview:large, max-video-preview:-1\" \/>\n<link rel=\"canonical\" href=\"https:\/\/newsofthelight.com.br\/?p=5131\" \/>\n<meta property=\"og:locale\" content=\"pt_BR\" \/>\n<meta property=\"og:type\" content=\"article\" \/>\n<meta property=\"og:title\" content=\"Reuni\u00e3o Ministerial de Lula \u00e9 Considerada &quot;Interessante&quot; para &quot;Harmonizar&quot; a Equipe de Governo - Autoria - Thiago Gomes Gon\u00e7alves Peres Lima - REG 0022106\/MG\" \/>\n<meta property=\"og:description\" content=\"Em uma live realizada nesta segunda-feira, o presidente Luiz In\u00e1cio Lula da Silva (PT) descreveu a reuni\u00e3o ministerial da semana passada como &#8220;interessante&#8221; para alcan\u00e7ar uma suposta &#8220;harmoniza\u00e7\u00e3o&#8221; dentro de sua equipe de governo. Durante o evento virtual, Lula expressou sua satisfa\u00e7\u00e3o em ouvir todos os ministros e ministras, com o intuito de entender suas\" \/>\n<meta property=\"og:url\" content=\"https:\/\/newsofthelight.com.br\/?p=5131\" \/>\n<meta property=\"og:site_name\" content=\"Autoria - Thiago Gomes Gon\u00e7alves Peres Lima - REG 0022106\/MG\" \/>\n<meta property=\"article:published_time\" content=\"2023-06-19T13:38:42+00:00\" \/>\n<meta property=\"article:modified_time\" content=\"2023-06-19T13:39:13+00:00\" \/>\n<meta property=\"og:image\" content=\"https:\/\/newsofthelight.com.br\/wp-content\/uploads\/2023\/06\/IMG_4647.jpeg\" \/>\n\t<meta property=\"og:image:width\" content=\"750\" \/>\n\t<meta property=\"og:image:height\" content=\"774\" \/>\n\t<meta property=\"og:image:type\" content=\"image\/jpeg\" \/>\n<meta name=\"author\" content=\"Thiago Peres\" \/>\n<meta name=\"twitter:card\" content=\"summary_large_image\" \/>\n<meta name=\"twitter:label1\" content=\"Escrito por\" \/>\n\t<meta name=\"twitter:data1\" content=\"Thiago Peres\" \/>\n\t<meta name=\"twitter:label2\" content=\"Est. tempo de leitura\" \/>\n\t<meta name=\"twitter:data2\" content=\"2 minutos\" \/>\n<script type=\"application\/ld+json\" class=\"yoast-schema-graph\">{\"@context\":\"https:\\\/\\\/schema.org\",\"@graph\":[{\"@type\":\"Article\",\"@id\":\"https:\\\/\\\/newsofthelight.com.br\\\/?p=5131#article\",\"isPartOf\":{\"@id\":\"https:\\\/\\\/newsofthelight.com.br\\\/?p=5131\"},\"author\":{\"name\":\"Thiago Peres\",\"@id\":\"https:\\\/\\\/newsofthelight.com.br\\\/#\\\/schema\\\/person\\\/d4878034586ca0e04c11eac65b2f76f2\"},\"headline\":\"Reuni\u00e3o Ministerial de Lula \u00e9 Considerada &#8220;Interessante&#8221; para &#8220;Harmonizar&#8221; a Equipe de Governo\",\"datePublished\":\"2023-06-19T13:38:42+00:00\",\"dateModified\":\"2023-06-19T13:39:13+00:00\",\"mainEntityOfPage\":{\"@id\":\"https:\\\/\\\/newsofthelight.com.br\\\/?p=5131\"},\"wordCount\":362,\"commentCount\":0,\"publisher\":{\"@id\":\"https:\\\/\\\/newsofthelight.com.br\\\/#organization\"},\"image\":{\"@id\":\"https:\\\/\\\/newsofthelight.com.br\\\/?p=5131#primaryimage\"},\"thumbnailUrl\":\"https:\\\/\\\/newsofthelight.com.br\\\/wp-content\\\/uploads\\\/2023\\\/06\\\/IMG_4647.jpeg\",\"articleSection\":[\"Brasil\",\"Pol\u00edtica\"],\"inLanguage\":\"pt-BR\",\"potentialAction\":[{\"@type\":\"CommentAction\",\"name\":\"Comment\",\"target\":[\"https:\\\/\\\/newsofthelight.com.br\\\/?p=5131#respond\"]}]},{\"@type\":\"WebPage\",\"@id\":\"https:\\\/\\\/newsofthelight.com.br\\\/?p=5131\",\"url\":\"https:\\\/\\\/newsofthelight.com.br\\\/?p=5131\",\"name\":\"Reuni\u00e3o Ministerial de Lula \u00e9 Considerada \\\"Interessante\\\" para \\\"Harmonizar\\\" a Equipe de Governo - Autoria - Thiago Gomes Gon\u00e7alves Peres Lima - REG 0022106\\\/MG\",\"isPartOf\":{\"@id\":\"https:\\\/\\\/newsofthelight.com.br\\\/#website\"},\"primaryImageOfPage\":{\"@id\":\"https:\\\/\\\/newsofthelight.com.br\\\/?p=5131#primaryimage\"},\"image\":{\"@id\":\"https:\\\/\\\/newsofthelight.com.br\\\/?p=5131#primaryimage\"},\"thumbnailUrl\":\"https:\\\/\\\/newsofthelight.com.br\\\/wp-content\\\/uploads\\\/2023\\\/06\\\/IMG_4647.jpeg\",\"datePublished\":\"2023-06-19T13:38:42+00:00\",\"dateModified\":\"2023-06-19T13:39:13+00:00\",\"breadcrumb\":{\"@id\":\"https:\\\/\\\/newsofthelight.com.br\\\/?p=5131#breadcrumb\"},\"inLanguage\":\"pt-BR\",\"potentialAction\":[{\"@type\":\"ReadAction\",\"target\":[\"https:\\\/\\\/newsofthelight.com.br\\\/?p=5131\"]}]},{\"@type\":\"ImageObject\",\"inLanguage\":\"pt-BR\",\"@id\":\"https:\\\/\\\/newsofthelight.com.br\\\/?p=5131#primaryimage\",\"url\":\"https:\\\/\\\/newsofthelight.com.br\\\/wp-content\\\/uploads\\\/2023\\\/06\\\/IMG_4647.jpeg\",\"contentUrl\":\"https:\\\/\\\/newsofthelight.com.br\\\/wp-content\\\/uploads\\\/2023\\\/06\\\/IMG_4647.jpeg\",\"width\":750,\"height\":774},{\"@type\":\"BreadcrumbList\",\"@id\":\"https:\\\/\\\/newsofthelight.com.br\\\/?p=5131#breadcrumb\",\"itemListElement\":[{\"@type\":\"ListItem\",\"position\":1,\"name\":\"In\u00edcio\",\"item\":\"https:\\\/\\\/newsofthelight.com.br\\\/\"},{\"@type\":\"ListItem\",\"position\":2,\"name\":\"Reuni\u00e3o Ministerial de Lula \u00e9 Considerada &#8220;Interessante&#8221; para &#8220;Harmonizar&#8221; a Equipe de Governo\"}]},{\"@type\":\"WebSite\",\"@id\":\"https:\\\/\\\/newsofthelight.com.br\\\/#website\",\"url\":\"https:\\\/\\\/newsofthelight.com.br\\\/\",\"name\":\"Autoria - Thiago Gomes Gon\u00e7alves Peres Lima - REG 0022106\\\/MG\",\"description\":\"Noticias na velocidade da luz\",\"publisher\":{\"@id\":\"https:\\\/\\\/newsofthelight.com.br\\\/#organization\"},\"potentialAction\":[{\"@type\":\"SearchAction\",\"target\":{\"@type\":\"EntryPoint\",\"urlTemplate\":\"https:\\\/\\\/newsofthelight.com.br\\\/?s={search_term_string}\"},\"query-input\":{\"@type\":\"PropertyValueSpecification\",\"valueRequired\":true,\"valueName\":\"search_term_string\"}}],\"inLanguage\":\"pt-BR\"},{\"@type\":\"Organization\",\"@id\":\"https:\\\/\\\/newsofthelight.com.br\\\/#organization\",\"name\":\"Autoria - Thiago Gomes Gon\u00e7alves Peres Lima - REG 0022106\\\/MG\",\"url\":\"https:\\\/\\\/newsofthelight.com.br\\\/\",\"logo\":{\"@type\":\"ImageObject\",\"inLanguage\":\"pt-BR\",\"@id\":\"https:\\\/\\\/newsofthelight.com.br\\\/#\\\/schema\\\/logo\\\/image\\\/\",\"url\":\"https:\\\/\\\/newsofthelight.com.br\\\/wp-content\\\/uploads\\\/2025\\\/06\\\/cropped-IMG_0217.png\",\"contentUrl\":\"https:\\\/\\\/newsofthelight.com.br\\\/wp-content\\\/uploads\\\/2025\\\/06\\\/cropped-IMG_0217.png\",\"width\":1177,\"height\":662,\"caption\":\"Autoria - Thiago Gomes Gon\u00e7alves Peres Lima - REG 0022106\\\/MG\"},\"image\":{\"@id\":\"https:\\\/\\\/newsofthelight.com.br\\\/#\\\/schema\\\/logo\\\/image\\\/\"},\"sameAs\":[\"https:\\\/\\\/www.instagram.com\\\/news_of_the_light_?igsh=b3Fwb2psamJzaXds\"]},{\"@type\":\"Person\",\"@id\":\"https:\\\/\\\/newsofthelight.com.br\\\/#\\\/schema\\\/person\\\/d4878034586ca0e04c11eac65b2f76f2\",\"name\":\"Thiago Peres\",\"image\":{\"@type\":\"ImageObject\",\"inLanguage\":\"pt-BR\",\"@id\":\"https:\\\/\\\/secure.gravatar.com\\\/avatar\\\/21d66f46d21d113e9d3dba092a500e64563ed2ed2c77db814dfc7be6345e3815?s=96&d=mm&r=g\",\"url\":\"https:\\\/\\\/secure.gravatar.com\\\/avatar\\\/21d66f46d21d113e9d3dba092a500e64563ed2ed2c77db814dfc7be6345e3815?s=96&d=mm&r=g\",\"contentUrl\":\"https:\\\/\\\/secure.gravatar.com\\\/avatar\\\/21d66f46d21d113e9d3dba092a500e64563ed2ed2c77db814dfc7be6345e3815?s=96&d=mm&r=g\",\"caption\":\"Thiago Peres\"},\"sameAs\":[\"http:\\\/\\\/newsofthelight.com.br\"],\"url\":\"https:\\\/\\\/newsofthelight.com.br\\\/?author=2\"}]}<\/script>\n<!-- \/ Yoast SEO plugin. -->","yoast_head_json":{"title":"Reuni\u00e3o Ministerial de Lula \u00e9 Considerada \"Interessante\" para \"Harmonizar\" a Equipe de Governo - Autoria - Thiago Gomes Gon\u00e7alves Peres Lima - REG 0022106\/MG","robots":{"index":"index","follow":"follow","max-snippet":"max-snippet:-1","max-image-preview":"max-image-preview:large","max-video-preview":"max-video-preview:-1"},"canonical":"https:\/\/newsofthelight.com.br\/?p=5131","og_locale":"pt_BR","og_type":"article","og_title":"Reuni\u00e3o Ministerial de Lula \u00e9 Considerada \"Interessante\" para \"Harmonizar\" a Equipe de Governo - Autoria - Thiago Gomes Gon\u00e7alves Peres Lima - REG 0022106\/MG","og_description":"Em uma live realizada nesta segunda-feira, o presidente Luiz In\u00e1cio Lula da Silva (PT) descreveu a reuni\u00e3o ministerial da semana passada como &#8220;interessante&#8221; para alcan\u00e7ar uma suposta &#8220;harmoniza\u00e7\u00e3o&#8221; dentro de sua equipe de governo. Durante o evento virtual, Lula expressou sua satisfa\u00e7\u00e3o em ouvir todos os ministros e ministras, com o intuito de entender suas","og_url":"https:\/\/newsofthelight.com.br\/?p=5131","og_site_name":"Autoria - Thiago Gomes Gon\u00e7alves Peres Lima - REG 0022106\/MG","article_published_time":"2023-06-19T13:38:42+00:00","article_modified_time":"2023-06-19T13:39:13+00:00","og_image":[{"width":750,"height":774,"url":"https:\/\/newsofthelight.com.br\/wp-content\/uploads\/2023\/06\/IMG_4647.jpeg","type":"image\/jpeg"}],"author":"Thiago Peres","twitter_card":"summary_large_image","twitter_misc":{"Escrito por":"Thiago Peres","Est. tempo de leitura":"2 minutos"},"schema":{"@context":"https:\/\/schema.org","@graph":[{"@type":"Article","@id":"https:\/\/newsofthelight.com.br\/?p=5131#article","isPartOf":{"@id":"https:\/\/newsofthelight.com.br\/?p=5131"},"author":{"name":"Thiago Peres","@id":"https:\/\/newsofthelight.com.br\/#\/schema\/person\/d4878034586ca0e04c11eac65b2f76f2"},"headline":"Reuni\u00e3o Ministerial de Lula \u00e9 Considerada &#8220;Interessante&#8221; para &#8220;Harmonizar&#8221; a Equipe de Governo","datePublished":"2023-06-19T13:38:42+00:00","dateModified":"2023-06-19T13:39:13+00:00","mainEntityOfPage":{"@id":"https:\/\/newsofthelight.com.br\/?p=5131"},"wordCount":362,"commentCount":0,"publisher":{"@id":"https:\/\/newsofthelight.com.br\/#organization"},"image":{"@id":"https:\/\/newsofthelight.com.br\/?p=5131#primaryimage"},"thumbnailUrl":"https:\/\/newsofthelight.com.br\/wp-content\/uploads\/2023\/06\/IMG_4647.jpeg","articleSection":["Brasil","Pol\u00edtica"],"inLanguage":"pt-BR","potentialAction":[{"@type":"CommentAction","name":"Comment","target":["https:\/\/newsofthelight.com.br\/?p=5131#respond"]}]},{"@type":"WebPage","@id":"https:\/\/newsofthelight.com.br\/?p=5131","url":"https:\/\/newsofthelight.com.br\/?p=5131","name":"Reuni\u00e3o Ministerial de Lula \u00e9 Considerada \"Interessante\" para \"Harmonizar\" a Equipe de Governo - Autoria - Thiago Gomes Gon\u00e7alves Peres Lima - REG 0022106\/MG","isPartOf":{"@id":"https:\/\/newsofthelight.com.br\/#website"},"primaryImageOfPage":{"@id":"https:\/\/newsofthelight.com.br\/?p=5131#primaryimage"},"image":{"@id":"https:\/\/newsofthelight.com.br\/?p=5131#primaryimage"},"thumbnailUrl":"https:\/\/newsofthelight.com.br\/wp-content\/uploads\/2023\/06\/IMG_4647.jpeg","datePublished":"2023-06-19T13:38:42+00:00","dateModified":"2023-06-19T13:39:13+00:00","breadcrumb":{"@id":"https:\/\/newsofthelight.com.br\/?p=5131#breadcrumb"},"inLanguage":"pt-BR","potentialAction":[{"@type":"ReadAction","target":["https:\/\/newsofthelight.com.br\/?p=5131"]}]},{"@type":"ImageObject","inLanguage":"pt-BR","@id":"https:\/\/newsofthelight.com.br\/?p=5131#primaryimage","url":"https:\/\/newsofthelight.com.br\/wp-content\/uploads\/2023\/06\/IMG_4647.jpeg","contentUrl":"https:\/\/newsofthelight.com.br\/wp-content\/uploads\/2023\/06\/IMG_4647.jpeg","width":750,"height":774},{"@type":"BreadcrumbList","@id":"https:\/\/newsofthelight.com.br\/?p=5131#breadcrumb","itemListElement":[{"@type":"ListItem","position":1,"name":"In\u00edcio","item":"https:\/\/newsofthelight.com.br\/"},{"@type":"ListItem","position":2,"name":"Reuni\u00e3o Ministerial de Lula \u00e9 Considerada &#8220;Interessante&#8221; para &#8220;Harmonizar&#8221; a Equipe de Governo"}]},{"@type":"WebSite","@id":"https:\/\/newsofthelight.com.br\/#website","url":"https:\/\/newsofthelight.com.br\/","name":"Autoria - Thiago Gomes Gon\u00e7alves Peres Lima - REG 0022106\/MG","description":"Noticias na velocidade da luz","publisher":{"@id":"https:\/\/newsofthelight.com.br\/#organization"},"potentialAction":[{"@type":"SearchAction","target":{"@type":"EntryPoint","urlTemplate":"https:\/\/newsofthelight.com.br\/?s={search_term_string}"},"query-input":{"@type":"PropertyValueSpecification","valueRequired":true,"valueName":"search_term_string"}}],"inLanguage":"pt-BR"},{"@type":"Organization","@id":"https:\/\/newsofthelight.com.br\/#organization","name":"Autoria - Thiago Gomes Gon\u00e7alves Peres Lima - REG 0022106\/MG","url":"https:\/\/newsofthelight.com.br\/","logo":{"@type":"ImageObject","inLanguage":"pt-BR","@id":"https:\/\/newsofthelight.com.br\/#\/schema\/logo\/image\/","url":"https:\/\/newsofthelight.com.br\/wp-content\/uploads\/2025\/06\/cropped-IMG_0217.png","contentUrl":"https:\/\/newsofthelight.com.br\/wp-content\/uploads\/2025\/06\/cropped-IMG_0217.png","width":1177,"height":662,"caption":"Autoria - Thiago Gomes Gon\u00e7alves Peres Lima - REG 0022106\/MG"},"image":{"@id":"https:\/\/newsofthelight.com.br\/#\/schema\/logo\/image\/"},"sameAs":["https:\/\/www.instagram.com\/news_of_the_light_?igsh=b3Fwb2psamJzaXds"]},{"@type":"Person","@id":"https:\/\/newsofthelight.com.br\/#\/schema\/person\/d4878034586ca0e04c11eac65b2f76f2","name":"Thiago Peres","image":{"@type":"ImageObject","inLanguage":"pt-BR","@id":"https:\/\/secure.gravatar.com\/avatar\/21d66f46d21d113e9d3dba092a500e64563ed2ed2c77db814dfc7be6345e3815?s=96&d=mm&r=g","url":"https:\/\/secure.gravatar.com\/avatar\/21d66f46d21d113e9d3dba092a500e64563ed2ed2c77db814dfc7be6345e3815?s=96&d=mm&r=g","contentUrl":"https:\/\/secure.gravatar.com\/avatar\/21d66f46d21d113e9d3dba092a500e64563ed2ed2c77db814dfc7be6345e3815?s=96&d=mm&r=g","caption":"Thiago Peres"},"sameAs":["http:\/\/newsofthelight.com.br"],"url":"https:\/\/newsofthelight.com.br\/?author=2"}]}},"jetpack_featured_media_url":"https:\/\/newsofthelight.com.br\/wp-content\/uploads\/2023\/06\/IMG_4647.jpeg","jetpack_sharing_enabled":true,"jetpack-related-posts":[{"id":4890,"url":"https:\/\/newsofthelight.com.br\/?p=4890","url_meta":{"origin":5131,"position":0},"title":"Presidente Lula convoca reuni\u00e3o de emerg\u00eancia para tratar de medidas provis\u00f3rias","author":"Thiago Peres","date":"31 de maio de 2023","format":false,"excerpt":"Na manh\u00e3 desta quarta-feira (31), o presidente Luiz In\u00e1cio Lula da Silva (PT) realizou uma reuni\u00e3o ministerial de extrema import\u00e2ncia no Pal\u00e1cio da Alvorada. O encontro teve como objetivo discutir estrat\u00e9gias para a aprova\u00e7\u00e3o de medidas provis\u00f3rias que est\u00e3o prestes a expirar no Congresso Nacional, com destaque para a MP\u2026","rel":"","context":"Em &quot;Brasil&quot;","block_context":{"text":"Brasil","link":"https:\/\/newsofthelight.com.br\/?cat=38"},"img":{"alt_text":"","src":"https:\/\/i0.wp.com\/newsofthelight.com.br\/wp-content\/uploads\/2023\/05\/IMG_4482.webp?resize=350%2C200&ssl=1","width":350,"height":200,"srcset":"https:\/\/i0.wp.com\/newsofthelight.com.br\/wp-content\/uploads\/2023\/05\/IMG_4482.webp?resize=350%2C200&ssl=1 1x, https:\/\/i0.wp.com\/newsofthelight.com.br\/wp-content\/uploads\/2023\/05\/IMG_4482.webp?resize=525%2C300&ssl=1 1.5x, https:\/\/i0.wp.com\/newsofthelight.com.br\/wp-content\/uploads\/2023\/05\/IMG_4482.webp?resize=700%2C400&ssl=1 2x, https:\/\/i0.wp.com\/newsofthelight.com.br\/wp-content\/uploads\/2023\/05\/IMG_4482.webp?resize=1050%2C600&ssl=1 3x, https:\/\/i0.wp.com\/newsofthelight.com.br\/wp-content\/uploads\/2023\/05\/IMG_4482.webp?resize=1400%2C800&ssl=1 4x"},"classes":[]},{"id":6509,"url":"https:\/\/newsofthelight.com.br\/?p=6509","url_meta":{"origin":5131,"position":1},"title":"Anielle confirma aos ministros que Almeida a assediou","author":"Thiago Peres","date":"6 de setembro de 2024","format":false,"excerpt":"Esta sexta-feira (6), a ministra da Igualdade Racial, Anielle Franco, admitiu que foi assediada sexualmente pelo ministro dos Direitos Humanos, Silvio Almeida. Esta declara\u00e7\u00e3o foi submetida aos ministros do Pal\u00e1cio do Planalto. A reuni\u00e3o contou ainda com a presen\u00e7a de Vin\u00edcius Carvalho, Controladoria-Geral da Federa\u00e7\u00e3o (CGU), Jorge Messias, Procurador-Geral da\u2026","rel":"","context":"Em &quot;Pol\u00edtica&quot;","block_context":{"text":"Pol\u00edtica","link":"https:\/\/newsofthelight.com.br\/?cat=36"},"img":{"alt_text":"","src":"https:\/\/i0.wp.com\/newsofthelight.com.br\/wp-content\/uploads\/2024\/09\/img_5786-1.jpg?resize=350%2C200&ssl=1","width":350,"height":200,"srcset":"https:\/\/i0.wp.com\/newsofthelight.com.br\/wp-content\/uploads\/2024\/09\/img_5786-1.jpg?resize=350%2C200&ssl=1 1x, https:\/\/i0.wp.com\/newsofthelight.com.br\/wp-content\/uploads\/2024\/09\/img_5786-1.jpg?resize=525%2C300&ssl=1 1.5x, https:\/\/i0.wp.com\/newsofthelight.com.br\/wp-content\/uploads\/2024\/09\/img_5786-1.jpg?resize=700%2C400&ssl=1 2x"},"classes":[]},{"id":7043,"url":"https:\/\/newsofthelight.com.br\/?p=7043","url_meta":{"origin":5131,"position":2},"title":"Haddad se re\u00fane com os l\u00edderes do partido no domingo e afirma acatar proposta do IOF","author":"Thiago Peres","date":"9 de junho de 2025","format":false,"excerpt":"Ministro das Finan\u00e7as Fernando Haddad Fonte: Reuters Haddad reuniu-se com respons\u00e1veis partid\u00e1rios no domingo e afirmou que ainda estaria aberto \u00e0 proposta. A proposta final ser\u00e1 anunciada apenas ap\u00f3s uma reuni\u00e3o com o Presidente Lula, que regressa de Fran\u00e7a na segunda-feira. A proposta apresentada pelo governo \u00e0 Assembleia Nacional inclui\u2026","rel":"","context":"Em &quot;Economia&quot;","block_context":{"text":"Economia","link":"https:\/\/newsofthelight.com.br\/?cat=40"},"img":{"alt_text":"","src":"https:\/\/i0.wp.com\/newsofthelight.com.br\/wp-content\/uploads\/2025\/06\/img_0289.jpg?resize=350%2C200&ssl=1","width":350,"height":200,"srcset":"https:\/\/i0.wp.com\/newsofthelight.com.br\/wp-content\/uploads\/2025\/06\/img_0289.jpg?resize=350%2C200&ssl=1 1x, https:\/\/i0.wp.com\/newsofthelight.com.br\/wp-content\/uploads\/2025\/06\/img_0289.jpg?resize=525%2C300&ssl=1 1.5x, https:\/\/i0.wp.com\/newsofthelight.com.br\/wp-content\/uploads\/2025\/06\/img_0289.jpg?resize=700%2C400&ssl=1 2x, https:\/\/i0.wp.com\/newsofthelight.com.br\/wp-content\/uploads\/2025\/06\/img_0289.jpg?resize=1050%2C600&ssl=1 3x"},"classes":[]},{"id":3652,"url":"https:\/\/newsofthelight.com.br\/?p=3652","url_meta":{"origin":5131,"position":3},"title":"Presidente Lula cobra que ministros n\u00e3o anunciem medidas administrativas sem que elas estejam de acordo com a Casa Civil","author":"Thiago Peres","date":"14 de mar\u00e7o de 2023","format":false,"excerpt":"O presidente Luiz In\u00e1cio Lula da Silva (PT) cobrou frente de todos os seus ministros para n\u00e3o anunciarem nenhum projeto de governo que n\u00e3o tenha sido aprovado pela Casa Civil.\u00a0_ A gente n\u00e3o pode correr o risco de anunciar uma coisa que n\u00e3o vai acontecer. _ refor\u00e7ou o presidente.Lula tomou\u2026","rel":"","context":"Em &quot;Brasil&quot;","block_context":{"text":"Brasil","link":"https:\/\/newsofthelight.com.br\/?cat=38"},"img":{"alt_text":"","src":"https:\/\/i0.wp.com\/newsofthelight.com.br\/wp-content\/uploads\/2023\/03\/67B03D5E-A3BD-432E-85FE-64194BBA90FF.jpeg?resize=350%2C200&ssl=1","width":350,"height":200,"srcset":"https:\/\/i0.wp.com\/newsofthelight.com.br\/wp-content\/uploads\/2023\/03\/67B03D5E-A3BD-432E-85FE-64194BBA90FF.jpeg?resize=350%2C200&ssl=1 1x, https:\/\/i0.wp.com\/newsofthelight.com.br\/wp-content\/uploads\/2023\/03\/67B03D5E-A3BD-432E-85FE-64194BBA90FF.jpeg?resize=525%2C300&ssl=1 1.5x, https:\/\/i0.wp.com\/newsofthelight.com.br\/wp-content\/uploads\/2023\/03\/67B03D5E-A3BD-432E-85FE-64194BBA90FF.jpeg?resize=700%2C400&ssl=1 2x, https:\/\/i0.wp.com\/newsofthelight.com.br\/wp-content\/uploads\/2023\/03\/67B03D5E-A3BD-432E-85FE-64194BBA90FF.jpeg?resize=1050%2C600&ssl=1 3x"},"classes":[]},{"id":6504,"url":"https:\/\/newsofthelight.com.br\/?p=6504","url_meta":{"origin":5131,"position":4},"title":"Presidente&nbsp;Lula se reunir\u00e1 com a Pol\u00edcia Federal para aclarar acusa\u00e7\u00f5es contra Almeida","author":"Thiago Peres","date":"6 de setembro de 2024","format":false,"excerpt":"O presidente Luiz In\u00e1cio Lula da Silva anunciou que realizar\u00e1 uma reuni\u00e3o em Bras\u00edlia nesta sexta-feira (6) para tratar \u00e0s queixas do suposto ass\u00e9dio cometido pelo Ministro dos Direitos Humanos e Cidadania Silvio Almeida em rela\u00e7\u00e3o a Anielle Franco, e declarou\uff1a \"Aqueles que fazem o ass\u00e9dio , N\u00e3o fique no\u2026","rel":"","context":"Em &quot;Pol\u00edtica&quot;","block_context":{"text":"Pol\u00edtica","link":"https:\/\/newsofthelight.com.br\/?cat=36"},"img":{"alt_text":"","src":"https:\/\/i0.wp.com\/newsofthelight.com.br\/wp-content\/uploads\/2024\/09\/img_5785-1.jpg?resize=350%2C200&ssl=1","width":350,"height":200},"classes":[]},{"id":7373,"url":"https:\/\/newsofthelight.com.br\/?p=7373","url_meta":{"origin":5131,"position":5},"title":"Ap\u00f3s c\u00fapula do BRICS, Lula recebe primeiro-ministro indiano em Alvorada","author":"Thiago Peres","date":"8 de julho de 2025","format":false,"excerpt":"Lula e Narendra Modi na reuni\u00e3o do G20 no Rio de Janeiro. Foto: Governo brasileiro Narendra Modi est\u00e1 em Bras\u00edlia depois de participar da confer\u00eancia Briggs no Rio de Janeiro. Os l\u00edderes discutir\u00e3o intelig\u00eancia artificial e a COP30, entre outros t\u00f3picos. Depois de participar da c\u00fapula do BRICS no Rio\u2026","rel":"","context":"Em &quot;Pol\u00edtica&quot;","block_context":{"text":"Pol\u00edtica","link":"https:\/\/newsofthelight.com.br\/?cat=36"},"img":{"alt_text":"","src":"https:\/\/i0.wp.com\/newsofthelight.com.br\/wp-content\/uploads\/2025\/07\/img_0568-1.jpg?resize=350%2C200&ssl=1","width":350,"height":200,"srcset":"https:\/\/i0.wp.com\/newsofthelight.com.br\/wp-content\/uploads\/2025\/07\/img_0568-1.jpg?resize=350%2C200&ssl=1 1x, https:\/\/i0.wp.com\/newsofthelight.com.br\/wp-content\/uploads\/2025\/07\/img_0568-1.jpg?resize=525%2C300&ssl=1 1.5x, https:\/\/i0.wp.com\/newsofthelight.com.br\/wp-content\/uploads\/2025\/07\/img_0568-1.jpg?resize=700%2C400&ssl=1 2x, https:\/\/i0.wp.com\/newsofthelight.com.br\/wp-content\/uploads\/2025\/07\/img_0568-1.jpg?resize=1050%2C600&ssl=1 3x"},"classes":[]}],"jetpack_shortlink":"https:\/\/wp.me\/peltaF-1kL","_links":{"self":[{"href":"https:\/\/newsofthelight.com.br\/index.php?rest_route=\/wp\/v2\/posts\/5131","targetHints":{"allow":["GET"]}}],"collection":[{"href":"https:\/\/newsofthelight.com.br\/index.php?rest_route=\/wp\/v2\/posts"}],"about":[{"href":"https:\/\/newsofthelight.com.br\/index.php?rest_route=\/wp\/v2\/types\/post"}],"author":[{"embeddable":true,"href":"https:\/\/newsofthelight.com.br\/index.php?rest_route=\/wp\/v2\/users\/2"}],"replies":[{"embeddable":true,"href":"https:\/\/newsofthelight.com.br\/index.php?rest_route=%2Fwp%2Fv2%2Fcomments&post=5131"}],"version-history":[{"count":4,"href":"https:\/\/newsofthelight.com.br\/index.php?rest_route=\/wp\/v2\/posts\/5131\/revisions"}],"predecessor-version":[{"id":5136,"href":"https:\/\/newsofthelight.com.br\/index.php?rest_route=\/wp\/v2\/posts\/5131\/revisions\/5136"}],"wp:featuredmedia":[{"embeddable":true,"href":"https:\/\/newsofthelight.com.br\/index.php?rest_route=\/wp\/v2\/media\/5133"}],"wp:attachment":[{"href":"https:\/\/newsofthelight.com.br\/index.php?rest_route=%2Fwp%2Fv2%2Fmedia&parent=5131"}],"wp:term":[{"taxonomy":"category","embeddable":true,"href":"https:\/\/newsofthelight.com.br\/index.php?rest_route=%2Fwp%2Fv2%2Fcategories&post=5131"},{"taxonomy":"post_tag","embeddable":true,"href":"https:\/\/newsofthelight.com.br\/index.php?rest_route=%2Fwp%2Fv2%2Ftags&post=5131"}],"curies":[{"name":"wp","href":"https:\/\/api.w.org\/{rel}","templated":true}]}}