{"id":5125,"date":"2023-06-18T22:08:25","date_gmt":"2023-06-19T01:08:25","guid":{"rendered":"https:\/\/newsofthelight.com.br\/?p=5125"},"modified":"2023-06-18T22:09:59","modified_gmt":"2023-06-19T01:09:59","slug":"a-possivel-desqualificacao-eleitoral-de-bolsonaro","status":"publish","type":"post","link":"https:\/\/newsofthelight.com.br\/?p=5125","title":{"rendered":"A poss\u00edvel desqualifica\u00e7\u00e3o eleitoral de Bolsonaro"},"content":{"rendered":"<p>No pr\u00f3ximo dia 22, o Tribunal Superior Eleitoral (TSE) iniciar\u00e1 um julgamento que poder\u00e1 resultar no afastamento do ex-presidente Jair Bolsonaro (PL) das elei\u00e7\u00f5es por um per\u00edodo de oito anos. Especialistas em direito eleitoral, consultados pela BBC News Brasil, apontam para uma alta probabilidade de condena\u00e7\u00e3o. Bolsonaro enfrenta um total de 16 a\u00e7\u00f5es na Corte.<\/p>\n<p>\u201cEm pouco mais de tr\u00eas meses, foram realizadas cinco audi\u00eancias e requisitados todos os documentos, inclusive procedimentos sigilosos, relacionados aos fatos relevantes para o deslinde do feito\u201d, afirmou o ministro Benedito Gon\u00e7alves que liberou a a\u00e7\u00e3o.<\/p>\n<p>O caso mais avan\u00e7ado, que ser\u00e1 julgado na pr\u00f3xima semana, acusa o ex-presidente de abuso do poder pol\u00edtico e uso indevido dos meios de comunica\u00e7\u00e3o social. Em julho de 2022, Bolsonaro reuniu dezenas de diplomatas no Pal\u00e1cio da Alvorada, onde apresentou teorias infundadas sobre a inseguran\u00e7a das urnas e atacou ministros do TSE e do Supremo Tribunal Federal (STF). Esse encontro ocorreu pouco antes do in\u00edcio da campanha eleitoral, na qual Bolsonaro foi derrotado pelo atual presidente, Luiz In\u00e1cio Lula da Silva (PT).<\/p>\n<p>A defesa do ex-presidente argumenta que o referido evento n\u00e3o possu\u00eda natureza eleitoral e que Bolsonaro utilizou sua liberdade de express\u00e3o para manifestar preocupa\u00e7\u00f5es leg\u00edtimas sobre a integridade das elei\u00e7\u00f5es brasileiras.<\/p>\n<p>\u201cTodos os extratos ser\u00e3o apresentados pela defesa. N\u00e3o h\u00e1 nenhum desajuste entre entradas e sa\u00eddas de recursos\u201d, alegou Fabio Wajngarten, assessor do ex-presidente.<\/p>\n<p>Embora respeitando o processo legal em curso, o desfecho potencialmente favor\u00e1vel ao afastamento do ex-presidente Bolsonaro das elei\u00e7\u00f5es por oito anos representa uma importante decis\u00e3o por parte do TSE. Essa medida pode ter impactos significativos no cen\u00e1rio pol\u00edtico do pa\u00eds, proporcionando reflex\u00f5es sobre a necessidade de preserva\u00e7\u00e3o da credibilidade da Justi\u00e7a Eleitoral e do sistema de vota\u00e7\u00e3o eletr\u00f4nica. O veredito aguardado com expectativa deve contribuir para o fortalecimento do Estado de Direito e a garantia da democracia brasileira.<\/p>\n","protected":false},"excerpt":{"rendered":"<p>No pr\u00f3ximo dia 22, o Tribunal Superior Eleitoral (TSE) iniciar\u00e1 um julgamento que poder\u00e1 resultar no afastamento do ex-presidente Jair Bolsonaro (PL) das elei\u00e7\u00f5es por um per\u00edodo de oito anos. Especialistas em direito eleitoral, consultados pela BBC News Brasil, apontam para uma alta probabilidade de condena\u00e7\u00e3o. Bolsonaro enfrenta um total de 16 a\u00e7\u00f5es na Corte.<\/p>\n","protected":false},"author":2,"featured_media":5127,"comment_status":"open","ping_status":"open","sticky":false,"template":"","format":"standard","meta":{"_jetpack_memberships_contains_paid_content":false,"footnotes":""},"categories":[38,36],"tags":[],"class_list":["post-5125","post","type-post","status-publish","format-standard","has-post-thumbnail","hentry","category-brasil","category-politica"],"yoast_head":"<!-- This site is optimized with the Yoast SEO plugin v27.4 - https:\/\/yoast.com\/product\/yoast-seo-wordpress\/ -->\n<title>A poss\u00edvel desqualifica\u00e7\u00e3o eleitoral de Bolsonaro - Autoria - Thiago Gomes Gon\u00e7alves Peres Lima - REG 0022106\/MG<\/title>\n<meta name=\"robots\" content=\"index, follow, max-snippet:-1, max-image-preview:large, max-video-preview:-1\" \/>\n<link rel=\"canonical\" href=\"https:\/\/newsofthelight.com.br\/?p=5125\" \/>\n<meta property=\"og:locale\" content=\"pt_BR\" \/>\n<meta property=\"og:type\" content=\"article\" \/>\n<meta property=\"og:title\" content=\"A poss\u00edvel desqualifica\u00e7\u00e3o eleitoral de Bolsonaro - Autoria - Thiago Gomes Gon\u00e7alves Peres Lima - REG 0022106\/MG\" \/>\n<meta property=\"og:description\" content=\"No pr\u00f3ximo dia 22, o Tribunal Superior Eleitoral (TSE) iniciar\u00e1 um julgamento que poder\u00e1 resultar no afastamento do ex-presidente Jair Bolsonaro (PL) das elei\u00e7\u00f5es por um per\u00edodo de oito anos. Especialistas em direito eleitoral, consultados pela BBC News Brasil, apontam para uma alta probabilidade de condena\u00e7\u00e3o. Bolsonaro enfrenta um total de 16 a\u00e7\u00f5es na Corte.\" \/>\n<meta property=\"og:url\" content=\"https:\/\/newsofthelight.com.br\/?p=5125\" \/>\n<meta property=\"og:site_name\" content=\"Autoria - Thiago Gomes Gon\u00e7alves Peres Lima - REG 0022106\/MG\" \/>\n<meta property=\"article:published_time\" content=\"2023-06-19T01:08:25+00:00\" \/>\n<meta property=\"article:modified_time\" content=\"2023-06-19T01:09:59+00:00\" \/>\n<meta property=\"og:image\" content=\"https:\/\/newsofthelight.com.br\/wp-content\/uploads\/2023\/06\/IMG_4642.jpeg\" \/>\n\t<meta property=\"og:image:width\" content=\"1125\" \/>\n\t<meta property=\"og:image:height\" content=\"1117\" \/>\n\t<meta property=\"og:image:type\" content=\"image\/jpeg\" \/>\n<meta name=\"author\" content=\"Thiago Peres\" \/>\n<meta name=\"twitter:card\" content=\"summary_large_image\" \/>\n<meta name=\"twitter:label1\" content=\"Escrito por\" \/>\n\t<meta name=\"twitter:data1\" content=\"Thiago Peres\" \/>\n\t<meta name=\"twitter:label2\" content=\"Est. tempo de leitura\" \/>\n\t<meta name=\"twitter:data2\" content=\"2 minutos\" \/>\n<script type=\"application\/ld+json\" class=\"yoast-schema-graph\">{\"@context\":\"https:\\\/\\\/schema.org\",\"@graph\":[{\"@type\":\"Article\",\"@id\":\"https:\\\/\\\/newsofthelight.com.br\\\/?p=5125#article\",\"isPartOf\":{\"@id\":\"https:\\\/\\\/newsofthelight.com.br\\\/?p=5125\"},\"author\":{\"name\":\"Thiago Peres\",\"@id\":\"https:\\\/\\\/newsofthelight.com.br\\\/#\\\/schema\\\/person\\\/d4878034586ca0e04c11eac65b2f76f2\"},\"headline\":\"A poss\u00edvel desqualifica\u00e7\u00e3o eleitoral de Bolsonaro\",\"datePublished\":\"2023-06-19T01:08:25+00:00\",\"dateModified\":\"2023-06-19T01:09:59+00:00\",\"mainEntityOfPage\":{\"@id\":\"https:\\\/\\\/newsofthelight.com.br\\\/?p=5125\"},\"wordCount\":348,\"commentCount\":0,\"publisher\":{\"@id\":\"https:\\\/\\\/newsofthelight.com.br\\\/#organization\"},\"image\":{\"@id\":\"https:\\\/\\\/newsofthelight.com.br\\\/?p=5125#primaryimage\"},\"thumbnailUrl\":\"https:\\\/\\\/newsofthelight.com.br\\\/wp-content\\\/uploads\\\/2023\\\/06\\\/IMG_4642.jpeg\",\"articleSection\":[\"Brasil\",\"Pol\u00edtica\"],\"inLanguage\":\"pt-BR\",\"potentialAction\":[{\"@type\":\"CommentAction\",\"name\":\"Comment\",\"target\":[\"https:\\\/\\\/newsofthelight.com.br\\\/?p=5125#respond\"]}]},{\"@type\":\"WebPage\",\"@id\":\"https:\\\/\\\/newsofthelight.com.br\\\/?p=5125\",\"url\":\"https:\\\/\\\/newsofthelight.com.br\\\/?p=5125\",\"name\":\"A poss\u00edvel desqualifica\u00e7\u00e3o eleitoral de Bolsonaro - Autoria - Thiago Gomes Gon\u00e7alves Peres Lima - REG 0022106\\\/MG\",\"isPartOf\":{\"@id\":\"https:\\\/\\\/newsofthelight.com.br\\\/#website\"},\"primaryImageOfPage\":{\"@id\":\"https:\\\/\\\/newsofthelight.com.br\\\/?p=5125#primaryimage\"},\"image\":{\"@id\":\"https:\\\/\\\/newsofthelight.com.br\\\/?p=5125#primaryimage\"},\"thumbnailUrl\":\"https:\\\/\\\/newsofthelight.com.br\\\/wp-content\\\/uploads\\\/2023\\\/06\\\/IMG_4642.jpeg\",\"datePublished\":\"2023-06-19T01:08:25+00:00\",\"dateModified\":\"2023-06-19T01:09:59+00:00\",\"breadcrumb\":{\"@id\":\"https:\\\/\\\/newsofthelight.com.br\\\/?p=5125#breadcrumb\"},\"inLanguage\":\"pt-BR\",\"potentialAction\":[{\"@type\":\"ReadAction\",\"target\":[\"https:\\\/\\\/newsofthelight.com.br\\\/?p=5125\"]}]},{\"@type\":\"ImageObject\",\"inLanguage\":\"pt-BR\",\"@id\":\"https:\\\/\\\/newsofthelight.com.br\\\/?p=5125#primaryimage\",\"url\":\"https:\\\/\\\/newsofthelight.com.br\\\/wp-content\\\/uploads\\\/2023\\\/06\\\/IMG_4642.jpeg\",\"contentUrl\":\"https:\\\/\\\/newsofthelight.com.br\\\/wp-content\\\/uploads\\\/2023\\\/06\\\/IMG_4642.jpeg\",\"width\":1125,\"height\":1117},{\"@type\":\"BreadcrumbList\",\"@id\":\"https:\\\/\\\/newsofthelight.com.br\\\/?p=5125#breadcrumb\",\"itemListElement\":[{\"@type\":\"ListItem\",\"position\":1,\"name\":\"In\u00edcio\",\"item\":\"https:\\\/\\\/newsofthelight.com.br\\\/\"},{\"@type\":\"ListItem\",\"position\":2,\"name\":\"A poss\u00edvel desqualifica\u00e7\u00e3o eleitoral de Bolsonaro\"}]},{\"@type\":\"WebSite\",\"@id\":\"https:\\\/\\\/newsofthelight.com.br\\\/#website\",\"url\":\"https:\\\/\\\/newsofthelight.com.br\\\/\",\"name\":\"Autoria - Thiago Gomes Gon\u00e7alves Peres Lima - REG 0022106\\\/MG\",\"description\":\"Noticias na velocidade da luz\",\"publisher\":{\"@id\":\"https:\\\/\\\/newsofthelight.com.br\\\/#organization\"},\"potentialAction\":[{\"@type\":\"SearchAction\",\"target\":{\"@type\":\"EntryPoint\",\"urlTemplate\":\"https:\\\/\\\/newsofthelight.com.br\\\/?s={search_term_string}\"},\"query-input\":{\"@type\":\"PropertyValueSpecification\",\"valueRequired\":true,\"valueName\":\"search_term_string\"}}],\"inLanguage\":\"pt-BR\"},{\"@type\":\"Organization\",\"@id\":\"https:\\\/\\\/newsofthelight.com.br\\\/#organization\",\"name\":\"Autoria - Thiago Gomes Gon\u00e7alves Peres Lima - REG 0022106\\\/MG\",\"url\":\"https:\\\/\\\/newsofthelight.com.br\\\/\",\"logo\":{\"@type\":\"ImageObject\",\"inLanguage\":\"pt-BR\",\"@id\":\"https:\\\/\\\/newsofthelight.com.br\\\/#\\\/schema\\\/logo\\\/image\\\/\",\"url\":\"https:\\\/\\\/newsofthelight.com.br\\\/wp-content\\\/uploads\\\/2025\\\/06\\\/cropped-IMG_0217.png\",\"contentUrl\":\"https:\\\/\\\/newsofthelight.com.br\\\/wp-content\\\/uploads\\\/2025\\\/06\\\/cropped-IMG_0217.png\",\"width\":1177,\"height\":662,\"caption\":\"Autoria - Thiago Gomes Gon\u00e7alves Peres Lima - REG 0022106\\\/MG\"},\"image\":{\"@id\":\"https:\\\/\\\/newsofthelight.com.br\\\/#\\\/schema\\\/logo\\\/image\\\/\"},\"sameAs\":[\"https:\\\/\\\/www.instagram.com\\\/news_of_the_light_?igsh=b3Fwb2psamJzaXds\"]},{\"@type\":\"Person\",\"@id\":\"https:\\\/\\\/newsofthelight.com.br\\\/#\\\/schema\\\/person\\\/d4878034586ca0e04c11eac65b2f76f2\",\"name\":\"Thiago Peres\",\"image\":{\"@type\":\"ImageObject\",\"inLanguage\":\"pt-BR\",\"@id\":\"https:\\\/\\\/secure.gravatar.com\\\/avatar\\\/21d66f46d21d113e9d3dba092a500e64563ed2ed2c77db814dfc7be6345e3815?s=96&d=mm&r=g\",\"url\":\"https:\\\/\\\/secure.gravatar.com\\\/avatar\\\/21d66f46d21d113e9d3dba092a500e64563ed2ed2c77db814dfc7be6345e3815?s=96&d=mm&r=g\",\"contentUrl\":\"https:\\\/\\\/secure.gravatar.com\\\/avatar\\\/21d66f46d21d113e9d3dba092a500e64563ed2ed2c77db814dfc7be6345e3815?s=96&d=mm&r=g\",\"caption\":\"Thiago Peres\"},\"sameAs\":[\"http:\\\/\\\/newsofthelight.com.br\"],\"url\":\"https:\\\/\\\/newsofthelight.com.br\\\/?author=2\"}]}<\/script>\n<!-- \/ Yoast SEO plugin. -->","yoast_head_json":{"title":"A poss\u00edvel desqualifica\u00e7\u00e3o eleitoral de Bolsonaro - Autoria - Thiago Gomes Gon\u00e7alves Peres Lima - REG 0022106\/MG","robots":{"index":"index","follow":"follow","max-snippet":"max-snippet:-1","max-image-preview":"max-image-preview:large","max-video-preview":"max-video-preview:-1"},"canonical":"https:\/\/newsofthelight.com.br\/?p=5125","og_locale":"pt_BR","og_type":"article","og_title":"A poss\u00edvel desqualifica\u00e7\u00e3o eleitoral de Bolsonaro - Autoria - Thiago Gomes Gon\u00e7alves Peres Lima - REG 0022106\/MG","og_description":"No pr\u00f3ximo dia 22, o Tribunal Superior Eleitoral (TSE) iniciar\u00e1 um julgamento que poder\u00e1 resultar no afastamento do ex-presidente Jair Bolsonaro (PL) das elei\u00e7\u00f5es por um per\u00edodo de oito anos. Especialistas em direito eleitoral, consultados pela BBC News Brasil, apontam para uma alta probabilidade de condena\u00e7\u00e3o. Bolsonaro enfrenta um total de 16 a\u00e7\u00f5es na Corte.","og_url":"https:\/\/newsofthelight.com.br\/?p=5125","og_site_name":"Autoria - Thiago Gomes Gon\u00e7alves Peres Lima - REG 0022106\/MG","article_published_time":"2023-06-19T01:08:25+00:00","article_modified_time":"2023-06-19T01:09:59+00:00","og_image":[{"width":1125,"height":1117,"url":"https:\/\/newsofthelight.com.br\/wp-content\/uploads\/2023\/06\/IMG_4642.jpeg","type":"image\/jpeg"}],"author":"Thiago Peres","twitter_card":"summary_large_image","twitter_misc":{"Escrito por":"Thiago Peres","Est. tempo de leitura":"2 minutos"},"schema":{"@context":"https:\/\/schema.org","@graph":[{"@type":"Article","@id":"https:\/\/newsofthelight.com.br\/?p=5125#article","isPartOf":{"@id":"https:\/\/newsofthelight.com.br\/?p=5125"},"author":{"name":"Thiago Peres","@id":"https:\/\/newsofthelight.com.br\/#\/schema\/person\/d4878034586ca0e04c11eac65b2f76f2"},"headline":"A poss\u00edvel desqualifica\u00e7\u00e3o eleitoral de Bolsonaro","datePublished":"2023-06-19T01:08:25+00:00","dateModified":"2023-06-19T01:09:59+00:00","mainEntityOfPage":{"@id":"https:\/\/newsofthelight.com.br\/?p=5125"},"wordCount":348,"commentCount":0,"publisher":{"@id":"https:\/\/newsofthelight.com.br\/#organization"},"image":{"@id":"https:\/\/newsofthelight.com.br\/?p=5125#primaryimage"},"thumbnailUrl":"https:\/\/newsofthelight.com.br\/wp-content\/uploads\/2023\/06\/IMG_4642.jpeg","articleSection":["Brasil","Pol\u00edtica"],"inLanguage":"pt-BR","potentialAction":[{"@type":"CommentAction","name":"Comment","target":["https:\/\/newsofthelight.com.br\/?p=5125#respond"]}]},{"@type":"WebPage","@id":"https:\/\/newsofthelight.com.br\/?p=5125","url":"https:\/\/newsofthelight.com.br\/?p=5125","name":"A poss\u00edvel desqualifica\u00e7\u00e3o eleitoral de Bolsonaro - Autoria - Thiago Gomes Gon\u00e7alves Peres Lima - REG 0022106\/MG","isPartOf":{"@id":"https:\/\/newsofthelight.com.br\/#website"},"primaryImageOfPage":{"@id":"https:\/\/newsofthelight.com.br\/?p=5125#primaryimage"},"image":{"@id":"https:\/\/newsofthelight.com.br\/?p=5125#primaryimage"},"thumbnailUrl":"https:\/\/newsofthelight.com.br\/wp-content\/uploads\/2023\/06\/IMG_4642.jpeg","datePublished":"2023-06-19T01:08:25+00:00","dateModified":"2023-06-19T01:09:59+00:00","breadcrumb":{"@id":"https:\/\/newsofthelight.com.br\/?p=5125#breadcrumb"},"inLanguage":"pt-BR","potentialAction":[{"@type":"ReadAction","target":["https:\/\/newsofthelight.com.br\/?p=5125"]}]},{"@type":"ImageObject","inLanguage":"pt-BR","@id":"https:\/\/newsofthelight.com.br\/?p=5125#primaryimage","url":"https:\/\/newsofthelight.com.br\/wp-content\/uploads\/2023\/06\/IMG_4642.jpeg","contentUrl":"https:\/\/newsofthelight.com.br\/wp-content\/uploads\/2023\/06\/IMG_4642.jpeg","width":1125,"height":1117},{"@type":"BreadcrumbList","@id":"https:\/\/newsofthelight.com.br\/?p=5125#breadcrumb","itemListElement":[{"@type":"ListItem","position":1,"name":"In\u00edcio","item":"https:\/\/newsofthelight.com.br\/"},{"@type":"ListItem","position":2,"name":"A poss\u00edvel desqualifica\u00e7\u00e3o eleitoral de Bolsonaro"}]},{"@type":"WebSite","@id":"https:\/\/newsofthelight.com.br\/#website","url":"https:\/\/newsofthelight.com.br\/","name":"Autoria - Thiago Gomes Gon\u00e7alves Peres Lima - REG 0022106\/MG","description":"Noticias na velocidade da luz","publisher":{"@id":"https:\/\/newsofthelight.com.br\/#organization"},"potentialAction":[{"@type":"SearchAction","target":{"@type":"EntryPoint","urlTemplate":"https:\/\/newsofthelight.com.br\/?s={search_term_string}"},"query-input":{"@type":"PropertyValueSpecification","valueRequired":true,"valueName":"search_term_string"}}],"inLanguage":"pt-BR"},{"@type":"Organization","@id":"https:\/\/newsofthelight.com.br\/#organization","name":"Autoria - Thiago Gomes Gon\u00e7alves Peres Lima - REG 0022106\/MG","url":"https:\/\/newsofthelight.com.br\/","logo":{"@type":"ImageObject","inLanguage":"pt-BR","@id":"https:\/\/newsofthelight.com.br\/#\/schema\/logo\/image\/","url":"https:\/\/newsofthelight.com.br\/wp-content\/uploads\/2025\/06\/cropped-IMG_0217.png","contentUrl":"https:\/\/newsofthelight.com.br\/wp-content\/uploads\/2025\/06\/cropped-IMG_0217.png","width":1177,"height":662,"caption":"Autoria - Thiago Gomes Gon\u00e7alves Peres Lima - REG 0022106\/MG"},"image":{"@id":"https:\/\/newsofthelight.com.br\/#\/schema\/logo\/image\/"},"sameAs":["https:\/\/www.instagram.com\/news_of_the_light_?igsh=b3Fwb2psamJzaXds"]},{"@type":"Person","@id":"https:\/\/newsofthelight.com.br\/#\/schema\/person\/d4878034586ca0e04c11eac65b2f76f2","name":"Thiago Peres","image":{"@type":"ImageObject","inLanguage":"pt-BR","@id":"https:\/\/secure.gravatar.com\/avatar\/21d66f46d21d113e9d3dba092a500e64563ed2ed2c77db814dfc7be6345e3815?s=96&d=mm&r=g","url":"https:\/\/secure.gravatar.com\/avatar\/21d66f46d21d113e9d3dba092a500e64563ed2ed2c77db814dfc7be6345e3815?s=96&d=mm&r=g","contentUrl":"https:\/\/secure.gravatar.com\/avatar\/21d66f46d21d113e9d3dba092a500e64563ed2ed2c77db814dfc7be6345e3815?s=96&d=mm&r=g","caption":"Thiago Peres"},"sameAs":["http:\/\/newsofthelight.com.br"],"url":"https:\/\/newsofthelight.com.br\/?author=2"}]}},"jetpack_featured_media_url":"https:\/\/newsofthelight.com.br\/wp-content\/uploads\/2023\/06\/IMG_4642.jpeg","jetpack_sharing_enabled":true,"jetpack-related-posts":[{"id":5221,"url":"https:\/\/newsofthelight.com.br\/?p=5221","url_meta":{"origin":5125,"position":0},"title":"Saiba como ser\u00e1 o processo de vota\u00e7\u00e3o de inelegibilidade de Bolsonaro","author":"Thiago Peres","date":"28 de junho de 2023","format":false,"excerpt":"O Ministro Benedito Gon\u00e7alves, que atua como corregedor-geral eleitoral, emitiu seu voto nesta ter\u00e7a-feira, declarando a inelegibilidade do ex-presidente Jair Bolsonaro, do partido PL, por abuso de poder pol\u00edtico e uso indevido dos meios de comunica\u00e7\u00e3o. O Ministro Gon\u00e7alves \u00e9 o relator do caso no Tribunal Superior Eleitoral (TSE) e\u2026","rel":"","context":"Em &quot;Brasil&quot;","block_context":{"text":"Brasil","link":"https:\/\/newsofthelight.com.br\/?cat=38"},"img":{"alt_text":"","src":"https:\/\/i0.wp.com\/newsofthelight.com.br\/wp-content\/uploads\/2023\/06\/IMG_4721.jpeg?resize=350%2C200&ssl=1","width":350,"height":200},"classes":[]},{"id":5207,"url":"https:\/\/newsofthelight.com.br\/?p=5207","url_meta":{"origin":5125,"position":1},"title":"O julgamento da suposta m\u00e1 conduta eleitoral do presidente Jair Bolsonaro tornou-se um evento altamente antecipado na pol\u00edtica brasileira","author":"Thiago Peres","date":"24 de junho de 2023","format":false,"excerpt":"O Tribunal Superior Eleitoral (TSE) realizou hoje uma audi\u00eancia muito aguardada sobre o caso eleitoral envolvendo o ex-presidente Jair Bolsonaro. O caso, movido pelo Partido Democr\u00e1tico Trabalhista (PDT), acusa Bolsonaro de fazer campanha sistem\u00e1tica para minar a credibilidade do sistema eleitoral, com a inten\u00e7\u00e3o de questionar o resultado da elei\u00e7\u00e3o\u2026","rel":"","context":"Em &quot;Brasil&quot;","block_context":{"text":"Brasil","link":"https:\/\/newsofthelight.com.br\/?cat=38"},"img":{"alt_text":"","src":"https:\/\/i0.wp.com\/newsofthelight.com.br\/wp-content\/uploads\/2023\/06\/IMG_4686.webp?resize=350%2C200&ssl=1","width":350,"height":200,"srcset":"https:\/\/i0.wp.com\/newsofthelight.com.br\/wp-content\/uploads\/2023\/06\/IMG_4686.webp?resize=350%2C200&ssl=1 1x, https:\/\/i0.wp.com\/newsofthelight.com.br\/wp-content\/uploads\/2023\/06\/IMG_4686.webp?resize=525%2C300&ssl=1 1.5x, https:\/\/i0.wp.com\/newsofthelight.com.br\/wp-content\/uploads\/2023\/06\/IMG_4686.webp?resize=700%2C400&ssl=1 2x"},"classes":[]},{"id":5265,"url":"https:\/\/newsofthelight.com.br\/?p=5265","url_meta":{"origin":5125,"position":2},"title":"TSE encerra julgamento e declara inelegibilidade de Jair Bolsonaro por oito anos","author":"Thiago Peres","date":"30 de junho de 2023","format":false,"excerpt":"Na sexta-feira (30), o Tribunal Superior Eleitoral (TSE) concluiu o julgamento do ex-presidente Jair Bolsonaro (PL) e declarou que o ex-chefe de estado seria ineleg\u00edvel por oito anos. A vota\u00e7\u00e3o terminou com 5 votos a 2 a favor da inelegibilidade de Bolsonaro. Walter Braga Netto, o candidato \u00e0 vice-presid\u00eancia na\u2026","rel":"","context":"Em &quot;Brasil&quot;","block_context":{"text":"Brasil","link":"https:\/\/newsofthelight.com.br\/?cat=38"},"img":{"alt_text":"","src":"https:\/\/i0.wp.com\/newsofthelight.com.br\/wp-content\/uploads\/2023\/06\/IMG_4747.webp?resize=350%2C200&ssl=1","width":350,"height":200,"srcset":"https:\/\/i0.wp.com\/newsofthelight.com.br\/wp-content\/uploads\/2023\/06\/IMG_4747.webp?resize=350%2C200&ssl=1 1x, https:\/\/i0.wp.com\/newsofthelight.com.br\/wp-content\/uploads\/2023\/06\/IMG_4747.webp?resize=525%2C300&ssl=1 1.5x, https:\/\/i0.wp.com\/newsofthelight.com.br\/wp-content\/uploads\/2023\/06\/IMG_4747.webp?resize=700%2C400&ssl=1 2x"},"classes":[]},{"id":3245,"url":"https:\/\/newsofthelight.com.br\/?p=3245","url_meta":{"origin":5125,"position":3},"title":"\u201cBolsonaro pode n\u00e3o ter mandado, mas com certeza \u00e9 culpado\u201d diz Lula ap\u00f3s invas\u00e3o em Bras\u00edlia","author":"Thiago Peres","date":"18 de janeiro de 2023","format":false,"excerpt":"O presidente Luiz In\u00e1cio Lula da Silva declarou nesta quarta-feira (18\/01) que o ex-chefe do executivo, Jair Messias Bolsonaro (PL) \u00e9 o principal piv\u00f4 dos ataques de vandalismo em Bras\u00edlia. As declara\u00e7\u00f5es do petistas foram feitas ap\u00f3s o presidente do Supremo Tribunal Eleitoral Alexandre de Moraes expedir um prazo de\u2026","rel":"","context":"Em &quot;Brasil&quot;","block_context":{"text":"Brasil","link":"https:\/\/newsofthelight.com.br\/?cat=38"},"img":{"alt_text":"","src":"https:\/\/i0.wp.com\/newsofthelight.com.br\/wp-content\/uploads\/2023\/01\/26D271A9-76F7-4EBE-9E21-6A2807BF07D8.jpeg?resize=350%2C200&ssl=1","width":350,"height":200,"srcset":"https:\/\/i0.wp.com\/newsofthelight.com.br\/wp-content\/uploads\/2023\/01\/26D271A9-76F7-4EBE-9E21-6A2807BF07D8.jpeg?resize=350%2C200&ssl=1 1x, https:\/\/i0.wp.com\/newsofthelight.com.br\/wp-content\/uploads\/2023\/01\/26D271A9-76F7-4EBE-9E21-6A2807BF07D8.jpeg?resize=525%2C300&ssl=1 1.5x, https:\/\/i0.wp.com\/newsofthelight.com.br\/wp-content\/uploads\/2023\/01\/26D271A9-76F7-4EBE-9E21-6A2807BF07D8.jpeg?resize=700%2C400&ssl=1 2x"},"classes":[]},{"id":2962,"url":"https:\/\/newsofthelight.com.br\/?p=2962","url_meta":{"origin":5125,"position":4},"title":"Caso haja um alian\u00e7a com o presidente eleito Lula, Moro pode deixar o Uni\u00e3o Brasil","author":"Thiago Peres","date":"4 de dezembro de 2022","format":false,"excerpt":"Ex-ministro de Bolsonaro pode estar pr\u00f3ximo de deixar a legenda caso ela se alie o presidente eleito Luiz In\u00e1cio Lula da Silva.O ex-ministro e senador eleito S\u00e9rgio Moro poder\u00e1 deixar o partido em fechamento de acordo com o Partido dos Trabalhadores, segundo o Jornal O Globo.O juiz que julgou o\u2026","rel":"","context":"Em &quot;Brasil&quot;","block_context":{"text":"Brasil","link":"https:\/\/newsofthelight.com.br\/?cat=38"},"img":{"alt_text":"","src":"https:\/\/i0.wp.com\/newsofthelight.com.br\/wp-content\/uploads\/2022\/12\/79A164AA-1FBA-4D4C-B171-36B237CC5564.jpeg?resize=350%2C200&ssl=1","width":350,"height":200,"srcset":"https:\/\/i0.wp.com\/newsofthelight.com.br\/wp-content\/uploads\/2022\/12\/79A164AA-1FBA-4D4C-B171-36B237CC5564.jpeg?resize=350%2C200&ssl=1 1x, https:\/\/i0.wp.com\/newsofthelight.com.br\/wp-content\/uploads\/2022\/12\/79A164AA-1FBA-4D4C-B171-36B237CC5564.jpeg?resize=525%2C300&ssl=1 1.5x, https:\/\/i0.wp.com\/newsofthelight.com.br\/wp-content\/uploads\/2022\/12\/79A164AA-1FBA-4D4C-B171-36B237CC5564.jpeg?resize=700%2C400&ssl=1 2x"},"classes":[]},{"id":7424,"url":"https:\/\/newsofthelight.com.br\/?p=7424","url_meta":{"origin":5125,"position":5},"title":"Bolsonaro volta atr\u00e1s e se posiciona contra o tarifamento dos EUA sobre o Brasil","author":"Thiago Peres","date":"13 de julho de 2025","format":false,"excerpt":"Foto: Bolsonaro Fonte: Jovem Pan O ex-presidente Jair Bolsonaro falou nas m\u00eddias sociais no domingo (13) sobre a taxa de 50% imposta pelo presidente dos EUA, Donald Trump, sobre os produtos brasileiros. Este procedimento entrar\u00e1 em vigor em 1\u00ba de agosto. De acordo com Bolsonaro, a decis\u00e3o \u00e9 \u201csobre valor,\u2026","rel":"","context":"Em &quot;Pol\u00edtica&quot;","block_context":{"text":"Pol\u00edtica","link":"https:\/\/newsofthelight.com.br\/?cat=36"},"img":{"alt_text":"","src":"https:\/\/i0.wp.com\/newsofthelight.com.br\/wp-content\/uploads\/2025\/07\/img_0635-1.jpg?resize=350%2C200&ssl=1","width":350,"height":200,"srcset":"https:\/\/i0.wp.com\/newsofthelight.com.br\/wp-content\/uploads\/2025\/07\/img_0635-1.jpg?resize=350%2C200&ssl=1 1x, https:\/\/i0.wp.com\/newsofthelight.com.br\/wp-content\/uploads\/2025\/07\/img_0635-1.jpg?resize=525%2C300&ssl=1 1.5x, https:\/\/i0.wp.com\/newsofthelight.com.br\/wp-content\/uploads\/2025\/07\/img_0635-1.jpg?resize=700%2C400&ssl=1 2x"},"classes":[]}],"jetpack_shortlink":"https:\/\/wp.me\/peltaF-1kF","_links":{"self":[{"href":"https:\/\/newsofthelight.com.br\/index.php?rest_route=\/wp\/v2\/posts\/5125","targetHints":{"allow":["GET"]}}],"collection":[{"href":"https:\/\/newsofthelight.com.br\/index.php?rest_route=\/wp\/v2\/posts"}],"about":[{"href":"https:\/\/newsofthelight.com.br\/index.php?rest_route=\/wp\/v2\/types\/post"}],"author":[{"embeddable":true,"href":"https:\/\/newsofthelight.com.br\/index.php?rest_route=\/wp\/v2\/users\/2"}],"replies":[{"embeddable":true,"href":"https:\/\/newsofthelight.com.br\/index.php?rest_route=%2Fwp%2Fv2%2Fcomments&post=5125"}],"version-history":[{"count":4,"href":"https:\/\/newsofthelight.com.br\/index.php?rest_route=\/wp\/v2\/posts\/5125\/revisions"}],"predecessor-version":[{"id":5130,"href":"https:\/\/newsofthelight.com.br\/index.php?rest_route=\/wp\/v2\/posts\/5125\/revisions\/5130"}],"wp:featuredmedia":[{"embeddable":true,"href":"https:\/\/newsofthelight.com.br\/index.php?rest_route=\/wp\/v2\/media\/5127"}],"wp:attachment":[{"href":"https:\/\/newsofthelight.com.br\/index.php?rest_route=%2Fwp%2Fv2%2Fmedia&parent=5125"}],"wp:term":[{"taxonomy":"category","embeddable":true,"href":"https:\/\/newsofthelight.com.br\/index.php?rest_route=%2Fwp%2Fv2%2Fcategories&post=5125"},{"taxonomy":"post_tag","embeddable":true,"href":"https:\/\/newsofthelight.com.br\/index.php?rest_route=%2Fwp%2Fv2%2Ftags&post=5125"}],"curies":[{"name":"wp","href":"https:\/\/api.w.org\/{rel}","templated":true}]}}