{"id":5119,"date":"2023-06-18T19:31:02","date_gmt":"2023-06-18T22:31:02","guid":{"rendered":"https:\/\/newsofthelight.com.br\/?p=5119"},"modified":"2023-06-18T19:31:43","modified_gmt":"2023-06-18T22:31:43","slug":"bolsonaro-pede-desculpas-por-desinformacao-sobre-vacina","status":"publish","type":"post","link":"https:\/\/newsofthelight.com.br\/?p=5119","title":{"rendered":"Bolsonaro pede desculpas por desinforma\u00e7\u00e3o sobre vacina"},"content":{"rendered":"<p>No domingo, o ex-presidente brasileiro Jair Bolsonaro (PL) pediu desculpas por uma declara\u00e7\u00e3o feita no dia anterior, que continha desinforma\u00e7\u00e3o sobre vacinas. Esse raro ato de contri\u00e7\u00e3o ocorre \u00e0 luz da quantidade significativa de informa\u00e7\u00f5es distorcidas que ele divulgou sobre a imuniza\u00e7\u00e3o durante a pandemia.<\/p>\n<p>Durante um evento pol\u00edtico de seu partido em Jundia\u00ed no s\u00e1bado, Bolsonaro afirmou falsamente que as vacinas de RNA desenvolvidas pela Pfizer eram compostas de di\u00f3xido de grafeno e insinuou que essa subst\u00e2ncia se acumularia em \u201ctest\u00edculos e ov\u00e1rios\u201d, sem fornecer mais detalhes. Ele fez essas declara\u00e7\u00f5es ao lado do ex-ministro da Ci\u00eancia e Tecnologia, hoje senador, Marcos Pontes (PL).<\/p>\n<p>&#8220;A prop\u00f3sito de uma conversa realizada ontem sobre a presen\u00e7a de di\u00f3xido de grafeno em vacinas de mRNA, cometi um erro. Como \u00e9 de conhecimento p\u00fablico, sou um defensor das poss\u00edveis aplica\u00e7\u00f5es do \u00f3xido de grafeno, raz\u00e3o pela qual associei erroneamente esta subst\u00e2ncia com a vacina, afirma\u00e7\u00e3o que foi desmascarada em agosto de 2021. Mais uma vez, me arrependo de minhas palavras e pe\u00e7o desculpas\u201d, postou Bolsonaro no Instagram neste domingo.<\/p>\n<p>A declara\u00e7\u00e3o de Bolsonaro no s\u00e1bado gerou uma resposta da Ag\u00eancia Nacional de Vigil\u00e2ncia Sanit\u00e1ria (Anvisa). A ag\u00eancia federal reafirmou os benef\u00edcios das vacinas COVID-19 nas redes sociais e desmentiu as alega\u00e7\u00f5es de Bolsonaro.<\/p>\n<p>&#8220;Nenhuma vacina aprovada cont\u00e9m grafeno ou qualquer material desconhecido. As empresas s\u00e3o obrigadas a divulgar os componentes da vacina na bula, de acordo com a regulamenta\u00e7\u00e3o da Anvisa&#8221;, afirmou a Anvisa.<\/p>\n","protected":false},"excerpt":{"rendered":"<p>No domingo, o ex-presidente brasileiro Jair Bolsonaro (PL) pediu desculpas por uma declara\u00e7\u00e3o feita no dia anterior, que continha desinforma\u00e7\u00e3o sobre vacinas. Esse raro ato de contri\u00e7\u00e3o ocorre \u00e0 luz da quantidade significativa de informa\u00e7\u00f5es distorcidas que ele divulgou sobre a imuniza\u00e7\u00e3o durante a pandemia. Durante um evento pol\u00edtico de seu partido em Jundia\u00ed no<\/p>\n","protected":false},"author":2,"featured_media":5121,"comment_status":"open","ping_status":"open","sticky":false,"template":"","format":"standard","meta":{"_jetpack_memberships_contains_paid_content":false,"footnotes":""},"categories":[38,36],"tags":[],"class_list":["post-5119","post","type-post","status-publish","format-standard","has-post-thumbnail","hentry","category-brasil","category-politica"],"yoast_head":"<!-- This site is optimized with the Yoast SEO plugin v27.4 - https:\/\/yoast.com\/product\/yoast-seo-wordpress\/ -->\n<title>Bolsonaro pede desculpas por desinforma\u00e7\u00e3o sobre vacina - Autoria - Thiago Gomes Gon\u00e7alves Peres Lima - REG 0022106\/MG<\/title>\n<meta name=\"robots\" content=\"index, follow, max-snippet:-1, max-image-preview:large, max-video-preview:-1\" \/>\n<link rel=\"canonical\" href=\"https:\/\/newsofthelight.com.br\/?p=5119\" \/>\n<meta property=\"og:locale\" content=\"pt_BR\" \/>\n<meta property=\"og:type\" content=\"article\" \/>\n<meta property=\"og:title\" content=\"Bolsonaro pede desculpas por desinforma\u00e7\u00e3o sobre vacina - Autoria - Thiago Gomes Gon\u00e7alves Peres Lima - REG 0022106\/MG\" \/>\n<meta property=\"og:description\" content=\"No domingo, o ex-presidente brasileiro Jair Bolsonaro (PL) pediu desculpas por uma declara\u00e7\u00e3o feita no dia anterior, que continha desinforma\u00e7\u00e3o sobre vacinas. Esse raro ato de contri\u00e7\u00e3o ocorre \u00e0 luz da quantidade significativa de informa\u00e7\u00f5es distorcidas que ele divulgou sobre a imuniza\u00e7\u00e3o durante a pandemia. Durante um evento pol\u00edtico de seu partido em Jundia\u00ed no\" \/>\n<meta property=\"og:url\" content=\"https:\/\/newsofthelight.com.br\/?p=5119\" \/>\n<meta property=\"og:site_name\" content=\"Autoria - Thiago Gomes Gon\u00e7alves Peres Lima - REG 0022106\/MG\" \/>\n<meta property=\"article:published_time\" content=\"2023-06-18T22:31:02+00:00\" \/>\n<meta property=\"article:modified_time\" content=\"2023-06-18T22:31:43+00:00\" \/>\n<meta property=\"og:image\" content=\"https:\/\/newsofthelight.com.br\/wp-content\/uploads\/2023\/06\/103071102-pa-brasilia-df-18-05-2023-ex-presidente-da-republica-jair-bolsonaro-vai-ao-gabinete-de-s.jpg.webp\" \/>\n\t<meta property=\"og:image:width\" content=\"924\" \/>\n\t<meta property=\"og:image:height\" content=\"616\" \/>\n\t<meta property=\"og:image:type\" content=\"image\/webp\" \/>\n<meta name=\"author\" content=\"Thiago Peres\" \/>\n<meta name=\"twitter:card\" content=\"summary_large_image\" \/>\n<meta name=\"twitter:label1\" content=\"Escrito por\" \/>\n\t<meta name=\"twitter:data1\" content=\"Thiago Peres\" \/>\n\t<meta name=\"twitter:label2\" content=\"Est. tempo de leitura\" \/>\n\t<meta name=\"twitter:data2\" content=\"1 minuto\" \/>\n<script type=\"application\/ld+json\" class=\"yoast-schema-graph\">{\"@context\":\"https:\\\/\\\/schema.org\",\"@graph\":[{\"@type\":\"Article\",\"@id\":\"https:\\\/\\\/newsofthelight.com.br\\\/?p=5119#article\",\"isPartOf\":{\"@id\":\"https:\\\/\\\/newsofthelight.com.br\\\/?p=5119\"},\"author\":{\"name\":\"Thiago Peres\",\"@id\":\"https:\\\/\\\/newsofthelight.com.br\\\/#\\\/schema\\\/person\\\/d4878034586ca0e04c11eac65b2f76f2\"},\"headline\":\"Bolsonaro pede desculpas por desinforma\u00e7\u00e3o sobre vacina\",\"datePublished\":\"2023-06-18T22:31:02+00:00\",\"dateModified\":\"2023-06-18T22:31:43+00:00\",\"mainEntityOfPage\":{\"@id\":\"https:\\\/\\\/newsofthelight.com.br\\\/?p=5119\"},\"wordCount\":280,\"commentCount\":0,\"publisher\":{\"@id\":\"https:\\\/\\\/newsofthelight.com.br\\\/#organization\"},\"image\":{\"@id\":\"https:\\\/\\\/newsofthelight.com.br\\\/?p=5119#primaryimage\"},\"thumbnailUrl\":\"https:\\\/\\\/newsofthelight.com.br\\\/wp-content\\\/uploads\\\/2023\\\/06\\\/103071102-pa-brasilia-df-18-05-2023-ex-presidente-da-republica-jair-bolsonaro-vai-ao-gabinete-de-s.jpg.webp\",\"articleSection\":[\"Brasil\",\"Pol\u00edtica\"],\"inLanguage\":\"pt-BR\",\"potentialAction\":[{\"@type\":\"CommentAction\",\"name\":\"Comment\",\"target\":[\"https:\\\/\\\/newsofthelight.com.br\\\/?p=5119#respond\"]}]},{\"@type\":\"WebPage\",\"@id\":\"https:\\\/\\\/newsofthelight.com.br\\\/?p=5119\",\"url\":\"https:\\\/\\\/newsofthelight.com.br\\\/?p=5119\",\"name\":\"Bolsonaro pede desculpas por desinforma\u00e7\u00e3o sobre vacina - Autoria - Thiago Gomes Gon\u00e7alves Peres Lima - REG 0022106\\\/MG\",\"isPartOf\":{\"@id\":\"https:\\\/\\\/newsofthelight.com.br\\\/#website\"},\"primaryImageOfPage\":{\"@id\":\"https:\\\/\\\/newsofthelight.com.br\\\/?p=5119#primaryimage\"},\"image\":{\"@id\":\"https:\\\/\\\/newsofthelight.com.br\\\/?p=5119#primaryimage\"},\"thumbnailUrl\":\"https:\\\/\\\/newsofthelight.com.br\\\/wp-content\\\/uploads\\\/2023\\\/06\\\/103071102-pa-brasilia-df-18-05-2023-ex-presidente-da-republica-jair-bolsonaro-vai-ao-gabinete-de-s.jpg.webp\",\"datePublished\":\"2023-06-18T22:31:02+00:00\",\"dateModified\":\"2023-06-18T22:31:43+00:00\",\"breadcrumb\":{\"@id\":\"https:\\\/\\\/newsofthelight.com.br\\\/?p=5119#breadcrumb\"},\"inLanguage\":\"pt-BR\",\"potentialAction\":[{\"@type\":\"ReadAction\",\"target\":[\"https:\\\/\\\/newsofthelight.com.br\\\/?p=5119\"]}]},{\"@type\":\"ImageObject\",\"inLanguage\":\"pt-BR\",\"@id\":\"https:\\\/\\\/newsofthelight.com.br\\\/?p=5119#primaryimage\",\"url\":\"https:\\\/\\\/newsofthelight.com.br\\\/wp-content\\\/uploads\\\/2023\\\/06\\\/103071102-pa-brasilia-df-18-05-2023-ex-presidente-da-republica-jair-bolsonaro-vai-ao-gabinete-de-s.jpg.webp\",\"contentUrl\":\"https:\\\/\\\/newsofthelight.com.br\\\/wp-content\\\/uploads\\\/2023\\\/06\\\/103071102-pa-brasilia-df-18-05-2023-ex-presidente-da-republica-jair-bolsonaro-vai-ao-gabinete-de-s.jpg.webp\",\"width\":924,\"height\":616},{\"@type\":\"BreadcrumbList\",\"@id\":\"https:\\\/\\\/newsofthelight.com.br\\\/?p=5119#breadcrumb\",\"itemListElement\":[{\"@type\":\"ListItem\",\"position\":1,\"name\":\"In\u00edcio\",\"item\":\"https:\\\/\\\/newsofthelight.com.br\\\/\"},{\"@type\":\"ListItem\",\"position\":2,\"name\":\"Bolsonaro pede desculpas por desinforma\u00e7\u00e3o sobre vacina\"}]},{\"@type\":\"WebSite\",\"@id\":\"https:\\\/\\\/newsofthelight.com.br\\\/#website\",\"url\":\"https:\\\/\\\/newsofthelight.com.br\\\/\",\"name\":\"Autoria - Thiago Gomes Gon\u00e7alves Peres Lima - REG 0022106\\\/MG\",\"description\":\"Noticias na velocidade da luz\",\"publisher\":{\"@id\":\"https:\\\/\\\/newsofthelight.com.br\\\/#organization\"},\"potentialAction\":[{\"@type\":\"SearchAction\",\"target\":{\"@type\":\"EntryPoint\",\"urlTemplate\":\"https:\\\/\\\/newsofthelight.com.br\\\/?s={search_term_string}\"},\"query-input\":{\"@type\":\"PropertyValueSpecification\",\"valueRequired\":true,\"valueName\":\"search_term_string\"}}],\"inLanguage\":\"pt-BR\"},{\"@type\":\"Organization\",\"@id\":\"https:\\\/\\\/newsofthelight.com.br\\\/#organization\",\"name\":\"Autoria - Thiago Gomes Gon\u00e7alves Peres Lima - REG 0022106\\\/MG\",\"url\":\"https:\\\/\\\/newsofthelight.com.br\\\/\",\"logo\":{\"@type\":\"ImageObject\",\"inLanguage\":\"pt-BR\",\"@id\":\"https:\\\/\\\/newsofthelight.com.br\\\/#\\\/schema\\\/logo\\\/image\\\/\",\"url\":\"https:\\\/\\\/newsofthelight.com.br\\\/wp-content\\\/uploads\\\/2025\\\/06\\\/cropped-IMG_0217.png\",\"contentUrl\":\"https:\\\/\\\/newsofthelight.com.br\\\/wp-content\\\/uploads\\\/2025\\\/06\\\/cropped-IMG_0217.png\",\"width\":1177,\"height\":662,\"caption\":\"Autoria - Thiago Gomes Gon\u00e7alves Peres Lima - REG 0022106\\\/MG\"},\"image\":{\"@id\":\"https:\\\/\\\/newsofthelight.com.br\\\/#\\\/schema\\\/logo\\\/image\\\/\"},\"sameAs\":[\"https:\\\/\\\/www.instagram.com\\\/news_of_the_light_?igsh=b3Fwb2psamJzaXds\"]},{\"@type\":\"Person\",\"@id\":\"https:\\\/\\\/newsofthelight.com.br\\\/#\\\/schema\\\/person\\\/d4878034586ca0e04c11eac65b2f76f2\",\"name\":\"Thiago Peres\",\"image\":{\"@type\":\"ImageObject\",\"inLanguage\":\"pt-BR\",\"@id\":\"https:\\\/\\\/secure.gravatar.com\\\/avatar\\\/21d66f46d21d113e9d3dba092a500e64563ed2ed2c77db814dfc7be6345e3815?s=96&d=mm&r=g\",\"url\":\"https:\\\/\\\/secure.gravatar.com\\\/avatar\\\/21d66f46d21d113e9d3dba092a500e64563ed2ed2c77db814dfc7be6345e3815?s=96&d=mm&r=g\",\"contentUrl\":\"https:\\\/\\\/secure.gravatar.com\\\/avatar\\\/21d66f46d21d113e9d3dba092a500e64563ed2ed2c77db814dfc7be6345e3815?s=96&d=mm&r=g\",\"caption\":\"Thiago Peres\"},\"sameAs\":[\"http:\\\/\\\/newsofthelight.com.br\"],\"url\":\"https:\\\/\\\/newsofthelight.com.br\\\/?author=2\"}]}<\/script>\n<!-- \/ Yoast SEO plugin. -->","yoast_head_json":{"title":"Bolsonaro pede desculpas por desinforma\u00e7\u00e3o sobre vacina - Autoria - Thiago Gomes Gon\u00e7alves Peres Lima - REG 0022106\/MG","robots":{"index":"index","follow":"follow","max-snippet":"max-snippet:-1","max-image-preview":"max-image-preview:large","max-video-preview":"max-video-preview:-1"},"canonical":"https:\/\/newsofthelight.com.br\/?p=5119","og_locale":"pt_BR","og_type":"article","og_title":"Bolsonaro pede desculpas por desinforma\u00e7\u00e3o sobre vacina - Autoria - Thiago Gomes Gon\u00e7alves Peres Lima - REG 0022106\/MG","og_description":"No domingo, o ex-presidente brasileiro Jair Bolsonaro (PL) pediu desculpas por uma declara\u00e7\u00e3o feita no dia anterior, que continha desinforma\u00e7\u00e3o sobre vacinas. Esse raro ato de contri\u00e7\u00e3o ocorre \u00e0 luz da quantidade significativa de informa\u00e7\u00f5es distorcidas que ele divulgou sobre a imuniza\u00e7\u00e3o durante a pandemia. Durante um evento pol\u00edtico de seu partido em Jundia\u00ed no","og_url":"https:\/\/newsofthelight.com.br\/?p=5119","og_site_name":"Autoria - Thiago Gomes Gon\u00e7alves Peres Lima - REG 0022106\/MG","article_published_time":"2023-06-18T22:31:02+00:00","article_modified_time":"2023-06-18T22:31:43+00:00","og_image":[{"width":924,"height":616,"url":"https:\/\/newsofthelight.com.br\/wp-content\/uploads\/2023\/06\/103071102-pa-brasilia-df-18-05-2023-ex-presidente-da-republica-jair-bolsonaro-vai-ao-gabinete-de-s.jpg.webp","type":"image\/webp"}],"author":"Thiago Peres","twitter_card":"summary_large_image","twitter_misc":{"Escrito por":"Thiago Peres","Est. tempo de leitura":"1 minuto"},"schema":{"@context":"https:\/\/schema.org","@graph":[{"@type":"Article","@id":"https:\/\/newsofthelight.com.br\/?p=5119#article","isPartOf":{"@id":"https:\/\/newsofthelight.com.br\/?p=5119"},"author":{"name":"Thiago Peres","@id":"https:\/\/newsofthelight.com.br\/#\/schema\/person\/d4878034586ca0e04c11eac65b2f76f2"},"headline":"Bolsonaro pede desculpas por desinforma\u00e7\u00e3o sobre vacina","datePublished":"2023-06-18T22:31:02+00:00","dateModified":"2023-06-18T22:31:43+00:00","mainEntityOfPage":{"@id":"https:\/\/newsofthelight.com.br\/?p=5119"},"wordCount":280,"commentCount":0,"publisher":{"@id":"https:\/\/newsofthelight.com.br\/#organization"},"image":{"@id":"https:\/\/newsofthelight.com.br\/?p=5119#primaryimage"},"thumbnailUrl":"https:\/\/newsofthelight.com.br\/wp-content\/uploads\/2023\/06\/103071102-pa-brasilia-df-18-05-2023-ex-presidente-da-republica-jair-bolsonaro-vai-ao-gabinete-de-s.jpg.webp","articleSection":["Brasil","Pol\u00edtica"],"inLanguage":"pt-BR","potentialAction":[{"@type":"CommentAction","name":"Comment","target":["https:\/\/newsofthelight.com.br\/?p=5119#respond"]}]},{"@type":"WebPage","@id":"https:\/\/newsofthelight.com.br\/?p=5119","url":"https:\/\/newsofthelight.com.br\/?p=5119","name":"Bolsonaro pede desculpas por desinforma\u00e7\u00e3o sobre vacina - Autoria - Thiago Gomes Gon\u00e7alves Peres Lima - REG 0022106\/MG","isPartOf":{"@id":"https:\/\/newsofthelight.com.br\/#website"},"primaryImageOfPage":{"@id":"https:\/\/newsofthelight.com.br\/?p=5119#primaryimage"},"image":{"@id":"https:\/\/newsofthelight.com.br\/?p=5119#primaryimage"},"thumbnailUrl":"https:\/\/newsofthelight.com.br\/wp-content\/uploads\/2023\/06\/103071102-pa-brasilia-df-18-05-2023-ex-presidente-da-republica-jair-bolsonaro-vai-ao-gabinete-de-s.jpg.webp","datePublished":"2023-06-18T22:31:02+00:00","dateModified":"2023-06-18T22:31:43+00:00","breadcrumb":{"@id":"https:\/\/newsofthelight.com.br\/?p=5119#breadcrumb"},"inLanguage":"pt-BR","potentialAction":[{"@type":"ReadAction","target":["https:\/\/newsofthelight.com.br\/?p=5119"]}]},{"@type":"ImageObject","inLanguage":"pt-BR","@id":"https:\/\/newsofthelight.com.br\/?p=5119#primaryimage","url":"https:\/\/newsofthelight.com.br\/wp-content\/uploads\/2023\/06\/103071102-pa-brasilia-df-18-05-2023-ex-presidente-da-republica-jair-bolsonaro-vai-ao-gabinete-de-s.jpg.webp","contentUrl":"https:\/\/newsofthelight.com.br\/wp-content\/uploads\/2023\/06\/103071102-pa-brasilia-df-18-05-2023-ex-presidente-da-republica-jair-bolsonaro-vai-ao-gabinete-de-s.jpg.webp","width":924,"height":616},{"@type":"BreadcrumbList","@id":"https:\/\/newsofthelight.com.br\/?p=5119#breadcrumb","itemListElement":[{"@type":"ListItem","position":1,"name":"In\u00edcio","item":"https:\/\/newsofthelight.com.br\/"},{"@type":"ListItem","position":2,"name":"Bolsonaro pede desculpas por desinforma\u00e7\u00e3o sobre vacina"}]},{"@type":"WebSite","@id":"https:\/\/newsofthelight.com.br\/#website","url":"https:\/\/newsofthelight.com.br\/","name":"Autoria - Thiago Gomes Gon\u00e7alves Peres Lima - REG 0022106\/MG","description":"Noticias na velocidade da luz","publisher":{"@id":"https:\/\/newsofthelight.com.br\/#organization"},"potentialAction":[{"@type":"SearchAction","target":{"@type":"EntryPoint","urlTemplate":"https:\/\/newsofthelight.com.br\/?s={search_term_string}"},"query-input":{"@type":"PropertyValueSpecification","valueRequired":true,"valueName":"search_term_string"}}],"inLanguage":"pt-BR"},{"@type":"Organization","@id":"https:\/\/newsofthelight.com.br\/#organization","name":"Autoria - Thiago Gomes Gon\u00e7alves Peres Lima - REG 0022106\/MG","url":"https:\/\/newsofthelight.com.br\/","logo":{"@type":"ImageObject","inLanguage":"pt-BR","@id":"https:\/\/newsofthelight.com.br\/#\/schema\/logo\/image\/","url":"https:\/\/newsofthelight.com.br\/wp-content\/uploads\/2025\/06\/cropped-IMG_0217.png","contentUrl":"https:\/\/newsofthelight.com.br\/wp-content\/uploads\/2025\/06\/cropped-IMG_0217.png","width":1177,"height":662,"caption":"Autoria - Thiago Gomes Gon\u00e7alves Peres Lima - REG 0022106\/MG"},"image":{"@id":"https:\/\/newsofthelight.com.br\/#\/schema\/logo\/image\/"},"sameAs":["https:\/\/www.instagram.com\/news_of_the_light_?igsh=b3Fwb2psamJzaXds"]},{"@type":"Person","@id":"https:\/\/newsofthelight.com.br\/#\/schema\/person\/d4878034586ca0e04c11eac65b2f76f2","name":"Thiago Peres","image":{"@type":"ImageObject","inLanguage":"pt-BR","@id":"https:\/\/secure.gravatar.com\/avatar\/21d66f46d21d113e9d3dba092a500e64563ed2ed2c77db814dfc7be6345e3815?s=96&d=mm&r=g","url":"https:\/\/secure.gravatar.com\/avatar\/21d66f46d21d113e9d3dba092a500e64563ed2ed2c77db814dfc7be6345e3815?s=96&d=mm&r=g","contentUrl":"https:\/\/secure.gravatar.com\/avatar\/21d66f46d21d113e9d3dba092a500e64563ed2ed2c77db814dfc7be6345e3815?s=96&d=mm&r=g","caption":"Thiago Peres"},"sameAs":["http:\/\/newsofthelight.com.br"],"url":"https:\/\/newsofthelight.com.br\/?author=2"}]}},"jetpack_featured_media_url":"https:\/\/newsofthelight.com.br\/wp-content\/uploads\/2023\/06\/103071102-pa-brasilia-df-18-05-2023-ex-presidente-da-republica-jair-bolsonaro-vai-ao-gabinete-de-s.jpg.webp","jetpack_sharing_enabled":true,"jetpack-related-posts":[{"id":4619,"url":"https:\/\/newsofthelight.com.br\/?p=4619","url_meta":{"origin":5119,"position":0},"title":"Ex-Presidente Jair Bolsonaro presta depoimento sobre cart\u00f5es de vacina\u00e7\u00e3o","author":"Thiago Peres","date":"16 de maio de 2023","format":false,"excerpt":"Nesta ter\u00e7a-feira (16), o ex-presidente Jair Bolsonaro (PL) compareceu \u00e0 sede da Pol\u00edcia Federal, em Bras\u00edlia, para prestar depoimento no caso relacionado aos cart\u00f5es de vacina\u00e7\u00e3o. O objetivo da oitiva foi esclarecer as informa\u00e7\u00f5es de que ele n\u00e3o se vacinou e negar qualquer envolvimento na altera\u00e7\u00e3o de dados no aplicativo\u2026","rel":"","context":"Em &quot;Brasil&quot;","block_context":{"text":"Brasil","link":"https:\/\/newsofthelight.com.br\/?cat=38"},"img":{"alt_text":"","src":"https:\/\/i0.wp.com\/newsofthelight.com.br\/wp-content\/uploads\/2023\/05\/IMG_4309.jpeg?resize=350%2C200&ssl=1","width":350,"height":200,"srcset":"https:\/\/i0.wp.com\/newsofthelight.com.br\/wp-content\/uploads\/2023\/05\/IMG_4309.jpeg?resize=350%2C200&ssl=1 1x, https:\/\/i0.wp.com\/newsofthelight.com.br\/wp-content\/uploads\/2023\/05\/IMG_4309.jpeg?resize=525%2C300&ssl=1 1.5x, https:\/\/i0.wp.com\/newsofthelight.com.br\/wp-content\/uploads\/2023\/05\/IMG_4309.jpeg?resize=700%2C400&ssl=1 2x, https:\/\/i0.wp.com\/newsofthelight.com.br\/wp-content\/uploads\/2023\/05\/IMG_4309.jpeg?resize=1050%2C600&ssl=1 3x"},"classes":[]},{"id":4287,"url":"https:\/\/newsofthelight.com.br\/?p=4287","url_meta":{"origin":5119,"position":1},"title":"Pol\u00edcia Federal realiza per\u00edcia em celular de Bolsonaro","author":"Thiago Peres","date":"9 de maio de 2023","format":false,"excerpt":"A Pol\u00edcia Federal (PF) come\u00e7ou a periciar os celulares do ex-presidente Jair Bolsonaro (PL) e do seu ex-ajudante de ordens, coronel Mauro Cid, em busca de ind\u00edcios de envolvimento na fraude em carteiras de vacina\u00e7\u00e3o contra a Covid-19. Os smartphones foram apreendidos na semana passada durante a Opera\u00e7\u00e3o Venire, que\u2026","rel":"","context":"Em &quot;Brasil&quot;","block_context":{"text":"Brasil","link":"https:\/\/newsofthelight.com.br\/?cat=38"},"img":{"alt_text":"","src":"https:\/\/i0.wp.com\/newsofthelight.com.br\/wp-content\/uploads\/2023\/05\/IMG_4176.jpg?resize=350%2C200&ssl=1","width":350,"height":200,"srcset":"https:\/\/i0.wp.com\/newsofthelight.com.br\/wp-content\/uploads\/2023\/05\/IMG_4176.jpg?resize=350%2C200&ssl=1 1x, https:\/\/i0.wp.com\/newsofthelight.com.br\/wp-content\/uploads\/2023\/05\/IMG_4176.jpg?resize=525%2C300&ssl=1 1.5x"},"classes":[]},{"id":4553,"url":"https:\/\/newsofthelight.com.br\/?p=4553","url_meta":{"origin":5119,"position":2},"title":"Bolsonaro testemunhar\u00e1 sobre a suposta adultera\u00e7\u00e3o nos cart\u00f5es de vacina\u00e7\u00e3o","author":"Thiago Peres","date":"13 de maio de 2023","format":false,"excerpt":"Na pr\u00f3xima ter\u00e7a-feira (16), o ex-presidente Jair Bolsonaro prestar\u00e1 depoimento \u00e0 Pol\u00edcia Federal sobre a suposta adultera\u00e7\u00e3o nos cart\u00f5es de vacina\u00e7\u00e3o. Bolsonaro sustenta que n\u00e3o pediu a falsifica\u00e7\u00e3o dos dados ao seu ex-ajudante de ordens, o tenente-coronel Mauro Cid. O caso gerou controv\u00e9rsia e polariza\u00e7\u00e3o na sociedade brasileira, com opini\u00f5es\u2026","rel":"","context":"Em &quot;Brasil&quot;","block_context":{"text":"Brasil","link":"https:\/\/newsofthelight.com.br\/?cat=38"},"img":{"alt_text":"","src":"https:\/\/i0.wp.com\/newsofthelight.com.br\/wp-content\/uploads\/2023\/05\/IMG_4275.jpeg?resize=350%2C200&ssl=1","width":350,"height":200,"srcset":"https:\/\/i0.wp.com\/newsofthelight.com.br\/wp-content\/uploads\/2023\/05\/IMG_4275.jpeg?resize=350%2C200&ssl=1 1x, https:\/\/i0.wp.com\/newsofthelight.com.br\/wp-content\/uploads\/2023\/05\/IMG_4275.jpeg?resize=525%2C300&ssl=1 1.5x, https:\/\/i0.wp.com\/newsofthelight.com.br\/wp-content\/uploads\/2023\/05\/IMG_4275.jpeg?resize=700%2C400&ssl=1 2x, https:\/\/i0.wp.com\/newsofthelight.com.br\/wp-content\/uploads\/2023\/05\/IMG_4275.jpeg?resize=1050%2C600&ssl=1 3x"},"classes":[]},{"id":4203,"url":"https:\/\/newsofthelight.com.br\/?p=4203","url_meta":{"origin":5119,"position":3},"title":"Documento de vacina\u00e7\u00e3o de Bolsonaro possui suposto e-mail de Lula.","author":"Thiago Peres","date":"6 de maio de 2023","format":false,"excerpt":"O jornal Correio Braziliense teve acesso a um boletim de ocorr\u00eancia feito pela Prefeitura de S\u00e3o Paulo, que indica que o ex-presidente Jair Bolsonaro teria recebido uma vacina falsa em 19 de julho de 2021. O CPF, nome, dia e m\u00eas de nascimento presentes na ficha de vacina\u00e7\u00e3o coincidem com\u2026","rel":"","context":"Em &quot;Brasil&quot;","block_context":{"text":"Brasil","link":"https:\/\/newsofthelight.com.br\/?cat=38"},"img":{"alt_text":"","src":"https:\/\/i0.wp.com\/newsofthelight.com.br\/wp-content\/uploads\/2023\/05\/IMG_4139.jpeg?resize=350%2C200&ssl=1","width":350,"height":200,"srcset":"https:\/\/i0.wp.com\/newsofthelight.com.br\/wp-content\/uploads\/2023\/05\/IMG_4139.jpeg?resize=350%2C200&ssl=1 1x, https:\/\/i0.wp.com\/newsofthelight.com.br\/wp-content\/uploads\/2023\/05\/IMG_4139.jpeg?resize=525%2C300&ssl=1 1.5x, https:\/\/i0.wp.com\/newsofthelight.com.br\/wp-content\/uploads\/2023\/05\/IMG_4139.jpeg?resize=700%2C400&ssl=1 2x"},"classes":[]},{"id":3744,"url":"https:\/\/newsofthelight.com.br\/?p=3744","url_meta":{"origin":5119,"position":4},"title":"Durante seu governo, Bolsonaro reduziu verba de medicamentos em R$ 214,2 milh\u00f5es","author":"Thiago Peres","date":"16 de mar\u00e7o de 2023","format":false,"excerpt":"Durante seu governo, o ex-chefe do executivo Jair Messias Bolsonaro (PL) reduziu in\u00fameras vacinas\u00a0 e medicamentos para tratamentos de HIV, c\u00e2ncer, paralisia entre v\u00e1rias outras. A informa\u00e7\u00e3o foi passada hoje pela Folha de S\u00e3o Paulo, sem contar os desperd\u00edcios com as vacinas contra o COVID-19.\u00a0Entre os medicamentos para tratamento de\u2026","rel":"","context":"Em &quot;Brasil&quot;","block_context":{"text":"Brasil","link":"https:\/\/newsofthelight.com.br\/?cat=38"},"img":{"alt_text":"","src":"https:\/\/i0.wp.com\/newsofthelight.com.br\/wp-content\/uploads\/2023\/03\/ADD110BE-A51E-4756-ACF4-15874A8A9EE3.jpeg?resize=350%2C200&ssl=1","width":350,"height":200,"srcset":"https:\/\/i0.wp.com\/newsofthelight.com.br\/wp-content\/uploads\/2023\/03\/ADD110BE-A51E-4756-ACF4-15874A8A9EE3.jpeg?resize=350%2C200&ssl=1 1x, https:\/\/i0.wp.com\/newsofthelight.com.br\/wp-content\/uploads\/2023\/03\/ADD110BE-A51E-4756-ACF4-15874A8A9EE3.jpeg?resize=525%2C300&ssl=1 1.5x, https:\/\/i0.wp.com\/newsofthelight.com.br\/wp-content\/uploads\/2023\/03\/ADD110BE-A51E-4756-ACF4-15874A8A9EE3.jpeg?resize=700%2C400&ssl=1 2x"},"classes":[]},{"id":4172,"url":"https:\/\/newsofthelight.com.br\/?p=4172","url_meta":{"origin":5119,"position":5},"title":"Bolsonaro poder\u00e1 ser investigado por quatro crimes se confirmada a falsifica\u00e7\u00e3o da vacina\u00e7\u00e3o contra COVID.","author":"Thiago Peres","date":"5 de maio de 2023","format":false,"excerpt":"A falsifica\u00e7\u00e3o de certificados de vacina\u00e7\u00e3o tem sido alvo de investiga\u00e7\u00e3o pela Pol\u00edcia Federal (PF) no Brasil. A suspeita \u00e9 de que servidores p\u00fablicos do munic\u00edpio de Duque de Caxias, no Rio de Janeiro, teriam inserido informa\u00e7\u00f5es falsas no sistema do Minist\u00e9rio da Sa\u00fade, incluindo dados de vacina\u00e7\u00e3o do ex-presidente\u2026","rel":"","context":"Em &quot;Brasil&quot;","block_context":{"text":"Brasil","link":"https:\/\/newsofthelight.com.br\/?cat=38"},"img":{"alt_text":"","src":"https:\/\/i0.wp.com\/newsofthelight.com.br\/wp-content\/uploads\/2023\/05\/51f59390-e9e3-11ed-a142-ab0e42bfd9c3.jpg.webp?resize=350%2C200&ssl=1","width":350,"height":200,"srcset":"https:\/\/i0.wp.com\/newsofthelight.com.br\/wp-content\/uploads\/2023\/05\/51f59390-e9e3-11ed-a142-ab0e42bfd9c3.jpg.webp?resize=350%2C200&ssl=1 1x, https:\/\/i0.wp.com\/newsofthelight.com.br\/wp-content\/uploads\/2023\/05\/51f59390-e9e3-11ed-a142-ab0e42bfd9c3.jpg.webp?resize=525%2C300&ssl=1 1.5x, https:\/\/i0.wp.com\/newsofthelight.com.br\/wp-content\/uploads\/2023\/05\/51f59390-e9e3-11ed-a142-ab0e42bfd9c3.jpg.webp?resize=700%2C400&ssl=1 2x"},"classes":[]}],"jetpack_shortlink":"https:\/\/wp.me\/peltaF-1kz","_links":{"self":[{"href":"https:\/\/newsofthelight.com.br\/index.php?rest_route=\/wp\/v2\/posts\/5119","targetHints":{"allow":["GET"]}}],"collection":[{"href":"https:\/\/newsofthelight.com.br\/index.php?rest_route=\/wp\/v2\/posts"}],"about":[{"href":"https:\/\/newsofthelight.com.br\/index.php?rest_route=\/wp\/v2\/types\/post"}],"author":[{"embeddable":true,"href":"https:\/\/newsofthelight.com.br\/index.php?rest_route=\/wp\/v2\/users\/2"}],"replies":[{"embeddable":true,"href":"https:\/\/newsofthelight.com.br\/index.php?rest_route=%2Fwp%2Fv2%2Fcomments&post=5119"}],"version-history":[{"count":4,"href":"https:\/\/newsofthelight.com.br\/index.php?rest_route=\/wp\/v2\/posts\/5119\/revisions"}],"predecessor-version":[{"id":5124,"href":"https:\/\/newsofthelight.com.br\/index.php?rest_route=\/wp\/v2\/posts\/5119\/revisions\/5124"}],"wp:featuredmedia":[{"embeddable":true,"href":"https:\/\/newsofthelight.com.br\/index.php?rest_route=\/wp\/v2\/media\/5121"}],"wp:attachment":[{"href":"https:\/\/newsofthelight.com.br\/index.php?rest_route=%2Fwp%2Fv2%2Fmedia&parent=5119"}],"wp:term":[{"taxonomy":"category","embeddable":true,"href":"https:\/\/newsofthelight.com.br\/index.php?rest_route=%2Fwp%2Fv2%2Fcategories&post=5119"},{"taxonomy":"post_tag","embeddable":true,"href":"https:\/\/newsofthelight.com.br\/index.php?rest_route=%2Fwp%2Fv2%2Ftags&post=5119"}],"curies":[{"name":"wp","href":"https:\/\/api.w.org\/{rel}","templated":true}]}}