{"id":5104,"date":"2023-06-18T11:12:18","date_gmt":"2023-06-18T14:12:18","guid":{"rendered":"https:\/\/newsofthelight.com.br\/?p=5104"},"modified":"2023-06-18T11:13:34","modified_gmt":"2023-06-18T14:13:34","slug":"gerdau-lanca-maquina-avancada","status":"publish","type":"post","link":"https:\/\/newsofthelight.com.br\/?p=5104","title":{"rendered":"Gerdau lan\u00e7a m\u00e1quina avan\u00e7ada"},"content":{"rendered":"<p>Em um evento importante realizado esta semana na usina sider\u00fargica do principal produtor de a\u00e7o Gerdau, ocorreu a cerim\u00f4nia de inaugura\u00e7\u00e3o de um equipamento inovador, prometendo benef\u00edcios significativos para a ind\u00fastria automotiva.<\/p>\n<p>O foco estava na nova m\u00e1quina de fundi\u00e7\u00e3o cont\u00ednua de \u00faltima gera\u00e7\u00e3o da Gerdau, com tecnologia avan\u00e7ada em sua opera\u00e7\u00e3o, que n\u00e3o apenas gera novos moldes, mas tamb\u00e9m reduz drasticamente as emiss\u00f5es de CO2, contribuindo para um setor mais sustent\u00e1vel. Com um compromisso inabal\u00e1vel de oferecer qualidade excepcional em seus produtos finais, a Gerdau est\u00e1 revolucionando a ind\u00fastria.<\/p>\n<p>A cerim\u00f4nia contou com a presen\u00e7a de v\u00e1rios dignit\u00e1rios, incluindo o Governador de S\u00e3o Paulo, Tarc\u00edsio de Freitas (Republicanos) e o CEO de Gerdau, Gustavo Werneck. Com uma impressionante hist\u00f3ria de 122 anos, a Gerdau ganhou sua reputa\u00e7\u00e3o como a maior produtora de a\u00e7o do Brasil e alcan\u00e7ou uma das menores emiss\u00f5es m\u00e9dias de gases de efeito estufa em todo o mundo, solidificando sua posi\u00e7\u00e3o como l\u00edder da ind\u00fastria.<\/p>\n<p>_ Na ind\u00fastria automobil\u00edstica a gente tem que revolucionar. Seu eu quero investir na ind\u00fastria automobil\u00edstica eu tenho que querer saber para onde essa ind\u00fastria vai caminhar. _ declarou Tarc\u00edsio de Freitas, Governador de S\u00e3o Paulo no evento.<\/p>\n<p>Este marco significativo na jornada de Gerdau n\u00e3o apenas mostra sua dedica\u00e7\u00e3o \u00e0 inova\u00e7\u00e3o, mas tamb\u00e9m destaca seu compromisso inabal\u00e1vel com a sustentabilidade ambiental. A nova m\u00e1quina de fundi\u00e7\u00e3o cont\u00ednua estabelece um novo padr\u00e3o na ind\u00fastria sider\u00fargica, incorporando a miss\u00e3o da Gerdau de fornecer solu\u00e7\u00f5es de ponta e, ao mesmo tempo, priorizar a responsabilidade ecol\u00f3gica.<\/p>\n","protected":false},"excerpt":{"rendered":"<p>Em um evento importante realizado esta semana na usina sider\u00fargica do principal produtor de a\u00e7o Gerdau, ocorreu a cerim\u00f4nia de inaugura\u00e7\u00e3o de um equipamento inovador, prometendo benef\u00edcios significativos para a ind\u00fastria automotiva. O foco estava na nova m\u00e1quina de fundi\u00e7\u00e3o cont\u00ednua de \u00faltima gera\u00e7\u00e3o da Gerdau, com tecnologia avan\u00e7ada em sua opera\u00e7\u00e3o, que n\u00e3o apenas<\/p>\n","protected":false},"author":2,"featured_media":5106,"comment_status":"open","ping_status":"open","sticky":false,"template":"","format":"standard","meta":{"_jetpack_memberships_contains_paid_content":false,"footnotes":""},"categories":[38,40],"tags":[],"class_list":["post-5104","post","type-post","status-publish","format-standard","has-post-thumbnail","hentry","category-brasil","category-economia"],"yoast_head":"<!-- This site is optimized with the Yoast SEO plugin v27.4 - https:\/\/yoast.com\/product\/yoast-seo-wordpress\/ -->\n<title>Gerdau lan\u00e7a m\u00e1quina avan\u00e7ada - Autoria - Thiago Gomes Gon\u00e7alves Peres Lima - REG 0022106\/MG<\/title>\n<meta name=\"robots\" content=\"index, follow, max-snippet:-1, max-image-preview:large, max-video-preview:-1\" \/>\n<link rel=\"canonical\" href=\"https:\/\/newsofthelight.com.br\/?p=5104\" \/>\n<meta property=\"og:locale\" content=\"pt_BR\" \/>\n<meta property=\"og:type\" content=\"article\" \/>\n<meta property=\"og:title\" content=\"Gerdau lan\u00e7a m\u00e1quina avan\u00e7ada - Autoria - Thiago Gomes Gon\u00e7alves Peres Lima - REG 0022106\/MG\" \/>\n<meta property=\"og:description\" content=\"Em um evento importante realizado esta semana na usina sider\u00fargica do principal produtor de a\u00e7o Gerdau, ocorreu a cerim\u00f4nia de inaugura\u00e7\u00e3o de um equipamento inovador, prometendo benef\u00edcios significativos para a ind\u00fastria automotiva. O foco estava na nova m\u00e1quina de fundi\u00e7\u00e3o cont\u00ednua de \u00faltima gera\u00e7\u00e3o da Gerdau, com tecnologia avan\u00e7ada em sua opera\u00e7\u00e3o, que n\u00e3o apenas\" \/>\n<meta property=\"og:url\" content=\"https:\/\/newsofthelight.com.br\/?p=5104\" \/>\n<meta property=\"og:site_name\" content=\"Autoria - Thiago Gomes Gon\u00e7alves Peres Lima - REG 0022106\/MG\" \/>\n<meta property=\"article:published_time\" content=\"2023-06-18T14:12:18+00:00\" \/>\n<meta property=\"article:modified_time\" content=\"2023-06-18T14:13:34+00:00\" \/>\n<meta property=\"og:image\" content=\"https:\/\/newsofthelight.com.br\/wp-content\/uploads\/2023\/06\/IMG_4626.jpeg\" \/>\n\t<meta property=\"og:image:width\" content=\"1125\" \/>\n\t<meta property=\"og:image:height\" content=\"643\" \/>\n\t<meta property=\"og:image:type\" content=\"image\/jpeg\" \/>\n<meta name=\"author\" content=\"Thiago Peres\" \/>\n<meta name=\"twitter:card\" content=\"summary_large_image\" \/>\n<meta name=\"twitter:label1\" content=\"Escrito por\" \/>\n\t<meta name=\"twitter:data1\" content=\"Thiago Peres\" \/>\n\t<meta name=\"twitter:label2\" content=\"Est. tempo de leitura\" \/>\n\t<meta name=\"twitter:data2\" content=\"2 minutos\" \/>\n<script type=\"application\/ld+json\" class=\"yoast-schema-graph\">{\"@context\":\"https:\\\/\\\/schema.org\",\"@graph\":[{\"@type\":\"Article\",\"@id\":\"https:\\\/\\\/newsofthelight.com.br\\\/?p=5104#article\",\"isPartOf\":{\"@id\":\"https:\\\/\\\/newsofthelight.com.br\\\/?p=5104\"},\"author\":{\"name\":\"Thiago Peres\",\"@id\":\"https:\\\/\\\/newsofthelight.com.br\\\/#\\\/schema\\\/person\\\/d4878034586ca0e04c11eac65b2f76f2\"},\"headline\":\"Gerdau lan\u00e7a m\u00e1quina avan\u00e7ada\",\"datePublished\":\"2023-06-18T14:12:18+00:00\",\"dateModified\":\"2023-06-18T14:13:34+00:00\",\"mainEntityOfPage\":{\"@id\":\"https:\\\/\\\/newsofthelight.com.br\\\/?p=5104\"},\"wordCount\":309,\"commentCount\":0,\"publisher\":{\"@id\":\"https:\\\/\\\/newsofthelight.com.br\\\/#organization\"},\"image\":{\"@id\":\"https:\\\/\\\/newsofthelight.com.br\\\/?p=5104#primaryimage\"},\"thumbnailUrl\":\"https:\\\/\\\/newsofthelight.com.br\\\/wp-content\\\/uploads\\\/2023\\\/06\\\/IMG_4626.jpeg\",\"articleSection\":[\"Brasil\",\"Economia\"],\"inLanguage\":\"pt-BR\",\"potentialAction\":[{\"@type\":\"CommentAction\",\"name\":\"Comment\",\"target\":[\"https:\\\/\\\/newsofthelight.com.br\\\/?p=5104#respond\"]}]},{\"@type\":\"WebPage\",\"@id\":\"https:\\\/\\\/newsofthelight.com.br\\\/?p=5104\",\"url\":\"https:\\\/\\\/newsofthelight.com.br\\\/?p=5104\",\"name\":\"Gerdau lan\u00e7a m\u00e1quina avan\u00e7ada - Autoria - Thiago Gomes Gon\u00e7alves Peres Lima - REG 0022106\\\/MG\",\"isPartOf\":{\"@id\":\"https:\\\/\\\/newsofthelight.com.br\\\/#website\"},\"primaryImageOfPage\":{\"@id\":\"https:\\\/\\\/newsofthelight.com.br\\\/?p=5104#primaryimage\"},\"image\":{\"@id\":\"https:\\\/\\\/newsofthelight.com.br\\\/?p=5104#primaryimage\"},\"thumbnailUrl\":\"https:\\\/\\\/newsofthelight.com.br\\\/wp-content\\\/uploads\\\/2023\\\/06\\\/IMG_4626.jpeg\",\"datePublished\":\"2023-06-18T14:12:18+00:00\",\"dateModified\":\"2023-06-18T14:13:34+00:00\",\"breadcrumb\":{\"@id\":\"https:\\\/\\\/newsofthelight.com.br\\\/?p=5104#breadcrumb\"},\"inLanguage\":\"pt-BR\",\"potentialAction\":[{\"@type\":\"ReadAction\",\"target\":[\"https:\\\/\\\/newsofthelight.com.br\\\/?p=5104\"]}]},{\"@type\":\"ImageObject\",\"inLanguage\":\"pt-BR\",\"@id\":\"https:\\\/\\\/newsofthelight.com.br\\\/?p=5104#primaryimage\",\"url\":\"https:\\\/\\\/newsofthelight.com.br\\\/wp-content\\\/uploads\\\/2023\\\/06\\\/IMG_4626.jpeg\",\"contentUrl\":\"https:\\\/\\\/newsofthelight.com.br\\\/wp-content\\\/uploads\\\/2023\\\/06\\\/IMG_4626.jpeg\",\"width\":1125,\"height\":643},{\"@type\":\"BreadcrumbList\",\"@id\":\"https:\\\/\\\/newsofthelight.com.br\\\/?p=5104#breadcrumb\",\"itemListElement\":[{\"@type\":\"ListItem\",\"position\":1,\"name\":\"In\u00edcio\",\"item\":\"https:\\\/\\\/newsofthelight.com.br\\\/\"},{\"@type\":\"ListItem\",\"position\":2,\"name\":\"Gerdau lan\u00e7a m\u00e1quina avan\u00e7ada\"}]},{\"@type\":\"WebSite\",\"@id\":\"https:\\\/\\\/newsofthelight.com.br\\\/#website\",\"url\":\"https:\\\/\\\/newsofthelight.com.br\\\/\",\"name\":\"Autoria - Thiago Gomes Gon\u00e7alves Peres Lima - REG 0022106\\\/MG\",\"description\":\"Noticias na velocidade da luz\",\"publisher\":{\"@id\":\"https:\\\/\\\/newsofthelight.com.br\\\/#organization\"},\"potentialAction\":[{\"@type\":\"SearchAction\",\"target\":{\"@type\":\"EntryPoint\",\"urlTemplate\":\"https:\\\/\\\/newsofthelight.com.br\\\/?s={search_term_string}\"},\"query-input\":{\"@type\":\"PropertyValueSpecification\",\"valueRequired\":true,\"valueName\":\"search_term_string\"}}],\"inLanguage\":\"pt-BR\"},{\"@type\":\"Organization\",\"@id\":\"https:\\\/\\\/newsofthelight.com.br\\\/#organization\",\"name\":\"Autoria - Thiago Gomes Gon\u00e7alves Peres Lima - REG 0022106\\\/MG\",\"url\":\"https:\\\/\\\/newsofthelight.com.br\\\/\",\"logo\":{\"@type\":\"ImageObject\",\"inLanguage\":\"pt-BR\",\"@id\":\"https:\\\/\\\/newsofthelight.com.br\\\/#\\\/schema\\\/logo\\\/image\\\/\",\"url\":\"https:\\\/\\\/newsofthelight.com.br\\\/wp-content\\\/uploads\\\/2025\\\/06\\\/cropped-IMG_0217.png\",\"contentUrl\":\"https:\\\/\\\/newsofthelight.com.br\\\/wp-content\\\/uploads\\\/2025\\\/06\\\/cropped-IMG_0217.png\",\"width\":1177,\"height\":662,\"caption\":\"Autoria - Thiago Gomes Gon\u00e7alves Peres Lima - REG 0022106\\\/MG\"},\"image\":{\"@id\":\"https:\\\/\\\/newsofthelight.com.br\\\/#\\\/schema\\\/logo\\\/image\\\/\"},\"sameAs\":[\"https:\\\/\\\/www.instagram.com\\\/news_of_the_light_?igsh=b3Fwb2psamJzaXds\"]},{\"@type\":\"Person\",\"@id\":\"https:\\\/\\\/newsofthelight.com.br\\\/#\\\/schema\\\/person\\\/d4878034586ca0e04c11eac65b2f76f2\",\"name\":\"Thiago Peres\",\"image\":{\"@type\":\"ImageObject\",\"inLanguage\":\"pt-BR\",\"@id\":\"https:\\\/\\\/secure.gravatar.com\\\/avatar\\\/21d66f46d21d113e9d3dba092a500e64563ed2ed2c77db814dfc7be6345e3815?s=96&d=mm&r=g\",\"url\":\"https:\\\/\\\/secure.gravatar.com\\\/avatar\\\/21d66f46d21d113e9d3dba092a500e64563ed2ed2c77db814dfc7be6345e3815?s=96&d=mm&r=g\",\"contentUrl\":\"https:\\\/\\\/secure.gravatar.com\\\/avatar\\\/21d66f46d21d113e9d3dba092a500e64563ed2ed2c77db814dfc7be6345e3815?s=96&d=mm&r=g\",\"caption\":\"Thiago Peres\"},\"sameAs\":[\"http:\\\/\\\/newsofthelight.com.br\"],\"url\":\"https:\\\/\\\/newsofthelight.com.br\\\/?author=2\"}]}<\/script>\n<!-- \/ Yoast SEO plugin. -->","yoast_head_json":{"title":"Gerdau lan\u00e7a m\u00e1quina avan\u00e7ada - Autoria - Thiago Gomes Gon\u00e7alves Peres Lima - REG 0022106\/MG","robots":{"index":"index","follow":"follow","max-snippet":"max-snippet:-1","max-image-preview":"max-image-preview:large","max-video-preview":"max-video-preview:-1"},"canonical":"https:\/\/newsofthelight.com.br\/?p=5104","og_locale":"pt_BR","og_type":"article","og_title":"Gerdau lan\u00e7a m\u00e1quina avan\u00e7ada - Autoria - Thiago Gomes Gon\u00e7alves Peres Lima - REG 0022106\/MG","og_description":"Em um evento importante realizado esta semana na usina sider\u00fargica do principal produtor de a\u00e7o Gerdau, ocorreu a cerim\u00f4nia de inaugura\u00e7\u00e3o de um equipamento inovador, prometendo benef\u00edcios significativos para a ind\u00fastria automotiva. O foco estava na nova m\u00e1quina de fundi\u00e7\u00e3o cont\u00ednua de \u00faltima gera\u00e7\u00e3o da Gerdau, com tecnologia avan\u00e7ada em sua opera\u00e7\u00e3o, que n\u00e3o apenas","og_url":"https:\/\/newsofthelight.com.br\/?p=5104","og_site_name":"Autoria - Thiago Gomes Gon\u00e7alves Peres Lima - REG 0022106\/MG","article_published_time":"2023-06-18T14:12:18+00:00","article_modified_time":"2023-06-18T14:13:34+00:00","og_image":[{"width":1125,"height":643,"url":"https:\/\/newsofthelight.com.br\/wp-content\/uploads\/2023\/06\/IMG_4626.jpeg","type":"image\/jpeg"}],"author":"Thiago Peres","twitter_card":"summary_large_image","twitter_misc":{"Escrito por":"Thiago Peres","Est. tempo de leitura":"2 minutos"},"schema":{"@context":"https:\/\/schema.org","@graph":[{"@type":"Article","@id":"https:\/\/newsofthelight.com.br\/?p=5104#article","isPartOf":{"@id":"https:\/\/newsofthelight.com.br\/?p=5104"},"author":{"name":"Thiago Peres","@id":"https:\/\/newsofthelight.com.br\/#\/schema\/person\/d4878034586ca0e04c11eac65b2f76f2"},"headline":"Gerdau lan\u00e7a m\u00e1quina avan\u00e7ada","datePublished":"2023-06-18T14:12:18+00:00","dateModified":"2023-06-18T14:13:34+00:00","mainEntityOfPage":{"@id":"https:\/\/newsofthelight.com.br\/?p=5104"},"wordCount":309,"commentCount":0,"publisher":{"@id":"https:\/\/newsofthelight.com.br\/#organization"},"image":{"@id":"https:\/\/newsofthelight.com.br\/?p=5104#primaryimage"},"thumbnailUrl":"https:\/\/newsofthelight.com.br\/wp-content\/uploads\/2023\/06\/IMG_4626.jpeg","articleSection":["Brasil","Economia"],"inLanguage":"pt-BR","potentialAction":[{"@type":"CommentAction","name":"Comment","target":["https:\/\/newsofthelight.com.br\/?p=5104#respond"]}]},{"@type":"WebPage","@id":"https:\/\/newsofthelight.com.br\/?p=5104","url":"https:\/\/newsofthelight.com.br\/?p=5104","name":"Gerdau lan\u00e7a m\u00e1quina avan\u00e7ada - Autoria - Thiago Gomes Gon\u00e7alves Peres Lima - REG 0022106\/MG","isPartOf":{"@id":"https:\/\/newsofthelight.com.br\/#website"},"primaryImageOfPage":{"@id":"https:\/\/newsofthelight.com.br\/?p=5104#primaryimage"},"image":{"@id":"https:\/\/newsofthelight.com.br\/?p=5104#primaryimage"},"thumbnailUrl":"https:\/\/newsofthelight.com.br\/wp-content\/uploads\/2023\/06\/IMG_4626.jpeg","datePublished":"2023-06-18T14:12:18+00:00","dateModified":"2023-06-18T14:13:34+00:00","breadcrumb":{"@id":"https:\/\/newsofthelight.com.br\/?p=5104#breadcrumb"},"inLanguage":"pt-BR","potentialAction":[{"@type":"ReadAction","target":["https:\/\/newsofthelight.com.br\/?p=5104"]}]},{"@type":"ImageObject","inLanguage":"pt-BR","@id":"https:\/\/newsofthelight.com.br\/?p=5104#primaryimage","url":"https:\/\/newsofthelight.com.br\/wp-content\/uploads\/2023\/06\/IMG_4626.jpeg","contentUrl":"https:\/\/newsofthelight.com.br\/wp-content\/uploads\/2023\/06\/IMG_4626.jpeg","width":1125,"height":643},{"@type":"BreadcrumbList","@id":"https:\/\/newsofthelight.com.br\/?p=5104#breadcrumb","itemListElement":[{"@type":"ListItem","position":1,"name":"In\u00edcio","item":"https:\/\/newsofthelight.com.br\/"},{"@type":"ListItem","position":2,"name":"Gerdau lan\u00e7a m\u00e1quina avan\u00e7ada"}]},{"@type":"WebSite","@id":"https:\/\/newsofthelight.com.br\/#website","url":"https:\/\/newsofthelight.com.br\/","name":"Autoria - Thiago Gomes Gon\u00e7alves Peres Lima - REG 0022106\/MG","description":"Noticias na velocidade da luz","publisher":{"@id":"https:\/\/newsofthelight.com.br\/#organization"},"potentialAction":[{"@type":"SearchAction","target":{"@type":"EntryPoint","urlTemplate":"https:\/\/newsofthelight.com.br\/?s={search_term_string}"},"query-input":{"@type":"PropertyValueSpecification","valueRequired":true,"valueName":"search_term_string"}}],"inLanguage":"pt-BR"},{"@type":"Organization","@id":"https:\/\/newsofthelight.com.br\/#organization","name":"Autoria - Thiago Gomes Gon\u00e7alves Peres Lima - REG 0022106\/MG","url":"https:\/\/newsofthelight.com.br\/","logo":{"@type":"ImageObject","inLanguage":"pt-BR","@id":"https:\/\/newsofthelight.com.br\/#\/schema\/logo\/image\/","url":"https:\/\/newsofthelight.com.br\/wp-content\/uploads\/2025\/06\/cropped-IMG_0217.png","contentUrl":"https:\/\/newsofthelight.com.br\/wp-content\/uploads\/2025\/06\/cropped-IMG_0217.png","width":1177,"height":662,"caption":"Autoria - Thiago Gomes Gon\u00e7alves Peres Lima - REG 0022106\/MG"},"image":{"@id":"https:\/\/newsofthelight.com.br\/#\/schema\/logo\/image\/"},"sameAs":["https:\/\/www.instagram.com\/news_of_the_light_?igsh=b3Fwb2psamJzaXds"]},{"@type":"Person","@id":"https:\/\/newsofthelight.com.br\/#\/schema\/person\/d4878034586ca0e04c11eac65b2f76f2","name":"Thiago Peres","image":{"@type":"ImageObject","inLanguage":"pt-BR","@id":"https:\/\/secure.gravatar.com\/avatar\/21d66f46d21d113e9d3dba092a500e64563ed2ed2c77db814dfc7be6345e3815?s=96&d=mm&r=g","url":"https:\/\/secure.gravatar.com\/avatar\/21d66f46d21d113e9d3dba092a500e64563ed2ed2c77db814dfc7be6345e3815?s=96&d=mm&r=g","contentUrl":"https:\/\/secure.gravatar.com\/avatar\/21d66f46d21d113e9d3dba092a500e64563ed2ed2c77db814dfc7be6345e3815?s=96&d=mm&r=g","caption":"Thiago Peres"},"sameAs":["http:\/\/newsofthelight.com.br"],"url":"https:\/\/newsofthelight.com.br\/?author=2"}]}},"jetpack_featured_media_url":"https:\/\/newsofthelight.com.br\/wp-content\/uploads\/2023\/06\/IMG_4626.jpeg","jetpack_sharing_enabled":true,"jetpack-related-posts":[{"id":6188,"url":"https:\/\/newsofthelight.com.br\/?p=6188","url_meta":{"origin":5104,"position":0},"title":"Mudan\u00e7a de Guarda no TSE! C\u00e1rmen L\u00facia Assume o Comando!","author":"Thiago Peres","date":"4 de junho de 2024","format":false,"excerpt":"Em uma cerim\u00f4nia noturna de segunda-feira, a ministra C\u00e1rmen L\u00facia, 70 anos, assumiu o leme do Tribunal Superior Eleitoral (TSE), com o ministro Nunes Marques entrando como vice. A cerim\u00f4nia marcou a transi\u00e7\u00e3o do poder da Justi\u00e7a Eleitoral do ministro Alexandre de Moraes e tamb\u00e9m marcou o fim de sua\u2026","rel":"","context":"Em &quot;Brasil&quot;","block_context":{"text":"Brasil","link":"https:\/\/newsofthelight.com.br\/?cat=38"},"img":{"alt_text":"","src":"https:\/\/i0.wp.com\/newsofthelight.com.br\/wp-content\/uploads\/2024\/06\/IMG_5603.jpeg?resize=350%2C200&ssl=1","width":350,"height":200,"srcset":"https:\/\/i0.wp.com\/newsofthelight.com.br\/wp-content\/uploads\/2024\/06\/IMG_5603.jpeg?resize=350%2C200&ssl=1 1x, https:\/\/i0.wp.com\/newsofthelight.com.br\/wp-content\/uploads\/2024\/06\/IMG_5603.jpeg?resize=525%2C300&ssl=1 1.5x, https:\/\/i0.wp.com\/newsofthelight.com.br\/wp-content\/uploads\/2024\/06\/IMG_5603.jpeg?resize=700%2C400&ssl=1 2x, https:\/\/i0.wp.com\/newsofthelight.com.br\/wp-content\/uploads\/2024\/06\/IMG_5603.jpeg?resize=1050%2C600&ssl=1 3x"},"classes":[]},{"id":4197,"url":"https:\/\/newsofthelight.com.br\/?p=4197","url_meta":{"origin":5104,"position":1},"title":"Coroa\u00e7\u00e3o do rei Charles III \u00e9 marcada por protestos","author":"Thiago Peres","date":"6 de maio de 2023","format":false,"excerpt":"Cerca de 25 a 30 pessoas protestaram pacificamente em frente \u00e0 Catedral de Bristol contra os custos da Coroa\u00e7\u00e3o do rei Carlos III e a monarquia em si. O protesto foi informalmente organizado atrav\u00e9s de um poster gr\u00e1fico caseiro divulgado no Reddit. Enquanto isso, dentro da catedral, os realistas fervorosos\u2026","rel":"","context":"Em &quot;Mundo&quot;","block_context":{"text":"Mundo","link":"https:\/\/newsofthelight.com.br\/?cat=39"},"img":{"alt_text":"","src":"https:\/\/i0.wp.com\/newsofthelight.com.br\/wp-content\/uploads\/2023\/05\/IMG_4134.jpeg?resize=350%2C200&ssl=1","width":350,"height":200,"srcset":"https:\/\/i0.wp.com\/newsofthelight.com.br\/wp-content\/uploads\/2023\/05\/IMG_4134.jpeg?resize=350%2C200&ssl=1 1x, https:\/\/i0.wp.com\/newsofthelight.com.br\/wp-content\/uploads\/2023\/05\/IMG_4134.jpeg?resize=525%2C300&ssl=1 1.5x, https:\/\/i0.wp.com\/newsofthelight.com.br\/wp-content\/uploads\/2023\/05\/IMG_4134.jpeg?resize=700%2C400&ssl=1 2x"},"classes":[]},{"id":4377,"url":"https:\/\/newsofthelight.com.br\/?p=4377","url_meta":{"origin":5104,"position":2},"title":"Vel\u00f3rio de Rita Lee \u00e9 o primeiro no Planet\u00e1rio Parque do Ibirapuera","author":"Thiago Peres","date":"10 de maio de 2023","format":false,"excerpt":"Rita Lee, cantora e compositora brasileira, faleceu na noite de segunda-feira ap\u00f3s uma batalha contra o c\u00e2ncer de pulm\u00e3o. A artista nasceu e viveu em S\u00e3o Paulo, quase sempre no bairro da Vila Mariana, tamb\u00e9m na Zona Sul, e sempre frequentou o Parque do Ibirapuera \u2013 ainda com seus pais.\u2026","rel":"","context":"Em &quot;Entretenimento&quot;","block_context":{"text":"Entretenimento","link":"https:\/\/newsofthelight.com.br\/?cat=42"},"img":{"alt_text":"","src":"https:\/\/i0.wp.com\/newsofthelight.com.br\/wp-content\/uploads\/2023\/05\/IMG_4210.jpg?resize=350%2C200&ssl=1","width":350,"height":200,"srcset":"https:\/\/i0.wp.com\/newsofthelight.com.br\/wp-content\/uploads\/2023\/05\/IMG_4210.jpg?resize=350%2C200&ssl=1 1x, https:\/\/i0.wp.com\/newsofthelight.com.br\/wp-content\/uploads\/2023\/05\/IMG_4210.jpg?resize=525%2C300&ssl=1 1.5x, https:\/\/i0.wp.com\/newsofthelight.com.br\/wp-content\/uploads\/2023\/05\/IMG_4210.jpg?resize=700%2C400&ssl=1 2x"},"classes":[]},{"id":2289,"url":"https:\/\/newsofthelight.com.br\/?p=2289","url_meta":{"origin":5104,"position":3},"title":"Diferentemente dos anos anteriores, Copa do Mundo FIFA ser\u00e1 no final do ano em pa\u00eds do Oriente M\u00e9dio","author":"Thiago Peres","date":"16 de novembro de 2022","format":false,"excerpt":"A Copa do Mundo FIFA ter\u00e1 in\u00edcio no dia 20 de novembro no Catar, Oriente M\u00e9dio. \u00c9 a primeira vez que os jogos ser\u00e3o realizados em um pa\u00eds \u00e1rabe e a segunda na \u00c1sia. A primeira foi a divis\u00e3o entre o Jap\u00e3o e a Coreia do Sul na Copa de\u2026","rel":"","context":"Em &quot;Entretenimento&quot;","block_context":{"text":"Entretenimento","link":"https:\/\/newsofthelight.com.br\/?cat=42"},"img":{"alt_text":"","src":"https:\/\/i0.wp.com\/newsofthelight.com.br\/wp-content\/uploads\/2022\/11\/079D7957-5B33-4F22-B732-5B7929F0BEE0.jpeg?resize=350%2C200&ssl=1","width":350,"height":200,"srcset":"https:\/\/i0.wp.com\/newsofthelight.com.br\/wp-content\/uploads\/2022\/11\/079D7957-5B33-4F22-B732-5B7929F0BEE0.jpeg?resize=350%2C200&ssl=1 1x, https:\/\/i0.wp.com\/newsofthelight.com.br\/wp-content\/uploads\/2022\/11\/079D7957-5B33-4F22-B732-5B7929F0BEE0.jpeg?resize=525%2C300&ssl=1 1.5x, https:\/\/i0.wp.com\/newsofthelight.com.br\/wp-content\/uploads\/2022\/11\/079D7957-5B33-4F22-B732-5B7929F0BEE0.jpeg?resize=700%2C400&ssl=1 2x"},"classes":[]},{"id":3073,"url":"https:\/\/newsofthelight.com.br\/?p=3073","url_meta":{"origin":5104,"position":4},"title":"Lula \u00e9 oficial diplomado o 39\u00ba presidente do Brasil","author":"Thiago Peres","date":"12 de dezembro de 2022","format":false,"excerpt":"O presidente eleito Luiz In\u00e1cio Lula da Silva e seu vice Geraldo Alckmin foram oficialmente diplomados pelo presidente do Supremo Tribunal Federal (STF) Alexandre de Moraes em uma cerim\u00f4nia realizada na tarde desta segunda-feira (12)._ Na minha primeira diploma\u00e7\u00e3o em 2002, lembrei da ousadia do povo brasileiro em conceder, para\u2026","rel":"","context":"Em &quot;Brasil&quot;","block_context":{"text":"Brasil","link":"https:\/\/newsofthelight.com.br\/?cat=38"},"img":{"alt_text":"","src":"https:\/\/i0.wp.com\/newsofthelight.com.br\/wp-content\/uploads\/2022\/12\/C6F555E3-9246-4081-91DD-C2779C2BD0AF.jpeg?resize=350%2C200&ssl=1","width":350,"height":200,"srcset":"https:\/\/i0.wp.com\/newsofthelight.com.br\/wp-content\/uploads\/2022\/12\/C6F555E3-9246-4081-91DD-C2779C2BD0AF.jpeg?resize=350%2C200&ssl=1 1x, https:\/\/i0.wp.com\/newsofthelight.com.br\/wp-content\/uploads\/2022\/12\/C6F555E3-9246-4081-91DD-C2779C2BD0AF.jpeg?resize=525%2C300&ssl=1 1.5x, https:\/\/i0.wp.com\/newsofthelight.com.br\/wp-content\/uploads\/2022\/12\/C6F555E3-9246-4081-91DD-C2779C2BD0AF.jpeg?resize=700%2C400&ssl=1 2x, https:\/\/i0.wp.com\/newsofthelight.com.br\/wp-content\/uploads\/2022\/12\/C6F555E3-9246-4081-91DD-C2779C2BD0AF.jpeg?resize=1050%2C600&ssl=1 3x"},"classes":[]},{"id":3386,"url":"https:\/\/newsofthelight.com.br\/?p=3386","url_meta":{"origin":5104,"position":5},"title":"Beyonc\u00e9, Adele e Harry Styles se tornam os mais novos vencedores do Grammy","author":"Thiago Peres","date":"6 de fevereiro de 2023","format":false,"excerpt":"A cantora norte-americana Beyonc\u00e9 Knowles e os brit\u00e2nicos Harry Styles e Adele obtiveram\u00a0 mais um \u00eaxito em suas carreiras na 65.\u00aa premia\u00e7\u00e3o do Grammy que ocorreu neste domingo (05\/02). Tamb\u00e9m foi premiada a cineasta Viola Davis na categoria de melhor \u00e1udio do livro \u2018Em Busca de Mim\u2019.Beyonc\u00e9 venceu na categoria\u2026","rel":"","context":"Em &quot;Entretenimento&quot;","block_context":{"text":"Entretenimento","link":"https:\/\/newsofthelight.com.br\/?cat=42"},"img":{"alt_text":"","src":"https:\/\/i0.wp.com\/newsofthelight.com.br\/wp-content\/uploads\/2023\/02\/D27E7BF3-1BD4-4A95-A2DD-4A1CBD12B3AD.jpeg?resize=350%2C200&ssl=1","width":350,"height":200,"srcset":"https:\/\/i0.wp.com\/newsofthelight.com.br\/wp-content\/uploads\/2023\/02\/D27E7BF3-1BD4-4A95-A2DD-4A1CBD12B3AD.jpeg?resize=350%2C200&ssl=1 1x, https:\/\/i0.wp.com\/newsofthelight.com.br\/wp-content\/uploads\/2023\/02\/D27E7BF3-1BD4-4A95-A2DD-4A1CBD12B3AD.jpeg?resize=525%2C300&ssl=1 1.5x, https:\/\/i0.wp.com\/newsofthelight.com.br\/wp-content\/uploads\/2023\/02\/D27E7BF3-1BD4-4A95-A2DD-4A1CBD12B3AD.jpeg?resize=700%2C400&ssl=1 2x, https:\/\/i0.wp.com\/newsofthelight.com.br\/wp-content\/uploads\/2023\/02\/D27E7BF3-1BD4-4A95-A2DD-4A1CBD12B3AD.jpeg?resize=1050%2C600&ssl=1 3x"},"classes":[]}],"jetpack_shortlink":"https:\/\/wp.me\/peltaF-1kk","_links":{"self":[{"href":"https:\/\/newsofthelight.com.br\/index.php?rest_route=\/wp\/v2\/posts\/5104","targetHints":{"allow":["GET"]}}],"collection":[{"href":"https:\/\/newsofthelight.com.br\/index.php?rest_route=\/wp\/v2\/posts"}],"about":[{"href":"https:\/\/newsofthelight.com.br\/index.php?rest_route=\/wp\/v2\/types\/post"}],"author":[{"embeddable":true,"href":"https:\/\/newsofthelight.com.br\/index.php?rest_route=\/wp\/v2\/users\/2"}],"replies":[{"embeddable":true,"href":"https:\/\/newsofthelight.com.br\/index.php?rest_route=%2Fwp%2Fv2%2Fcomments&post=5104"}],"version-history":[{"count":4,"href":"https:\/\/newsofthelight.com.br\/index.php?rest_route=\/wp\/v2\/posts\/5104\/revisions"}],"predecessor-version":[{"id":5109,"href":"https:\/\/newsofthelight.com.br\/index.php?rest_route=\/wp\/v2\/posts\/5104\/revisions\/5109"}],"wp:featuredmedia":[{"embeddable":true,"href":"https:\/\/newsofthelight.com.br\/index.php?rest_route=\/wp\/v2\/media\/5106"}],"wp:attachment":[{"href":"https:\/\/newsofthelight.com.br\/index.php?rest_route=%2Fwp%2Fv2%2Fmedia&parent=5104"}],"wp:term":[{"taxonomy":"category","embeddable":true,"href":"https:\/\/newsofthelight.com.br\/index.php?rest_route=%2Fwp%2Fv2%2Fcategories&post=5104"},{"taxonomy":"post_tag","embeddable":true,"href":"https:\/\/newsofthelight.com.br\/index.php?rest_route=%2Fwp%2Fv2%2Ftags&post=5104"}],"curies":[{"name":"wp","href":"https:\/\/api.w.org\/{rel}","templated":true}]}}