{"id":5098,"date":"2023-06-17T19:55:06","date_gmt":"2023-06-17T22:55:06","guid":{"rendered":"https:\/\/newsofthelight.com.br\/?p=5098"},"modified":"2023-06-17T19:56:38","modified_gmt":"2023-06-17T22:56:38","slug":"descoberta-de-mensagens-em-celular-de-ex-ajudante-de-ordens-de-bolsonaro-gera-debates-sobre-estabilidade-institucional","status":"publish","type":"post","link":"https:\/\/newsofthelight.com.br\/?p=5098","title":{"rendered":"Descoberta de Mensagens em Celular de Ex-Ajudante de Ordens de Bolsonaro Gera Debates sobre Estabilidade Institucional"},"content":{"rendered":"<p>No decorrer da an\u00e1lise dos dados presentes no celular do tenente-coronel Mauro Cid, ex-ajudante de ordens do ex-presidente Jair Bolsonaro, a Pol\u00edcia Federal descobriu uma s\u00e9rie de mensagens em grupos de WhatsApp que abordavam abertamente a possibilidade de um golpe no pa\u00eds ap\u00f3s as elei\u00e7\u00f5es do ano passado, quando o presidente Luiz In\u00e1cio Lula da Silva derrotou Bolsonaro. Em uma das conversas, o tenente-coronel Gian Derm\u00e1rio da Silva, comandante do 7\u00ba Batalh\u00e3o de Infantaria de Selva do Ex\u00e9rcito Brasileiro, defendeu a necessidade de uma a\u00e7\u00e3o por parte do presidente e das For\u00e7as Armadas.<\/p>\n<p>Segundo o tenente-coronel Gian, essas conversas tratavam-se apenas de conjecturas e possibilidades, uma vez que os militares estudavam diversos tipos de conflitos ocorridos no mundo atualmente. Ele ressaltou que confiava nas tropas, independente da ades\u00e3o ou n\u00e3o de seus comandantes, e expressou preocupa\u00e7\u00e3o com a seguran\u00e7a das fam\u00edlias dos militares.<\/p>\n<p>\u2014 N\u00e3o me lembro (direito), mas s\u00e3o s\u00f3 conjecturas, possibilidades, pois estudamos muito os v\u00e1rios tipos de conflitos atuais que ocorrem atualmente pelo mundo, em todos os aspectos. \u00c9 a nossa profiss\u00e3o, estudar essas varia\u00e7\u00f5es atuais, apenas isso \u2014 afirmou o militar ao ser questionado pelo GLOBO sobre as mensagens.<\/p>\n<p>No grupo, tamb\u00e9m participou o coronel M\u00e1rcio Nunes de Resende J\u00fanior, comandante do 1\u00ba Batalh\u00e3o Log\u00edstico de Selva, que afirmou que se Bolsonaro acionasse o artigo 142 da Constitui\u00e7\u00e3o, n\u00e3o haveria quem pudesse conter as tropas. \u00c9 importante ressaltar que a interpreta\u00e7\u00e3o distorcida desse artigo como poder moderador j\u00e1 foi refutada pelo comandante da Marinha, almirante Marcos Sampaio Olsen.<\/p>\n<p>Al\u00e9m disso, o grupo fazia refer\u00eancias jocosas ao ministro Alexandre de Moraes, e em uma das mensagens, um dos membros chegou a amea\u00e7\u00e1-lo diretamente. Essas atitudes levantam preocupa\u00e7\u00f5es sobre o respeito \u00e0s institui\u00e7\u00f5es democr\u00e1ticas.<\/p>\n<p>Em nota, o Ex\u00e9rcito Brasileiro afirmou que as opini\u00f5es e coment\u00e1rios pessoais presentes nas mensagens n\u00e3o representam o pensamento da cadeia de comando nem o posicionamento oficial da institui\u00e7\u00e3o. Destacou ainda o compromisso do Ex\u00e9rcito com a legalidade e o respeito aos preceitos constitucionais, enfatizando que eventuais condutas individuais consideradas irregulares ser\u00e3o tratadas no \u00e2mbito judicial, observando o devido processo legal.<\/p>\n<p>_ Opini\u00f5es e coment\u00e1rios pessoais n\u00e3o representam o pensamento da cadeia de comando do Ex\u00e9rcito Brasileiro e tampouco o posicionamento oficial da For\u00e7a. Como Institui\u00e7\u00e3o de Estado, apartid\u00e1ria, o Ex\u00e9rcito prima sempre pela legalidade e pelo respeito aos preceitos constitucionais. Os fatos recentes somente ratificam e comprovam a atitude legalista do Ex\u00e9rcito de Caxias. Eventuais condutas individuais julgadas irregulares ser\u00e3o tratadas no \u00e2mbito judicial, observando o devido processo legal. Na esfera administrativa, as medidas cab\u00edveis j\u00e1 est\u00e3o sendo adotadas no \u00e2mbito da For\u00e7a. _ declarou.<\/p>\n<p>\u00c9 fundamental compreender que esse caso traz \u00e0 tona debates sobre o futuro pol\u00edtico do Brasil. Contudo, \u00e9 importante respeitar o princ\u00edpio da presun\u00e7\u00e3o de inoc\u00eancia e aguardar os desdobramentos legais e institucionais para uma an\u00e1lise mais aprofundada da situa\u00e7\u00e3o.<\/p>\n","protected":false},"excerpt":{"rendered":"<p>No decorrer da an\u00e1lise dos dados presentes no celular do tenente-coronel Mauro Cid, ex-ajudante de ordens do ex-presidente Jair Bolsonaro, a Pol\u00edcia Federal descobriu uma s\u00e9rie de mensagens em grupos de WhatsApp que abordavam abertamente a possibilidade de um golpe no pa\u00eds ap\u00f3s as elei\u00e7\u00f5es do ano passado, quando o presidente Luiz In\u00e1cio Lula da<\/p>\n","protected":false},"author":2,"featured_media":5100,"comment_status":"open","ping_status":"open","sticky":false,"template":"","format":"standard","meta":{"_jetpack_memberships_contains_paid_content":false,"footnotes":""},"categories":[38,36],"tags":[],"class_list":["post-5098","post","type-post","status-publish","format-standard","has-post-thumbnail","hentry","category-brasil","category-politica"],"yoast_head":"<!-- This site is optimized with the Yoast SEO plugin v27.4 - https:\/\/yoast.com\/product\/yoast-seo-wordpress\/ -->\n<title>Descoberta de Mensagens em Celular de Ex-Ajudante de Ordens de Bolsonaro Gera Debates sobre Estabilidade Institucional - Autoria - Thiago Gomes Gon\u00e7alves Peres Lima - REG 0022106\/MG<\/title>\n<meta name=\"robots\" content=\"index, follow, max-snippet:-1, max-image-preview:large, max-video-preview:-1\" \/>\n<link rel=\"canonical\" href=\"https:\/\/newsofthelight.com.br\/?p=5098\" \/>\n<meta property=\"og:locale\" content=\"pt_BR\" \/>\n<meta property=\"og:type\" content=\"article\" \/>\n<meta property=\"og:title\" content=\"Descoberta de Mensagens em Celular de Ex-Ajudante de Ordens de Bolsonaro Gera Debates sobre Estabilidade Institucional - Autoria - Thiago Gomes Gon\u00e7alves Peres Lima - REG 0022106\/MG\" \/>\n<meta property=\"og:description\" content=\"No decorrer da an\u00e1lise dos dados presentes no celular do tenente-coronel Mauro Cid, ex-ajudante de ordens do ex-presidente Jair Bolsonaro, a Pol\u00edcia Federal descobriu uma s\u00e9rie de mensagens em grupos de WhatsApp que abordavam abertamente a possibilidade de um golpe no pa\u00eds ap\u00f3s as elei\u00e7\u00f5es do ano passado, quando o presidente Luiz In\u00e1cio Lula da\" \/>\n<meta property=\"og:url\" content=\"https:\/\/newsofthelight.com.br\/?p=5098\" \/>\n<meta property=\"og:site_name\" content=\"Autoria - Thiago Gomes Gon\u00e7alves Peres Lima - REG 0022106\/MG\" \/>\n<meta property=\"article:published_time\" content=\"2023-06-17T22:55:06+00:00\" \/>\n<meta property=\"article:modified_time\" content=\"2023-06-17T22:56:38+00:00\" \/>\n<meta property=\"og:image\" content=\"https:\/\/newsofthelight.com.br\/wp-content\/uploads\/2023\/06\/IMG_4620.jpeg\" \/>\n\t<meta property=\"og:image:width\" content=\"871\" \/>\n\t<meta property=\"og:image:height\" content=\"987\" \/>\n\t<meta property=\"og:image:type\" content=\"image\/jpeg\" \/>\n<meta name=\"author\" content=\"Thiago Peres\" \/>\n<meta name=\"twitter:card\" content=\"summary_large_image\" \/>\n<meta name=\"twitter:label1\" content=\"Escrito por\" \/>\n\t<meta name=\"twitter:data1\" content=\"Thiago Peres\" \/>\n\t<meta name=\"twitter:label2\" content=\"Est. tempo de leitura\" \/>\n\t<meta name=\"twitter:data2\" content=\"3 minutos\" \/>\n<script type=\"application\/ld+json\" class=\"yoast-schema-graph\">{\"@context\":\"https:\\\/\\\/schema.org\",\"@graph\":[{\"@type\":\"Article\",\"@id\":\"https:\\\/\\\/newsofthelight.com.br\\\/?p=5098#article\",\"isPartOf\":{\"@id\":\"https:\\\/\\\/newsofthelight.com.br\\\/?p=5098\"},\"author\":{\"name\":\"Thiago Peres\",\"@id\":\"https:\\\/\\\/newsofthelight.com.br\\\/#\\\/schema\\\/person\\\/d4878034586ca0e04c11eac65b2f76f2\"},\"headline\":\"Descoberta de Mensagens em Celular de Ex-Ajudante de Ordens de Bolsonaro Gera Debates sobre Estabilidade Institucional\",\"datePublished\":\"2023-06-17T22:55:06+00:00\",\"dateModified\":\"2023-06-17T22:56:38+00:00\",\"mainEntityOfPage\":{\"@id\":\"https:\\\/\\\/newsofthelight.com.br\\\/?p=5098\"},\"wordCount\":538,\"commentCount\":0,\"publisher\":{\"@id\":\"https:\\\/\\\/newsofthelight.com.br\\\/#organization\"},\"image\":{\"@id\":\"https:\\\/\\\/newsofthelight.com.br\\\/?p=5098#primaryimage\"},\"thumbnailUrl\":\"https:\\\/\\\/newsofthelight.com.br\\\/wp-content\\\/uploads\\\/2023\\\/06\\\/IMG_4620.jpeg\",\"articleSection\":[\"Brasil\",\"Pol\u00edtica\"],\"inLanguage\":\"pt-BR\",\"potentialAction\":[{\"@type\":\"CommentAction\",\"name\":\"Comment\",\"target\":[\"https:\\\/\\\/newsofthelight.com.br\\\/?p=5098#respond\"]}]},{\"@type\":\"WebPage\",\"@id\":\"https:\\\/\\\/newsofthelight.com.br\\\/?p=5098\",\"url\":\"https:\\\/\\\/newsofthelight.com.br\\\/?p=5098\",\"name\":\"Descoberta de Mensagens em Celular de Ex-Ajudante de Ordens de Bolsonaro Gera Debates sobre Estabilidade Institucional - Autoria - Thiago Gomes Gon\u00e7alves Peres Lima - REG 0022106\\\/MG\",\"isPartOf\":{\"@id\":\"https:\\\/\\\/newsofthelight.com.br\\\/#website\"},\"primaryImageOfPage\":{\"@id\":\"https:\\\/\\\/newsofthelight.com.br\\\/?p=5098#primaryimage\"},\"image\":{\"@id\":\"https:\\\/\\\/newsofthelight.com.br\\\/?p=5098#primaryimage\"},\"thumbnailUrl\":\"https:\\\/\\\/newsofthelight.com.br\\\/wp-content\\\/uploads\\\/2023\\\/06\\\/IMG_4620.jpeg\",\"datePublished\":\"2023-06-17T22:55:06+00:00\",\"dateModified\":\"2023-06-17T22:56:38+00:00\",\"breadcrumb\":{\"@id\":\"https:\\\/\\\/newsofthelight.com.br\\\/?p=5098#breadcrumb\"},\"inLanguage\":\"pt-BR\",\"potentialAction\":[{\"@type\":\"ReadAction\",\"target\":[\"https:\\\/\\\/newsofthelight.com.br\\\/?p=5098\"]}]},{\"@type\":\"ImageObject\",\"inLanguage\":\"pt-BR\",\"@id\":\"https:\\\/\\\/newsofthelight.com.br\\\/?p=5098#primaryimage\",\"url\":\"https:\\\/\\\/newsofthelight.com.br\\\/wp-content\\\/uploads\\\/2023\\\/06\\\/IMG_4620.jpeg\",\"contentUrl\":\"https:\\\/\\\/newsofthelight.com.br\\\/wp-content\\\/uploads\\\/2023\\\/06\\\/IMG_4620.jpeg\",\"width\":871,\"height\":987},{\"@type\":\"BreadcrumbList\",\"@id\":\"https:\\\/\\\/newsofthelight.com.br\\\/?p=5098#breadcrumb\",\"itemListElement\":[{\"@type\":\"ListItem\",\"position\":1,\"name\":\"In\u00edcio\",\"item\":\"https:\\\/\\\/newsofthelight.com.br\\\/\"},{\"@type\":\"ListItem\",\"position\":2,\"name\":\"Descoberta de Mensagens em Celular de Ex-Ajudante de Ordens de Bolsonaro Gera Debates sobre Estabilidade Institucional\"}]},{\"@type\":\"WebSite\",\"@id\":\"https:\\\/\\\/newsofthelight.com.br\\\/#website\",\"url\":\"https:\\\/\\\/newsofthelight.com.br\\\/\",\"name\":\"Autoria - Thiago Gomes Gon\u00e7alves Peres Lima - REG 0022106\\\/MG\",\"description\":\"Noticias na velocidade da luz\",\"publisher\":{\"@id\":\"https:\\\/\\\/newsofthelight.com.br\\\/#organization\"},\"potentialAction\":[{\"@type\":\"SearchAction\",\"target\":{\"@type\":\"EntryPoint\",\"urlTemplate\":\"https:\\\/\\\/newsofthelight.com.br\\\/?s={search_term_string}\"},\"query-input\":{\"@type\":\"PropertyValueSpecification\",\"valueRequired\":true,\"valueName\":\"search_term_string\"}}],\"inLanguage\":\"pt-BR\"},{\"@type\":\"Organization\",\"@id\":\"https:\\\/\\\/newsofthelight.com.br\\\/#organization\",\"name\":\"Autoria - Thiago Gomes Gon\u00e7alves Peres Lima - REG 0022106\\\/MG\",\"url\":\"https:\\\/\\\/newsofthelight.com.br\\\/\",\"logo\":{\"@type\":\"ImageObject\",\"inLanguage\":\"pt-BR\",\"@id\":\"https:\\\/\\\/newsofthelight.com.br\\\/#\\\/schema\\\/logo\\\/image\\\/\",\"url\":\"https:\\\/\\\/newsofthelight.com.br\\\/wp-content\\\/uploads\\\/2025\\\/06\\\/cropped-IMG_0217.png\",\"contentUrl\":\"https:\\\/\\\/newsofthelight.com.br\\\/wp-content\\\/uploads\\\/2025\\\/06\\\/cropped-IMG_0217.png\",\"width\":1177,\"height\":662,\"caption\":\"Autoria - Thiago Gomes Gon\u00e7alves Peres Lima - REG 0022106\\\/MG\"},\"image\":{\"@id\":\"https:\\\/\\\/newsofthelight.com.br\\\/#\\\/schema\\\/logo\\\/image\\\/\"},\"sameAs\":[\"https:\\\/\\\/www.instagram.com\\\/news_of_the_light_?igsh=b3Fwb2psamJzaXds\"]},{\"@type\":\"Person\",\"@id\":\"https:\\\/\\\/newsofthelight.com.br\\\/#\\\/schema\\\/person\\\/d4878034586ca0e04c11eac65b2f76f2\",\"name\":\"Thiago Peres\",\"image\":{\"@type\":\"ImageObject\",\"inLanguage\":\"pt-BR\",\"@id\":\"https:\\\/\\\/secure.gravatar.com\\\/avatar\\\/21d66f46d21d113e9d3dba092a500e64563ed2ed2c77db814dfc7be6345e3815?s=96&d=mm&r=g\",\"url\":\"https:\\\/\\\/secure.gravatar.com\\\/avatar\\\/21d66f46d21d113e9d3dba092a500e64563ed2ed2c77db814dfc7be6345e3815?s=96&d=mm&r=g\",\"contentUrl\":\"https:\\\/\\\/secure.gravatar.com\\\/avatar\\\/21d66f46d21d113e9d3dba092a500e64563ed2ed2c77db814dfc7be6345e3815?s=96&d=mm&r=g\",\"caption\":\"Thiago Peres\"},\"sameAs\":[\"http:\\\/\\\/newsofthelight.com.br\"],\"url\":\"https:\\\/\\\/newsofthelight.com.br\\\/?author=2\"}]}<\/script>\n<!-- \/ Yoast SEO plugin. -->","yoast_head_json":{"title":"Descoberta de Mensagens em Celular de Ex-Ajudante de Ordens de Bolsonaro Gera Debates sobre Estabilidade Institucional - Autoria - Thiago Gomes Gon\u00e7alves Peres Lima - REG 0022106\/MG","robots":{"index":"index","follow":"follow","max-snippet":"max-snippet:-1","max-image-preview":"max-image-preview:large","max-video-preview":"max-video-preview:-1"},"canonical":"https:\/\/newsofthelight.com.br\/?p=5098","og_locale":"pt_BR","og_type":"article","og_title":"Descoberta de Mensagens em Celular de Ex-Ajudante de Ordens de Bolsonaro Gera Debates sobre Estabilidade Institucional - Autoria - Thiago Gomes Gon\u00e7alves Peres Lima - REG 0022106\/MG","og_description":"No decorrer da an\u00e1lise dos dados presentes no celular do tenente-coronel Mauro Cid, ex-ajudante de ordens do ex-presidente Jair Bolsonaro, a Pol\u00edcia Federal descobriu uma s\u00e9rie de mensagens em grupos de WhatsApp que abordavam abertamente a possibilidade de um golpe no pa\u00eds ap\u00f3s as elei\u00e7\u00f5es do ano passado, quando o presidente Luiz In\u00e1cio Lula da","og_url":"https:\/\/newsofthelight.com.br\/?p=5098","og_site_name":"Autoria - Thiago Gomes Gon\u00e7alves Peres Lima - REG 0022106\/MG","article_published_time":"2023-06-17T22:55:06+00:00","article_modified_time":"2023-06-17T22:56:38+00:00","og_image":[{"width":871,"height":987,"url":"https:\/\/newsofthelight.com.br\/wp-content\/uploads\/2023\/06\/IMG_4620.jpeg","type":"image\/jpeg"}],"author":"Thiago Peres","twitter_card":"summary_large_image","twitter_misc":{"Escrito por":"Thiago Peres","Est. tempo de leitura":"3 minutos"},"schema":{"@context":"https:\/\/schema.org","@graph":[{"@type":"Article","@id":"https:\/\/newsofthelight.com.br\/?p=5098#article","isPartOf":{"@id":"https:\/\/newsofthelight.com.br\/?p=5098"},"author":{"name":"Thiago Peres","@id":"https:\/\/newsofthelight.com.br\/#\/schema\/person\/d4878034586ca0e04c11eac65b2f76f2"},"headline":"Descoberta de Mensagens em Celular de Ex-Ajudante de Ordens de Bolsonaro Gera Debates sobre Estabilidade Institucional","datePublished":"2023-06-17T22:55:06+00:00","dateModified":"2023-06-17T22:56:38+00:00","mainEntityOfPage":{"@id":"https:\/\/newsofthelight.com.br\/?p=5098"},"wordCount":538,"commentCount":0,"publisher":{"@id":"https:\/\/newsofthelight.com.br\/#organization"},"image":{"@id":"https:\/\/newsofthelight.com.br\/?p=5098#primaryimage"},"thumbnailUrl":"https:\/\/newsofthelight.com.br\/wp-content\/uploads\/2023\/06\/IMG_4620.jpeg","articleSection":["Brasil","Pol\u00edtica"],"inLanguage":"pt-BR","potentialAction":[{"@type":"CommentAction","name":"Comment","target":["https:\/\/newsofthelight.com.br\/?p=5098#respond"]}]},{"@type":"WebPage","@id":"https:\/\/newsofthelight.com.br\/?p=5098","url":"https:\/\/newsofthelight.com.br\/?p=5098","name":"Descoberta de Mensagens em Celular de Ex-Ajudante de Ordens de Bolsonaro Gera Debates sobre Estabilidade Institucional - Autoria - Thiago Gomes Gon\u00e7alves Peres Lima - REG 0022106\/MG","isPartOf":{"@id":"https:\/\/newsofthelight.com.br\/#website"},"primaryImageOfPage":{"@id":"https:\/\/newsofthelight.com.br\/?p=5098#primaryimage"},"image":{"@id":"https:\/\/newsofthelight.com.br\/?p=5098#primaryimage"},"thumbnailUrl":"https:\/\/newsofthelight.com.br\/wp-content\/uploads\/2023\/06\/IMG_4620.jpeg","datePublished":"2023-06-17T22:55:06+00:00","dateModified":"2023-06-17T22:56:38+00:00","breadcrumb":{"@id":"https:\/\/newsofthelight.com.br\/?p=5098#breadcrumb"},"inLanguage":"pt-BR","potentialAction":[{"@type":"ReadAction","target":["https:\/\/newsofthelight.com.br\/?p=5098"]}]},{"@type":"ImageObject","inLanguage":"pt-BR","@id":"https:\/\/newsofthelight.com.br\/?p=5098#primaryimage","url":"https:\/\/newsofthelight.com.br\/wp-content\/uploads\/2023\/06\/IMG_4620.jpeg","contentUrl":"https:\/\/newsofthelight.com.br\/wp-content\/uploads\/2023\/06\/IMG_4620.jpeg","width":871,"height":987},{"@type":"BreadcrumbList","@id":"https:\/\/newsofthelight.com.br\/?p=5098#breadcrumb","itemListElement":[{"@type":"ListItem","position":1,"name":"In\u00edcio","item":"https:\/\/newsofthelight.com.br\/"},{"@type":"ListItem","position":2,"name":"Descoberta de Mensagens em Celular de Ex-Ajudante de Ordens de Bolsonaro Gera Debates sobre Estabilidade Institucional"}]},{"@type":"WebSite","@id":"https:\/\/newsofthelight.com.br\/#website","url":"https:\/\/newsofthelight.com.br\/","name":"Autoria - Thiago Gomes Gon\u00e7alves Peres Lima - REG 0022106\/MG","description":"Noticias na velocidade da luz","publisher":{"@id":"https:\/\/newsofthelight.com.br\/#organization"},"potentialAction":[{"@type":"SearchAction","target":{"@type":"EntryPoint","urlTemplate":"https:\/\/newsofthelight.com.br\/?s={search_term_string}"},"query-input":{"@type":"PropertyValueSpecification","valueRequired":true,"valueName":"search_term_string"}}],"inLanguage":"pt-BR"},{"@type":"Organization","@id":"https:\/\/newsofthelight.com.br\/#organization","name":"Autoria - Thiago Gomes Gon\u00e7alves Peres Lima - REG 0022106\/MG","url":"https:\/\/newsofthelight.com.br\/","logo":{"@type":"ImageObject","inLanguage":"pt-BR","@id":"https:\/\/newsofthelight.com.br\/#\/schema\/logo\/image\/","url":"https:\/\/newsofthelight.com.br\/wp-content\/uploads\/2025\/06\/cropped-IMG_0217.png","contentUrl":"https:\/\/newsofthelight.com.br\/wp-content\/uploads\/2025\/06\/cropped-IMG_0217.png","width":1177,"height":662,"caption":"Autoria - Thiago Gomes Gon\u00e7alves Peres Lima - REG 0022106\/MG"},"image":{"@id":"https:\/\/newsofthelight.com.br\/#\/schema\/logo\/image\/"},"sameAs":["https:\/\/www.instagram.com\/news_of_the_light_?igsh=b3Fwb2psamJzaXds"]},{"@type":"Person","@id":"https:\/\/newsofthelight.com.br\/#\/schema\/person\/d4878034586ca0e04c11eac65b2f76f2","name":"Thiago Peres","image":{"@type":"ImageObject","inLanguage":"pt-BR","@id":"https:\/\/secure.gravatar.com\/avatar\/21d66f46d21d113e9d3dba092a500e64563ed2ed2c77db814dfc7be6345e3815?s=96&d=mm&r=g","url":"https:\/\/secure.gravatar.com\/avatar\/21d66f46d21d113e9d3dba092a500e64563ed2ed2c77db814dfc7be6345e3815?s=96&d=mm&r=g","contentUrl":"https:\/\/secure.gravatar.com\/avatar\/21d66f46d21d113e9d3dba092a500e64563ed2ed2c77db814dfc7be6345e3815?s=96&d=mm&r=g","caption":"Thiago Peres"},"sameAs":["http:\/\/newsofthelight.com.br"],"url":"https:\/\/newsofthelight.com.br\/?author=2"}]}},"jetpack_featured_media_url":"https:\/\/newsofthelight.com.br\/wp-content\/uploads\/2023\/06\/IMG_4620.jpeg","jetpack_sharing_enabled":true,"jetpack-related-posts":[{"id":4553,"url":"https:\/\/newsofthelight.com.br\/?p=4553","url_meta":{"origin":5098,"position":0},"title":"Bolsonaro testemunhar\u00e1 sobre a suposta adultera\u00e7\u00e3o nos cart\u00f5es de vacina\u00e7\u00e3o","author":"Thiago Peres","date":"13 de maio de 2023","format":false,"excerpt":"Na pr\u00f3xima ter\u00e7a-feira (16), o ex-presidente Jair Bolsonaro prestar\u00e1 depoimento \u00e0 Pol\u00edcia Federal sobre a suposta adultera\u00e7\u00e3o nos cart\u00f5es de vacina\u00e7\u00e3o. Bolsonaro sustenta que n\u00e3o pediu a falsifica\u00e7\u00e3o dos dados ao seu ex-ajudante de ordens, o tenente-coronel Mauro Cid. O caso gerou controv\u00e9rsia e polariza\u00e7\u00e3o na sociedade brasileira, com opini\u00f5es\u2026","rel":"","context":"Em &quot;Brasil&quot;","block_context":{"text":"Brasil","link":"https:\/\/newsofthelight.com.br\/?cat=38"},"img":{"alt_text":"","src":"https:\/\/i0.wp.com\/newsofthelight.com.br\/wp-content\/uploads\/2023\/05\/IMG_4275.jpeg?resize=350%2C200&ssl=1","width":350,"height":200,"srcset":"https:\/\/i0.wp.com\/newsofthelight.com.br\/wp-content\/uploads\/2023\/05\/IMG_4275.jpeg?resize=350%2C200&ssl=1 1x, https:\/\/i0.wp.com\/newsofthelight.com.br\/wp-content\/uploads\/2023\/05\/IMG_4275.jpeg?resize=525%2C300&ssl=1 1.5x, https:\/\/i0.wp.com\/newsofthelight.com.br\/wp-content\/uploads\/2023\/05\/IMG_4275.jpeg?resize=700%2C400&ssl=1 2x, https:\/\/i0.wp.com\/newsofthelight.com.br\/wp-content\/uploads\/2023\/05\/IMG_4275.jpeg?resize=1050%2C600&ssl=1 3x"},"classes":[]},{"id":4287,"url":"https:\/\/newsofthelight.com.br\/?p=4287","url_meta":{"origin":5098,"position":1},"title":"Pol\u00edcia Federal realiza per\u00edcia em celular de Bolsonaro","author":"Thiago Peres","date":"9 de maio de 2023","format":false,"excerpt":"A Pol\u00edcia Federal (PF) come\u00e7ou a periciar os celulares do ex-presidente Jair Bolsonaro (PL) e do seu ex-ajudante de ordens, coronel Mauro Cid, em busca de ind\u00edcios de envolvimento na fraude em carteiras de vacina\u00e7\u00e3o contra a Covid-19. Os smartphones foram apreendidos na semana passada durante a Opera\u00e7\u00e3o Venire, que\u2026","rel":"","context":"Em &quot;Brasil&quot;","block_context":{"text":"Brasil","link":"https:\/\/newsofthelight.com.br\/?cat=38"},"img":{"alt_text":"","src":"https:\/\/i0.wp.com\/newsofthelight.com.br\/wp-content\/uploads\/2023\/05\/IMG_4176.jpg?resize=350%2C200&ssl=1","width":350,"height":200,"srcset":"https:\/\/i0.wp.com\/newsofthelight.com.br\/wp-content\/uploads\/2023\/05\/IMG_4176.jpg?resize=350%2C200&ssl=1 1x, https:\/\/i0.wp.com\/newsofthelight.com.br\/wp-content\/uploads\/2023\/05\/IMG_4176.jpg?resize=525%2C300&ssl=1 1.5x"},"classes":[]},{"id":4619,"url":"https:\/\/newsofthelight.com.br\/?p=4619","url_meta":{"origin":5098,"position":2},"title":"Ex-Presidente Jair Bolsonaro presta depoimento sobre cart\u00f5es de vacina\u00e7\u00e3o","author":"Thiago Peres","date":"16 de maio de 2023","format":false,"excerpt":"Nesta ter\u00e7a-feira (16), o ex-presidente Jair Bolsonaro (PL) compareceu \u00e0 sede da Pol\u00edcia Federal, em Bras\u00edlia, para prestar depoimento no caso relacionado aos cart\u00f5es de vacina\u00e7\u00e3o. O objetivo da oitiva foi esclarecer as informa\u00e7\u00f5es de que ele n\u00e3o se vacinou e negar qualquer envolvimento na altera\u00e7\u00e3o de dados no aplicativo\u2026","rel":"","context":"Em &quot;Brasil&quot;","block_context":{"text":"Brasil","link":"https:\/\/newsofthelight.com.br\/?cat=38"},"img":{"alt_text":"","src":"https:\/\/i0.wp.com\/newsofthelight.com.br\/wp-content\/uploads\/2023\/05\/IMG_4309.jpeg?resize=350%2C200&ssl=1","width":350,"height":200,"srcset":"https:\/\/i0.wp.com\/newsofthelight.com.br\/wp-content\/uploads\/2023\/05\/IMG_4309.jpeg?resize=350%2C200&ssl=1 1x, https:\/\/i0.wp.com\/newsofthelight.com.br\/wp-content\/uploads\/2023\/05\/IMG_4309.jpeg?resize=525%2C300&ssl=1 1.5x, https:\/\/i0.wp.com\/newsofthelight.com.br\/wp-content\/uploads\/2023\/05\/IMG_4309.jpeg?resize=700%2C400&ssl=1 2x, https:\/\/i0.wp.com\/newsofthelight.com.br\/wp-content\/uploads\/2023\/05\/IMG_4309.jpeg?resize=1050%2C600&ssl=1 3x"},"classes":[]},{"id":7151,"url":"https:\/\/newsofthelight.com.br\/?p=7151","url_meta":{"origin":5098,"position":3},"title":"Moraes concorda com acareamento entre Walter Braga Netto e Mauro Cid","author":"Thiago Peres","date":"17 de junho de 2025","format":false,"excerpt":"Walter Braga Netto e Mauro Cid Fotografias: Marcello Casal Jr\/Ag\u00eancia Brasil Na ter\u00e7a-feira (17), o Chefe de Justi\u00e7a da Suprema Corte (STF), Alexandre de Moraes, aprovou duas a\u00e7\u00f5es judiciais contra suspeitos da tentativa de golpe em 2022. O confronto ser\u00e1 realizado na pr\u00f3xima ter\u00e7a-feira (24) na sede do tribunal em\u2026","rel":"","context":"Em &quot;Brasil&quot;","block_context":{"text":"Brasil","link":"https:\/\/newsofthelight.com.br\/?cat=38"},"img":{"alt_text":"","src":"https:\/\/i0.wp.com\/newsofthelight.com.br\/wp-content\/uploads\/2025\/06\/IMG_0364.webp?resize=350%2C200&ssl=1","width":350,"height":200,"srcset":"https:\/\/i0.wp.com\/newsofthelight.com.br\/wp-content\/uploads\/2025\/06\/IMG_0364.webp?resize=350%2C200&ssl=1 1x, https:\/\/i0.wp.com\/newsofthelight.com.br\/wp-content\/uploads\/2025\/06\/IMG_0364.webp?resize=525%2C300&ssl=1 1.5x, https:\/\/i0.wp.com\/newsofthelight.com.br\/wp-content\/uploads\/2025\/06\/IMG_0364.webp?resize=700%2C400&ssl=1 2x"},"classes":[]},{"id":7108,"url":"https:\/\/newsofthelight.com.br\/?p=7108","url_meta":{"origin":5098,"position":4},"title":"A Suprema Corte anula a pris\u00e3o de Mauro Cid","author":"Thiago Peres","date":"13 de junho de 2025","format":false,"excerpt":"Foto: Mauro Cid Legenda: Jovem Pan A Suprema Corte (STF) retirou o mandado de\u00a0 pris\u00e3o do tenente-coronel Mauro Sid. O an\u00fancio da deten\u00e7\u00e3o do ex-assistente de mandado (PL) de Jair Bolsonaro se espalhou na m\u00eddia, mas a Suprema Corte logo anulou a decis\u00e3o. Agentes federais foram \u00e0 casa de Cid\u2026","rel":"","context":"Em &quot;Pol\u00edtica&quot;","block_context":{"text":"Pol\u00edtica","link":"https:\/\/newsofthelight.com.br\/?cat=36"},"img":{"alt_text":"","src":"https:\/\/i0.wp.com\/newsofthelight.com.br\/wp-content\/uploads\/2025\/06\/img_0333-1.jpg?resize=350%2C200&ssl=1","width":350,"height":200,"srcset":"https:\/\/i0.wp.com\/newsofthelight.com.br\/wp-content\/uploads\/2025\/06\/img_0333-1.jpg?resize=350%2C200&ssl=1 1x, https:\/\/i0.wp.com\/newsofthelight.com.br\/wp-content\/uploads\/2025\/06\/img_0333-1.jpg?resize=525%2C300&ssl=1 1.5x, https:\/\/i0.wp.com\/newsofthelight.com.br\/wp-content\/uploads\/2025\/06\/img_0333-1.jpg?resize=700%2C400&ssl=1 2x, https:\/\/i0.wp.com\/newsofthelight.com.br\/wp-content\/uploads\/2025\/06\/img_0333-1.jpg?resize=1050%2C600&ssl=1 3x"},"classes":[]},{"id":7142,"url":"https:\/\/newsofthelight.com.br\/?p=7142","url_meta":{"origin":5098,"position":5},"title":"A defesa de Bolsonaro est\u00e1 pedindo a invalida\u00e7\u00e3o das acusa\u00e7\u00f5es de Mauro Cid","author":"Thiago Peres","date":"16 de junho de 2025","format":false,"excerpt":"Bolsonaro (esquerda) Mauro Cid (direita) Fonte: Pinterest Na segunda-feira (dia 16), o advogado do ex-presidente Jair Bolsonaro, acusado pela Suprema Corte de liderar um plano de golpe, exigiu o cancelamento do acordo de dela\u00e7\u00e3o premiada do tenente-coronel Mauro Cid. O advogado usou refer\u00eancias de um relat\u00f3rio da revista Veja, que\u2026","rel":"","context":"Em &quot;Brasil&quot;","block_context":{"text":"Brasil","link":"https:\/\/newsofthelight.com.br\/?cat=38"},"img":{"alt_text":"","src":"https:\/\/i0.wp.com\/newsofthelight.com.br\/wp-content\/uploads\/2025\/06\/IMG_0354.jpeg?resize=350%2C200&ssl=1","width":350,"height":200,"srcset":"https:\/\/i0.wp.com\/newsofthelight.com.br\/wp-content\/uploads\/2025\/06\/IMG_0354.jpeg?resize=350%2C200&ssl=1 1x, https:\/\/i0.wp.com\/newsofthelight.com.br\/wp-content\/uploads\/2025\/06\/IMG_0354.jpeg?resize=525%2C300&ssl=1 1.5x"},"classes":[]}],"jetpack_shortlink":"https:\/\/wp.me\/peltaF-1ke","_links":{"self":[{"href":"https:\/\/newsofthelight.com.br\/index.php?rest_route=\/wp\/v2\/posts\/5098","targetHints":{"allow":["GET"]}}],"collection":[{"href":"https:\/\/newsofthelight.com.br\/index.php?rest_route=\/wp\/v2\/posts"}],"about":[{"href":"https:\/\/newsofthelight.com.br\/index.php?rest_route=\/wp\/v2\/types\/post"}],"author":[{"embeddable":true,"href":"https:\/\/newsofthelight.com.br\/index.php?rest_route=\/wp\/v2\/users\/2"}],"replies":[{"embeddable":true,"href":"https:\/\/newsofthelight.com.br\/index.php?rest_route=%2Fwp%2Fv2%2Fcomments&post=5098"}],"version-history":[{"count":4,"href":"https:\/\/newsofthelight.com.br\/index.php?rest_route=\/wp\/v2\/posts\/5098\/revisions"}],"predecessor-version":[{"id":5103,"href":"https:\/\/newsofthelight.com.br\/index.php?rest_route=\/wp\/v2\/posts\/5098\/revisions\/5103"}],"wp:featuredmedia":[{"embeddable":true,"href":"https:\/\/newsofthelight.com.br\/index.php?rest_route=\/wp\/v2\/media\/5100"}],"wp:attachment":[{"href":"https:\/\/newsofthelight.com.br\/index.php?rest_route=%2Fwp%2Fv2%2Fmedia&parent=5098"}],"wp:term":[{"taxonomy":"category","embeddable":true,"href":"https:\/\/newsofthelight.com.br\/index.php?rest_route=%2Fwp%2Fv2%2Fcategories&post=5098"},{"taxonomy":"post_tag","embeddable":true,"href":"https:\/\/newsofthelight.com.br\/index.php?rest_route=%2Fwp%2Fv2%2Ftags&post=5098"}],"curies":[{"name":"wp","href":"https:\/\/api.w.org\/{rel}","templated":true}]}}