{"id":5092,"date":"2023-06-17T19:30:17","date_gmt":"2023-06-17T22:30:17","guid":{"rendered":"https:\/\/newsofthelight.com.br\/?p=5092"},"modified":"2023-06-17T19:31:04","modified_gmt":"2023-06-17T22:31:04","slug":"sari-corte-real-e-aceita-na-faculdade-de-medicina","status":"publish","type":"post","link":"https:\/\/newsofthelight.com.br\/?p=5092","title":{"rendered":"Sari Corte Real \u00e9 aceita na faculdade de medicina"},"content":{"rendered":"<p>Sari Mariana Costa Gaspar Corte Real, condenada pelo Tribunal de Justi\u00e7a de Pernambuco a oito anos e seis meses de reclus\u00e3o por abandono de incapaz resultando em morte, foi admitida em Faculdade de Medicina de Jaboat\u00e3o dos Guararapes, em Pernambuco . Como ex-primeira-dama de Tamandar\u00e9, cidade litor\u00e2nea do sul de Pernambuco, ela foi responsabilizada pela morte de Miguel Ot\u00e1vio Santana da Silva, de 5 anos. A crian\u00e7a caiu tragicamente do 9\u00ba andar de um pr\u00e9dio de luxo no Recife sob os cuidados de Sari, pois foi deixada sozinha em um elevador.<\/p>\n<p>A not\u00edcia da admiss\u00e3o de Sari em um programa m\u00e9dico comoveu profundamente Mirtes Souza, m\u00e3e da v\u00edtima, que expressou sua dificuldade em aceitar a informa\u00e7\u00e3o. Ela acredita que a decis\u00e3o de Sari de se formar agrava a sensa\u00e7\u00e3o de impunidade que ela sente.<\/p>\n<p>&#8220;Recebi a not\u00edcia na semana passada, e ainda estava tentando processar tudo porque foi muito pesado para mim. Vi uma postagem onde v\u00e1rias pessoas me marcaram, e me assustou. Tenho esse sentimento de impunidade por causa da decis\u00e3o dela de estudar Medicina, pelos privil\u00e9gios que tem, por ser branca, rica e vir de uma fam\u00edlia com muita influ\u00eancia na sociedade&#8221;, afirmou Mirtes.<\/p>\n<p>A defesa de Sari ainda n\u00e3o se manifestou e as tentativas de contato com o Campus Tiradentes Jaboat\u00e3o dos Guararapes, faculdade onde Sari fez o vestibular, n\u00e3o tiveram sucesso.<\/p>\n<p>Sari foi condenada na 1\u00aa Vara de Crimes contra a Crian\u00e7a e o Adolescente do Recife. De acordo com a senten\u00e7a, ela deve come\u00e7ar a cumprir a pena em cust\u00f3dia fechada. No entanto, Sari est\u00e1 apelando do veredicto enquanto permanece em liberdade.<\/p>\n<p>Ela foi autuada pelo Minist\u00e9rio P\u00fablico de Pernambuco por abandono de incapaz resultando em morte, com agravantes de crime contra crian\u00e7a e em situa\u00e7\u00e3o de calamidade p\u00fablica.<\/p>\n<p>&#8220;Foi chocante receber essa not\u00edcia. \u00c9 muito dif\u00edcil para mim, e d\u00e1 uma sensa\u00e7\u00e3o de descren\u00e7a no judici\u00e1rio. Mas parei, refleti, e vou continuar acreditando na justi\u00e7a porque n\u00e3o s\u00f3 eu, mas toda a sociedade est\u00e1 acompanhando de perto este caso&#8221;, disse Mirtes, enfatizando que a fam\u00edlia de Sari n\u00e3o demonstrou remorso por suas a\u00e7\u00f5es. &#8220;Ela me disse, minha m\u00e3e, na frente do juiz e dos meus advogados, que n\u00e3o sente remorso pelo que fez.&#8221;<\/p>\n<p>Segundo a decis\u00e3o do desembargador Jos\u00e9 Renato Bizerra, \u201cn\u00e3o h\u00e1 pedido de autoriza\u00e7\u00e3o para a pris\u00e3o preventiva dela [de Sari], e sua presun\u00e7\u00e3o de inoc\u00eancia permanece at\u00e9 o tr\u00e2nsito em julgado do caso em inst\u00e2ncias superiores, por meio de recurso, caso ocorra. &#8220;<\/p>\n","protected":false},"excerpt":{"rendered":"<p>Sari Mariana Costa Gaspar Corte Real, condenada pelo Tribunal de Justi\u00e7a de Pernambuco a oito anos e seis meses de reclus\u00e3o por abandono de incapaz resultando em morte, foi admitida em Faculdade de Medicina de Jaboat\u00e3o dos Guararapes, em Pernambuco . Como ex-primeira-dama de Tamandar\u00e9, cidade litor\u00e2nea do sul de Pernambuco, ela foi responsabilizada pela<\/p>\n","protected":false},"author":2,"featured_media":5094,"comment_status":"open","ping_status":"open","sticky":false,"template":"","format":"standard","meta":{"_jetpack_memberships_contains_paid_content":false,"footnotes":""},"categories":[38,41],"tags":[],"class_list":["post-5092","post","type-post","status-publish","format-standard","has-post-thumbnail","hentry","category-brasil","category-municipios"],"yoast_head":"<!-- This site is optimized with the Yoast SEO plugin v27.4 - https:\/\/yoast.com\/product\/yoast-seo-wordpress\/ -->\n<title>Sari Corte Real \u00e9 aceita na faculdade de medicina - Autoria - Thiago Gomes Gon\u00e7alves Peres Lima - REG 0022106\/MG<\/title>\n<meta name=\"robots\" content=\"index, follow, max-snippet:-1, max-image-preview:large, max-video-preview:-1\" \/>\n<link rel=\"canonical\" href=\"https:\/\/newsofthelight.com.br\/?p=5092\" \/>\n<meta property=\"og:locale\" content=\"pt_BR\" \/>\n<meta property=\"og:type\" content=\"article\" \/>\n<meta property=\"og:title\" content=\"Sari Corte Real \u00e9 aceita na faculdade de medicina - Autoria - Thiago Gomes Gon\u00e7alves Peres Lima - REG 0022106\/MG\" \/>\n<meta property=\"og:description\" content=\"Sari Mariana Costa Gaspar Corte Real, condenada pelo Tribunal de Justi\u00e7a de Pernambuco a oito anos e seis meses de reclus\u00e3o por abandono de incapaz resultando em morte, foi admitida em Faculdade de Medicina de Jaboat\u00e3o dos Guararapes, em Pernambuco . Como ex-primeira-dama de Tamandar\u00e9, cidade litor\u00e2nea do sul de Pernambuco, ela foi responsabilizada pela\" \/>\n<meta property=\"og:url\" content=\"https:\/\/newsofthelight.com.br\/?p=5092\" \/>\n<meta property=\"og:site_name\" content=\"Autoria - Thiago Gomes Gon\u00e7alves Peres Lima - REG 0022106\/MG\" \/>\n<meta property=\"article:published_time\" content=\"2023-06-17T22:30:17+00:00\" \/>\n<meta property=\"article:modified_time\" content=\"2023-06-17T22:31:04+00:00\" \/>\n<meta property=\"og:image\" content=\"https:\/\/newsofthelight.com.br\/wp-content\/uploads\/2023\/06\/IMG_4617.jpeg\" \/>\n\t<meta property=\"og:image:width\" content=\"344\" \/>\n\t<meta property=\"og:image:height\" content=\"450\" \/>\n\t<meta property=\"og:image:type\" content=\"image\/jpeg\" \/>\n<meta name=\"author\" content=\"Thiago Peres\" \/>\n<meta name=\"twitter:card\" content=\"summary_large_image\" \/>\n<meta name=\"twitter:label1\" content=\"Escrito por\" \/>\n\t<meta name=\"twitter:data1\" content=\"Thiago Peres\" \/>\n\t<meta name=\"twitter:label2\" content=\"Est. tempo de leitura\" \/>\n\t<meta name=\"twitter:data2\" content=\"2 minutos\" \/>\n<script type=\"application\/ld+json\" class=\"yoast-schema-graph\">{\"@context\":\"https:\\\/\\\/schema.org\",\"@graph\":[{\"@type\":\"Article\",\"@id\":\"https:\\\/\\\/newsofthelight.com.br\\\/?p=5092#article\",\"isPartOf\":{\"@id\":\"https:\\\/\\\/newsofthelight.com.br\\\/?p=5092\"},\"author\":{\"name\":\"Thiago Peres\",\"@id\":\"https:\\\/\\\/newsofthelight.com.br\\\/#\\\/schema\\\/person\\\/d4878034586ca0e04c11eac65b2f76f2\"},\"headline\":\"Sari Corte Real \u00e9 aceita na faculdade de medicina\",\"datePublished\":\"2023-06-17T22:30:17+00:00\",\"dateModified\":\"2023-06-17T22:31:04+00:00\",\"mainEntityOfPage\":{\"@id\":\"https:\\\/\\\/newsofthelight.com.br\\\/?p=5092\"},\"wordCount\":467,\"commentCount\":0,\"publisher\":{\"@id\":\"https:\\\/\\\/newsofthelight.com.br\\\/#organization\"},\"image\":{\"@id\":\"https:\\\/\\\/newsofthelight.com.br\\\/?p=5092#primaryimage\"},\"thumbnailUrl\":\"https:\\\/\\\/newsofthelight.com.br\\\/wp-content\\\/uploads\\\/2023\\\/06\\\/IMG_4617.jpeg\",\"articleSection\":[\"Brasil\",\"Munic\u00edpios\"],\"inLanguage\":\"pt-BR\",\"potentialAction\":[{\"@type\":\"CommentAction\",\"name\":\"Comment\",\"target\":[\"https:\\\/\\\/newsofthelight.com.br\\\/?p=5092#respond\"]}]},{\"@type\":\"WebPage\",\"@id\":\"https:\\\/\\\/newsofthelight.com.br\\\/?p=5092\",\"url\":\"https:\\\/\\\/newsofthelight.com.br\\\/?p=5092\",\"name\":\"Sari Corte Real \u00e9 aceita na faculdade de medicina - Autoria - Thiago Gomes Gon\u00e7alves Peres Lima - REG 0022106\\\/MG\",\"isPartOf\":{\"@id\":\"https:\\\/\\\/newsofthelight.com.br\\\/#website\"},\"primaryImageOfPage\":{\"@id\":\"https:\\\/\\\/newsofthelight.com.br\\\/?p=5092#primaryimage\"},\"image\":{\"@id\":\"https:\\\/\\\/newsofthelight.com.br\\\/?p=5092#primaryimage\"},\"thumbnailUrl\":\"https:\\\/\\\/newsofthelight.com.br\\\/wp-content\\\/uploads\\\/2023\\\/06\\\/IMG_4617.jpeg\",\"datePublished\":\"2023-06-17T22:30:17+00:00\",\"dateModified\":\"2023-06-17T22:31:04+00:00\",\"breadcrumb\":{\"@id\":\"https:\\\/\\\/newsofthelight.com.br\\\/?p=5092#breadcrumb\"},\"inLanguage\":\"pt-BR\",\"potentialAction\":[{\"@type\":\"ReadAction\",\"target\":[\"https:\\\/\\\/newsofthelight.com.br\\\/?p=5092\"]}]},{\"@type\":\"ImageObject\",\"inLanguage\":\"pt-BR\",\"@id\":\"https:\\\/\\\/newsofthelight.com.br\\\/?p=5092#primaryimage\",\"url\":\"https:\\\/\\\/newsofthelight.com.br\\\/wp-content\\\/uploads\\\/2023\\\/06\\\/IMG_4617.jpeg\",\"contentUrl\":\"https:\\\/\\\/newsofthelight.com.br\\\/wp-content\\\/uploads\\\/2023\\\/06\\\/IMG_4617.jpeg\",\"width\":344,\"height\":450},{\"@type\":\"BreadcrumbList\",\"@id\":\"https:\\\/\\\/newsofthelight.com.br\\\/?p=5092#breadcrumb\",\"itemListElement\":[{\"@type\":\"ListItem\",\"position\":1,\"name\":\"In\u00edcio\",\"item\":\"https:\\\/\\\/newsofthelight.com.br\\\/\"},{\"@type\":\"ListItem\",\"position\":2,\"name\":\"Sari Corte Real \u00e9 aceita na faculdade de medicina\"}]},{\"@type\":\"WebSite\",\"@id\":\"https:\\\/\\\/newsofthelight.com.br\\\/#website\",\"url\":\"https:\\\/\\\/newsofthelight.com.br\\\/\",\"name\":\"Autoria - Thiago Gomes Gon\u00e7alves Peres Lima - REG 0022106\\\/MG\",\"description\":\"Noticias na velocidade da luz\",\"publisher\":{\"@id\":\"https:\\\/\\\/newsofthelight.com.br\\\/#organization\"},\"potentialAction\":[{\"@type\":\"SearchAction\",\"target\":{\"@type\":\"EntryPoint\",\"urlTemplate\":\"https:\\\/\\\/newsofthelight.com.br\\\/?s={search_term_string}\"},\"query-input\":{\"@type\":\"PropertyValueSpecification\",\"valueRequired\":true,\"valueName\":\"search_term_string\"}}],\"inLanguage\":\"pt-BR\"},{\"@type\":\"Organization\",\"@id\":\"https:\\\/\\\/newsofthelight.com.br\\\/#organization\",\"name\":\"Autoria - Thiago Gomes Gon\u00e7alves Peres Lima - REG 0022106\\\/MG\",\"url\":\"https:\\\/\\\/newsofthelight.com.br\\\/\",\"logo\":{\"@type\":\"ImageObject\",\"inLanguage\":\"pt-BR\",\"@id\":\"https:\\\/\\\/newsofthelight.com.br\\\/#\\\/schema\\\/logo\\\/image\\\/\",\"url\":\"https:\\\/\\\/newsofthelight.com.br\\\/wp-content\\\/uploads\\\/2025\\\/06\\\/cropped-IMG_0217.png\",\"contentUrl\":\"https:\\\/\\\/newsofthelight.com.br\\\/wp-content\\\/uploads\\\/2025\\\/06\\\/cropped-IMG_0217.png\",\"width\":1177,\"height\":662,\"caption\":\"Autoria - Thiago Gomes Gon\u00e7alves Peres Lima - REG 0022106\\\/MG\"},\"image\":{\"@id\":\"https:\\\/\\\/newsofthelight.com.br\\\/#\\\/schema\\\/logo\\\/image\\\/\"},\"sameAs\":[\"https:\\\/\\\/www.instagram.com\\\/news_of_the_light_?igsh=b3Fwb2psamJzaXds\"]},{\"@type\":\"Person\",\"@id\":\"https:\\\/\\\/newsofthelight.com.br\\\/#\\\/schema\\\/person\\\/d4878034586ca0e04c11eac65b2f76f2\",\"name\":\"Thiago Peres\",\"image\":{\"@type\":\"ImageObject\",\"inLanguage\":\"pt-BR\",\"@id\":\"https:\\\/\\\/secure.gravatar.com\\\/avatar\\\/21d66f46d21d113e9d3dba092a500e64563ed2ed2c77db814dfc7be6345e3815?s=96&d=mm&r=g\",\"url\":\"https:\\\/\\\/secure.gravatar.com\\\/avatar\\\/21d66f46d21d113e9d3dba092a500e64563ed2ed2c77db814dfc7be6345e3815?s=96&d=mm&r=g\",\"contentUrl\":\"https:\\\/\\\/secure.gravatar.com\\\/avatar\\\/21d66f46d21d113e9d3dba092a500e64563ed2ed2c77db814dfc7be6345e3815?s=96&d=mm&r=g\",\"caption\":\"Thiago Peres\"},\"sameAs\":[\"http:\\\/\\\/newsofthelight.com.br\"],\"url\":\"https:\\\/\\\/newsofthelight.com.br\\\/?author=2\"}]}<\/script>\n<!-- \/ Yoast SEO plugin. -->","yoast_head_json":{"title":"Sari Corte Real \u00e9 aceita na faculdade de medicina - Autoria - Thiago Gomes Gon\u00e7alves Peres Lima - REG 0022106\/MG","robots":{"index":"index","follow":"follow","max-snippet":"max-snippet:-1","max-image-preview":"max-image-preview:large","max-video-preview":"max-video-preview:-1"},"canonical":"https:\/\/newsofthelight.com.br\/?p=5092","og_locale":"pt_BR","og_type":"article","og_title":"Sari Corte Real \u00e9 aceita na faculdade de medicina - Autoria - Thiago Gomes Gon\u00e7alves Peres Lima - REG 0022106\/MG","og_description":"Sari Mariana Costa Gaspar Corte Real, condenada pelo Tribunal de Justi\u00e7a de Pernambuco a oito anos e seis meses de reclus\u00e3o por abandono de incapaz resultando em morte, foi admitida em Faculdade de Medicina de Jaboat\u00e3o dos Guararapes, em Pernambuco . Como ex-primeira-dama de Tamandar\u00e9, cidade litor\u00e2nea do sul de Pernambuco, ela foi responsabilizada pela","og_url":"https:\/\/newsofthelight.com.br\/?p=5092","og_site_name":"Autoria - Thiago Gomes Gon\u00e7alves Peres Lima - REG 0022106\/MG","article_published_time":"2023-06-17T22:30:17+00:00","article_modified_time":"2023-06-17T22:31:04+00:00","og_image":[{"width":344,"height":450,"url":"https:\/\/newsofthelight.com.br\/wp-content\/uploads\/2023\/06\/IMG_4617.jpeg","type":"image\/jpeg"}],"author":"Thiago Peres","twitter_card":"summary_large_image","twitter_misc":{"Escrito por":"Thiago Peres","Est. tempo de leitura":"2 minutos"},"schema":{"@context":"https:\/\/schema.org","@graph":[{"@type":"Article","@id":"https:\/\/newsofthelight.com.br\/?p=5092#article","isPartOf":{"@id":"https:\/\/newsofthelight.com.br\/?p=5092"},"author":{"name":"Thiago Peres","@id":"https:\/\/newsofthelight.com.br\/#\/schema\/person\/d4878034586ca0e04c11eac65b2f76f2"},"headline":"Sari Corte Real \u00e9 aceita na faculdade de medicina","datePublished":"2023-06-17T22:30:17+00:00","dateModified":"2023-06-17T22:31:04+00:00","mainEntityOfPage":{"@id":"https:\/\/newsofthelight.com.br\/?p=5092"},"wordCount":467,"commentCount":0,"publisher":{"@id":"https:\/\/newsofthelight.com.br\/#organization"},"image":{"@id":"https:\/\/newsofthelight.com.br\/?p=5092#primaryimage"},"thumbnailUrl":"https:\/\/newsofthelight.com.br\/wp-content\/uploads\/2023\/06\/IMG_4617.jpeg","articleSection":["Brasil","Munic\u00edpios"],"inLanguage":"pt-BR","potentialAction":[{"@type":"CommentAction","name":"Comment","target":["https:\/\/newsofthelight.com.br\/?p=5092#respond"]}]},{"@type":"WebPage","@id":"https:\/\/newsofthelight.com.br\/?p=5092","url":"https:\/\/newsofthelight.com.br\/?p=5092","name":"Sari Corte Real \u00e9 aceita na faculdade de medicina - Autoria - Thiago Gomes Gon\u00e7alves Peres Lima - REG 0022106\/MG","isPartOf":{"@id":"https:\/\/newsofthelight.com.br\/#website"},"primaryImageOfPage":{"@id":"https:\/\/newsofthelight.com.br\/?p=5092#primaryimage"},"image":{"@id":"https:\/\/newsofthelight.com.br\/?p=5092#primaryimage"},"thumbnailUrl":"https:\/\/newsofthelight.com.br\/wp-content\/uploads\/2023\/06\/IMG_4617.jpeg","datePublished":"2023-06-17T22:30:17+00:00","dateModified":"2023-06-17T22:31:04+00:00","breadcrumb":{"@id":"https:\/\/newsofthelight.com.br\/?p=5092#breadcrumb"},"inLanguage":"pt-BR","potentialAction":[{"@type":"ReadAction","target":["https:\/\/newsofthelight.com.br\/?p=5092"]}]},{"@type":"ImageObject","inLanguage":"pt-BR","@id":"https:\/\/newsofthelight.com.br\/?p=5092#primaryimage","url":"https:\/\/newsofthelight.com.br\/wp-content\/uploads\/2023\/06\/IMG_4617.jpeg","contentUrl":"https:\/\/newsofthelight.com.br\/wp-content\/uploads\/2023\/06\/IMG_4617.jpeg","width":344,"height":450},{"@type":"BreadcrumbList","@id":"https:\/\/newsofthelight.com.br\/?p=5092#breadcrumb","itemListElement":[{"@type":"ListItem","position":1,"name":"In\u00edcio","item":"https:\/\/newsofthelight.com.br\/"},{"@type":"ListItem","position":2,"name":"Sari Corte Real \u00e9 aceita na faculdade de medicina"}]},{"@type":"WebSite","@id":"https:\/\/newsofthelight.com.br\/#website","url":"https:\/\/newsofthelight.com.br\/","name":"Autoria - Thiago Gomes Gon\u00e7alves Peres Lima - REG 0022106\/MG","description":"Noticias na velocidade da luz","publisher":{"@id":"https:\/\/newsofthelight.com.br\/#organization"},"potentialAction":[{"@type":"SearchAction","target":{"@type":"EntryPoint","urlTemplate":"https:\/\/newsofthelight.com.br\/?s={search_term_string}"},"query-input":{"@type":"PropertyValueSpecification","valueRequired":true,"valueName":"search_term_string"}}],"inLanguage":"pt-BR"},{"@type":"Organization","@id":"https:\/\/newsofthelight.com.br\/#organization","name":"Autoria - Thiago Gomes Gon\u00e7alves Peres Lima - REG 0022106\/MG","url":"https:\/\/newsofthelight.com.br\/","logo":{"@type":"ImageObject","inLanguage":"pt-BR","@id":"https:\/\/newsofthelight.com.br\/#\/schema\/logo\/image\/","url":"https:\/\/newsofthelight.com.br\/wp-content\/uploads\/2025\/06\/cropped-IMG_0217.png","contentUrl":"https:\/\/newsofthelight.com.br\/wp-content\/uploads\/2025\/06\/cropped-IMG_0217.png","width":1177,"height":662,"caption":"Autoria - Thiago Gomes Gon\u00e7alves Peres Lima - REG 0022106\/MG"},"image":{"@id":"https:\/\/newsofthelight.com.br\/#\/schema\/logo\/image\/"},"sameAs":["https:\/\/www.instagram.com\/news_of_the_light_?igsh=b3Fwb2psamJzaXds"]},{"@type":"Person","@id":"https:\/\/newsofthelight.com.br\/#\/schema\/person\/d4878034586ca0e04c11eac65b2f76f2","name":"Thiago Peres","image":{"@type":"ImageObject","inLanguage":"pt-BR","@id":"https:\/\/secure.gravatar.com\/avatar\/21d66f46d21d113e9d3dba092a500e64563ed2ed2c77db814dfc7be6345e3815?s=96&d=mm&r=g","url":"https:\/\/secure.gravatar.com\/avatar\/21d66f46d21d113e9d3dba092a500e64563ed2ed2c77db814dfc7be6345e3815?s=96&d=mm&r=g","contentUrl":"https:\/\/secure.gravatar.com\/avatar\/21d66f46d21d113e9d3dba092a500e64563ed2ed2c77db814dfc7be6345e3815?s=96&d=mm&r=g","caption":"Thiago Peres"},"sameAs":["http:\/\/newsofthelight.com.br"],"url":"https:\/\/newsofthelight.com.br\/?author=2"}]}},"jetpack_featured_media_url":"https:\/\/newsofthelight.com.br\/wp-content\/uploads\/2023\/06\/IMG_4617.jpeg","jetpack_sharing_enabled":true,"jetpack-related-posts":[{"id":7375,"url":"https:\/\/newsofthelight.com.br\/?p=7375","url_meta":{"origin":5092,"position":0},"title":"Caso Miguel Ot\u00e1vio Santana da Silva completa cinco anos","author":"Thiago Peres","date":"8 de julho de 2025","format":false,"excerpt":"Foto: Miguel, Mirtes e Sar\u00ed Fonte: Canal Papo de Preta A ex-empregada Mirtes Renata Santana de Souza sofre com a perda do menino Miguel h\u00e1 cinco anos. Em 2020, quando a patroa de sua m\u00e3e, Sar\u00ed Corte Real, o deixou sozinho em um elevador de servi\u00e7o, o menino caiu da\u2026","rel":"","context":"Em &quot;Brasil&quot;","block_context":{"text":"Brasil","link":"https:\/\/newsofthelight.com.br\/?cat=38"},"img":{"alt_text":"","src":"","width":0,"height":0},"classes":[]},{"id":2061,"url":"https:\/\/newsofthelight.com.br\/?p=2061","url_meta":{"origin":5092,"position":1},"title":"Segunda temporada de Young Royals chega trazendo enredo demorado, por\u00e9m bem constru\u00eddo","author":"Thiago Peres","date":"7 de novembro de 2022","format":false,"excerpt":"Em seu segundo ano, Young Royals chegou na Netflix trazendo um enredo que demorou para ganhar corpo, mas conseguiu prender e cativar o p\u00fablico uma vez mais.\u00a0Na segunda temporada vemos o pr\u00edncipe Wilhelm regressando ao internato disposto a se vingar de seu primo August, depois dele expor um v\u00eddeo dele\u2026","rel":"","context":"Em &quot;Entretenimento&quot;","block_context":{"text":"Entretenimento","link":"https:\/\/newsofthelight.com.br\/?cat=42"},"img":{"alt_text":"","src":"https:\/\/i0.wp.com\/newsofthelight.com.br\/wp-content\/uploads\/2022\/11\/05192296-882D-4C11-BE7F-D4828D0CF95A.jpeg?resize=350%2C200&ssl=1","width":350,"height":200,"srcset":"https:\/\/i0.wp.com\/newsofthelight.com.br\/wp-content\/uploads\/2022\/11\/05192296-882D-4C11-BE7F-D4828D0CF95A.jpeg?resize=350%2C200&ssl=1 1x, https:\/\/i0.wp.com\/newsofthelight.com.br\/wp-content\/uploads\/2022\/11\/05192296-882D-4C11-BE7F-D4828D0CF95A.jpeg?resize=525%2C300&ssl=1 1.5x, https:\/\/i0.wp.com\/newsofthelight.com.br\/wp-content\/uploads\/2022\/11\/05192296-882D-4C11-BE7F-D4828D0CF95A.jpeg?resize=700%2C400&ssl=1 2x, https:\/\/i0.wp.com\/newsofthelight.com.br\/wp-content\/uploads\/2022\/11\/05192296-882D-4C11-BE7F-D4828D0CF95A.jpeg?resize=1050%2C600&ssl=1 3x"},"classes":[]},{"id":6542,"url":"https:\/\/newsofthelight.com.br\/?p=6542","url_meta":{"origin":5092,"position":2},"title":"Tribunal Estadual de Pernambuco decide libertar a advogada Deolane Bezerra&nbsp;","author":"Thiago Peres","date":"9 de setembro de 2024","format":false,"excerpt":"O Tribunal de Justi\u00e7a do Estado de Pernambuco (TJPE) concedeu liberdade \u00e0 advogada e influenciadora Deolane Bezerra na manh\u00e3 desta segunda-feira (9), ap\u00f3s pedido de sua defesa. Por\u00e9m, a decis\u00e3o da Justi\u00e7a s\u00f3 beneficiar\u00e1 a influenciadora e, por isso, sua m\u00e3e, Solange Bezerra, permanecer\u00e1 presa. De acordo com o Portal\u2026","rel":"","context":"Em &quot;Policia&quot;","block_context":{"text":"Policia","link":"https:\/\/newsofthelight.com.br\/?cat=37"},"img":{"alt_text":"","src":"https:\/\/i0.wp.com\/newsofthelight.com.br\/wp-content\/uploads\/2024\/09\/img_5799.jpg?resize=350%2C200&ssl=1","width":350,"height":200,"srcset":"https:\/\/i0.wp.com\/newsofthelight.com.br\/wp-content\/uploads\/2024\/09\/img_5799.jpg?resize=350%2C200&ssl=1 1x, https:\/\/i0.wp.com\/newsofthelight.com.br\/wp-content\/uploads\/2024\/09\/img_5799.jpg?resize=525%2C300&ssl=1 1.5x, https:\/\/i0.wp.com\/newsofthelight.com.br\/wp-content\/uploads\/2024\/09\/img_5799.jpg?resize=700%2C400&ssl=1 2x"},"classes":[]},{"id":6484,"url":"https:\/\/newsofthelight.com.br\/?p=6484","url_meta":{"origin":5092,"position":3},"title":"Tribunal de Justi\u00e7a de Pernambuco mant\u00e9m pris\u00e3o de advogada e influenciadora Deolane Bezerra e m\u00e3e&nbsp;","author":"Thiago Peres","date":"5 de setembro de 2024","format":false,"excerpt":"O estado de Pernambuco manteve a pris\u00e3o do advogado e influenciador Deolane Bezerra ap\u00f3s uma audi\u00eancia de deten\u00e7\u00e3o realizada nesta quinta-feira (5). O congresso foi realizado um dia ap\u00f3s as deten\u00e7\u00f5es no Recife. Deolane foi detida numa opera\u00e7\u00e3o policial privada que investigava uma organiza\u00e7\u00e3o criminosa envolvida em jogos ilegais e\u2026","rel":"","context":"Em &quot;Policia&quot;","block_context":{"text":"Policia","link":"https:\/\/newsofthelight.com.br\/?cat=37"},"img":{"alt_text":"","src":"https:\/\/i0.wp.com\/newsofthelight.com.br\/wp-content\/uploads\/2024\/09\/img_5774-1.jpg?resize=350%2C200&ssl=1","width":350,"height":200,"srcset":"https:\/\/i0.wp.com\/newsofthelight.com.br\/wp-content\/uploads\/2024\/09\/img_5774-1.jpg?resize=350%2C200&ssl=1 1x, https:\/\/i0.wp.com\/newsofthelight.com.br\/wp-content\/uploads\/2024\/09\/img_5774-1.jpg?resize=525%2C300&ssl=1 1.5x, https:\/\/i0.wp.com\/newsofthelight.com.br\/wp-content\/uploads\/2024\/09\/img_5774-1.jpg?resize=700%2C400&ssl=1 2x"},"classes":[]},{"id":6900,"url":"https:\/\/newsofthelight.com.br\/?p=6900","url_meta":{"origin":5092,"position":4},"title":"O cart\u00e3o Travessia fornecer\u00e1 um aplicativo de R$500 em transporte para PCDs e dificuldades de mobilidade; descubra quem pode se registrar","author":"Thiago Peres","date":"3 de junho de 2025","format":false,"excerpt":"Travessia tem uma frota de carga adaptativa e regular que atende 46 munic\u00edpios em Maranh\u00e3o. - Foto: Governo P\u00fablico\/Maranh\u00e3o A transfer\u00eancia para o cart\u00e3o Travessia est\u00e1 aberta, uma nova metodologia do programa Travessia que garantir\u00e1 300 pessoas na Grande S\u00e3o Lu\u00eds com um empr\u00e9stimo privado de 500 reais para aplica\u00e7\u00f5es\u2026","rel":"","context":"Em &quot;Munic\u00edpios&quot;","block_context":{"text":"Munic\u00edpios","link":"https:\/\/newsofthelight.com.br\/?cat=41"},"img":{"alt_text":"","src":"https:\/\/i0.wp.com\/newsofthelight.com.br\/wp-content\/uploads\/2025\/06\/img_0218.jpg?resize=350%2C200&ssl=1","width":350,"height":200,"srcset":"https:\/\/i0.wp.com\/newsofthelight.com.br\/wp-content\/uploads\/2025\/06\/img_0218.jpg?resize=350%2C200&ssl=1 1x, https:\/\/i0.wp.com\/newsofthelight.com.br\/wp-content\/uploads\/2025\/06\/img_0218.jpg?resize=525%2C300&ssl=1 1.5x, https:\/\/i0.wp.com\/newsofthelight.com.br\/wp-content\/uploads\/2025\/06\/img_0218.jpg?resize=700%2C400&ssl=1 2x"},"classes":[]},{"id":6560,"url":"https:\/\/newsofthelight.com.br\/?p=6560","url_meta":{"origin":5092,"position":5},"title":"A justi\u00e7a prova que a fam\u00edlia de Deolane pagava os f\u00e3s na pris\u00e3o","author":"Thiago Peres","date":"12 de setembro de 2024","format":false,"excerpt":"O juiz Eduardo Guilliod Maranh\u00e3o, do Tribunal de Justi\u00e7a do Estado de Pernambuco, disse que Deolane desrespeitou a justi\u00e7a ao rejeitar um novo pedido de a\u00e7\u00e3o pessoal da influenciadora e advogada Deolane Bezerra. Foi tamb\u00e9m confirmado que os f\u00e3s \u00e0 porta da pris\u00e3o foram pagos pelas irm\u00e3s influenciadoras Dayanne e\u2026","rel":"","context":"Em &quot;Policia&quot;","block_context":{"text":"Policia","link":"https:\/\/newsofthelight.com.br\/?cat=37"},"img":{"alt_text":"","src":"https:\/\/i0.wp.com\/newsofthelight.com.br\/wp-content\/uploads\/2024\/09\/img_5809-1.jpg?resize=350%2C200&ssl=1","width":350,"height":200,"srcset":"https:\/\/i0.wp.com\/newsofthelight.com.br\/wp-content\/uploads\/2024\/09\/img_5809-1.jpg?resize=350%2C200&ssl=1 1x, https:\/\/i0.wp.com\/newsofthelight.com.br\/wp-content\/uploads\/2024\/09\/img_5809-1.jpg?resize=525%2C300&ssl=1 1.5x, https:\/\/i0.wp.com\/newsofthelight.com.br\/wp-content\/uploads\/2024\/09\/img_5809-1.jpg?resize=700%2C400&ssl=1 2x"},"classes":[]}],"jetpack_shortlink":"https:\/\/wp.me\/peltaF-1k8","_links":{"self":[{"href":"https:\/\/newsofthelight.com.br\/index.php?rest_route=\/wp\/v2\/posts\/5092","targetHints":{"allow":["GET"]}}],"collection":[{"href":"https:\/\/newsofthelight.com.br\/index.php?rest_route=\/wp\/v2\/posts"}],"about":[{"href":"https:\/\/newsofthelight.com.br\/index.php?rest_route=\/wp\/v2\/types\/post"}],"author":[{"embeddable":true,"href":"https:\/\/newsofthelight.com.br\/index.php?rest_route=\/wp\/v2\/users\/2"}],"replies":[{"embeddable":true,"href":"https:\/\/newsofthelight.com.br\/index.php?rest_route=%2Fwp%2Fv2%2Fcomments&post=5092"}],"version-history":[{"count":4,"href":"https:\/\/newsofthelight.com.br\/index.php?rest_route=\/wp\/v2\/posts\/5092\/revisions"}],"predecessor-version":[{"id":5097,"href":"https:\/\/newsofthelight.com.br\/index.php?rest_route=\/wp\/v2\/posts\/5092\/revisions\/5097"}],"wp:featuredmedia":[{"embeddable":true,"href":"https:\/\/newsofthelight.com.br\/index.php?rest_route=\/wp\/v2\/media\/5094"}],"wp:attachment":[{"href":"https:\/\/newsofthelight.com.br\/index.php?rest_route=%2Fwp%2Fv2%2Fmedia&parent=5092"}],"wp:term":[{"taxonomy":"category","embeddable":true,"href":"https:\/\/newsofthelight.com.br\/index.php?rest_route=%2Fwp%2Fv2%2Fcategories&post=5092"},{"taxonomy":"post_tag","embeddable":true,"href":"https:\/\/newsofthelight.com.br\/index.php?rest_route=%2Fwp%2Fv2%2Ftags&post=5092"}],"curies":[{"name":"wp","href":"https:\/\/api.w.org\/{rel}","templated":true}]}}