{"id":4106,"date":"2023-03-31T19:30:03","date_gmt":"2023-03-31T22:30:03","guid":{"rendered":"https:\/\/newsofthelight.com.br\/?p=4106"},"modified":"2023-03-31T19:32:55","modified_gmt":"2023-03-31T22:32:55","slug":"de-volta-ao-brasil-bolsonaro-faz-discurso-a-seus-apoiadores","status":"publish","type":"post","link":"https:\/\/newsofthelight.com.br\/?p=4106","title":{"rendered":"De volta ao Brasil, Bolsonaro faz discurso a seus apoiadores"},"content":{"rendered":"<p>Ap\u00f3s tr\u00eas meses nos Estados Unidos, o ex-presidente Jair Messias Bolsonaro regressou para tomar posse como presidente honor\u00e1rio do Partido Liberal (PL)\u00a0 e enfatiza a oposi\u00e7\u00e3o ao governo de Luiz In\u00e1cio Lula da Silva (PT).\u00a0<\/p>\n<p>Ao retornar ao pa\u00eds nesta quinta-feira (30), Bolsonaro fez um discurso onde fez diversas cr\u00edticas negativas ao atual governo e ao partido do chefe do executivo. Com v\u00e1rios processos em andamento no Brasil, Bolsonaro pode ficar impossibilitado de se candidatar em um calor pol\u00edtico novamente.\u00a0<\/p>\n<p>_ Mostrando a estas pessoas (Partido dos Trabalhadores) que por agora e por pouco tempo ele (Presidente Luiz In\u00e1cio Lula da Silva) est\u00e1 no poder, n\u00e3o vai fazer o que quer no futuro da nossa na\u00e7\u00e3o. Somos praticamente 20% das bancadas (no Congresso), para al\u00e9m de outros colegas nossos que aqui se encontram de v\u00e1rios outros partidos. Temos uma maioria dentro do Congresso. _ declarou o ex-presidente a uma multid\u00e3o de apoiadores que o recebeu em sua chegada ao aeroporto de Bras\u00edlia.<\/p>\n<p>As den\u00fancias foram feitas ap\u00f3s o ex-ministro de Minas e Energia Bento Albuquerque e seu ex-assessor Marcos Andr\u00e9 tentarem adentrar ao Brasil sem declarar um kit de j\u00f3ias femininas que eram um presente do pr\u00edncipe \u00e1rabe Mohammad bin Salman para a ex-primeira-dama Michelle Bolsonaro. Outros dois kits estavam arquivados no acervo pessoal de Bolsonaro, o que \u00e9 ilegal, sendo que um deles j\u00e1 foi devolvido e o outro j\u00e1 foi registrado por sua defesa.<\/p>\n<p>O ex-presidente ir\u00e1 depor sobre o caso no dia 5 de abril \u00e0 Pol\u00edcia Federal.<\/p>\n<p>Veja abaixo o discurso que Bolsonaro deu a seus apoiadores ao chegar ao Brasil:<\/p>\n<div style=\"width: 576px;\" class=\"wp-video\"><!--[if lt IE 9]><script>document.createElement('video');<\/script><![endif]-->\n<video class=\"wp-video-shortcode\" id=\"video-4106-1\" width=\"576\" height=\"1024\" preload=\"metadata\" controls=\"controls\"><source type=\"video\/mp4\" src=\"https:\/\/newsofthelight.com.br\/wp-content\/uploads\/2023\/03\/v09044g40000cgipmnrc77ufg9pma25g.mp4?_=1\" \/><a href=\"https:\/\/newsofthelight.com.br\/wp-content\/uploads\/2023\/03\/v09044g40000cgipmnrc77ufg9pma25g.mp4\">https:\/\/newsofthelight.com.br\/wp-content\/uploads\/2023\/03\/v09044g40000cgipmnrc77ufg9pma25g.mp4<\/a><\/video><\/div>\n","protected":false},"excerpt":{"rendered":"<p>Ap\u00f3s tr\u00eas meses nos Estados Unidos, o ex-presidente Jair Messias Bolsonaro regressou para tomar posse como presidente honor\u00e1rio do Partido Liberal (PL)\u00a0 e enfatiza a oposi\u00e7\u00e3o ao governo de Luiz In\u00e1cio Lula da Silva (PT).\u00a0 Ao retornar ao pa\u00eds nesta quinta-feira (30), Bolsonaro fez um discurso onde fez diversas cr\u00edticas negativas ao atual governo e<\/p>\n","protected":false},"author":2,"featured_media":4109,"comment_status":"open","ping_status":"open","sticky":false,"template":"","format":"standard","meta":{"_jetpack_memberships_contains_paid_content":false,"footnotes":""},"categories":[38,36],"tags":[],"class_list":["post-4106","post","type-post","status-publish","format-standard","has-post-thumbnail","hentry","category-brasil","category-politica"],"yoast_head":"<!-- This site is optimized with the Yoast SEO plugin v27.5 - https:\/\/yoast.com\/product\/yoast-seo-wordpress\/ -->\n<title>De volta ao Brasil, Bolsonaro faz discurso a seus apoiadores - Autoria - Thiago Gomes Gon\u00e7alves Peres Lima - REG 0022106\/MG<\/title>\n<meta name=\"robots\" content=\"index, follow, max-snippet:-1, max-image-preview:large, max-video-preview:-1\" \/>\n<link rel=\"canonical\" href=\"https:\/\/newsofthelight.com.br\/?p=4106\" \/>\n<meta property=\"og:locale\" content=\"pt_BR\" \/>\n<meta property=\"og:type\" content=\"article\" \/>\n<meta property=\"og:title\" content=\"De volta ao Brasil, Bolsonaro faz discurso a seus apoiadores - Autoria - Thiago Gomes Gon\u00e7alves Peres Lima - REG 0022106\/MG\" \/>\n<meta property=\"og:description\" content=\"Ap\u00f3s tr\u00eas meses nos Estados Unidos, o ex-presidente Jair Messias Bolsonaro regressou para tomar posse como presidente honor\u00e1rio do Partido Liberal (PL)\u00a0 e enfatiza a oposi\u00e7\u00e3o ao governo de Luiz In\u00e1cio Lula da Silva (PT).\u00a0 Ao retornar ao pa\u00eds nesta quinta-feira (30), Bolsonaro fez um discurso onde fez diversas cr\u00edticas negativas ao atual governo e\" \/>\n<meta property=\"og:url\" content=\"https:\/\/newsofthelight.com.br\/?p=4106\" \/>\n<meta property=\"og:site_name\" content=\"Autoria - Thiago Gomes Gon\u00e7alves Peres Lima - REG 0022106\/MG\" \/>\n<meta property=\"article:published_time\" content=\"2023-03-31T22:30:03+00:00\" \/>\n<meta property=\"article:modified_time\" content=\"2023-03-31T22:32:55+00:00\" \/>\n<meta property=\"og:image\" content=\"https:\/\/newsofthelight.com.br\/wp-content\/uploads\/2023\/03\/IMG_4056.jpeg\" \/>\n\t<meta property=\"og:image:width\" content=\"1125\" \/>\n\t<meta property=\"og:image:height\" content=\"634\" \/>\n\t<meta property=\"og:image:type\" content=\"image\/jpeg\" \/>\n<meta name=\"author\" content=\"Thiago Peres\" \/>\n<meta name=\"twitter:card\" content=\"summary_large_image\" \/>\n<meta name=\"twitter:label1\" content=\"Escrito por\" \/>\n\t<meta name=\"twitter:data1\" content=\"Thiago Peres\" \/>\n\t<meta name=\"twitter:label2\" content=\"Est. tempo de leitura\" \/>\n\t<meta name=\"twitter:data2\" content=\"1 minuto\" \/>\n<script type=\"application\/ld+json\" class=\"yoast-schema-graph\">{\"@context\":\"https:\\\/\\\/schema.org\",\"@graph\":[{\"@type\":\"Article\",\"@id\":\"https:\\\/\\\/newsofthelight.com.br\\\/?p=4106#article\",\"isPartOf\":{\"@id\":\"https:\\\/\\\/newsofthelight.com.br\\\/?p=4106\"},\"author\":{\"name\":\"Thiago Peres\",\"@id\":\"https:\\\/\\\/newsofthelight.com.br\\\/#\\\/schema\\\/person\\\/d4878034586ca0e04c11eac65b2f76f2\"},\"headline\":\"De volta ao Brasil, Bolsonaro faz discurso a seus apoiadores\",\"datePublished\":\"2023-03-31T22:30:03+00:00\",\"dateModified\":\"2023-03-31T22:32:55+00:00\",\"mainEntityOfPage\":{\"@id\":\"https:\\\/\\\/newsofthelight.com.br\\\/?p=4106\"},\"wordCount\":307,\"commentCount\":0,\"publisher\":{\"@id\":\"https:\\\/\\\/newsofthelight.com.br\\\/#organization\"},\"image\":{\"@id\":\"https:\\\/\\\/newsofthelight.com.br\\\/?p=4106#primaryimage\"},\"thumbnailUrl\":\"https:\\\/\\\/newsofthelight.com.br\\\/wp-content\\\/uploads\\\/2023\\\/03\\\/IMG_4056.jpeg\",\"articleSection\":[\"Brasil\",\"Pol\u00edtica\"],\"inLanguage\":\"pt-BR\",\"potentialAction\":[{\"@type\":\"CommentAction\",\"name\":\"Comment\",\"target\":[\"https:\\\/\\\/newsofthelight.com.br\\\/?p=4106#respond\"]}]},{\"@type\":\"WebPage\",\"@id\":\"https:\\\/\\\/newsofthelight.com.br\\\/?p=4106\",\"url\":\"https:\\\/\\\/newsofthelight.com.br\\\/?p=4106\",\"name\":\"De volta ao Brasil, Bolsonaro faz discurso a seus apoiadores - Autoria - Thiago Gomes Gon\u00e7alves Peres Lima - REG 0022106\\\/MG\",\"isPartOf\":{\"@id\":\"https:\\\/\\\/newsofthelight.com.br\\\/#website\"},\"primaryImageOfPage\":{\"@id\":\"https:\\\/\\\/newsofthelight.com.br\\\/?p=4106#primaryimage\"},\"image\":{\"@id\":\"https:\\\/\\\/newsofthelight.com.br\\\/?p=4106#primaryimage\"},\"thumbnailUrl\":\"https:\\\/\\\/newsofthelight.com.br\\\/wp-content\\\/uploads\\\/2023\\\/03\\\/IMG_4056.jpeg\",\"datePublished\":\"2023-03-31T22:30:03+00:00\",\"dateModified\":\"2023-03-31T22:32:55+00:00\",\"breadcrumb\":{\"@id\":\"https:\\\/\\\/newsofthelight.com.br\\\/?p=4106#breadcrumb\"},\"inLanguage\":\"pt-BR\",\"potentialAction\":[{\"@type\":\"ReadAction\",\"target\":[\"https:\\\/\\\/newsofthelight.com.br\\\/?p=4106\"]}]},{\"@type\":\"ImageObject\",\"inLanguage\":\"pt-BR\",\"@id\":\"https:\\\/\\\/newsofthelight.com.br\\\/?p=4106#primaryimage\",\"url\":\"https:\\\/\\\/newsofthelight.com.br\\\/wp-content\\\/uploads\\\/2023\\\/03\\\/IMG_4056.jpeg\",\"contentUrl\":\"https:\\\/\\\/newsofthelight.com.br\\\/wp-content\\\/uploads\\\/2023\\\/03\\\/IMG_4056.jpeg\",\"width\":1125,\"height\":634},{\"@type\":\"BreadcrumbList\",\"@id\":\"https:\\\/\\\/newsofthelight.com.br\\\/?p=4106#breadcrumb\",\"itemListElement\":[{\"@type\":\"ListItem\",\"position\":1,\"name\":\"In\u00edcio\",\"item\":\"https:\\\/\\\/newsofthelight.com.br\\\/\"},{\"@type\":\"ListItem\",\"position\":2,\"name\":\"De volta ao Brasil, Bolsonaro faz discurso a seus apoiadores\"}]},{\"@type\":\"WebSite\",\"@id\":\"https:\\\/\\\/newsofthelight.com.br\\\/#website\",\"url\":\"https:\\\/\\\/newsofthelight.com.br\\\/\",\"name\":\"Autoria - Thiago Gomes Gon\u00e7alves Peres Lima - REG 0022106\\\/MG\",\"description\":\"Noticias na velocidade da luz\",\"publisher\":{\"@id\":\"https:\\\/\\\/newsofthelight.com.br\\\/#organization\"},\"potentialAction\":[{\"@type\":\"SearchAction\",\"target\":{\"@type\":\"EntryPoint\",\"urlTemplate\":\"https:\\\/\\\/newsofthelight.com.br\\\/?s={search_term_string}\"},\"query-input\":{\"@type\":\"PropertyValueSpecification\",\"valueRequired\":true,\"valueName\":\"search_term_string\"}}],\"inLanguage\":\"pt-BR\"},{\"@type\":\"Organization\",\"@id\":\"https:\\\/\\\/newsofthelight.com.br\\\/#organization\",\"name\":\"Autoria - Thiago Gomes Gon\u00e7alves Peres Lima - REG 0022106\\\/MG\",\"url\":\"https:\\\/\\\/newsofthelight.com.br\\\/\",\"logo\":{\"@type\":\"ImageObject\",\"inLanguage\":\"pt-BR\",\"@id\":\"https:\\\/\\\/newsofthelight.com.br\\\/#\\\/schema\\\/logo\\\/image\\\/\",\"url\":\"https:\\\/\\\/newsofthelight.com.br\\\/wp-content\\\/uploads\\\/2025\\\/06\\\/cropped-IMG_0217.png\",\"contentUrl\":\"https:\\\/\\\/newsofthelight.com.br\\\/wp-content\\\/uploads\\\/2025\\\/06\\\/cropped-IMG_0217.png\",\"width\":1177,\"height\":662,\"caption\":\"Autoria - Thiago Gomes Gon\u00e7alves Peres Lima - REG 0022106\\\/MG\"},\"image\":{\"@id\":\"https:\\\/\\\/newsofthelight.com.br\\\/#\\\/schema\\\/logo\\\/image\\\/\"},\"sameAs\":[\"https:\\\/\\\/www.instagram.com\\\/news_of_the_light_?igsh=b3Fwb2psamJzaXds\"]},{\"@type\":\"Person\",\"@id\":\"https:\\\/\\\/newsofthelight.com.br\\\/#\\\/schema\\\/person\\\/d4878034586ca0e04c11eac65b2f76f2\",\"name\":\"Thiago Peres\",\"image\":{\"@type\":\"ImageObject\",\"inLanguage\":\"pt-BR\",\"@id\":\"https:\\\/\\\/secure.gravatar.com\\\/avatar\\\/21d66f46d21d113e9d3dba092a500e64563ed2ed2c77db814dfc7be6345e3815?s=96&d=mm&r=g\",\"url\":\"https:\\\/\\\/secure.gravatar.com\\\/avatar\\\/21d66f46d21d113e9d3dba092a500e64563ed2ed2c77db814dfc7be6345e3815?s=96&d=mm&r=g\",\"contentUrl\":\"https:\\\/\\\/secure.gravatar.com\\\/avatar\\\/21d66f46d21d113e9d3dba092a500e64563ed2ed2c77db814dfc7be6345e3815?s=96&d=mm&r=g\",\"caption\":\"Thiago Peres\"},\"sameAs\":[\"http:\\\/\\\/newsofthelight.com.br\"],\"url\":\"https:\\\/\\\/newsofthelight.com.br\\\/?author=2\"}]}<\/script>\n<!-- \/ Yoast SEO plugin. -->","yoast_head_json":{"title":"De volta ao Brasil, Bolsonaro faz discurso a seus apoiadores - Autoria - Thiago Gomes Gon\u00e7alves Peres Lima - REG 0022106\/MG","robots":{"index":"index","follow":"follow","max-snippet":"max-snippet:-1","max-image-preview":"max-image-preview:large","max-video-preview":"max-video-preview:-1"},"canonical":"https:\/\/newsofthelight.com.br\/?p=4106","og_locale":"pt_BR","og_type":"article","og_title":"De volta ao Brasil, Bolsonaro faz discurso a seus apoiadores - Autoria - Thiago Gomes Gon\u00e7alves Peres Lima - REG 0022106\/MG","og_description":"Ap\u00f3s tr\u00eas meses nos Estados Unidos, o ex-presidente Jair Messias Bolsonaro regressou para tomar posse como presidente honor\u00e1rio do Partido Liberal (PL)\u00a0 e enfatiza a oposi\u00e7\u00e3o ao governo de Luiz In\u00e1cio Lula da Silva (PT).\u00a0 Ao retornar ao pa\u00eds nesta quinta-feira (30), Bolsonaro fez um discurso onde fez diversas cr\u00edticas negativas ao atual governo e","og_url":"https:\/\/newsofthelight.com.br\/?p=4106","og_site_name":"Autoria - Thiago Gomes Gon\u00e7alves Peres Lima - REG 0022106\/MG","article_published_time":"2023-03-31T22:30:03+00:00","article_modified_time":"2023-03-31T22:32:55+00:00","og_image":[{"width":1125,"height":634,"url":"https:\/\/newsofthelight.com.br\/wp-content\/uploads\/2023\/03\/IMG_4056.jpeg","type":"image\/jpeg"}],"author":"Thiago Peres","twitter_card":"summary_large_image","twitter_misc":{"Escrito por":"Thiago Peres","Est. tempo de leitura":"1 minuto"},"schema":{"@context":"https:\/\/schema.org","@graph":[{"@type":"Article","@id":"https:\/\/newsofthelight.com.br\/?p=4106#article","isPartOf":{"@id":"https:\/\/newsofthelight.com.br\/?p=4106"},"author":{"name":"Thiago Peres","@id":"https:\/\/newsofthelight.com.br\/#\/schema\/person\/d4878034586ca0e04c11eac65b2f76f2"},"headline":"De volta ao Brasil, Bolsonaro faz discurso a seus apoiadores","datePublished":"2023-03-31T22:30:03+00:00","dateModified":"2023-03-31T22:32:55+00:00","mainEntityOfPage":{"@id":"https:\/\/newsofthelight.com.br\/?p=4106"},"wordCount":307,"commentCount":0,"publisher":{"@id":"https:\/\/newsofthelight.com.br\/#organization"},"image":{"@id":"https:\/\/newsofthelight.com.br\/?p=4106#primaryimage"},"thumbnailUrl":"https:\/\/newsofthelight.com.br\/wp-content\/uploads\/2023\/03\/IMG_4056.jpeg","articleSection":["Brasil","Pol\u00edtica"],"inLanguage":"pt-BR","potentialAction":[{"@type":"CommentAction","name":"Comment","target":["https:\/\/newsofthelight.com.br\/?p=4106#respond"]}]},{"@type":"WebPage","@id":"https:\/\/newsofthelight.com.br\/?p=4106","url":"https:\/\/newsofthelight.com.br\/?p=4106","name":"De volta ao Brasil, Bolsonaro faz discurso a seus apoiadores - Autoria - Thiago Gomes Gon\u00e7alves Peres Lima - REG 0022106\/MG","isPartOf":{"@id":"https:\/\/newsofthelight.com.br\/#website"},"primaryImageOfPage":{"@id":"https:\/\/newsofthelight.com.br\/?p=4106#primaryimage"},"image":{"@id":"https:\/\/newsofthelight.com.br\/?p=4106#primaryimage"},"thumbnailUrl":"https:\/\/newsofthelight.com.br\/wp-content\/uploads\/2023\/03\/IMG_4056.jpeg","datePublished":"2023-03-31T22:30:03+00:00","dateModified":"2023-03-31T22:32:55+00:00","breadcrumb":{"@id":"https:\/\/newsofthelight.com.br\/?p=4106#breadcrumb"},"inLanguage":"pt-BR","potentialAction":[{"@type":"ReadAction","target":["https:\/\/newsofthelight.com.br\/?p=4106"]}]},{"@type":"ImageObject","inLanguage":"pt-BR","@id":"https:\/\/newsofthelight.com.br\/?p=4106#primaryimage","url":"https:\/\/newsofthelight.com.br\/wp-content\/uploads\/2023\/03\/IMG_4056.jpeg","contentUrl":"https:\/\/newsofthelight.com.br\/wp-content\/uploads\/2023\/03\/IMG_4056.jpeg","width":1125,"height":634},{"@type":"BreadcrumbList","@id":"https:\/\/newsofthelight.com.br\/?p=4106#breadcrumb","itemListElement":[{"@type":"ListItem","position":1,"name":"In\u00edcio","item":"https:\/\/newsofthelight.com.br\/"},{"@type":"ListItem","position":2,"name":"De volta ao Brasil, Bolsonaro faz discurso a seus apoiadores"}]},{"@type":"WebSite","@id":"https:\/\/newsofthelight.com.br\/#website","url":"https:\/\/newsofthelight.com.br\/","name":"Autoria - Thiago Gomes Gon\u00e7alves Peres Lima - REG 0022106\/MG","description":"Noticias na velocidade da luz","publisher":{"@id":"https:\/\/newsofthelight.com.br\/#organization"},"potentialAction":[{"@type":"SearchAction","target":{"@type":"EntryPoint","urlTemplate":"https:\/\/newsofthelight.com.br\/?s={search_term_string}"},"query-input":{"@type":"PropertyValueSpecification","valueRequired":true,"valueName":"search_term_string"}}],"inLanguage":"pt-BR"},{"@type":"Organization","@id":"https:\/\/newsofthelight.com.br\/#organization","name":"Autoria - Thiago Gomes Gon\u00e7alves Peres Lima - REG 0022106\/MG","url":"https:\/\/newsofthelight.com.br\/","logo":{"@type":"ImageObject","inLanguage":"pt-BR","@id":"https:\/\/newsofthelight.com.br\/#\/schema\/logo\/image\/","url":"https:\/\/newsofthelight.com.br\/wp-content\/uploads\/2025\/06\/cropped-IMG_0217.png","contentUrl":"https:\/\/newsofthelight.com.br\/wp-content\/uploads\/2025\/06\/cropped-IMG_0217.png","width":1177,"height":662,"caption":"Autoria - Thiago Gomes Gon\u00e7alves Peres Lima - REG 0022106\/MG"},"image":{"@id":"https:\/\/newsofthelight.com.br\/#\/schema\/logo\/image\/"},"sameAs":["https:\/\/www.instagram.com\/news_of_the_light_?igsh=b3Fwb2psamJzaXds"]},{"@type":"Person","@id":"https:\/\/newsofthelight.com.br\/#\/schema\/person\/d4878034586ca0e04c11eac65b2f76f2","name":"Thiago Peres","image":{"@type":"ImageObject","inLanguage":"pt-BR","@id":"https:\/\/secure.gravatar.com\/avatar\/21d66f46d21d113e9d3dba092a500e64563ed2ed2c77db814dfc7be6345e3815?s=96&d=mm&r=g","url":"https:\/\/secure.gravatar.com\/avatar\/21d66f46d21d113e9d3dba092a500e64563ed2ed2c77db814dfc7be6345e3815?s=96&d=mm&r=g","contentUrl":"https:\/\/secure.gravatar.com\/avatar\/21d66f46d21d113e9d3dba092a500e64563ed2ed2c77db814dfc7be6345e3815?s=96&d=mm&r=g","caption":"Thiago Peres"},"sameAs":["http:\/\/newsofthelight.com.br"],"url":"https:\/\/newsofthelight.com.br\/?author=2"}]}},"jetpack_featured_media_url":"https:\/\/newsofthelight.com.br\/wp-content\/uploads\/2023\/03\/IMG_4056.jpeg","jetpack_sharing_enabled":true,"jetpack-related-posts":[{"id":3326,"url":"https:\/\/newsofthelight.com.br\/?p=3326","url_meta":{"origin":4106,"position":0},"title":"No poder a 26 dias, Lula assume postura similar a de Bolsonaro","author":"Thiago Peres","date":"27 de janeiro de 2023","format":false,"excerpt":"Empossado a 26 dias, o chefe do executivo Luiz In\u00e1cio Lula da Silva (PT) que tanto criticou a postura e os atos do ex-presidente Jair Messias Bolsonaro (PL) tem se mostrado bastante similar ao ex-capit\u00e3o, naturalizando um tom belicoso durante seu mandato.\u00a0Enquanto estava discursando ao lado do presidente Uruguaio, o\u2026","rel":"","context":"Em &quot;Brasil&quot;","block_context":{"text":"Brasil","link":"https:\/\/newsofthelight.com.br\/?cat=38"},"img":{"alt_text":"","src":"https:\/\/i0.wp.com\/newsofthelight.com.br\/wp-content\/uploads\/2023\/01\/C8169C66-6FA8-41D1-93D0-A40FF465B53F.jpeg?resize=350%2C200&ssl=1","width":350,"height":200,"srcset":"https:\/\/i0.wp.com\/newsofthelight.com.br\/wp-content\/uploads\/2023\/01\/C8169C66-6FA8-41D1-93D0-A40FF465B53F.jpeg?resize=350%2C200&ssl=1 1x, https:\/\/i0.wp.com\/newsofthelight.com.br\/wp-content\/uploads\/2023\/01\/C8169C66-6FA8-41D1-93D0-A40FF465B53F.jpeg?resize=525%2C300&ssl=1 1.5x, https:\/\/i0.wp.com\/newsofthelight.com.br\/wp-content\/uploads\/2023\/01\/C8169C66-6FA8-41D1-93D0-A40FF465B53F.jpeg?resize=700%2C400&ssl=1 2x"},"classes":[]},{"id":1659,"url":"https:\/\/newsofthelight.com.br\/?p=1659","url_meta":{"origin":4106,"position":1},"title":"A primeira passagem de Bolsonaro em Minas \u00e9 em Governador Valadares","author":"Thiago Peres","date":"26 de outubro de 2022","format":false,"excerpt":"O atual presidente da rep\u00fablica e candidato \u00e0 reelei\u00e7\u00e3o do cargo, Jair Messias Bolsonaro, visitou na manh\u00e3 de hoje, quarta-feira (26) o interior do estado de Minas Gerais, onde obteve o segundo maior col\u00e9gio eleitoral do pa\u00eds. No primeiro turno, Bolsonaro teve 2 milh\u00f5es de votos (43,60%), enquanto que o\u2026","rel":"","context":"Em &quot;Munic\u00edpios&quot;","block_context":{"text":"Munic\u00edpios","link":"https:\/\/newsofthelight.com.br\/?cat=41"},"img":{"alt_text":"","src":"https:\/\/i0.wp.com\/newsofthelight.com.br\/wp-content\/uploads\/2022\/10\/IMG_2998.jpg?resize=350%2C200&ssl=1","width":350,"height":200,"srcset":"https:\/\/i0.wp.com\/newsofthelight.com.br\/wp-content\/uploads\/2022\/10\/IMG_2998.jpg?resize=350%2C200&ssl=1 1x, https:\/\/i0.wp.com\/newsofthelight.com.br\/wp-content\/uploads\/2022\/10\/IMG_2998.jpg?resize=525%2C300&ssl=1 1.5x"},"classes":[]},{"id":7208,"url":"https:\/\/newsofthelight.com.br\/?p=7208","url_meta":{"origin":4106,"position":2},"title":"Ex-presidente Jair Bolsonaro compara seu ministro de gabinete com os do atual presidente&nbsp;","author":"Thiago Peres","date":"25 de junho de 2025","format":false,"excerpt":"Jair Bolsonaro e Tarc\u00edsio de Freitas Foto: PR\/Alan Santos O ex-presidente liberalista Jair Bolsonaro, que participou do evento em S\u00e3o Paulo, comparou seus ministros do governo ao atual gabinete do presidente Luiz In\u00e1cio Lula da Silva. Para o l\u00edder de direita do Brasil, n\u00e3o h\u00e1 compara\u00e7\u00e3o entre os nomes. Bolsonaro\u2026","rel":"","context":"Em &quot;Pol\u00edtica&quot;","block_context":{"text":"Pol\u00edtica","link":"https:\/\/newsofthelight.com.br\/?cat=36"},"img":{"alt_text":"","src":"https:\/\/i0.wp.com\/newsofthelight.com.br\/wp-content\/uploads\/2025\/06\/img_0422.jpg?resize=350%2C200&ssl=1","width":350,"height":200,"srcset":"https:\/\/i0.wp.com\/newsofthelight.com.br\/wp-content\/uploads\/2025\/06\/img_0422.jpg?resize=350%2C200&ssl=1 1x, https:\/\/i0.wp.com\/newsofthelight.com.br\/wp-content\/uploads\/2025\/06\/img_0422.jpg?resize=525%2C300&ssl=1 1.5x, https:\/\/i0.wp.com\/newsofthelight.com.br\/wp-content\/uploads\/2025\/06\/img_0422.jpg?resize=700%2C400&ssl=1 2x, https:\/\/i0.wp.com\/newsofthelight.com.br\/wp-content\/uploads\/2025\/06\/img_0422.jpg?resize=1050%2C600&ssl=1 3x, https:\/\/i0.wp.com\/newsofthelight.com.br\/wp-content\/uploads\/2025\/06\/img_0422.jpg?resize=1400%2C800&ssl=1 4x"},"classes":[]},{"id":3224,"url":"https:\/\/newsofthelight.com.br\/?p=3224","url_meta":{"origin":4106,"position":3},"title":"Bolsonaro se identifica com ex-presidente ap\u00f3s 13 dias do governo Lula","author":"Thiago Peres","date":"15 de janeiro de 2023","format":false,"excerpt":"Ex-chefe do executivo, Jair Bolsonaro passou a se identificar como ex-presidente em todas as suas m\u00eddias digitais ap\u00f3s 13 dias da posse do presidente Luiz In\u00e1cio Lula da Silva (PT). Em todas as suas redes sociais o ex-presidente ainda se identificava como: \u2018Capit\u00e3o Paraquedista do Ex\u00e9rcito Brasileiro. Presidente da Rep\u00fablica\u2026","rel":"","context":"Em &quot;Brasil&quot;","block_context":{"text":"Brasil","link":"https:\/\/newsofthelight.com.br\/?cat=38"},"img":{"alt_text":"","src":"https:\/\/i0.wp.com\/newsofthelight.com.br\/wp-content\/uploads\/2023\/01\/3322D1E0-4DC2-432A-8025-323A6660861C.jpeg?resize=350%2C200&ssl=1","width":350,"height":200,"srcset":"https:\/\/i0.wp.com\/newsofthelight.com.br\/wp-content\/uploads\/2023\/01\/3322D1E0-4DC2-432A-8025-323A6660861C.jpeg?resize=350%2C200&ssl=1 1x, https:\/\/i0.wp.com\/newsofthelight.com.br\/wp-content\/uploads\/2023\/01\/3322D1E0-4DC2-432A-8025-323A6660861C.jpeg?resize=525%2C300&ssl=1 1.5x, https:\/\/i0.wp.com\/newsofthelight.com.br\/wp-content\/uploads\/2023\/01\/3322D1E0-4DC2-432A-8025-323A6660861C.jpeg?resize=700%2C400&ssl=1 2x"},"classes":[]},{"id":1933,"url":"https:\/\/newsofthelight.com.br\/?p=1933","url_meta":{"origin":4106,"position":4},"title":"Ministros do STF negam reunirem-se com presidente Bolsonaro","author":"Thiago Peres","date":"1 de novembro de 2022","format":false,"excerpt":"Ministros do Supremo Tribunal Federal (STF) n\u00e3o se reuniram com o presidente Jair Messias Bolsonaro (PL)\u00a0 at\u00e9 o mesmo se pronunciar sobre sua derrota para o candidato Luiz In\u00e1cio Lula da Silva (PT) no 2\u00ba turno das elei\u00e7\u00f5es deste domingo (30).\u00a0J\u00e1 se passaram 40 horas desde que as contagens das\u2026","rel":"","context":"Em &quot;Brasil&quot;","block_context":{"text":"Brasil","link":"https:\/\/newsofthelight.com.br\/?cat=38"},"img":{"alt_text":"","src":"https:\/\/i0.wp.com\/newsofthelight.com.br\/wp-content\/uploads\/2022\/11\/FEB940B4-EA43-4FD9-87BE-98AE1E960707.jpeg?resize=350%2C200&ssl=1","width":350,"height":200},"classes":[]},{"id":3169,"url":"https:\/\/newsofthelight.com.br\/?p=3169","url_meta":{"origin":4106,"position":5},"title":"Bolsonaro ignora elei\u00e7\u00e3o de Lula e faz pronunciamento de reformas para janeiro","author":"Thiago Peres","date":"3 de janeiro de 2023","format":false,"excerpt":"O ex-presidente Jair Messias Bolsonaro (PL), que est\u00e1 nos Estados Unidos desde do dia 30 de dezembro, ignorou a elei\u00e7\u00e3o do presidente Luiz In\u00e1cio Lula da Silva (PT) no dia 1\u00ba de janeiro e usou sua conta oficial do Instagram para anunciar uma redu\u00e7\u00e3o de 38,9% na tarifa do ITAIPU\u2026","rel":"","context":"Em &quot;Brasil&quot;","block_context":{"text":"Brasil","link":"https:\/\/newsofthelight.com.br\/?cat=38"},"img":{"alt_text":"","src":"https:\/\/i0.wp.com\/newsofthelight.com.br\/wp-content\/uploads\/2023\/01\/8FF9B217-AD6B-4849-8DAD-877B73DF368C.jpeg?resize=350%2C200&ssl=1","width":350,"height":200,"srcset":"https:\/\/i0.wp.com\/newsofthelight.com.br\/wp-content\/uploads\/2023\/01\/8FF9B217-AD6B-4849-8DAD-877B73DF368C.jpeg?resize=350%2C200&ssl=1 1x, https:\/\/i0.wp.com\/newsofthelight.com.br\/wp-content\/uploads\/2023\/01\/8FF9B217-AD6B-4849-8DAD-877B73DF368C.jpeg?resize=525%2C300&ssl=1 1.5x"},"classes":[]}],"jetpack_shortlink":"https:\/\/wp.me\/peltaF-14e","_links":{"self":[{"href":"https:\/\/newsofthelight.com.br\/index.php?rest_route=\/wp\/v2\/posts\/4106","targetHints":{"allow":["GET"]}}],"collection":[{"href":"https:\/\/newsofthelight.com.br\/index.php?rest_route=\/wp\/v2\/posts"}],"about":[{"href":"https:\/\/newsofthelight.com.br\/index.php?rest_route=\/wp\/v2\/types\/post"}],"author":[{"embeddable":true,"href":"https:\/\/newsofthelight.com.br\/index.php?rest_route=\/wp\/v2\/users\/2"}],"replies":[{"embeddable":true,"href":"https:\/\/newsofthelight.com.br\/index.php?rest_route=%2Fwp%2Fv2%2Fcomments&post=4106"}],"version-history":[{"count":4,"href":"https:\/\/newsofthelight.com.br\/index.php?rest_route=\/wp\/v2\/posts\/4106\/revisions"}],"predecessor-version":[{"id":4112,"href":"https:\/\/newsofthelight.com.br\/index.php?rest_route=\/wp\/v2\/posts\/4106\/revisions\/4112"}],"wp:featuredmedia":[{"embeddable":true,"href":"https:\/\/newsofthelight.com.br\/index.php?rest_route=\/wp\/v2\/media\/4109"}],"wp:attachment":[{"href":"https:\/\/newsofthelight.com.br\/index.php?rest_route=%2Fwp%2Fv2%2Fmedia&parent=4106"}],"wp:term":[{"taxonomy":"category","embeddable":true,"href":"https:\/\/newsofthelight.com.br\/index.php?rest_route=%2Fwp%2Fv2%2Fcategories&post=4106"},{"taxonomy":"post_tag","embeddable":true,"href":"https:\/\/newsofthelight.com.br\/index.php?rest_route=%2Fwp%2Fv2%2Ftags&post=4106"}],"curies":[{"name":"wp","href":"https:\/\/api.w.org\/{rel}","templated":true}]}}