{"id":3954,"date":"2023-03-27T10:57:48","date_gmt":"2023-03-27T13:57:48","guid":{"rendered":"https:\/\/newsofthelight.com.br\/?p=3954"},"modified":"2023-03-27T10:59:54","modified_gmt":"2023-03-27T13:59:54","slug":"torcedor-com-crianca-no-colo-invade-campo-e-agride-jogador","status":"publish","type":"post","link":"https:\/\/newsofthelight.com.br\/?p=3954","title":{"rendered":"Torcedor com crian\u00e7a no colo invade campo e agride jogador"},"content":{"rendered":"<p>A partida do Internacional e o Caxias para uma vaga no campeonato do Rio Grande do Sul acabou com agress\u00f5es entre os jogadores e espectadores ap\u00f3s um desempate por p\u00eanaltis que resultou na vit\u00f3ria do Caxias por 5-4 que foi definida pelo futebolista Wesley Pombo.\u00a0<\/p>\n<p>A partida do Internacional e Caxias era para que o grande vencedor disputara as finais do campeonato de futebol do estado do Rio Grande do Sul, o que gerou uma grande revolta nos colorados. Os torcedores come\u00e7aram a trocar farpas que come\u00e7aram a gerar um embate f\u00edsico entre eles que inclu\u00edam chutes e socos.\u00a0<\/p>\n<p>O conflito come\u00e7ou ap\u00f3s Pombo marcar a pontua\u00e7\u00e3o e virar para os torcedores do time rival e fazer caretas provocativas. Um dos colorados invadiu a quadra e partiu para cima do jogador que teve que ser removido pelos seguran\u00e7as. O torcedor trazia uma crian\u00e7a em seus bra\u00e7os no momento da agress\u00e3o.\u00a0<\/p>\n<blockquote>\n<p dir=\"ltr\" lang=\"pt\">CENAS LAMENT\u00c1VEIS! \u26a0\ufe0f\ud83d\ude14<br \/>Confus\u00e3o generalizada ap\u00f3s a classifica\u00e7\u00e3o do Caxias pra final do Gauch\u00e3o. Teve at\u00e9 torcedor invadindo o campo com uma crian\u00e7a no colo! Que isso n\u00e3o se repita. <a href=\"https:\/\/t.co\/6QL9x6v1yT\">pic.twitter.com\/6QL9x6v1yT<\/a><\/p>\n<p>\u2014 TNT Sports BR (@TNTSportsBR) <a href=\"https:\/\/twitter.com\/TNTSportsBR\/status\/1640144726362931201?ref_src=twsrc%5Etfw\">March 27, 2023<\/a><\/p>\n<\/blockquote>\n","protected":false},"excerpt":{"rendered":"<p>A partida do Internacional e o Caxias para uma vaga no campeonato do Rio Grande do Sul acabou com agress\u00f5es entre os jogadores e espectadores ap\u00f3s um desempate por p\u00eanaltis que resultou na vit\u00f3ria do Caxias por 5-4 que foi definida pelo futebolista Wesley Pombo.\u00a0 A partida do Internacional e Caxias era para que o<\/p>\n","protected":false},"author":2,"featured_media":3958,"comment_status":"open","ping_status":"open","sticky":false,"template":"","format":"standard","meta":{"_jetpack_memberships_contains_paid_content":false,"footnotes":""},"categories":[38,42,41],"tags":[],"class_list":["post-3954","post","type-post","status-publish","format-standard","has-post-thumbnail","hentry","category-brasil","category-entretenimento","category-municipios"],"yoast_head":"<!-- This site is optimized with the Yoast SEO plugin v27.5 - https:\/\/yoast.com\/product\/yoast-seo-wordpress\/ -->\n<title>Torcedor com crian\u00e7a no colo invade campo e agride jogador - Autoria - Thiago Gomes Gon\u00e7alves Peres Lima - REG 0022106\/MG<\/title>\n<meta name=\"robots\" content=\"index, follow, max-snippet:-1, max-image-preview:large, max-video-preview:-1\" \/>\n<link rel=\"canonical\" href=\"https:\/\/newsofthelight.com.br\/?p=3954\" \/>\n<meta property=\"og:locale\" content=\"pt_BR\" \/>\n<meta property=\"og:type\" content=\"article\" \/>\n<meta property=\"og:title\" content=\"Torcedor com crian\u00e7a no colo invade campo e agride jogador - Autoria - Thiago Gomes Gon\u00e7alves Peres Lima - REG 0022106\/MG\" \/>\n<meta property=\"og:description\" content=\"A partida do Internacional e o Caxias para uma vaga no campeonato do Rio Grande do Sul acabou com agress\u00f5es entre os jogadores e espectadores ap\u00f3s um desempate por p\u00eanaltis que resultou na vit\u00f3ria do Caxias por 5-4 que foi definida pelo futebolista Wesley Pombo.\u00a0 A partida do Internacional e Caxias era para que o\" \/>\n<meta property=\"og:url\" content=\"https:\/\/newsofthelight.com.br\/?p=3954\" \/>\n<meta property=\"og:site_name\" content=\"Autoria - Thiago Gomes Gon\u00e7alves Peres Lima - REG 0022106\/MG\" \/>\n<meta property=\"article:published_time\" content=\"2023-03-27T13:57:48+00:00\" \/>\n<meta property=\"article:modified_time\" content=\"2023-03-27T13:59:54+00:00\" \/>\n<meta property=\"og:image\" content=\"https:\/\/newsofthelight.com.br\/wp-content\/uploads\/2023\/03\/D91E324E-B627-4EBB-B76B-681F9959A475.webp\" \/>\n\t<meta property=\"og:image:width\" content=\"955\" \/>\n\t<meta property=\"og:image:height\" content=\"498\" \/>\n\t<meta property=\"og:image:type\" content=\"image\/webp\" \/>\n<meta name=\"author\" content=\"Thiago Peres\" \/>\n<meta name=\"twitter:card\" content=\"summary_large_image\" \/>\n<meta name=\"twitter:label1\" content=\"Escrito por\" \/>\n\t<meta name=\"twitter:data1\" content=\"Thiago Peres\" \/>\n\t<meta name=\"twitter:label2\" content=\"Est. tempo de leitura\" \/>\n\t<meta name=\"twitter:data2\" content=\"1 minuto\" \/>\n<script type=\"application\/ld+json\" class=\"yoast-schema-graph\">{\"@context\":\"https:\\\/\\\/schema.org\",\"@graph\":[{\"@type\":\"Article\",\"@id\":\"https:\\\/\\\/newsofthelight.com.br\\\/?p=3954#article\",\"isPartOf\":{\"@id\":\"https:\\\/\\\/newsofthelight.com.br\\\/?p=3954\"},\"author\":{\"name\":\"Thiago Peres\",\"@id\":\"https:\\\/\\\/newsofthelight.com.br\\\/#\\\/schema\\\/person\\\/d4878034586ca0e04c11eac65b2f76f2\"},\"headline\":\"Torcedor com crian\u00e7a no colo invade campo e agride jogador\",\"datePublished\":\"2023-03-27T13:57:48+00:00\",\"dateModified\":\"2023-03-27T13:59:54+00:00\",\"mainEntityOfPage\":{\"@id\":\"https:\\\/\\\/newsofthelight.com.br\\\/?p=3954\"},\"wordCount\":224,\"commentCount\":0,\"publisher\":{\"@id\":\"https:\\\/\\\/newsofthelight.com.br\\\/#organization\"},\"image\":{\"@id\":\"https:\\\/\\\/newsofthelight.com.br\\\/?p=3954#primaryimage\"},\"thumbnailUrl\":\"https:\\\/\\\/newsofthelight.com.br\\\/wp-content\\\/uploads\\\/2023\\\/03\\\/D91E324E-B627-4EBB-B76B-681F9959A475.webp\",\"articleSection\":[\"Brasil\",\"Entretenimento\",\"Munic\u00edpios\"],\"inLanguage\":\"pt-BR\",\"potentialAction\":[{\"@type\":\"CommentAction\",\"name\":\"Comment\",\"target\":[\"https:\\\/\\\/newsofthelight.com.br\\\/?p=3954#respond\"]}]},{\"@type\":\"WebPage\",\"@id\":\"https:\\\/\\\/newsofthelight.com.br\\\/?p=3954\",\"url\":\"https:\\\/\\\/newsofthelight.com.br\\\/?p=3954\",\"name\":\"Torcedor com crian\u00e7a no colo invade campo e agride jogador - Autoria - Thiago Gomes Gon\u00e7alves Peres Lima - REG 0022106\\\/MG\",\"isPartOf\":{\"@id\":\"https:\\\/\\\/newsofthelight.com.br\\\/#website\"},\"primaryImageOfPage\":{\"@id\":\"https:\\\/\\\/newsofthelight.com.br\\\/?p=3954#primaryimage\"},\"image\":{\"@id\":\"https:\\\/\\\/newsofthelight.com.br\\\/?p=3954#primaryimage\"},\"thumbnailUrl\":\"https:\\\/\\\/newsofthelight.com.br\\\/wp-content\\\/uploads\\\/2023\\\/03\\\/D91E324E-B627-4EBB-B76B-681F9959A475.webp\",\"datePublished\":\"2023-03-27T13:57:48+00:00\",\"dateModified\":\"2023-03-27T13:59:54+00:00\",\"breadcrumb\":{\"@id\":\"https:\\\/\\\/newsofthelight.com.br\\\/?p=3954#breadcrumb\"},\"inLanguage\":\"pt-BR\",\"potentialAction\":[{\"@type\":\"ReadAction\",\"target\":[\"https:\\\/\\\/newsofthelight.com.br\\\/?p=3954\"]}]},{\"@type\":\"ImageObject\",\"inLanguage\":\"pt-BR\",\"@id\":\"https:\\\/\\\/newsofthelight.com.br\\\/?p=3954#primaryimage\",\"url\":\"https:\\\/\\\/newsofthelight.com.br\\\/wp-content\\\/uploads\\\/2023\\\/03\\\/D91E324E-B627-4EBB-B76B-681F9959A475.webp\",\"contentUrl\":\"https:\\\/\\\/newsofthelight.com.br\\\/wp-content\\\/uploads\\\/2023\\\/03\\\/D91E324E-B627-4EBB-B76B-681F9959A475.webp\",\"width\":955,\"height\":498},{\"@type\":\"BreadcrumbList\",\"@id\":\"https:\\\/\\\/newsofthelight.com.br\\\/?p=3954#breadcrumb\",\"itemListElement\":[{\"@type\":\"ListItem\",\"position\":1,\"name\":\"In\u00edcio\",\"item\":\"https:\\\/\\\/newsofthelight.com.br\\\/\"},{\"@type\":\"ListItem\",\"position\":2,\"name\":\"Torcedor com crian\u00e7a no colo invade campo e agride jogador\"}]},{\"@type\":\"WebSite\",\"@id\":\"https:\\\/\\\/newsofthelight.com.br\\\/#website\",\"url\":\"https:\\\/\\\/newsofthelight.com.br\\\/\",\"name\":\"Autoria - Thiago Gomes Gon\u00e7alves Peres Lima - REG 0022106\\\/MG\",\"description\":\"Noticias na velocidade da luz\",\"publisher\":{\"@id\":\"https:\\\/\\\/newsofthelight.com.br\\\/#organization\"},\"potentialAction\":[{\"@type\":\"SearchAction\",\"target\":{\"@type\":\"EntryPoint\",\"urlTemplate\":\"https:\\\/\\\/newsofthelight.com.br\\\/?s={search_term_string}\"},\"query-input\":{\"@type\":\"PropertyValueSpecification\",\"valueRequired\":true,\"valueName\":\"search_term_string\"}}],\"inLanguage\":\"pt-BR\"},{\"@type\":\"Organization\",\"@id\":\"https:\\\/\\\/newsofthelight.com.br\\\/#organization\",\"name\":\"Autoria - Thiago Gomes Gon\u00e7alves Peres Lima - REG 0022106\\\/MG\",\"url\":\"https:\\\/\\\/newsofthelight.com.br\\\/\",\"logo\":{\"@type\":\"ImageObject\",\"inLanguage\":\"pt-BR\",\"@id\":\"https:\\\/\\\/newsofthelight.com.br\\\/#\\\/schema\\\/logo\\\/image\\\/\",\"url\":\"https:\\\/\\\/newsofthelight.com.br\\\/wp-content\\\/uploads\\\/2025\\\/06\\\/cropped-IMG_0217.png\",\"contentUrl\":\"https:\\\/\\\/newsofthelight.com.br\\\/wp-content\\\/uploads\\\/2025\\\/06\\\/cropped-IMG_0217.png\",\"width\":1177,\"height\":662,\"caption\":\"Autoria - Thiago Gomes Gon\u00e7alves Peres Lima - REG 0022106\\\/MG\"},\"image\":{\"@id\":\"https:\\\/\\\/newsofthelight.com.br\\\/#\\\/schema\\\/logo\\\/image\\\/\"},\"sameAs\":[\"https:\\\/\\\/www.instagram.com\\\/news_of_the_light_?igsh=b3Fwb2psamJzaXds\"]},{\"@type\":\"Person\",\"@id\":\"https:\\\/\\\/newsofthelight.com.br\\\/#\\\/schema\\\/person\\\/d4878034586ca0e04c11eac65b2f76f2\",\"name\":\"Thiago Peres\",\"image\":{\"@type\":\"ImageObject\",\"inLanguage\":\"pt-BR\",\"@id\":\"https:\\\/\\\/secure.gravatar.com\\\/avatar\\\/21d66f46d21d113e9d3dba092a500e64563ed2ed2c77db814dfc7be6345e3815?s=96&d=mm&r=g\",\"url\":\"https:\\\/\\\/secure.gravatar.com\\\/avatar\\\/21d66f46d21d113e9d3dba092a500e64563ed2ed2c77db814dfc7be6345e3815?s=96&d=mm&r=g\",\"contentUrl\":\"https:\\\/\\\/secure.gravatar.com\\\/avatar\\\/21d66f46d21d113e9d3dba092a500e64563ed2ed2c77db814dfc7be6345e3815?s=96&d=mm&r=g\",\"caption\":\"Thiago Peres\"},\"sameAs\":[\"http:\\\/\\\/newsofthelight.com.br\"],\"url\":\"https:\\\/\\\/newsofthelight.com.br\\\/?author=2\"}]}<\/script>\n<!-- \/ Yoast SEO plugin. -->","yoast_head_json":{"title":"Torcedor com crian\u00e7a no colo invade campo e agride jogador - Autoria - Thiago Gomes Gon\u00e7alves Peres Lima - REG 0022106\/MG","robots":{"index":"index","follow":"follow","max-snippet":"max-snippet:-1","max-image-preview":"max-image-preview:large","max-video-preview":"max-video-preview:-1"},"canonical":"https:\/\/newsofthelight.com.br\/?p=3954","og_locale":"pt_BR","og_type":"article","og_title":"Torcedor com crian\u00e7a no colo invade campo e agride jogador - Autoria - Thiago Gomes Gon\u00e7alves Peres Lima - REG 0022106\/MG","og_description":"A partida do Internacional e o Caxias para uma vaga no campeonato do Rio Grande do Sul acabou com agress\u00f5es entre os jogadores e espectadores ap\u00f3s um desempate por p\u00eanaltis que resultou na vit\u00f3ria do Caxias por 5-4 que foi definida pelo futebolista Wesley Pombo.\u00a0 A partida do Internacional e Caxias era para que o","og_url":"https:\/\/newsofthelight.com.br\/?p=3954","og_site_name":"Autoria - Thiago Gomes Gon\u00e7alves Peres Lima - REG 0022106\/MG","article_published_time":"2023-03-27T13:57:48+00:00","article_modified_time":"2023-03-27T13:59:54+00:00","og_image":[{"width":955,"height":498,"url":"https:\/\/newsofthelight.com.br\/wp-content\/uploads\/2023\/03\/D91E324E-B627-4EBB-B76B-681F9959A475.webp","type":"image\/webp"}],"author":"Thiago Peres","twitter_card":"summary_large_image","twitter_misc":{"Escrito por":"Thiago Peres","Est. tempo de leitura":"1 minuto"},"schema":{"@context":"https:\/\/schema.org","@graph":[{"@type":"Article","@id":"https:\/\/newsofthelight.com.br\/?p=3954#article","isPartOf":{"@id":"https:\/\/newsofthelight.com.br\/?p=3954"},"author":{"name":"Thiago Peres","@id":"https:\/\/newsofthelight.com.br\/#\/schema\/person\/d4878034586ca0e04c11eac65b2f76f2"},"headline":"Torcedor com crian\u00e7a no colo invade campo e agride jogador","datePublished":"2023-03-27T13:57:48+00:00","dateModified":"2023-03-27T13:59:54+00:00","mainEntityOfPage":{"@id":"https:\/\/newsofthelight.com.br\/?p=3954"},"wordCount":224,"commentCount":0,"publisher":{"@id":"https:\/\/newsofthelight.com.br\/#organization"},"image":{"@id":"https:\/\/newsofthelight.com.br\/?p=3954#primaryimage"},"thumbnailUrl":"https:\/\/newsofthelight.com.br\/wp-content\/uploads\/2023\/03\/D91E324E-B627-4EBB-B76B-681F9959A475.webp","articleSection":["Brasil","Entretenimento","Munic\u00edpios"],"inLanguage":"pt-BR","potentialAction":[{"@type":"CommentAction","name":"Comment","target":["https:\/\/newsofthelight.com.br\/?p=3954#respond"]}]},{"@type":"WebPage","@id":"https:\/\/newsofthelight.com.br\/?p=3954","url":"https:\/\/newsofthelight.com.br\/?p=3954","name":"Torcedor com crian\u00e7a no colo invade campo e agride jogador - Autoria - Thiago Gomes Gon\u00e7alves Peres Lima - REG 0022106\/MG","isPartOf":{"@id":"https:\/\/newsofthelight.com.br\/#website"},"primaryImageOfPage":{"@id":"https:\/\/newsofthelight.com.br\/?p=3954#primaryimage"},"image":{"@id":"https:\/\/newsofthelight.com.br\/?p=3954#primaryimage"},"thumbnailUrl":"https:\/\/newsofthelight.com.br\/wp-content\/uploads\/2023\/03\/D91E324E-B627-4EBB-B76B-681F9959A475.webp","datePublished":"2023-03-27T13:57:48+00:00","dateModified":"2023-03-27T13:59:54+00:00","breadcrumb":{"@id":"https:\/\/newsofthelight.com.br\/?p=3954#breadcrumb"},"inLanguage":"pt-BR","potentialAction":[{"@type":"ReadAction","target":["https:\/\/newsofthelight.com.br\/?p=3954"]}]},{"@type":"ImageObject","inLanguage":"pt-BR","@id":"https:\/\/newsofthelight.com.br\/?p=3954#primaryimage","url":"https:\/\/newsofthelight.com.br\/wp-content\/uploads\/2023\/03\/D91E324E-B627-4EBB-B76B-681F9959A475.webp","contentUrl":"https:\/\/newsofthelight.com.br\/wp-content\/uploads\/2023\/03\/D91E324E-B627-4EBB-B76B-681F9959A475.webp","width":955,"height":498},{"@type":"BreadcrumbList","@id":"https:\/\/newsofthelight.com.br\/?p=3954#breadcrumb","itemListElement":[{"@type":"ListItem","position":1,"name":"In\u00edcio","item":"https:\/\/newsofthelight.com.br\/"},{"@type":"ListItem","position":2,"name":"Torcedor com crian\u00e7a no colo invade campo e agride jogador"}]},{"@type":"WebSite","@id":"https:\/\/newsofthelight.com.br\/#website","url":"https:\/\/newsofthelight.com.br\/","name":"Autoria - Thiago Gomes Gon\u00e7alves Peres Lima - REG 0022106\/MG","description":"Noticias na velocidade da luz","publisher":{"@id":"https:\/\/newsofthelight.com.br\/#organization"},"potentialAction":[{"@type":"SearchAction","target":{"@type":"EntryPoint","urlTemplate":"https:\/\/newsofthelight.com.br\/?s={search_term_string}"},"query-input":{"@type":"PropertyValueSpecification","valueRequired":true,"valueName":"search_term_string"}}],"inLanguage":"pt-BR"},{"@type":"Organization","@id":"https:\/\/newsofthelight.com.br\/#organization","name":"Autoria - Thiago Gomes Gon\u00e7alves Peres Lima - REG 0022106\/MG","url":"https:\/\/newsofthelight.com.br\/","logo":{"@type":"ImageObject","inLanguage":"pt-BR","@id":"https:\/\/newsofthelight.com.br\/#\/schema\/logo\/image\/","url":"https:\/\/newsofthelight.com.br\/wp-content\/uploads\/2025\/06\/cropped-IMG_0217.png","contentUrl":"https:\/\/newsofthelight.com.br\/wp-content\/uploads\/2025\/06\/cropped-IMG_0217.png","width":1177,"height":662,"caption":"Autoria - Thiago Gomes Gon\u00e7alves Peres Lima - REG 0022106\/MG"},"image":{"@id":"https:\/\/newsofthelight.com.br\/#\/schema\/logo\/image\/"},"sameAs":["https:\/\/www.instagram.com\/news_of_the_light_?igsh=b3Fwb2psamJzaXds"]},{"@type":"Person","@id":"https:\/\/newsofthelight.com.br\/#\/schema\/person\/d4878034586ca0e04c11eac65b2f76f2","name":"Thiago Peres","image":{"@type":"ImageObject","inLanguage":"pt-BR","@id":"https:\/\/secure.gravatar.com\/avatar\/21d66f46d21d113e9d3dba092a500e64563ed2ed2c77db814dfc7be6345e3815?s=96&d=mm&r=g","url":"https:\/\/secure.gravatar.com\/avatar\/21d66f46d21d113e9d3dba092a500e64563ed2ed2c77db814dfc7be6345e3815?s=96&d=mm&r=g","contentUrl":"https:\/\/secure.gravatar.com\/avatar\/21d66f46d21d113e9d3dba092a500e64563ed2ed2c77db814dfc7be6345e3815?s=96&d=mm&r=g","caption":"Thiago Peres"},"sameAs":["http:\/\/newsofthelight.com.br"],"url":"https:\/\/newsofthelight.com.br\/?author=2"}]}},"jetpack_featured_media_url":"https:\/\/newsofthelight.com.br\/wp-content\/uploads\/2023\/03\/D91E324E-B627-4EBB-B76B-681F9959A475.webp","jetpack_sharing_enabled":true,"jetpack-related-posts":[{"id":7024,"url":"https:\/\/newsofthelight.com.br\/?p=7024","url_meta":{"origin":3954,"position":0},"title":"Lula cita Neymar em discurso em prol do acordo com a UE e o Mercado Comum do Sul","author":"Thiago Peres","date":"8 de junho de 2025","format":false,"excerpt":"Foto: Presidente Lula Fonte: Metr\u00f3pole O presidente Lula usou um f\u00f3rum com empres\u00e1rios realizado em Paris na sexta-feira (6 de junho) para comparar a recente vit\u00f3ria do Paris Saint-Germain na Liga dos Campe\u00f5es com o acordo entre a Uni\u00e3o Europeia e o Mercado Comum do Sul. Lula, conhecido por suas\u2026","rel":"","context":"Em &quot;Brasil&quot;","block_context":{"text":"Brasil","link":"https:\/\/newsofthelight.com.br\/?cat=38"},"img":{"alt_text":"","src":"https:\/\/i0.wp.com\/newsofthelight.com.br\/wp-content\/uploads\/2025\/06\/IMG_0279.jpeg?resize=350%2C200&ssl=1","width":350,"height":200,"srcset":"https:\/\/i0.wp.com\/newsofthelight.com.br\/wp-content\/uploads\/2025\/06\/IMG_0279.jpeg?resize=350%2C200&ssl=1 1x, https:\/\/i0.wp.com\/newsofthelight.com.br\/wp-content\/uploads\/2025\/06\/IMG_0279.jpeg?resize=525%2C300&ssl=1 1.5x, https:\/\/i0.wp.com\/newsofthelight.com.br\/wp-content\/uploads\/2025\/06\/IMG_0279.jpeg?resize=700%2C400&ssl=1 2x, https:\/\/i0.wp.com\/newsofthelight.com.br\/wp-content\/uploads\/2025\/06\/IMG_0279.jpeg?resize=1050%2C600&ssl=1 3x"},"classes":[]},{"id":2968,"url":"https:\/\/newsofthelight.com.br\/?p=2968","url_meta":{"origin":3954,"position":1},"title":"Sele\u00e7\u00e3o brasileira d\u00e1 a volta por cima e derrota Cor\u00e9ia do Sul por 4 a 1","author":"Thiago Peres","date":"5 de dezembro de 2022","format":false,"excerpt":"O Brasil driblou a sele\u00e7\u00e3o sul-coreana com uma sonora goleada de 4 a 1 nesta segunda-feira (5) na Copa do Mundo FIFA 2022 no Catar no est\u00e1dio 974 nas oitavas de finais. Diferentemente dos resultados anteriores, o Brasil dominou a partida deste o primeiro tempo dominando por completo os advers\u00e1rios\u2026","rel":"","context":"Em &quot;Brasil&quot;","block_context":{"text":"Brasil","link":"https:\/\/newsofthelight.com.br\/?cat=38"},"img":{"alt_text":"","src":"https:\/\/i0.wp.com\/newsofthelight.com.br\/wp-content\/uploads\/2022\/12\/8dc1686955c85f9339bb8131b860245bad88bdbfminiw.jpg?resize=350%2C200&ssl=1","width":350,"height":200,"srcset":"https:\/\/i0.wp.com\/newsofthelight.com.br\/wp-content\/uploads\/2022\/12\/8dc1686955c85f9339bb8131b860245bad88bdbfminiw.jpg?resize=350%2C200&ssl=1 1x, https:\/\/i0.wp.com\/newsofthelight.com.br\/wp-content\/uploads\/2022\/12\/8dc1686955c85f9339bb8131b860245bad88bdbfminiw.jpg?resize=525%2C300&ssl=1 1.5x, https:\/\/i0.wp.com\/newsofthelight.com.br\/wp-content\/uploads\/2022\/12\/8dc1686955c85f9339bb8131b860245bad88bdbfminiw.jpg?resize=700%2C400&ssl=1 2x"},"classes":[]},{"id":6011,"url":"https:\/\/newsofthelight.com.br\/?p=6011","url_meta":{"origin":3954,"position":2},"title":"Chuvas Devastadoras no Rio de Janeiro Resultam em 11 Mortes e Estado de Emerg\u00eancia","author":"Thiago Peres","date":"14 de janeiro de 2024","format":false,"excerpt":"As chuvas torrenciais que come\u00e7aram na madrugada de domingo causaram estragos significativos na cidade e no estado do Rio de Janeiro. O Corpo de Bombeiros confirmou a morte de 11 pessoas na Zona Norte da capital e na Baixada Fluminense, com algumas v\u00edtimas ainda n\u00e3o identificadas. Uma pessoa continua desaparecida\u2026","rel":"","context":"Em &quot;Munic\u00edpios&quot;","block_context":{"text":"Munic\u00edpios","link":"https:\/\/newsofthelight.com.br\/?cat=41"},"img":{"alt_text":"","src":"https:\/\/i0.wp.com\/newsofthelight.com.br\/wp-content\/uploads\/2024\/01\/IMG_5357.jpeg?resize=350%2C200&ssl=1","width":350,"height":200,"srcset":"https:\/\/i0.wp.com\/newsofthelight.com.br\/wp-content\/uploads\/2024\/01\/IMG_5357.jpeg?resize=350%2C200&ssl=1 1x, https:\/\/i0.wp.com\/newsofthelight.com.br\/wp-content\/uploads\/2024\/01\/IMG_5357.jpeg?resize=525%2C300&ssl=1 1.5x"},"classes":[]},{"id":4172,"url":"https:\/\/newsofthelight.com.br\/?p=4172","url_meta":{"origin":3954,"position":3},"title":"Bolsonaro poder\u00e1 ser investigado por quatro crimes se confirmada a falsifica\u00e7\u00e3o da vacina\u00e7\u00e3o contra COVID.","author":"Thiago Peres","date":"5 de maio de 2023","format":false,"excerpt":"A falsifica\u00e7\u00e3o de certificados de vacina\u00e7\u00e3o tem sido alvo de investiga\u00e7\u00e3o pela Pol\u00edcia Federal (PF) no Brasil. A suspeita \u00e9 de que servidores p\u00fablicos do munic\u00edpio de Duque de Caxias, no Rio de Janeiro, teriam inserido informa\u00e7\u00f5es falsas no sistema do Minist\u00e9rio da Sa\u00fade, incluindo dados de vacina\u00e7\u00e3o do ex-presidente\u2026","rel":"","context":"Em &quot;Brasil&quot;","block_context":{"text":"Brasil","link":"https:\/\/newsofthelight.com.br\/?cat=38"},"img":{"alt_text":"","src":"https:\/\/i0.wp.com\/newsofthelight.com.br\/wp-content\/uploads\/2023\/05\/51f59390-e9e3-11ed-a142-ab0e42bfd9c3.jpg.webp?resize=350%2C200&ssl=1","width":350,"height":200,"srcset":"https:\/\/i0.wp.com\/newsofthelight.com.br\/wp-content\/uploads\/2023\/05\/51f59390-e9e3-11ed-a142-ab0e42bfd9c3.jpg.webp?resize=350%2C200&ssl=1 1x, https:\/\/i0.wp.com\/newsofthelight.com.br\/wp-content\/uploads\/2023\/05\/51f59390-e9e3-11ed-a142-ab0e42bfd9c3.jpg.webp?resize=525%2C300&ssl=1 1.5x, https:\/\/i0.wp.com\/newsofthelight.com.br\/wp-content\/uploads\/2023\/05\/51f59390-e9e3-11ed-a142-ab0e42bfd9c3.jpg.webp?resize=700%2C400&ssl=1 2x"},"classes":[]},{"id":5838,"url":"https:\/\/newsofthelight.com.br\/?p=5838","url_meta":{"origin":3954,"position":4},"title":"A 23\u00aa Fase da Opera\u00e7\u00e3o Lesa P\u00e1tria: Uma An\u00e1lise das A\u00e7\u00f5es da Pol\u00edcia Federal","author":"Thiago Peres","date":"8 de janeiro de 2024","format":false,"excerpt":"Em uma segunda-feira, a Pol\u00edcia Federal (PF) iniciou uma s\u00e9rie de a\u00e7\u00f5es como parte da 23\u00aa fase da Opera\u00e7\u00e3o Lesa P\u00e1tria. O objetivo principal dessa opera\u00e7\u00e3o \u00e9 investigar e prender indiv\u00edduos suspeitos de financiar e incentivar os eventos ocorridos em 8 de janeiro do ano anterior, quando as institui\u00e7\u00f5es dos\u2026","rel":"","context":"Em &quot;Munic\u00edpios&quot;","block_context":{"text":"Munic\u00edpios","link":"https:\/\/newsofthelight.com.br\/?cat=41"},"img":{"alt_text":"","src":"https:\/\/i0.wp.com\/newsofthelight.com.br\/wp-content\/uploads\/2024\/01\/IMG_5270.jpeg?resize=350%2C200&ssl=1","width":350,"height":200},"classes":[]},{"id":6154,"url":"https:\/\/newsofthelight.com.br\/?p=6154","url_meta":{"origin":3954,"position":5},"title":"Cheias no Rio Grande do Sul: Drama e A\u00e7\u00e3o Pol\u00edtica","author":"Thiago Peres","date":"21 de maio de 2024","format":false,"excerpt":"PORTO ALEGRE\u00a0- O Rio Grande do Sul est\u00e1 enfrentando uma das maiores trag\u00e9dias clim\u00e1ticas de sua hist\u00f3ria.\u00a0As chuvas torrenciais que come\u00e7aram em 29 de abril causaram inunda\u00e7\u00f5es em diversas regi\u00f5es do estado.\u00a0O n\u00famero de mortos j\u00e1 chega a 157, e a situa\u00e7\u00e3o \u00e9 de calamidade. Relatos de Desespero As hist\u00f3rias\u2026","rel":"","context":"Em &quot;Munic\u00edpios&quot;","block_context":{"text":"Munic\u00edpios","link":"https:\/\/newsofthelight.com.br\/?cat=41"},"img":{"alt_text":"","src":"https:\/\/i0.wp.com\/newsofthelight.com.br\/wp-content\/uploads\/2024\/05\/img_5578-1.jpg?resize=350%2C200&ssl=1","width":350,"height":200,"srcset":"https:\/\/i0.wp.com\/newsofthelight.com.br\/wp-content\/uploads\/2024\/05\/img_5578-1.jpg?resize=350%2C200&ssl=1 1x, https:\/\/i0.wp.com\/newsofthelight.com.br\/wp-content\/uploads\/2024\/05\/img_5578-1.jpg?resize=525%2C300&ssl=1 1.5x"},"classes":[]}],"jetpack_shortlink":"https:\/\/wp.me\/peltaF-11M","_links":{"self":[{"href":"https:\/\/newsofthelight.com.br\/index.php?rest_route=\/wp\/v2\/posts\/3954","targetHints":{"allow":["GET"]}}],"collection":[{"href":"https:\/\/newsofthelight.com.br\/index.php?rest_route=\/wp\/v2\/posts"}],"about":[{"href":"https:\/\/newsofthelight.com.br\/index.php?rest_route=\/wp\/v2\/types\/post"}],"author":[{"embeddable":true,"href":"https:\/\/newsofthelight.com.br\/index.php?rest_route=\/wp\/v2\/users\/2"}],"replies":[{"embeddable":true,"href":"https:\/\/newsofthelight.com.br\/index.php?rest_route=%2Fwp%2Fv2%2Fcomments&post=3954"}],"version-history":[{"count":4,"href":"https:\/\/newsofthelight.com.br\/index.php?rest_route=\/wp\/v2\/posts\/3954\/revisions"}],"predecessor-version":[{"id":3961,"href":"https:\/\/newsofthelight.com.br\/index.php?rest_route=\/wp\/v2\/posts\/3954\/revisions\/3961"}],"wp:featuredmedia":[{"embeddable":true,"href":"https:\/\/newsofthelight.com.br\/index.php?rest_route=\/wp\/v2\/media\/3958"}],"wp:attachment":[{"href":"https:\/\/newsofthelight.com.br\/index.php?rest_route=%2Fwp%2Fv2%2Fmedia&parent=3954"}],"wp:term":[{"taxonomy":"category","embeddable":true,"href":"https:\/\/newsofthelight.com.br\/index.php?rest_route=%2Fwp%2Fv2%2Fcategories&post=3954"},{"taxonomy":"post_tag","embeddable":true,"href":"https:\/\/newsofthelight.com.br\/index.php?rest_route=%2Fwp%2Fv2%2Ftags&post=3954"}],"curies":[{"name":"wp","href":"https:\/\/api.w.org\/{rel}","templated":true}]}}