{"id":3722,"date":"2023-03-15T16:24:36","date_gmt":"2023-03-15T19:24:36","guid":{"rendered":"https:\/\/newsofthelight.com.br\/?p=3722"},"modified":"2023-03-19T22:51:41","modified_gmt":"2023-03-20T01:51:41","slug":"tcu-da-prazo-de-cinco-para-bolsonaro-fazer-a-devolucao-das-joias","status":"publish","type":"post","link":"https:\/\/newsofthelight.com.br\/?p=3722","title":{"rendered":"TCU d\u00e1 prazo de cinco dias para Bolsonaro fazer a devolu\u00e7\u00e3o das j\u00f3ias"},"content":{"rendered":"<p>O Tribunal de Contas da Uni\u00e3o (TCU) estipulou um prazo de cinco dias para que o ex-presidente do Brasil, Jair Messias Bolsonaro (PL) devolva as j\u00f3ias enviadas pelo o pr\u00edncipe \u00e1rabe, Mohammad bin Salman e que at\u00e9 o momento encontram-se em seu acervo pessoal, o que n\u00e3o \u00e9 permitido pela constitui\u00e7\u00e3o brasileira. Parte das joias haviam sido confiscadas pela Alf\u00e2ndega brasileira no aeroporto de Garulhos em S\u00e3o Paulo ap\u00f3s o ex-ministro de Minas e Energia Bento Albuquerque\u00a0 juntamente com seu ex-assessor Marcos Soeiro, que carregava as pe\u00e7as em sua mochila, tentaram entrar no pa\u00eds com os objetos sem declara-l\u00f3s em 26 de outubro de 2021.\u00a0<\/p>\n<p>Uma reportagem publicada pela Folha de S\u00e3o Paulo em fevereiro deste ano revelou que os itens haviam sido adicionados ao acervo pessoal do ex-presidente em novembro de 2022. De acordo com as informa\u00e7\u00f5es do jornal, o pacote que chegou at\u00e9 seu destinat\u00e1rio continha um porta-j\u00f3ias com um rel\u00f3gio luxuoso, uma caneta, duas abotoaduras, um anel e um komboloi (esp\u00e9cie de ter\u00e7o isl\u00e2mico).<\/p>\n<p>_ Avalio que permitir que o ex-presidente seja o guardi\u00e3o desse valioso acervo, ainda que como fiel deposit\u00e1rio, com todo respeito, configura uma op\u00e7\u00e3o temer\u00e1ria e que n\u00e3o resguarda adequadamente o interesse p\u00fablico e o patrim\u00f4nio da Uni\u00e3o. Sendo, pois, prova material de supostos crimes, \u00e9 imprescind\u00edvel que estejam sob o escrut\u00ednio da autoridade policial, para fins periciais, e n\u00e3o na posse do investigado. _ Escreveu Rocha Furtado, subprocurador-geral do TCU ao recorrer da decis\u00e3o de Augusto Nardes, Presidente do Tribunal de Contas da Uni\u00e3o.\u00a0<\/p>\n<p>O TCU tamb\u00e9m exigiu que o ex-chefe do executivo entregue o fuzil e uma pistola que teria sido entregue-lhe pelo herdeiro da Ar\u00e1bia Saudita quando ele foi visit\u00e1-lo em 2019.\u00a0<\/p>\n<p>Ademais, foi determinado por ordem do tribunal que todo o acervo pessoal de Bolsonaro seja revistado pela Pol\u00edcia Federal com o objetivo de averiguar se houve mais \u2018presentes\u2019 enviados de outras na\u00e7\u00f5es. De acordo com a lei da constitui\u00e7\u00e3o brasileira, todos e quaisquer tipo de presentes enviados para o chefe do executivo deve ser registrado como patrim\u00f4nio nacional da Uni\u00e3o, o que n\u00e3o ocorreu com as j\u00f3ias e itens de Bolsonaro.<\/p>\n<p>Contudo, a defesa do ex-presidente garantiu que o mesmo devolver\u00e1 os objetos por livre e espont\u00e2nea vontade.<\/p>\n<p>_ Considerando, ainda conforme ventilado nos ve\u00edculos de imprensa, que teria havido despacho de Vossa Excel\u00eancia impondo ao peticion\u00e1rio o \u00f4nus de fiel deposit\u00e1rio dos bens objeto da presente representa\u00e7\u00e3o, at\u00e9 ulterior decis\u00e3o desta Corte, vem formalmente requerer que os referidos bens sejam desde logo depositados neste Tribunal de Contas, nele permanecendo at\u00e9 a conclus\u00e3o do presente feito, determinando-se para tanto, a designa\u00e7\u00e3o de data e local para sua apresenta\u00e7\u00e3o. _ declarou advogados de Jair Bolsonaro na peti\u00e7\u00e3o apresentada ao TCU na noite desta segunda-feira (13).<\/p>\n","protected":false},"excerpt":{"rendered":"<p>O Tribunal de Contas da Uni\u00e3o (TCU) estipulou um prazo de cinco dias para que o ex-presidente do Brasil, Jair Messias Bolsonaro (PL) devolva as j\u00f3ias enviadas pelo o pr\u00edncipe \u00e1rabe, Mohammad bin Salman e que at\u00e9 o momento encontram-se em seu acervo pessoal, o que n\u00e3o \u00e9 permitido pela constitui\u00e7\u00e3o brasileira. Parte das joias<\/p>\n","protected":false},"author":2,"featured_media":3724,"comment_status":"open","ping_status":"open","sticky":false,"template":"","format":"standard","meta":{"_jetpack_memberships_contains_paid_content":false,"footnotes":""},"categories":[38,37,36],"tags":[],"class_list":["post-3722","post","type-post","status-publish","format-standard","has-post-thumbnail","hentry","category-brasil","category-policia","category-politica"],"yoast_head":"<!-- This site is optimized with the Yoast SEO plugin v27.4 - https:\/\/yoast.com\/product\/yoast-seo-wordpress\/ -->\n<title>TCU d\u00e1 prazo de cinco dias para Bolsonaro fazer a devolu\u00e7\u00e3o das j\u00f3ias - Autoria - Thiago Gomes Gon\u00e7alves Peres Lima - REG 0022106\/MG<\/title>\n<meta name=\"robots\" content=\"index, follow, max-snippet:-1, max-image-preview:large, max-video-preview:-1\" \/>\n<link rel=\"canonical\" href=\"https:\/\/newsofthelight.com.br\/?p=3722\" \/>\n<meta property=\"og:locale\" content=\"pt_BR\" \/>\n<meta property=\"og:type\" content=\"article\" \/>\n<meta property=\"og:title\" content=\"TCU d\u00e1 prazo de cinco dias para Bolsonaro fazer a devolu\u00e7\u00e3o das j\u00f3ias - Autoria - Thiago Gomes Gon\u00e7alves Peres Lima - REG 0022106\/MG\" \/>\n<meta property=\"og:description\" content=\"O Tribunal de Contas da Uni\u00e3o (TCU) estipulou um prazo de cinco dias para que o ex-presidente do Brasil, Jair Messias Bolsonaro (PL) devolva as j\u00f3ias enviadas pelo o pr\u00edncipe \u00e1rabe, Mohammad bin Salman e que at\u00e9 o momento encontram-se em seu acervo pessoal, o que n\u00e3o \u00e9 permitido pela constitui\u00e7\u00e3o brasileira. Parte das joias\" \/>\n<meta property=\"og:url\" content=\"https:\/\/newsofthelight.com.br\/?p=3722\" \/>\n<meta property=\"og:site_name\" content=\"Autoria - Thiago Gomes Gon\u00e7alves Peres Lima - REG 0022106\/MG\" \/>\n<meta property=\"article:published_time\" content=\"2023-03-15T19:24:36+00:00\" \/>\n<meta property=\"article:modified_time\" content=\"2023-03-20T01:51:41+00:00\" \/>\n<meta property=\"og:image\" content=\"https:\/\/newsofthelight.com.br\/wp-content\/uploads\/2023\/03\/8F703C9F-3D91-4C53-939D-7B4FA08B9D19.jpeg\" \/>\n\t<meta property=\"og:image:width\" content=\"1069\" \/>\n\t<meta property=\"og:image:height\" content=\"949\" \/>\n\t<meta property=\"og:image:type\" content=\"image\/jpeg\" \/>\n<meta name=\"author\" content=\"Thiago Peres\" \/>\n<meta name=\"twitter:card\" content=\"summary_large_image\" \/>\n<meta name=\"twitter:label1\" content=\"Escrito por\" \/>\n\t<meta name=\"twitter:data1\" content=\"Thiago Peres\" \/>\n\t<meta name=\"twitter:label2\" content=\"Est. tempo de leitura\" \/>\n\t<meta name=\"twitter:data2\" content=\"2 minutos\" \/>\n<script type=\"application\/ld+json\" class=\"yoast-schema-graph\">{\"@context\":\"https:\\\/\\\/schema.org\",\"@graph\":[{\"@type\":\"Article\",\"@id\":\"https:\\\/\\\/newsofthelight.com.br\\\/?p=3722#article\",\"isPartOf\":{\"@id\":\"https:\\\/\\\/newsofthelight.com.br\\\/?p=3722\"},\"author\":{\"name\":\"Thiago Peres\",\"@id\":\"https:\\\/\\\/newsofthelight.com.br\\\/#\\\/schema\\\/person\\\/d4878034586ca0e04c11eac65b2f76f2\"},\"headline\":\"TCU d\u00e1 prazo de cinco dias para Bolsonaro fazer a devolu\u00e7\u00e3o das j\u00f3ias\",\"datePublished\":\"2023-03-15T19:24:36+00:00\",\"dateModified\":\"2023-03-20T01:51:41+00:00\",\"mainEntityOfPage\":{\"@id\":\"https:\\\/\\\/newsofthelight.com.br\\\/?p=3722\"},\"wordCount\":513,\"commentCount\":0,\"publisher\":{\"@id\":\"https:\\\/\\\/newsofthelight.com.br\\\/#organization\"},\"image\":{\"@id\":\"https:\\\/\\\/newsofthelight.com.br\\\/?p=3722#primaryimage\"},\"thumbnailUrl\":\"https:\\\/\\\/newsofthelight.com.br\\\/wp-content\\\/uploads\\\/2023\\\/03\\\/8F703C9F-3D91-4C53-939D-7B4FA08B9D19.jpeg\",\"articleSection\":[\"Brasil\",\"Policia\",\"Pol\u00edtica\"],\"inLanguage\":\"pt-BR\",\"potentialAction\":[{\"@type\":\"CommentAction\",\"name\":\"Comment\",\"target\":[\"https:\\\/\\\/newsofthelight.com.br\\\/?p=3722#respond\"]}]},{\"@type\":\"WebPage\",\"@id\":\"https:\\\/\\\/newsofthelight.com.br\\\/?p=3722\",\"url\":\"https:\\\/\\\/newsofthelight.com.br\\\/?p=3722\",\"name\":\"TCU d\u00e1 prazo de cinco dias para Bolsonaro fazer a devolu\u00e7\u00e3o das j\u00f3ias - Autoria - Thiago Gomes Gon\u00e7alves Peres Lima - REG 0022106\\\/MG\",\"isPartOf\":{\"@id\":\"https:\\\/\\\/newsofthelight.com.br\\\/#website\"},\"primaryImageOfPage\":{\"@id\":\"https:\\\/\\\/newsofthelight.com.br\\\/?p=3722#primaryimage\"},\"image\":{\"@id\":\"https:\\\/\\\/newsofthelight.com.br\\\/?p=3722#primaryimage\"},\"thumbnailUrl\":\"https:\\\/\\\/newsofthelight.com.br\\\/wp-content\\\/uploads\\\/2023\\\/03\\\/8F703C9F-3D91-4C53-939D-7B4FA08B9D19.jpeg\",\"datePublished\":\"2023-03-15T19:24:36+00:00\",\"dateModified\":\"2023-03-20T01:51:41+00:00\",\"breadcrumb\":{\"@id\":\"https:\\\/\\\/newsofthelight.com.br\\\/?p=3722#breadcrumb\"},\"inLanguage\":\"pt-BR\",\"potentialAction\":[{\"@type\":\"ReadAction\",\"target\":[\"https:\\\/\\\/newsofthelight.com.br\\\/?p=3722\"]}]},{\"@type\":\"ImageObject\",\"inLanguage\":\"pt-BR\",\"@id\":\"https:\\\/\\\/newsofthelight.com.br\\\/?p=3722#primaryimage\",\"url\":\"https:\\\/\\\/newsofthelight.com.br\\\/wp-content\\\/uploads\\\/2023\\\/03\\\/8F703C9F-3D91-4C53-939D-7B4FA08B9D19.jpeg\",\"contentUrl\":\"https:\\\/\\\/newsofthelight.com.br\\\/wp-content\\\/uploads\\\/2023\\\/03\\\/8F703C9F-3D91-4C53-939D-7B4FA08B9D19.jpeg\",\"width\":1069,\"height\":949},{\"@type\":\"BreadcrumbList\",\"@id\":\"https:\\\/\\\/newsofthelight.com.br\\\/?p=3722#breadcrumb\",\"itemListElement\":[{\"@type\":\"ListItem\",\"position\":1,\"name\":\"In\u00edcio\",\"item\":\"https:\\\/\\\/newsofthelight.com.br\\\/\"},{\"@type\":\"ListItem\",\"position\":2,\"name\":\"TCU d\u00e1 prazo de cinco dias para Bolsonaro fazer a devolu\u00e7\u00e3o das j\u00f3ias\"}]},{\"@type\":\"WebSite\",\"@id\":\"https:\\\/\\\/newsofthelight.com.br\\\/#website\",\"url\":\"https:\\\/\\\/newsofthelight.com.br\\\/\",\"name\":\"Autoria - Thiago Gomes Gon\u00e7alves Peres Lima - REG 0022106\\\/MG\",\"description\":\"Noticias na velocidade da luz\",\"publisher\":{\"@id\":\"https:\\\/\\\/newsofthelight.com.br\\\/#organization\"},\"potentialAction\":[{\"@type\":\"SearchAction\",\"target\":{\"@type\":\"EntryPoint\",\"urlTemplate\":\"https:\\\/\\\/newsofthelight.com.br\\\/?s={search_term_string}\"},\"query-input\":{\"@type\":\"PropertyValueSpecification\",\"valueRequired\":true,\"valueName\":\"search_term_string\"}}],\"inLanguage\":\"pt-BR\"},{\"@type\":\"Organization\",\"@id\":\"https:\\\/\\\/newsofthelight.com.br\\\/#organization\",\"name\":\"Autoria - Thiago Gomes Gon\u00e7alves Peres Lima - REG 0022106\\\/MG\",\"url\":\"https:\\\/\\\/newsofthelight.com.br\\\/\",\"logo\":{\"@type\":\"ImageObject\",\"inLanguage\":\"pt-BR\",\"@id\":\"https:\\\/\\\/newsofthelight.com.br\\\/#\\\/schema\\\/logo\\\/image\\\/\",\"url\":\"https:\\\/\\\/newsofthelight.com.br\\\/wp-content\\\/uploads\\\/2025\\\/06\\\/cropped-IMG_0217.png\",\"contentUrl\":\"https:\\\/\\\/newsofthelight.com.br\\\/wp-content\\\/uploads\\\/2025\\\/06\\\/cropped-IMG_0217.png\",\"width\":1177,\"height\":662,\"caption\":\"Autoria - Thiago Gomes Gon\u00e7alves Peres Lima - REG 0022106\\\/MG\"},\"image\":{\"@id\":\"https:\\\/\\\/newsofthelight.com.br\\\/#\\\/schema\\\/logo\\\/image\\\/\"},\"sameAs\":[\"https:\\\/\\\/www.instagram.com\\\/news_of_the_light_?igsh=b3Fwb2psamJzaXds\"]},{\"@type\":\"Person\",\"@id\":\"https:\\\/\\\/newsofthelight.com.br\\\/#\\\/schema\\\/person\\\/d4878034586ca0e04c11eac65b2f76f2\",\"name\":\"Thiago Peres\",\"image\":{\"@type\":\"ImageObject\",\"inLanguage\":\"pt-BR\",\"@id\":\"https:\\\/\\\/secure.gravatar.com\\\/avatar\\\/21d66f46d21d113e9d3dba092a500e64563ed2ed2c77db814dfc7be6345e3815?s=96&d=mm&r=g\",\"url\":\"https:\\\/\\\/secure.gravatar.com\\\/avatar\\\/21d66f46d21d113e9d3dba092a500e64563ed2ed2c77db814dfc7be6345e3815?s=96&d=mm&r=g\",\"contentUrl\":\"https:\\\/\\\/secure.gravatar.com\\\/avatar\\\/21d66f46d21d113e9d3dba092a500e64563ed2ed2c77db814dfc7be6345e3815?s=96&d=mm&r=g\",\"caption\":\"Thiago Peres\"},\"sameAs\":[\"http:\\\/\\\/newsofthelight.com.br\"],\"url\":\"https:\\\/\\\/newsofthelight.com.br\\\/?author=2\"}]}<\/script>\n<!-- \/ Yoast SEO plugin. -->","yoast_head_json":{"title":"TCU d\u00e1 prazo de cinco dias para Bolsonaro fazer a devolu\u00e7\u00e3o das j\u00f3ias - Autoria - Thiago Gomes Gon\u00e7alves Peres Lima - REG 0022106\/MG","robots":{"index":"index","follow":"follow","max-snippet":"max-snippet:-1","max-image-preview":"max-image-preview:large","max-video-preview":"max-video-preview:-1"},"canonical":"https:\/\/newsofthelight.com.br\/?p=3722","og_locale":"pt_BR","og_type":"article","og_title":"TCU d\u00e1 prazo de cinco dias para Bolsonaro fazer a devolu\u00e7\u00e3o das j\u00f3ias - Autoria - Thiago Gomes Gon\u00e7alves Peres Lima - REG 0022106\/MG","og_description":"O Tribunal de Contas da Uni\u00e3o (TCU) estipulou um prazo de cinco dias para que o ex-presidente do Brasil, Jair Messias Bolsonaro (PL) devolva as j\u00f3ias enviadas pelo o pr\u00edncipe \u00e1rabe, Mohammad bin Salman e que at\u00e9 o momento encontram-se em seu acervo pessoal, o que n\u00e3o \u00e9 permitido pela constitui\u00e7\u00e3o brasileira. Parte das joias","og_url":"https:\/\/newsofthelight.com.br\/?p=3722","og_site_name":"Autoria - Thiago Gomes Gon\u00e7alves Peres Lima - REG 0022106\/MG","article_published_time":"2023-03-15T19:24:36+00:00","article_modified_time":"2023-03-20T01:51:41+00:00","og_image":[{"width":1069,"height":949,"url":"https:\/\/newsofthelight.com.br\/wp-content\/uploads\/2023\/03\/8F703C9F-3D91-4C53-939D-7B4FA08B9D19.jpeg","type":"image\/jpeg"}],"author":"Thiago Peres","twitter_card":"summary_large_image","twitter_misc":{"Escrito por":"Thiago Peres","Est. tempo de leitura":"2 minutos"},"schema":{"@context":"https:\/\/schema.org","@graph":[{"@type":"Article","@id":"https:\/\/newsofthelight.com.br\/?p=3722#article","isPartOf":{"@id":"https:\/\/newsofthelight.com.br\/?p=3722"},"author":{"name":"Thiago Peres","@id":"https:\/\/newsofthelight.com.br\/#\/schema\/person\/d4878034586ca0e04c11eac65b2f76f2"},"headline":"TCU d\u00e1 prazo de cinco dias para Bolsonaro fazer a devolu\u00e7\u00e3o das j\u00f3ias","datePublished":"2023-03-15T19:24:36+00:00","dateModified":"2023-03-20T01:51:41+00:00","mainEntityOfPage":{"@id":"https:\/\/newsofthelight.com.br\/?p=3722"},"wordCount":513,"commentCount":0,"publisher":{"@id":"https:\/\/newsofthelight.com.br\/#organization"},"image":{"@id":"https:\/\/newsofthelight.com.br\/?p=3722#primaryimage"},"thumbnailUrl":"https:\/\/newsofthelight.com.br\/wp-content\/uploads\/2023\/03\/8F703C9F-3D91-4C53-939D-7B4FA08B9D19.jpeg","articleSection":["Brasil","Policia","Pol\u00edtica"],"inLanguage":"pt-BR","potentialAction":[{"@type":"CommentAction","name":"Comment","target":["https:\/\/newsofthelight.com.br\/?p=3722#respond"]}]},{"@type":"WebPage","@id":"https:\/\/newsofthelight.com.br\/?p=3722","url":"https:\/\/newsofthelight.com.br\/?p=3722","name":"TCU d\u00e1 prazo de cinco dias para Bolsonaro fazer a devolu\u00e7\u00e3o das j\u00f3ias - Autoria - Thiago Gomes Gon\u00e7alves Peres Lima - REG 0022106\/MG","isPartOf":{"@id":"https:\/\/newsofthelight.com.br\/#website"},"primaryImageOfPage":{"@id":"https:\/\/newsofthelight.com.br\/?p=3722#primaryimage"},"image":{"@id":"https:\/\/newsofthelight.com.br\/?p=3722#primaryimage"},"thumbnailUrl":"https:\/\/newsofthelight.com.br\/wp-content\/uploads\/2023\/03\/8F703C9F-3D91-4C53-939D-7B4FA08B9D19.jpeg","datePublished":"2023-03-15T19:24:36+00:00","dateModified":"2023-03-20T01:51:41+00:00","breadcrumb":{"@id":"https:\/\/newsofthelight.com.br\/?p=3722#breadcrumb"},"inLanguage":"pt-BR","potentialAction":[{"@type":"ReadAction","target":["https:\/\/newsofthelight.com.br\/?p=3722"]}]},{"@type":"ImageObject","inLanguage":"pt-BR","@id":"https:\/\/newsofthelight.com.br\/?p=3722#primaryimage","url":"https:\/\/newsofthelight.com.br\/wp-content\/uploads\/2023\/03\/8F703C9F-3D91-4C53-939D-7B4FA08B9D19.jpeg","contentUrl":"https:\/\/newsofthelight.com.br\/wp-content\/uploads\/2023\/03\/8F703C9F-3D91-4C53-939D-7B4FA08B9D19.jpeg","width":1069,"height":949},{"@type":"BreadcrumbList","@id":"https:\/\/newsofthelight.com.br\/?p=3722#breadcrumb","itemListElement":[{"@type":"ListItem","position":1,"name":"In\u00edcio","item":"https:\/\/newsofthelight.com.br\/"},{"@type":"ListItem","position":2,"name":"TCU d\u00e1 prazo de cinco dias para Bolsonaro fazer a devolu\u00e7\u00e3o das j\u00f3ias"}]},{"@type":"WebSite","@id":"https:\/\/newsofthelight.com.br\/#website","url":"https:\/\/newsofthelight.com.br\/","name":"Autoria - Thiago Gomes Gon\u00e7alves Peres Lima - REG 0022106\/MG","description":"Noticias na velocidade da luz","publisher":{"@id":"https:\/\/newsofthelight.com.br\/#organization"},"potentialAction":[{"@type":"SearchAction","target":{"@type":"EntryPoint","urlTemplate":"https:\/\/newsofthelight.com.br\/?s={search_term_string}"},"query-input":{"@type":"PropertyValueSpecification","valueRequired":true,"valueName":"search_term_string"}}],"inLanguage":"pt-BR"},{"@type":"Organization","@id":"https:\/\/newsofthelight.com.br\/#organization","name":"Autoria - Thiago Gomes Gon\u00e7alves Peres Lima - REG 0022106\/MG","url":"https:\/\/newsofthelight.com.br\/","logo":{"@type":"ImageObject","inLanguage":"pt-BR","@id":"https:\/\/newsofthelight.com.br\/#\/schema\/logo\/image\/","url":"https:\/\/newsofthelight.com.br\/wp-content\/uploads\/2025\/06\/cropped-IMG_0217.png","contentUrl":"https:\/\/newsofthelight.com.br\/wp-content\/uploads\/2025\/06\/cropped-IMG_0217.png","width":1177,"height":662,"caption":"Autoria - Thiago Gomes Gon\u00e7alves Peres Lima - REG 0022106\/MG"},"image":{"@id":"https:\/\/newsofthelight.com.br\/#\/schema\/logo\/image\/"},"sameAs":["https:\/\/www.instagram.com\/news_of_the_light_?igsh=b3Fwb2psamJzaXds"]},{"@type":"Person","@id":"https:\/\/newsofthelight.com.br\/#\/schema\/person\/d4878034586ca0e04c11eac65b2f76f2","name":"Thiago Peres","image":{"@type":"ImageObject","inLanguage":"pt-BR","@id":"https:\/\/secure.gravatar.com\/avatar\/21d66f46d21d113e9d3dba092a500e64563ed2ed2c77db814dfc7be6345e3815?s=96&d=mm&r=g","url":"https:\/\/secure.gravatar.com\/avatar\/21d66f46d21d113e9d3dba092a500e64563ed2ed2c77db814dfc7be6345e3815?s=96&d=mm&r=g","contentUrl":"https:\/\/secure.gravatar.com\/avatar\/21d66f46d21d113e9d3dba092a500e64563ed2ed2c77db814dfc7be6345e3815?s=96&d=mm&r=g","caption":"Thiago Peres"},"sameAs":["http:\/\/newsofthelight.com.br"],"url":"https:\/\/newsofthelight.com.br\/?author=2"}]}},"jetpack_featured_media_url":"https:\/\/newsofthelight.com.br\/wp-content\/uploads\/2023\/03\/8F703C9F-3D91-4C53-939D-7B4FA08B9D19.jpeg","jetpack_sharing_enabled":true,"jetpack-related-posts":[{"id":3933,"url":"https:\/\/newsofthelight.com.br\/?p=3933","url_meta":{"origin":3722,"position":0},"title":"Bolsonaro deve retornar ao Brasil no final do m\u00eas","author":"Thiago Peres","date":"26 de mar\u00e7o de 2023","format":false,"excerpt":"O ex-presidente Jair Messias Bolsonaro (PL) deve regressar ao Brasil na pr\u00f3xima quinta-feira (30). A data n\u00e3o foi escolhida por acaso, uma vez que o atual presidente, Luiz In\u00e1cio Lula da Silva, dever\u00e1 estar em uma viagem \u00e0 China neste dia.\u00a0As informa\u00e7\u00f5es foram repassadas pela assessoria oficial do ex-chefe de\u2026","rel":"","context":"Em &quot;Brasil&quot;","block_context":{"text":"Brasil","link":"https:\/\/newsofthelight.com.br\/?cat=38"},"img":{"alt_text":"","src":"https:\/\/i0.wp.com\/newsofthelight.com.br\/wp-content\/uploads\/2023\/03\/0C66F7A3-C5E3-4F40-B923-4C5D5D528A13.jpeg?resize=350%2C200&ssl=1","width":350,"height":200,"srcset":"https:\/\/i0.wp.com\/newsofthelight.com.br\/wp-content\/uploads\/2023\/03\/0C66F7A3-C5E3-4F40-B923-4C5D5D528A13.jpeg?resize=350%2C200&ssl=1 1x, https:\/\/i0.wp.com\/newsofthelight.com.br\/wp-content\/uploads\/2023\/03\/0C66F7A3-C5E3-4F40-B923-4C5D5D528A13.jpeg?resize=525%2C300&ssl=1 1.5x"},"classes":[]},{"id":3586,"url":"https:\/\/newsofthelight.com.br\/?p=3586","url_meta":{"origin":3722,"position":1},"title":"Acervo pessoal de Bolsonaro conta com 74 facas e 44 rel\u00f3gios al\u00e9m de j\u00f3ias \u00e1rabes","author":"Thiago Peres","date":"11 de mar\u00e7o de 2023","format":false,"excerpt":"O acervo pessoal do ex-chefe do executivo, Jair Bolsonaro conta com uma cole\u00e7\u00e3o de 19.470 itens para al\u00e9m das j\u00f3ias enviadas pelo pr\u00edncipe Mohammad bin Salman apreendidas pela Receita Federal na Alf\u00e2ndega do aeroporto internacional de Guarulhos em S\u00e3o Paulo que haviam sido trazidas pelo ex-assessor do ex-ministro Bento Albuquerque,\u2026","rel":"","context":"Em &quot;Brasil&quot;","block_context":{"text":"Brasil","link":"https:\/\/newsofthelight.com.br\/?cat=38"},"img":{"alt_text":"","src":"https:\/\/i0.wp.com\/newsofthelight.com.br\/wp-content\/uploads\/2023\/03\/E8B5FB42-BA5D-410C-AD72-87455D14A786.jpeg?resize=350%2C200&ssl=1","width":350,"height":200,"srcset":"https:\/\/i0.wp.com\/newsofthelight.com.br\/wp-content\/uploads\/2023\/03\/E8B5FB42-BA5D-410C-AD72-87455D14A786.jpeg?resize=350%2C200&ssl=1 1x, https:\/\/i0.wp.com\/newsofthelight.com.br\/wp-content\/uploads\/2023\/03\/E8B5FB42-BA5D-410C-AD72-87455D14A786.jpeg?resize=525%2C300&ssl=1 1.5x, https:\/\/i0.wp.com\/newsofthelight.com.br\/wp-content\/uploads\/2023\/03\/E8B5FB42-BA5D-410C-AD72-87455D14A786.jpeg?resize=700%2C400&ssl=1 2x, https:\/\/i0.wp.com\/newsofthelight.com.br\/wp-content\/uploads\/2023\/03\/E8B5FB42-BA5D-410C-AD72-87455D14A786.jpeg?resize=1050%2C600&ssl=1 3x"},"classes":[]},{"id":4068,"url":"https:\/\/newsofthelight.com.br\/?p=4068","url_meta":{"origin":3722,"position":2},"title":"Defesa do ex-presidente Bolsonaro alegou registro do terceiro kit de j\u00f3ias","author":"Thiago Peres","date":"29 de mar\u00e7o de 2023","format":false,"excerpt":"H\u00e1 ainda um registro de um terceiro kit de j\u00f3ias que est\u00e3o arquivadas no acervo pessoal do presidente, o que \u00e9 contra lei, contendo um rel\u00f3gio Rolex, abotoaduras, um anel, uma caneta e um komboloi que o ex-presidente teria recebido em Doha entre os dias 28 e 30 de outubro\u2026","rel":"","context":"Em &quot;Brasil&quot;","block_context":{"text":"Brasil","link":"https:\/\/newsofthelight.com.br\/?cat=38"},"img":{"alt_text":"","src":"https:\/\/i0.wp.com\/newsofthelight.com.br\/wp-content\/uploads\/2023\/03\/IMG_4030.jpeg?resize=350%2C200&ssl=1","width":350,"height":200,"srcset":"https:\/\/i0.wp.com\/newsofthelight.com.br\/wp-content\/uploads\/2023\/03\/IMG_4030.jpeg?resize=350%2C200&ssl=1 1x, https:\/\/i0.wp.com\/newsofthelight.com.br\/wp-content\/uploads\/2023\/03\/IMG_4030.jpeg?resize=525%2C300&ssl=1 1.5x, https:\/\/i0.wp.com\/newsofthelight.com.br\/wp-content\/uploads\/2023\/03\/IMG_4030.jpeg?resize=700%2C400&ssl=1 2x, https:\/\/i0.wp.com\/newsofthelight.com.br\/wp-content\/uploads\/2023\/03\/IMG_4030.jpeg?resize=1050%2C600&ssl=1 3x"},"classes":[]},{"id":3555,"url":"https:\/\/newsofthelight.com.br\/?p=3555","url_meta":{"origin":3722,"position":3},"title":"TCU pro\u00edbe o ex-presidente Jair Bolsonaro de usar ou vender as joias enviadas da Ar\u00e1bia Saudita","author":"Thiago Peres","date":"10 de mar\u00e7o de 2023","format":false,"excerpt":"Por determina\u00e7\u00e3o do Tribunal de Contas da Uni\u00e3o, o ex-presidente Jair Messias Bolsonaro est\u00e1 proibido de tomar posse ou vender as pe\u00e7as enviadas da Arabia Saudita. A comiss\u00e3o de Transpar\u00eancia e Fiscaliza\u00e7\u00e3o do Senado, por sua vez, est\u00e1 encarregada de investigar como o envio das j\u00f3ias foi feito.\u00a0 Os objetos\u2026","rel":"","context":"Em &quot;Brasil&quot;","block_context":{"text":"Brasil","link":"https:\/\/newsofthelight.com.br\/?cat=38"},"img":{"alt_text":"","src":"https:\/\/i0.wp.com\/newsofthelight.com.br\/wp-content\/uploads\/2023\/03\/A2BFC6B3-95CC-4511-9B47-B45564AADD3E.jpeg?resize=350%2C200&ssl=1","width":350,"height":200,"srcset":"https:\/\/i0.wp.com\/newsofthelight.com.br\/wp-content\/uploads\/2023\/03\/A2BFC6B3-95CC-4511-9B47-B45564AADD3E.jpeg?resize=350%2C200&ssl=1 1x, https:\/\/i0.wp.com\/newsofthelight.com.br\/wp-content\/uploads\/2023\/03\/A2BFC6B3-95CC-4511-9B47-B45564AADD3E.jpeg?resize=525%2C300&ssl=1 1.5x, https:\/\/i0.wp.com\/newsofthelight.com.br\/wp-content\/uploads\/2023\/03\/A2BFC6B3-95CC-4511-9B47-B45564AADD3E.jpeg?resize=700%2C400&ssl=1 2x, https:\/\/i0.wp.com\/newsofthelight.com.br\/wp-content\/uploads\/2023\/03\/A2BFC6B3-95CC-4511-9B47-B45564AADD3E.jpeg?resize=1050%2C600&ssl=1 3x"},"classes":[]},{"id":4080,"url":"https:\/\/newsofthelight.com.br\/?p=4080","url_meta":{"origin":3722,"position":4},"title":"Tr\u00eas meses ap\u00f3s derrota nas elei\u00e7\u00f5es, Bolsonaro regressa ao Brasil","author":"Thiago Peres","date":"30 de mar\u00e7o de 2023","format":false,"excerpt":"O ex-presidente Jair Messias Bolsonaro, que se tornou o primeiro a n\u00e3o ser reeleito desde que a condi\u00e7\u00e3o passou a valer no Brasil, regressou hoje (30\/03) ao pa\u00eds ap\u00f3s uma estadia de tr\u00eas meses nos Estados Unidos. O liberalista tem como principal objetivo se tornar presidente de honra do Partido\u2026","rel":"","context":"Em &quot;Brasil&quot;","block_context":{"text":"Brasil","link":"https:\/\/newsofthelight.com.br\/?cat=38"},"img":{"alt_text":"","src":"https:\/\/i0.wp.com\/newsofthelight.com.br\/wp-content\/uploads\/2023\/03\/jair_1396555224642553faee244.jpg?resize=350%2C200&ssl=1","width":350,"height":200,"srcset":"https:\/\/i0.wp.com\/newsofthelight.com.br\/wp-content\/uploads\/2023\/03\/jair_1396555224642553faee244.jpg?resize=350%2C200&ssl=1 1x, https:\/\/i0.wp.com\/newsofthelight.com.br\/wp-content\/uploads\/2023\/03\/jair_1396555224642553faee244.jpg?resize=525%2C300&ssl=1 1.5x"},"classes":[]},{"id":4471,"url":"https:\/\/newsofthelight.com.br\/?p=4471","url_meta":{"origin":3722,"position":5},"title":"Ex-chefe do Gabinete de Documenta\u00e7\u00e3o Hist\u00f3rica da Presid\u00eancia \u00e9 alvo de buscas da PF em investiga\u00e7\u00e3o sobre presentes recebidos por autoridades","author":"Thiago Peres","date":"12 de maio de 2023","format":false,"excerpt":"Recentemente, o ex-chefe do Gabinete de Documenta\u00e7\u00e3o Hist\u00f3rica da Presid\u00eancia da Rep\u00fablica, Marcelo da Silva Vieira, foi alvo de buscas da Pol\u00edcia Federal em rela\u00e7\u00e3o ao caso das joias sauditas trazidas ao Brasil.\u201cInqu\u00e9rito apura se ex-presidente cometeu crime ao tentar ficar com itens de luxo. Um dos pacotes, retido na\u2026","rel":"","context":"Em &quot;Brasil&quot;","block_context":{"text":"Brasil","link":"https:\/\/newsofthelight.com.br\/?cat=38"},"img":{"alt_text":"","src":"https:\/\/i0.wp.com\/newsofthelight.com.br\/wp-content\/uploads\/2023\/05\/IMG_4243.jpg?resize=350%2C200&ssl=1","width":350,"height":200},"classes":[]}],"jetpack_shortlink":"https:\/\/wp.me\/peltaF-Y2","_links":{"self":[{"href":"https:\/\/newsofthelight.com.br\/index.php?rest_route=\/wp\/v2\/posts\/3722","targetHints":{"allow":["GET"]}}],"collection":[{"href":"https:\/\/newsofthelight.com.br\/index.php?rest_route=\/wp\/v2\/posts"}],"about":[{"href":"https:\/\/newsofthelight.com.br\/index.php?rest_route=\/wp\/v2\/types\/post"}],"author":[{"embeddable":true,"href":"https:\/\/newsofthelight.com.br\/index.php?rest_route=\/wp\/v2\/users\/2"}],"replies":[{"embeddable":true,"href":"https:\/\/newsofthelight.com.br\/index.php?rest_route=%2Fwp%2Fv2%2Fcomments&post=3722"}],"version-history":[{"count":23,"href":"https:\/\/newsofthelight.com.br\/index.php?rest_route=\/wp\/v2\/posts\/3722\/revisions"}],"predecessor-version":[{"id":3823,"href":"https:\/\/newsofthelight.com.br\/index.php?rest_route=\/wp\/v2\/posts\/3722\/revisions\/3823"}],"wp:featuredmedia":[{"embeddable":true,"href":"https:\/\/newsofthelight.com.br\/index.php?rest_route=\/wp\/v2\/media\/3724"}],"wp:attachment":[{"href":"https:\/\/newsofthelight.com.br\/index.php?rest_route=%2Fwp%2Fv2%2Fmedia&parent=3722"}],"wp:term":[{"taxonomy":"category","embeddable":true,"href":"https:\/\/newsofthelight.com.br\/index.php?rest_route=%2Fwp%2Fv2%2Fcategories&post=3722"},{"taxonomy":"post_tag","embeddable":true,"href":"https:\/\/newsofthelight.com.br\/index.php?rest_route=%2Fwp%2Fv2%2Ftags&post=3722"}],"curies":[{"name":"wp","href":"https:\/\/api.w.org\/{rel}","templated":true}]}}