{"id":3652,"date":"2023-03-14T19:10:03","date_gmt":"2023-03-14T22:10:03","guid":{"rendered":"https:\/\/newsofthelight.com.br\/?p=3652"},"modified":"2023-03-14T19:20:21","modified_gmt":"2023-03-14T22:20:21","slug":"presidente-lula-cobra-que-ministros-nao-anunciem-medidas-administrativas-sem-que-elas-estao-de-acordo-com-a-casa-civil","status":"publish","type":"post","link":"https:\/\/newsofthelight.com.br\/?p=3652","title":{"rendered":"Presidente Lula cobra que ministros n\u00e3o anunciem medidas administrativas sem que elas estejam de acordo com a Casa Civil"},"content":{"rendered":"<p>O presidente Luiz In\u00e1cio Lula da Silva (PT) cobrou frente de todos os seus ministros para n\u00e3o anunciarem nenhum projeto de governo que n\u00e3o tenha sido aprovado pela Casa Civil.\u00a0<\/p>\n<p>_ A gente n\u00e3o pode correr o risco de anunciar uma coisa que n\u00e3o vai acontecer. _ refor\u00e7ou o presidente.<\/p>\n<p>Lula tomou a decis\u00e3o na manh\u00e3 desta ter\u00e7a-feira (14\/03) na reuni\u00e3o de abertura com integrantes do seu governo no Distrito Federal.<\/p>\n<p>_ Minha sugest\u00e3o \u00e9 que ningu\u00e9m anuncie nada, que seja novo sem passar pela Casa Civil. \u00c9 importante que nenhum ministro ou ministra anuncie publicamente qualquer pol\u00edtica sem ter sido acordado com a Casa Civil, que \u00e9 onde as propostas governamentais se tornam poss\u00edveis. _ concluiu o petista.<\/p>\n<p>A Casa Civil \u00e9 um \u00f3rg\u00e3o p\u00fablico criado para dar assist\u00eancia ao chefe do executivo. \u00c9 respons\u00e1vel pela controladoria do GDF ( Governo do Distrito Federal).<\/p>\n<p>Veja abaixo o an\u00fancio do presidente:<\/p>\n<p><iframe loading=\"lazy\" title=\"N\u00e3o anunciem \u201cabsolutamente nada\u201d sem passar pela Casa Civil, diz Lula a ministros | LIVE CNN\" width=\"960\" height=\"540\" src=\"https:\/\/www.youtube.com\/embed\/wsA5DYwEP-U?feature=oembed\" frameborder=\"0\" allow=\"accelerometer; autoplay; clipboard-write; encrypted-media; gyroscope; picture-in-picture; web-share\" referrerpolicy=\"strict-origin-when-cross-origin\" allowfullscreen><\/iframe><\/p>\n","protected":false},"excerpt":{"rendered":"<p>O presidente Luiz In\u00e1cio Lula da Silva (PT) cobrou frente de todos os seus ministros para n\u00e3o anunciarem nenhum projeto de governo que n\u00e3o tenha sido aprovado pela Casa Civil.\u00a0 _ A gente n\u00e3o pode correr o risco de anunciar uma coisa que n\u00e3o vai acontecer. _ refor\u00e7ou o presidente. Lula tomou a decis\u00e3o na<\/p>\n","protected":false},"author":2,"featured_media":3655,"comment_status":"open","ping_status":"open","sticky":false,"template":"","format":"standard","meta":{"_jetpack_memberships_contains_paid_content":false,"footnotes":""},"categories":[38,36],"tags":[],"class_list":["post-3652","post","type-post","status-publish","format-standard","has-post-thumbnail","hentry","category-brasil","category-politica"],"yoast_head":"<!-- This site is optimized with the Yoast SEO plugin v27.5 - https:\/\/yoast.com\/product\/yoast-seo-wordpress\/ -->\n<title>Presidente Lula cobra que ministros n\u00e3o anunciem medidas administrativas sem que elas estejam de acordo com a Casa Civil - Autoria - Thiago Gomes Gon\u00e7alves Peres Lima - REG 0022106\/MG<\/title>\n<meta name=\"robots\" content=\"index, follow, max-snippet:-1, max-image-preview:large, max-video-preview:-1\" \/>\n<link rel=\"canonical\" href=\"https:\/\/newsofthelight.com.br\/?p=3652\" \/>\n<meta property=\"og:locale\" content=\"pt_BR\" \/>\n<meta property=\"og:type\" content=\"article\" \/>\n<meta property=\"og:title\" content=\"Presidente Lula cobra que ministros n\u00e3o anunciem medidas administrativas sem que elas estejam de acordo com a Casa Civil - Autoria - Thiago Gomes Gon\u00e7alves Peres Lima - REG 0022106\/MG\" \/>\n<meta property=\"og:description\" content=\"O presidente Luiz In\u00e1cio Lula da Silva (PT) cobrou frente de todos os seus ministros para n\u00e3o anunciarem nenhum projeto de governo que n\u00e3o tenha sido aprovado pela Casa Civil.\u00a0 _ A gente n\u00e3o pode correr o risco de anunciar uma coisa que n\u00e3o vai acontecer. _ refor\u00e7ou o presidente. Lula tomou a decis\u00e3o na\" \/>\n<meta property=\"og:url\" content=\"https:\/\/newsofthelight.com.br\/?p=3652\" \/>\n<meta property=\"og:site_name\" content=\"Autoria - Thiago Gomes Gon\u00e7alves Peres Lima - REG 0022106\/MG\" \/>\n<meta property=\"article:published_time\" content=\"2023-03-14T22:10:03+00:00\" \/>\n<meta property=\"article:modified_time\" content=\"2023-03-14T22:20:21+00:00\" \/>\n<meta property=\"og:image\" content=\"https:\/\/newsofthelight.com.br\/wp-content\/uploads\/2023\/03\/67B03D5E-A3BD-432E-85FE-64194BBA90FF.jpeg\" \/>\n\t<meta property=\"og:image:width\" content=\"1125\" \/>\n\t<meta property=\"og:image:height\" content=\"792\" \/>\n\t<meta property=\"og:image:type\" content=\"image\/jpeg\" \/>\n<meta name=\"author\" content=\"Thiago Peres\" \/>\n<meta name=\"twitter:card\" content=\"summary_large_image\" \/>\n<meta name=\"twitter:label1\" content=\"Escrito por\" \/>\n\t<meta name=\"twitter:data1\" content=\"Thiago Peres\" \/>\n\t<meta name=\"twitter:label2\" content=\"Est. tempo de leitura\" \/>\n\t<meta name=\"twitter:data2\" content=\"1 minuto\" \/>\n<script type=\"application\/ld+json\" class=\"yoast-schema-graph\">{\"@context\":\"https:\\\/\\\/schema.org\",\"@graph\":[{\"@type\":\"Article\",\"@id\":\"https:\\\/\\\/newsofthelight.com.br\\\/?p=3652#article\",\"isPartOf\":{\"@id\":\"https:\\\/\\\/newsofthelight.com.br\\\/?p=3652\"},\"author\":{\"name\":\"Thiago Peres\",\"@id\":\"https:\\\/\\\/newsofthelight.com.br\\\/#\\\/schema\\\/person\\\/d4878034586ca0e04c11eac65b2f76f2\"},\"headline\":\"Presidente Lula cobra que ministros n\u00e3o anunciem medidas administrativas sem que elas estejam de acordo com a Casa Civil\",\"datePublished\":\"2023-03-14T22:10:03+00:00\",\"dateModified\":\"2023-03-14T22:20:21+00:00\",\"mainEntityOfPage\":{\"@id\":\"https:\\\/\\\/newsofthelight.com.br\\\/?p=3652\"},\"wordCount\":187,\"commentCount\":0,\"publisher\":{\"@id\":\"https:\\\/\\\/newsofthelight.com.br\\\/#organization\"},\"image\":{\"@id\":\"https:\\\/\\\/newsofthelight.com.br\\\/?p=3652#primaryimage\"},\"thumbnailUrl\":\"https:\\\/\\\/newsofthelight.com.br\\\/wp-content\\\/uploads\\\/2023\\\/03\\\/67B03D5E-A3BD-432E-85FE-64194BBA90FF.jpeg\",\"articleSection\":[\"Brasil\",\"Pol\u00edtica\"],\"inLanguage\":\"pt-BR\",\"potentialAction\":[{\"@type\":\"CommentAction\",\"name\":\"Comment\",\"target\":[\"https:\\\/\\\/newsofthelight.com.br\\\/?p=3652#respond\"]}]},{\"@type\":\"WebPage\",\"@id\":\"https:\\\/\\\/newsofthelight.com.br\\\/?p=3652\",\"url\":\"https:\\\/\\\/newsofthelight.com.br\\\/?p=3652\",\"name\":\"Presidente Lula cobra que ministros n\u00e3o anunciem medidas administrativas sem que elas estejam de acordo com a Casa Civil - Autoria - Thiago Gomes Gon\u00e7alves Peres Lima - REG 0022106\\\/MG\",\"isPartOf\":{\"@id\":\"https:\\\/\\\/newsofthelight.com.br\\\/#website\"},\"primaryImageOfPage\":{\"@id\":\"https:\\\/\\\/newsofthelight.com.br\\\/?p=3652#primaryimage\"},\"image\":{\"@id\":\"https:\\\/\\\/newsofthelight.com.br\\\/?p=3652#primaryimage\"},\"thumbnailUrl\":\"https:\\\/\\\/newsofthelight.com.br\\\/wp-content\\\/uploads\\\/2023\\\/03\\\/67B03D5E-A3BD-432E-85FE-64194BBA90FF.jpeg\",\"datePublished\":\"2023-03-14T22:10:03+00:00\",\"dateModified\":\"2023-03-14T22:20:21+00:00\",\"breadcrumb\":{\"@id\":\"https:\\\/\\\/newsofthelight.com.br\\\/?p=3652#breadcrumb\"},\"inLanguage\":\"pt-BR\",\"potentialAction\":[{\"@type\":\"ReadAction\",\"target\":[\"https:\\\/\\\/newsofthelight.com.br\\\/?p=3652\"]}]},{\"@type\":\"ImageObject\",\"inLanguage\":\"pt-BR\",\"@id\":\"https:\\\/\\\/newsofthelight.com.br\\\/?p=3652#primaryimage\",\"url\":\"https:\\\/\\\/newsofthelight.com.br\\\/wp-content\\\/uploads\\\/2023\\\/03\\\/67B03D5E-A3BD-432E-85FE-64194BBA90FF.jpeg\",\"contentUrl\":\"https:\\\/\\\/newsofthelight.com.br\\\/wp-content\\\/uploads\\\/2023\\\/03\\\/67B03D5E-A3BD-432E-85FE-64194BBA90FF.jpeg\",\"width\":1125,\"height\":792},{\"@type\":\"BreadcrumbList\",\"@id\":\"https:\\\/\\\/newsofthelight.com.br\\\/?p=3652#breadcrumb\",\"itemListElement\":[{\"@type\":\"ListItem\",\"position\":1,\"name\":\"In\u00edcio\",\"item\":\"https:\\\/\\\/newsofthelight.com.br\\\/\"},{\"@type\":\"ListItem\",\"position\":2,\"name\":\"Presidente Lula cobra que ministros n\u00e3o anunciem medidas administrativas sem que elas estejam de acordo com a Casa Civil\"}]},{\"@type\":\"WebSite\",\"@id\":\"https:\\\/\\\/newsofthelight.com.br\\\/#website\",\"url\":\"https:\\\/\\\/newsofthelight.com.br\\\/\",\"name\":\"Autoria - Thiago Gomes Gon\u00e7alves Peres Lima - REG 0022106\\\/MG\",\"description\":\"Noticias na velocidade da luz\",\"publisher\":{\"@id\":\"https:\\\/\\\/newsofthelight.com.br\\\/#organization\"},\"potentialAction\":[{\"@type\":\"SearchAction\",\"target\":{\"@type\":\"EntryPoint\",\"urlTemplate\":\"https:\\\/\\\/newsofthelight.com.br\\\/?s={search_term_string}\"},\"query-input\":{\"@type\":\"PropertyValueSpecification\",\"valueRequired\":true,\"valueName\":\"search_term_string\"}}],\"inLanguage\":\"pt-BR\"},{\"@type\":\"Organization\",\"@id\":\"https:\\\/\\\/newsofthelight.com.br\\\/#organization\",\"name\":\"Autoria - Thiago Gomes Gon\u00e7alves Peres Lima - REG 0022106\\\/MG\",\"url\":\"https:\\\/\\\/newsofthelight.com.br\\\/\",\"logo\":{\"@type\":\"ImageObject\",\"inLanguage\":\"pt-BR\",\"@id\":\"https:\\\/\\\/newsofthelight.com.br\\\/#\\\/schema\\\/logo\\\/image\\\/\",\"url\":\"https:\\\/\\\/newsofthelight.com.br\\\/wp-content\\\/uploads\\\/2025\\\/06\\\/cropped-IMG_0217.png\",\"contentUrl\":\"https:\\\/\\\/newsofthelight.com.br\\\/wp-content\\\/uploads\\\/2025\\\/06\\\/cropped-IMG_0217.png\",\"width\":1177,\"height\":662,\"caption\":\"Autoria - Thiago Gomes Gon\u00e7alves Peres Lima - REG 0022106\\\/MG\"},\"image\":{\"@id\":\"https:\\\/\\\/newsofthelight.com.br\\\/#\\\/schema\\\/logo\\\/image\\\/\"},\"sameAs\":[\"https:\\\/\\\/www.instagram.com\\\/news_of_the_light_?igsh=b3Fwb2psamJzaXds\"]},{\"@type\":\"Person\",\"@id\":\"https:\\\/\\\/newsofthelight.com.br\\\/#\\\/schema\\\/person\\\/d4878034586ca0e04c11eac65b2f76f2\",\"name\":\"Thiago Peres\",\"image\":{\"@type\":\"ImageObject\",\"inLanguage\":\"pt-BR\",\"@id\":\"https:\\\/\\\/secure.gravatar.com\\\/avatar\\\/21d66f46d21d113e9d3dba092a500e64563ed2ed2c77db814dfc7be6345e3815?s=96&d=mm&r=g\",\"url\":\"https:\\\/\\\/secure.gravatar.com\\\/avatar\\\/21d66f46d21d113e9d3dba092a500e64563ed2ed2c77db814dfc7be6345e3815?s=96&d=mm&r=g\",\"contentUrl\":\"https:\\\/\\\/secure.gravatar.com\\\/avatar\\\/21d66f46d21d113e9d3dba092a500e64563ed2ed2c77db814dfc7be6345e3815?s=96&d=mm&r=g\",\"caption\":\"Thiago Peres\"},\"sameAs\":[\"http:\\\/\\\/newsofthelight.com.br\"],\"url\":\"https:\\\/\\\/newsofthelight.com.br\\\/?author=2\"}]}<\/script>\n<!-- \/ Yoast SEO plugin. -->","yoast_head_json":{"title":"Presidente Lula cobra que ministros n\u00e3o anunciem medidas administrativas sem que elas estejam de acordo com a Casa Civil - Autoria - Thiago Gomes Gon\u00e7alves Peres Lima - REG 0022106\/MG","robots":{"index":"index","follow":"follow","max-snippet":"max-snippet:-1","max-image-preview":"max-image-preview:large","max-video-preview":"max-video-preview:-1"},"canonical":"https:\/\/newsofthelight.com.br\/?p=3652","og_locale":"pt_BR","og_type":"article","og_title":"Presidente Lula cobra que ministros n\u00e3o anunciem medidas administrativas sem que elas estejam de acordo com a Casa Civil - Autoria - Thiago Gomes Gon\u00e7alves Peres Lima - REG 0022106\/MG","og_description":"O presidente Luiz In\u00e1cio Lula da Silva (PT) cobrou frente de todos os seus ministros para n\u00e3o anunciarem nenhum projeto de governo que n\u00e3o tenha sido aprovado pela Casa Civil.\u00a0 _ A gente n\u00e3o pode correr o risco de anunciar uma coisa que n\u00e3o vai acontecer. _ refor\u00e7ou o presidente. Lula tomou a decis\u00e3o na","og_url":"https:\/\/newsofthelight.com.br\/?p=3652","og_site_name":"Autoria - Thiago Gomes Gon\u00e7alves Peres Lima - REG 0022106\/MG","article_published_time":"2023-03-14T22:10:03+00:00","article_modified_time":"2023-03-14T22:20:21+00:00","og_image":[{"width":1125,"height":792,"url":"https:\/\/newsofthelight.com.br\/wp-content\/uploads\/2023\/03\/67B03D5E-A3BD-432E-85FE-64194BBA90FF.jpeg","type":"image\/jpeg"}],"author":"Thiago Peres","twitter_card":"summary_large_image","twitter_misc":{"Escrito por":"Thiago Peres","Est. tempo de leitura":"1 minuto"},"schema":{"@context":"https:\/\/schema.org","@graph":[{"@type":"Article","@id":"https:\/\/newsofthelight.com.br\/?p=3652#article","isPartOf":{"@id":"https:\/\/newsofthelight.com.br\/?p=3652"},"author":{"name":"Thiago Peres","@id":"https:\/\/newsofthelight.com.br\/#\/schema\/person\/d4878034586ca0e04c11eac65b2f76f2"},"headline":"Presidente Lula cobra que ministros n\u00e3o anunciem medidas administrativas sem que elas estejam de acordo com a Casa Civil","datePublished":"2023-03-14T22:10:03+00:00","dateModified":"2023-03-14T22:20:21+00:00","mainEntityOfPage":{"@id":"https:\/\/newsofthelight.com.br\/?p=3652"},"wordCount":187,"commentCount":0,"publisher":{"@id":"https:\/\/newsofthelight.com.br\/#organization"},"image":{"@id":"https:\/\/newsofthelight.com.br\/?p=3652#primaryimage"},"thumbnailUrl":"https:\/\/newsofthelight.com.br\/wp-content\/uploads\/2023\/03\/67B03D5E-A3BD-432E-85FE-64194BBA90FF.jpeg","articleSection":["Brasil","Pol\u00edtica"],"inLanguage":"pt-BR","potentialAction":[{"@type":"CommentAction","name":"Comment","target":["https:\/\/newsofthelight.com.br\/?p=3652#respond"]}]},{"@type":"WebPage","@id":"https:\/\/newsofthelight.com.br\/?p=3652","url":"https:\/\/newsofthelight.com.br\/?p=3652","name":"Presidente Lula cobra que ministros n\u00e3o anunciem medidas administrativas sem que elas estejam de acordo com a Casa Civil - Autoria - Thiago Gomes Gon\u00e7alves Peres Lima - REG 0022106\/MG","isPartOf":{"@id":"https:\/\/newsofthelight.com.br\/#website"},"primaryImageOfPage":{"@id":"https:\/\/newsofthelight.com.br\/?p=3652#primaryimage"},"image":{"@id":"https:\/\/newsofthelight.com.br\/?p=3652#primaryimage"},"thumbnailUrl":"https:\/\/newsofthelight.com.br\/wp-content\/uploads\/2023\/03\/67B03D5E-A3BD-432E-85FE-64194BBA90FF.jpeg","datePublished":"2023-03-14T22:10:03+00:00","dateModified":"2023-03-14T22:20:21+00:00","breadcrumb":{"@id":"https:\/\/newsofthelight.com.br\/?p=3652#breadcrumb"},"inLanguage":"pt-BR","potentialAction":[{"@type":"ReadAction","target":["https:\/\/newsofthelight.com.br\/?p=3652"]}]},{"@type":"ImageObject","inLanguage":"pt-BR","@id":"https:\/\/newsofthelight.com.br\/?p=3652#primaryimage","url":"https:\/\/newsofthelight.com.br\/wp-content\/uploads\/2023\/03\/67B03D5E-A3BD-432E-85FE-64194BBA90FF.jpeg","contentUrl":"https:\/\/newsofthelight.com.br\/wp-content\/uploads\/2023\/03\/67B03D5E-A3BD-432E-85FE-64194BBA90FF.jpeg","width":1125,"height":792},{"@type":"BreadcrumbList","@id":"https:\/\/newsofthelight.com.br\/?p=3652#breadcrumb","itemListElement":[{"@type":"ListItem","position":1,"name":"In\u00edcio","item":"https:\/\/newsofthelight.com.br\/"},{"@type":"ListItem","position":2,"name":"Presidente Lula cobra que ministros n\u00e3o anunciem medidas administrativas sem que elas estejam de acordo com a Casa Civil"}]},{"@type":"WebSite","@id":"https:\/\/newsofthelight.com.br\/#website","url":"https:\/\/newsofthelight.com.br\/","name":"Autoria - Thiago Gomes Gon\u00e7alves Peres Lima - REG 0022106\/MG","description":"Noticias na velocidade da luz","publisher":{"@id":"https:\/\/newsofthelight.com.br\/#organization"},"potentialAction":[{"@type":"SearchAction","target":{"@type":"EntryPoint","urlTemplate":"https:\/\/newsofthelight.com.br\/?s={search_term_string}"},"query-input":{"@type":"PropertyValueSpecification","valueRequired":true,"valueName":"search_term_string"}}],"inLanguage":"pt-BR"},{"@type":"Organization","@id":"https:\/\/newsofthelight.com.br\/#organization","name":"Autoria - Thiago Gomes Gon\u00e7alves Peres Lima - REG 0022106\/MG","url":"https:\/\/newsofthelight.com.br\/","logo":{"@type":"ImageObject","inLanguage":"pt-BR","@id":"https:\/\/newsofthelight.com.br\/#\/schema\/logo\/image\/","url":"https:\/\/newsofthelight.com.br\/wp-content\/uploads\/2025\/06\/cropped-IMG_0217.png","contentUrl":"https:\/\/newsofthelight.com.br\/wp-content\/uploads\/2025\/06\/cropped-IMG_0217.png","width":1177,"height":662,"caption":"Autoria - Thiago Gomes Gon\u00e7alves Peres Lima - REG 0022106\/MG"},"image":{"@id":"https:\/\/newsofthelight.com.br\/#\/schema\/logo\/image\/"},"sameAs":["https:\/\/www.instagram.com\/news_of_the_light_?igsh=b3Fwb2psamJzaXds"]},{"@type":"Person","@id":"https:\/\/newsofthelight.com.br\/#\/schema\/person\/d4878034586ca0e04c11eac65b2f76f2","name":"Thiago Peres","image":{"@type":"ImageObject","inLanguage":"pt-BR","@id":"https:\/\/secure.gravatar.com\/avatar\/21d66f46d21d113e9d3dba092a500e64563ed2ed2c77db814dfc7be6345e3815?s=96&d=mm&r=g","url":"https:\/\/secure.gravatar.com\/avatar\/21d66f46d21d113e9d3dba092a500e64563ed2ed2c77db814dfc7be6345e3815?s=96&d=mm&r=g","contentUrl":"https:\/\/secure.gravatar.com\/avatar\/21d66f46d21d113e9d3dba092a500e64563ed2ed2c77db814dfc7be6345e3815?s=96&d=mm&r=g","caption":"Thiago Peres"},"sameAs":["http:\/\/newsofthelight.com.br"],"url":"https:\/\/newsofthelight.com.br\/?author=2"}]}},"jetpack_featured_media_url":"https:\/\/newsofthelight.com.br\/wp-content\/uploads\/2023\/03\/67B03D5E-A3BD-432E-85FE-64194BBA90FF.jpeg","jetpack_sharing_enabled":true,"jetpack-related-posts":[{"id":7237,"url":"https:\/\/newsofthelight.com.br\/?p=7237","url_meta":{"origin":3652,"position":0},"title":"O ministro das finan\u00e7as nega cr\u00edticas \u00e0 express\u00e3o pol\u00edtica, defende a participa\u00e7\u00e3o ativa do presidente no Congresso","author":"Thiago Peres","date":"28 de junho de 2025","format":false,"excerpt":"Foto: Fernando Haddad Fonte: Pinterest O ministro das Finan\u00e7as, Fernando Haddad, disse na sexta-feira (27) que n\u00e3o houve erro nas negocia\u00e7\u00f5es de governan\u00e7a e pol\u00edticas com o presidente Luiz In\u00e1cio Lula da Silva com o Congresso. Em uma entrevista ao Est\u00fadio I, o ministro disse que o senador Ciro Nogueira\u2026","rel":"","context":"Em &quot;Pol\u00edtica&quot;","block_context":{"text":"Pol\u00edtica","link":"https:\/\/newsofthelight.com.br\/?cat=36"},"img":{"alt_text":"","src":"https:\/\/i0.wp.com\/newsofthelight.com.br\/wp-content\/uploads\/2025\/06\/img_0470-1.jpg?resize=350%2C200&ssl=1","width":350,"height":200,"srcset":"https:\/\/i0.wp.com\/newsofthelight.com.br\/wp-content\/uploads\/2025\/06\/img_0470-1.jpg?resize=350%2C200&ssl=1 1x, https:\/\/i0.wp.com\/newsofthelight.com.br\/wp-content\/uploads\/2025\/06\/img_0470-1.jpg?resize=525%2C300&ssl=1 1.5x"},"classes":[]},{"id":3058,"url":"https:\/\/newsofthelight.com.br\/?p=3058","url_meta":{"origin":3652,"position":1},"title":"Em coletiva, o presidente eleito, Lula anunciou novos nomes para minist\u00e9rios do governo","author":"Thiago Peres","date":"12 de dezembro de 2022","format":false,"excerpt":"O presidente eleito Luiz In\u00e1cio Lula da Silva anunciou em uma coletiva de imprensa do PT realizada nesta sexta-feira (9) que cinco nomes j\u00e1 est\u00e3o confirmados para a mudan\u00e7a de ministros em seu governo. Sendo eles Haddad como Ministro da Fazenda, Jos\u00e9 M\u00facio no Minist\u00e9rio da Defesa, Fl\u00e1vio Dino atuar\u00e1\u2026","rel":"","context":"Em &quot;Brasil&quot;","block_context":{"text":"Brasil","link":"https:\/\/newsofthelight.com.br\/?cat=38"},"img":{"alt_text":"","src":"https:\/\/i0.wp.com\/newsofthelight.com.br\/wp-content\/uploads\/2022\/12\/0FC10FD1-E4EA-4857-957B-B8044D0C53B2.jpeg?resize=350%2C200&ssl=1","width":350,"height":200,"srcset":"https:\/\/i0.wp.com\/newsofthelight.com.br\/wp-content\/uploads\/2022\/12\/0FC10FD1-E4EA-4857-957B-B8044D0C53B2.jpeg?resize=350%2C200&ssl=1 1x, https:\/\/i0.wp.com\/newsofthelight.com.br\/wp-content\/uploads\/2022\/12\/0FC10FD1-E4EA-4857-957B-B8044D0C53B2.jpeg?resize=525%2C300&ssl=1 1.5x, https:\/\/i0.wp.com\/newsofthelight.com.br\/wp-content\/uploads\/2022\/12\/0FC10FD1-E4EA-4857-957B-B8044D0C53B2.jpeg?resize=700%2C400&ssl=1 2x"},"classes":[]},{"id":3427,"url":"https:\/\/newsofthelight.com.br\/?p=3427","url_meta":{"origin":3652,"position":2},"title":"Lula \u00e9 criticado na C\u00e2mara dos deputados por valor destinado \u00e0s v\u00edtimas das chuvas em S\u00e3o Paulo","author":"Thiago Peres","date":"21 de fevereiro de 2023","format":false,"excerpt":"O presidente do Brasil, Luiz In\u00e1cio Lula da Silva (PT) anunciou atrav\u00e9s do ministro dos Portos e Aeroportos, M\u00e1rcio Fran\u00e7a, um aux\u00edlio emergencial de 2 milh\u00f5es para socorrer as v\u00edtimas do temporal que atingiu a baixada litor\u00e2nea de S\u00e3o Paulo nos dias 18 e 19 de fevereiro.As chuvas deixaram mais\u2026","rel":"","context":"Em &quot;Brasil&quot;","block_context":{"text":"Brasil","link":"https:\/\/newsofthelight.com.br\/?cat=38"},"img":{"alt_text":"","src":"https:\/\/i0.wp.com\/newsofthelight.com.br\/wp-content\/uploads\/2023\/02\/9814714D-A2C7-4C47-8BA8-DAD70ECA939E.jpeg?resize=350%2C200&ssl=1","width":350,"height":200,"srcset":"https:\/\/i0.wp.com\/newsofthelight.com.br\/wp-content\/uploads\/2023\/02\/9814714D-A2C7-4C47-8BA8-DAD70ECA939E.jpeg?resize=350%2C200&ssl=1 1x, https:\/\/i0.wp.com\/newsofthelight.com.br\/wp-content\/uploads\/2023\/02\/9814714D-A2C7-4C47-8BA8-DAD70ECA939E.jpeg?resize=525%2C300&ssl=1 1.5x, https:\/\/i0.wp.com\/newsofthelight.com.br\/wp-content\/uploads\/2023\/02\/9814714D-A2C7-4C47-8BA8-DAD70ECA939E.jpeg?resize=700%2C400&ssl=1 2x"},"classes":[]},{"id":7185,"url":"https:\/\/newsofthelight.com.br\/?p=7185","url_meta":{"origin":3652,"position":3},"title":"Depois que o &#8220;agente tribut\u00e1rio&#8221; levantou v\u00e1rios impostos ao mesmo tempo, o governo Lula est\u00e1 preparando mais impostos","author":"Thiago Peres","date":"21 de junho de 2025","format":false,"excerpt":"Foto: Lula Fonte: Conex\u00e3o Pol\u00edtica Em uma entrevista ao podcast Mano a Mano, Lula disse que a emenda estava correta e n\u00e3o tinha a inten\u00e7\u00e3o de recuar da press\u00e3o do Congresso. \"O IOF n\u00e3o \u00e9 um grande problema, ent\u00e3o temos que fazer valer a nossa briga. Voc\u00ea nem sempre pode\u2026","rel":"","context":"Em &quot;Brasil&quot;","block_context":{"text":"Brasil","link":"https:\/\/newsofthelight.com.br\/?cat=38"},"img":{"alt_text":"","src":"https:\/\/i0.wp.com\/newsofthelight.com.br\/wp-content\/uploads\/2025\/06\/img_0398-1.jpg?resize=350%2C200&ssl=1","width":350,"height":200,"srcset":"https:\/\/i0.wp.com\/newsofthelight.com.br\/wp-content\/uploads\/2025\/06\/img_0398-1.jpg?resize=350%2C200&ssl=1 1x, https:\/\/i0.wp.com\/newsofthelight.com.br\/wp-content\/uploads\/2025\/06\/img_0398-1.jpg?resize=525%2C300&ssl=1 1.5x, https:\/\/i0.wp.com\/newsofthelight.com.br\/wp-content\/uploads\/2025\/06\/img_0398-1.jpg?resize=700%2C400&ssl=1 2x, https:\/\/i0.wp.com\/newsofthelight.com.br\/wp-content\/uploads\/2025\/06\/img_0398-1.jpg?resize=1050%2C600&ssl=1 3x"},"classes":[]},{"id":6504,"url":"https:\/\/newsofthelight.com.br\/?p=6504","url_meta":{"origin":3652,"position":4},"title":"Presidente&nbsp;Lula se reunir\u00e1 com a Pol\u00edcia Federal para aclarar acusa\u00e7\u00f5es contra Almeida","author":"Thiago Peres","date":"6 de setembro de 2024","format":false,"excerpt":"O presidente Luiz In\u00e1cio Lula da Silva anunciou que realizar\u00e1 uma reuni\u00e3o em Bras\u00edlia nesta sexta-feira (6) para tratar \u00e0s queixas do suposto ass\u00e9dio cometido pelo Ministro dos Direitos Humanos e Cidadania Silvio Almeida em rela\u00e7\u00e3o a Anielle Franco, e declarou\uff1a \"Aqueles que fazem o ass\u00e9dio , N\u00e3o fique no\u2026","rel":"","context":"Em &quot;Pol\u00edtica&quot;","block_context":{"text":"Pol\u00edtica","link":"https:\/\/newsofthelight.com.br\/?cat=36"},"img":{"alt_text":"","src":"https:\/\/i0.wp.com\/newsofthelight.com.br\/wp-content\/uploads\/2024\/09\/img_5785-1.jpg?resize=350%2C200&ssl=1","width":350,"height":200},"classes":[]},{"id":5439,"url":"https:\/\/newsofthelight.com.br\/?p=5439","url_meta":{"origin":3652,"position":5},"title":"A Viagem do Presidente Lula \u00e0 Alemanha: Uma Perspectiva Cr\u00edtica sobre Diplomacia e Parcerias Internacionais","author":"Thiago Peres","date":"6 de dezembro de 2023","format":false,"excerpt":"Na ter\u00e7a-feira, 5, o presidente Luiz In\u00e1cio Lula da Silva (PT) havia inovado durante sua transmiss\u00e3o ao vivo semanal \"Conversa com o Presidente\". Em vez de ser entrevistado, ele havia criado um segmento entrevistando dez ministros de seu governo. A edi\u00e7\u00e3o, que foi gravada em Berlim, na Alemanha, serviu como\u2026","rel":"","context":"Em &quot;Pol\u00edtica&quot;","block_context":{"text":"Pol\u00edtica","link":"https:\/\/newsofthelight.com.br\/?cat=36"},"img":{"alt_text":"","src":"https:\/\/i0.wp.com\/newsofthelight.com.br\/wp-content\/uploads\/2023\/12\/IMG_5043.jpeg?resize=350%2C200&ssl=1","width":350,"height":200},"classes":[]}],"jetpack_shortlink":"https:\/\/wp.me\/peltaF-WU","_links":{"self":[{"href":"https:\/\/newsofthelight.com.br\/index.php?rest_route=\/wp\/v2\/posts\/3652","targetHints":{"allow":["GET"]}}],"collection":[{"href":"https:\/\/newsofthelight.com.br\/index.php?rest_route=\/wp\/v2\/posts"}],"about":[{"href":"https:\/\/newsofthelight.com.br\/index.php?rest_route=\/wp\/v2\/types\/post"}],"author":[{"embeddable":true,"href":"https:\/\/newsofthelight.com.br\/index.php?rest_route=\/wp\/v2\/users\/2"}],"replies":[{"embeddable":true,"href":"https:\/\/newsofthelight.com.br\/index.php?rest_route=%2Fwp%2Fv2%2Fcomments&post=3652"}],"version-history":[{"count":7,"href":"https:\/\/newsofthelight.com.br\/index.php?rest_route=\/wp\/v2\/posts\/3652\/revisions"}],"predecessor-version":[{"id":3663,"href":"https:\/\/newsofthelight.com.br\/index.php?rest_route=\/wp\/v2\/posts\/3652\/revisions\/3663"}],"wp:featuredmedia":[{"embeddable":true,"href":"https:\/\/newsofthelight.com.br\/index.php?rest_route=\/wp\/v2\/media\/3655"}],"wp:attachment":[{"href":"https:\/\/newsofthelight.com.br\/index.php?rest_route=%2Fwp%2Fv2%2Fmedia&parent=3652"}],"wp:term":[{"taxonomy":"category","embeddable":true,"href":"https:\/\/newsofthelight.com.br\/index.php?rest_route=%2Fwp%2Fv2%2Fcategories&post=3652"},{"taxonomy":"post_tag","embeddable":true,"href":"https:\/\/newsofthelight.com.br\/index.php?rest_route=%2Fwp%2Fv2%2Ftags&post=3652"}],"curies":[{"name":"wp","href":"https:\/\/api.w.org\/{rel}","templated":true}]}}