{"id":3610,"date":"2023-03-13T18:04:51","date_gmt":"2023-03-13T21:04:51","guid":{"rendered":"https:\/\/newsofthelight.com.br\/?p=3610"},"modified":"2023-03-13T18:43:42","modified_gmt":"2023-03-13T21:43:42","slug":"canisso-baixista-da-banda-raimundos-morre-aos-57-anos","status":"publish","type":"post","link":"https:\/\/newsofthelight.com.br\/?p=3610","title":{"rendered":"Canisso, baixista da Banda Raimundos morre aos 57 anos"},"content":{"rendered":"<p>Jos\u00e9 Henrique Campos Pereira mais conhecido como Canisso e por ser o tocador de baixo da forma\u00e7\u00e3o original da Banda Raimundos morreu nesta segunda-feira (13\/03) ap\u00f3s sofrer uma queda decorrente de um desmaio e veio a \u00f3bito \u00e0s 11h30 de hoje.\u00a0 O m\u00fasico vinha recebendo mensagens de apoio desde o acidente de v\u00e1rios f\u00e3s. As informa\u00e7\u00f5es foram confirmadas pela assessoria do artista.<\/p>\n<p>Canisso havia feito um \u00faltimo show em Rio do Sul, Santa Catarina, neste domingo (12). Em seu perfil oficial do Instagram h\u00e1 uma publica\u00e7\u00e3o do m\u00fasico se despedindo da cidade ap\u00f3s sua apresenta\u00e7\u00e3o no aeroporto dos Navegantes.<\/p>\n<figure id=\"attachment_3612\" aria-describedby=\"caption-attachment-3612\" style=\"width: 183px\" class=\"wp-caption aligncenter\"><img loading=\"lazy\" decoding=\"async\" src=\"https:\/\/newsofthelight.com.br\/wp-content\/uploads\/2023\/03\/Screenshot_2434.png-183x300.webp\" alt=\"\" width=\"183\" height=\"300\" \/><figcaption id=\"caption-attachment-3612\" class=\"wp-caption-text\">\u00daltima postagem do baixista Canisso em seu Instagram.<\/figcaption><\/figure>\n<p>\u00a0<\/p>\n<p>Canisso fundou a banda Raimundos em Bras\u00edlia juntamente a\u00a0 Dig\u00e3o e Rodolfo Abrantes. No ano de 2002, Canisso deixou a banda com Rodolfo para dar \u00ednicio ao Rodox, tamb\u00e9m uma banda de rock. Em 2007, ele retornou aos Raimundos e fez in\u00fameras turn\u00eas mundiais com Dig\u00e3o.<\/p>\n<p>O baixista tinha 35 anos de carreira musical e emplacou v\u00e1rios hits com os Raimundos como Mulher de Fases e A Mais Pedida.\u00a0<\/p>\n<p><br style=\"font-weight: 400;\" \/><br style=\"font-weight: 400;\" \/><\/p>\n","protected":false},"excerpt":{"rendered":"<p>Jos\u00e9 Henrique Campos Pereira mais conhecido como Canisso e por ser o tocador de baixo da forma\u00e7\u00e3o original da Banda Raimundos morreu nesta segunda-feira (13\/03) ap\u00f3s sofrer uma queda decorrente de um desmaio e veio a \u00f3bito \u00e0s 11h30 de hoje.\u00a0 O m\u00fasico vinha recebendo mensagens de apoio desde o acidente de v\u00e1rios f\u00e3s. As<\/p>\n","protected":false},"author":2,"featured_media":3613,"comment_status":"open","ping_status":"open","sticky":false,"template":"","format":"standard","meta":{"_jetpack_memberships_contains_paid_content":false,"footnotes":""},"categories":[42],"tags":[],"class_list":["post-3610","post","type-post","status-publish","format-standard","has-post-thumbnail","hentry","category-entretenimento"],"yoast_head":"<!-- This site is optimized with the Yoast SEO plugin v27.5 - https:\/\/yoast.com\/product\/yoast-seo-wordpress\/ -->\n<title>Canisso, baixista da Banda Raimundos morre aos 57 anos - Autoria - Thiago Gomes Gon\u00e7alves Peres Lima - REG 0022106\/MG<\/title>\n<meta name=\"robots\" content=\"index, follow, max-snippet:-1, max-image-preview:large, max-video-preview:-1\" \/>\n<link rel=\"canonical\" href=\"https:\/\/newsofthelight.com.br\/?p=3610\" \/>\n<meta property=\"og:locale\" content=\"pt_BR\" \/>\n<meta property=\"og:type\" content=\"article\" \/>\n<meta property=\"og:title\" content=\"Canisso, baixista da Banda Raimundos morre aos 57 anos - Autoria - Thiago Gomes Gon\u00e7alves Peres Lima - REG 0022106\/MG\" \/>\n<meta property=\"og:description\" content=\"Jos\u00e9 Henrique Campos Pereira mais conhecido como Canisso e por ser o tocador de baixo da forma\u00e7\u00e3o original da Banda Raimundos morreu nesta segunda-feira (13\/03) ap\u00f3s sofrer uma queda decorrente de um desmaio e veio a \u00f3bito \u00e0s 11h30 de hoje.\u00a0 O m\u00fasico vinha recebendo mensagens de apoio desde o acidente de v\u00e1rios f\u00e3s. As\" \/>\n<meta property=\"og:url\" content=\"https:\/\/newsofthelight.com.br\/?p=3610\" \/>\n<meta property=\"og:site_name\" content=\"Autoria - Thiago Gomes Gon\u00e7alves Peres Lima - REG 0022106\/MG\" \/>\n<meta property=\"article:published_time\" content=\"2023-03-13T21:04:51+00:00\" \/>\n<meta property=\"article:modified_time\" content=\"2023-03-13T21:43:42+00:00\" \/>\n<meta property=\"og:image\" content=\"https:\/\/newsofthelight.com.br\/wp-content\/uploads\/2023\/03\/Screenshot_2433.png.webp\" \/>\n\t<meta property=\"og:image:width\" content=\"980\" \/>\n\t<meta property=\"og:image:height\" content=\"593\" \/>\n\t<meta property=\"og:image:type\" content=\"image\/webp\" \/>\n<meta name=\"author\" content=\"Thiago Peres\" \/>\n<meta name=\"twitter:card\" content=\"summary_large_image\" \/>\n<meta name=\"twitter:label1\" content=\"Escrito por\" \/>\n\t<meta name=\"twitter:data1\" content=\"Thiago Peres\" \/>\n\t<meta name=\"twitter:label2\" content=\"Est. tempo de leitura\" \/>\n\t<meta name=\"twitter:data2\" content=\"1 minuto\" \/>\n<script type=\"application\/ld+json\" class=\"yoast-schema-graph\">{\"@context\":\"https:\\\/\\\/schema.org\",\"@graph\":[{\"@type\":\"Article\",\"@id\":\"https:\\\/\\\/newsofthelight.com.br\\\/?p=3610#article\",\"isPartOf\":{\"@id\":\"https:\\\/\\\/newsofthelight.com.br\\\/?p=3610\"},\"author\":{\"name\":\"Thiago Peres\",\"@id\":\"https:\\\/\\\/newsofthelight.com.br\\\/#\\\/schema\\\/person\\\/d4878034586ca0e04c11eac65b2f76f2\"},\"headline\":\"Canisso, baixista da Banda Raimundos morre aos 57 anos\",\"datePublished\":\"2023-03-13T21:04:51+00:00\",\"dateModified\":\"2023-03-13T21:43:42+00:00\",\"mainEntityOfPage\":{\"@id\":\"https:\\\/\\\/newsofthelight.com.br\\\/?p=3610\"},\"wordCount\":203,\"commentCount\":1,\"publisher\":{\"@id\":\"https:\\\/\\\/newsofthelight.com.br\\\/#organization\"},\"image\":{\"@id\":\"https:\\\/\\\/newsofthelight.com.br\\\/?p=3610#primaryimage\"},\"thumbnailUrl\":\"https:\\\/\\\/newsofthelight.com.br\\\/wp-content\\\/uploads\\\/2023\\\/03\\\/Screenshot_2433.png.webp\",\"articleSection\":[\"Entretenimento\"],\"inLanguage\":\"pt-BR\",\"potentialAction\":[{\"@type\":\"CommentAction\",\"name\":\"Comment\",\"target\":[\"https:\\\/\\\/newsofthelight.com.br\\\/?p=3610#respond\"]}]},{\"@type\":\"WebPage\",\"@id\":\"https:\\\/\\\/newsofthelight.com.br\\\/?p=3610\",\"url\":\"https:\\\/\\\/newsofthelight.com.br\\\/?p=3610\",\"name\":\"Canisso, baixista da Banda Raimundos morre aos 57 anos - Autoria - Thiago Gomes Gon\u00e7alves Peres Lima - REG 0022106\\\/MG\",\"isPartOf\":{\"@id\":\"https:\\\/\\\/newsofthelight.com.br\\\/#website\"},\"primaryImageOfPage\":{\"@id\":\"https:\\\/\\\/newsofthelight.com.br\\\/?p=3610#primaryimage\"},\"image\":{\"@id\":\"https:\\\/\\\/newsofthelight.com.br\\\/?p=3610#primaryimage\"},\"thumbnailUrl\":\"https:\\\/\\\/newsofthelight.com.br\\\/wp-content\\\/uploads\\\/2023\\\/03\\\/Screenshot_2433.png.webp\",\"datePublished\":\"2023-03-13T21:04:51+00:00\",\"dateModified\":\"2023-03-13T21:43:42+00:00\",\"breadcrumb\":{\"@id\":\"https:\\\/\\\/newsofthelight.com.br\\\/?p=3610#breadcrumb\"},\"inLanguage\":\"pt-BR\",\"potentialAction\":[{\"@type\":\"ReadAction\",\"target\":[\"https:\\\/\\\/newsofthelight.com.br\\\/?p=3610\"]}]},{\"@type\":\"ImageObject\",\"inLanguage\":\"pt-BR\",\"@id\":\"https:\\\/\\\/newsofthelight.com.br\\\/?p=3610#primaryimage\",\"url\":\"https:\\\/\\\/newsofthelight.com.br\\\/wp-content\\\/uploads\\\/2023\\\/03\\\/Screenshot_2433.png.webp\",\"contentUrl\":\"https:\\\/\\\/newsofthelight.com.br\\\/wp-content\\\/uploads\\\/2023\\\/03\\\/Screenshot_2433.png.webp\",\"width\":980,\"height\":593,\"caption\":\"Cassino era baixista da banda de rock Raimundos.\"},{\"@type\":\"BreadcrumbList\",\"@id\":\"https:\\\/\\\/newsofthelight.com.br\\\/?p=3610#breadcrumb\",\"itemListElement\":[{\"@type\":\"ListItem\",\"position\":1,\"name\":\"In\u00edcio\",\"item\":\"https:\\\/\\\/newsofthelight.com.br\\\/\"},{\"@type\":\"ListItem\",\"position\":2,\"name\":\"Canisso, baixista da Banda Raimundos morre aos 57 anos\"}]},{\"@type\":\"WebSite\",\"@id\":\"https:\\\/\\\/newsofthelight.com.br\\\/#website\",\"url\":\"https:\\\/\\\/newsofthelight.com.br\\\/\",\"name\":\"Autoria - Thiago Gomes Gon\u00e7alves Peres Lima - REG 0022106\\\/MG\",\"description\":\"Noticias na velocidade da luz\",\"publisher\":{\"@id\":\"https:\\\/\\\/newsofthelight.com.br\\\/#organization\"},\"potentialAction\":[{\"@type\":\"SearchAction\",\"target\":{\"@type\":\"EntryPoint\",\"urlTemplate\":\"https:\\\/\\\/newsofthelight.com.br\\\/?s={search_term_string}\"},\"query-input\":{\"@type\":\"PropertyValueSpecification\",\"valueRequired\":true,\"valueName\":\"search_term_string\"}}],\"inLanguage\":\"pt-BR\"},{\"@type\":\"Organization\",\"@id\":\"https:\\\/\\\/newsofthelight.com.br\\\/#organization\",\"name\":\"Autoria - Thiago Gomes Gon\u00e7alves Peres Lima - REG 0022106\\\/MG\",\"url\":\"https:\\\/\\\/newsofthelight.com.br\\\/\",\"logo\":{\"@type\":\"ImageObject\",\"inLanguage\":\"pt-BR\",\"@id\":\"https:\\\/\\\/newsofthelight.com.br\\\/#\\\/schema\\\/logo\\\/image\\\/\",\"url\":\"https:\\\/\\\/newsofthelight.com.br\\\/wp-content\\\/uploads\\\/2025\\\/06\\\/cropped-IMG_0217.png\",\"contentUrl\":\"https:\\\/\\\/newsofthelight.com.br\\\/wp-content\\\/uploads\\\/2025\\\/06\\\/cropped-IMG_0217.png\",\"width\":1177,\"height\":662,\"caption\":\"Autoria - Thiago Gomes Gon\u00e7alves Peres Lima - REG 0022106\\\/MG\"},\"image\":{\"@id\":\"https:\\\/\\\/newsofthelight.com.br\\\/#\\\/schema\\\/logo\\\/image\\\/\"},\"sameAs\":[\"https:\\\/\\\/www.instagram.com\\\/news_of_the_light_?igsh=b3Fwb2psamJzaXds\"]},{\"@type\":\"Person\",\"@id\":\"https:\\\/\\\/newsofthelight.com.br\\\/#\\\/schema\\\/person\\\/d4878034586ca0e04c11eac65b2f76f2\",\"name\":\"Thiago Peres\",\"image\":{\"@type\":\"ImageObject\",\"inLanguage\":\"pt-BR\",\"@id\":\"https:\\\/\\\/secure.gravatar.com\\\/avatar\\\/21d66f46d21d113e9d3dba092a500e64563ed2ed2c77db814dfc7be6345e3815?s=96&d=mm&r=g\",\"url\":\"https:\\\/\\\/secure.gravatar.com\\\/avatar\\\/21d66f46d21d113e9d3dba092a500e64563ed2ed2c77db814dfc7be6345e3815?s=96&d=mm&r=g\",\"contentUrl\":\"https:\\\/\\\/secure.gravatar.com\\\/avatar\\\/21d66f46d21d113e9d3dba092a500e64563ed2ed2c77db814dfc7be6345e3815?s=96&d=mm&r=g\",\"caption\":\"Thiago Peres\"},\"sameAs\":[\"http:\\\/\\\/newsofthelight.com.br\"],\"url\":\"https:\\\/\\\/newsofthelight.com.br\\\/?author=2\"}]}<\/script>\n<!-- \/ Yoast SEO plugin. -->","yoast_head_json":{"title":"Canisso, baixista da Banda Raimundos morre aos 57 anos - Autoria - Thiago Gomes Gon\u00e7alves Peres Lima - REG 0022106\/MG","robots":{"index":"index","follow":"follow","max-snippet":"max-snippet:-1","max-image-preview":"max-image-preview:large","max-video-preview":"max-video-preview:-1"},"canonical":"https:\/\/newsofthelight.com.br\/?p=3610","og_locale":"pt_BR","og_type":"article","og_title":"Canisso, baixista da Banda Raimundos morre aos 57 anos - Autoria - Thiago Gomes Gon\u00e7alves Peres Lima - REG 0022106\/MG","og_description":"Jos\u00e9 Henrique Campos Pereira mais conhecido como Canisso e por ser o tocador de baixo da forma\u00e7\u00e3o original da Banda Raimundos morreu nesta segunda-feira (13\/03) ap\u00f3s sofrer uma queda decorrente de um desmaio e veio a \u00f3bito \u00e0s 11h30 de hoje.\u00a0 O m\u00fasico vinha recebendo mensagens de apoio desde o acidente de v\u00e1rios f\u00e3s. As","og_url":"https:\/\/newsofthelight.com.br\/?p=3610","og_site_name":"Autoria - Thiago Gomes Gon\u00e7alves Peres Lima - REG 0022106\/MG","article_published_time":"2023-03-13T21:04:51+00:00","article_modified_time":"2023-03-13T21:43:42+00:00","og_image":[{"width":980,"height":593,"url":"https:\/\/newsofthelight.com.br\/wp-content\/uploads\/2023\/03\/Screenshot_2433.png.webp","type":"image\/webp"}],"author":"Thiago Peres","twitter_card":"summary_large_image","twitter_misc":{"Escrito por":"Thiago Peres","Est. tempo de leitura":"1 minuto"},"schema":{"@context":"https:\/\/schema.org","@graph":[{"@type":"Article","@id":"https:\/\/newsofthelight.com.br\/?p=3610#article","isPartOf":{"@id":"https:\/\/newsofthelight.com.br\/?p=3610"},"author":{"name":"Thiago Peres","@id":"https:\/\/newsofthelight.com.br\/#\/schema\/person\/d4878034586ca0e04c11eac65b2f76f2"},"headline":"Canisso, baixista da Banda Raimundos morre aos 57 anos","datePublished":"2023-03-13T21:04:51+00:00","dateModified":"2023-03-13T21:43:42+00:00","mainEntityOfPage":{"@id":"https:\/\/newsofthelight.com.br\/?p=3610"},"wordCount":203,"commentCount":1,"publisher":{"@id":"https:\/\/newsofthelight.com.br\/#organization"},"image":{"@id":"https:\/\/newsofthelight.com.br\/?p=3610#primaryimage"},"thumbnailUrl":"https:\/\/newsofthelight.com.br\/wp-content\/uploads\/2023\/03\/Screenshot_2433.png.webp","articleSection":["Entretenimento"],"inLanguage":"pt-BR","potentialAction":[{"@type":"CommentAction","name":"Comment","target":["https:\/\/newsofthelight.com.br\/?p=3610#respond"]}]},{"@type":"WebPage","@id":"https:\/\/newsofthelight.com.br\/?p=3610","url":"https:\/\/newsofthelight.com.br\/?p=3610","name":"Canisso, baixista da Banda Raimundos morre aos 57 anos - Autoria - Thiago Gomes Gon\u00e7alves Peres Lima - REG 0022106\/MG","isPartOf":{"@id":"https:\/\/newsofthelight.com.br\/#website"},"primaryImageOfPage":{"@id":"https:\/\/newsofthelight.com.br\/?p=3610#primaryimage"},"image":{"@id":"https:\/\/newsofthelight.com.br\/?p=3610#primaryimage"},"thumbnailUrl":"https:\/\/newsofthelight.com.br\/wp-content\/uploads\/2023\/03\/Screenshot_2433.png.webp","datePublished":"2023-03-13T21:04:51+00:00","dateModified":"2023-03-13T21:43:42+00:00","breadcrumb":{"@id":"https:\/\/newsofthelight.com.br\/?p=3610#breadcrumb"},"inLanguage":"pt-BR","potentialAction":[{"@type":"ReadAction","target":["https:\/\/newsofthelight.com.br\/?p=3610"]}]},{"@type":"ImageObject","inLanguage":"pt-BR","@id":"https:\/\/newsofthelight.com.br\/?p=3610#primaryimage","url":"https:\/\/newsofthelight.com.br\/wp-content\/uploads\/2023\/03\/Screenshot_2433.png.webp","contentUrl":"https:\/\/newsofthelight.com.br\/wp-content\/uploads\/2023\/03\/Screenshot_2433.png.webp","width":980,"height":593,"caption":"Cassino era baixista da banda de rock Raimundos."},{"@type":"BreadcrumbList","@id":"https:\/\/newsofthelight.com.br\/?p=3610#breadcrumb","itemListElement":[{"@type":"ListItem","position":1,"name":"In\u00edcio","item":"https:\/\/newsofthelight.com.br\/"},{"@type":"ListItem","position":2,"name":"Canisso, baixista da Banda Raimundos morre aos 57 anos"}]},{"@type":"WebSite","@id":"https:\/\/newsofthelight.com.br\/#website","url":"https:\/\/newsofthelight.com.br\/","name":"Autoria - Thiago Gomes Gon\u00e7alves Peres Lima - REG 0022106\/MG","description":"Noticias na velocidade da luz","publisher":{"@id":"https:\/\/newsofthelight.com.br\/#organization"},"potentialAction":[{"@type":"SearchAction","target":{"@type":"EntryPoint","urlTemplate":"https:\/\/newsofthelight.com.br\/?s={search_term_string}"},"query-input":{"@type":"PropertyValueSpecification","valueRequired":true,"valueName":"search_term_string"}}],"inLanguage":"pt-BR"},{"@type":"Organization","@id":"https:\/\/newsofthelight.com.br\/#organization","name":"Autoria - Thiago Gomes Gon\u00e7alves Peres Lima - REG 0022106\/MG","url":"https:\/\/newsofthelight.com.br\/","logo":{"@type":"ImageObject","inLanguage":"pt-BR","@id":"https:\/\/newsofthelight.com.br\/#\/schema\/logo\/image\/","url":"https:\/\/newsofthelight.com.br\/wp-content\/uploads\/2025\/06\/cropped-IMG_0217.png","contentUrl":"https:\/\/newsofthelight.com.br\/wp-content\/uploads\/2025\/06\/cropped-IMG_0217.png","width":1177,"height":662,"caption":"Autoria - Thiago Gomes Gon\u00e7alves Peres Lima - REG 0022106\/MG"},"image":{"@id":"https:\/\/newsofthelight.com.br\/#\/schema\/logo\/image\/"},"sameAs":["https:\/\/www.instagram.com\/news_of_the_light_?igsh=b3Fwb2psamJzaXds"]},{"@type":"Person","@id":"https:\/\/newsofthelight.com.br\/#\/schema\/person\/d4878034586ca0e04c11eac65b2f76f2","name":"Thiago Peres","image":{"@type":"ImageObject","inLanguage":"pt-BR","@id":"https:\/\/secure.gravatar.com\/avatar\/21d66f46d21d113e9d3dba092a500e64563ed2ed2c77db814dfc7be6345e3815?s=96&d=mm&r=g","url":"https:\/\/secure.gravatar.com\/avatar\/21d66f46d21d113e9d3dba092a500e64563ed2ed2c77db814dfc7be6345e3815?s=96&d=mm&r=g","contentUrl":"https:\/\/secure.gravatar.com\/avatar\/21d66f46d21d113e9d3dba092a500e64563ed2ed2c77db814dfc7be6345e3815?s=96&d=mm&r=g","caption":"Thiago Peres"},"sameAs":["http:\/\/newsofthelight.com.br"],"url":"https:\/\/newsofthelight.com.br\/?author=2"}]}},"jetpack_featured_media_url":"https:\/\/newsofthelight.com.br\/wp-content\/uploads\/2023\/03\/Screenshot_2433.png.webp","jetpack_sharing_enabled":true,"jetpack-related-posts":[{"id":5473,"url":"https:\/\/newsofthelight.com.br\/?p=5473","url_meta":{"origin":3610,"position":0},"title":"Manuten\u00e7\u00e3o emergencial no abastecimento de \u00e1gua em Valadares","author":"Thiago Peres","date":"13 de dezembro de 2023","format":false,"excerpt":"Na ter\u00e7a-feira (12), o Servi\u00e7o Aut\u00f4nomo de \u00c1gua e Esgoto (SAAE) de Valadares interrompeu o fornecimento de \u00e1gua em 15 bairros da cidade para realizar uma manuten\u00e7\u00e3o de emerg\u00eancia nos registros do reservat\u00f3rio que abastece a regi\u00e3o do Vila Isa. Segundo o SAAE, os bairros impactados pela manuten\u00e7\u00e3o incluem, al\u00e9m\u2026","rel":"","context":"Em &quot;Munic\u00edpios&quot;","block_context":{"text":"Munic\u00edpios","link":"https:\/\/newsofthelight.com.br\/?cat=41"},"img":{"alt_text":"","src":"https:\/\/i0.wp.com\/newsofthelight.com.br\/wp-content\/uploads\/2023\/12\/IMG_5095.webp?resize=350%2C200&ssl=1","width":350,"height":200,"srcset":"https:\/\/i0.wp.com\/newsofthelight.com.br\/wp-content\/uploads\/2023\/12\/IMG_5095.webp?resize=350%2C200&ssl=1 1x, https:\/\/i0.wp.com\/newsofthelight.com.br\/wp-content\/uploads\/2023\/12\/IMG_5095.webp?resize=525%2C300&ssl=1 1.5x, https:\/\/i0.wp.com\/newsofthelight.com.br\/wp-content\/uploads\/2023\/12\/IMG_5095.webp?resize=700%2C400&ssl=1 2x"},"classes":[]},{"id":7473,"url":"https:\/\/newsofthelight.com.br\/?p=7473","url_meta":{"origin":3610,"position":1},"title":"Cantora e atriz Preta Gil morre de c\u00e2ncer intestinal em Nova York","author":"Thiago Peres","date":"20 de julho de 2025","format":false,"excerpt":"Imagem: Preta Gil Fonte: X\/RDT Lady GaGa A cantora Preta Gil morreu neste domingo (20 de julho) aos 50 anos ap\u00f3s complica\u00e7\u00f5es do c\u00e2ncer de intestino. Filha do cantor Gilberto Gil e da empres\u00e1ria Sandra Gader, Preta passou por um tratamento experimental para a doen\u00e7a, que foi descoberto nos Estados\u2026","rel":"","context":"Em &quot;Entretenimento&quot;","block_context":{"text":"Entretenimento","link":"https:\/\/newsofthelight.com.br\/?cat=42"},"img":{"alt_text":"","src":"https:\/\/i0.wp.com\/newsofthelight.com.br\/wp-content\/uploads\/2025\/07\/img_0683.jpg?resize=350%2C200&ssl=1","width":350,"height":200},"classes":[]},{"id":4324,"url":"https:\/\/newsofthelight.com.br\/?p=4324","url_meta":{"origin":3610,"position":2},"title":"Aos 75 anos, morre Rita Lee","author":"Thiago Peres","date":"9 de maio de 2023","format":false,"excerpt":"Com profunda tristeza, recebemos a not\u00edcia do falecimento da ic\u00f4nica cantora Rita Lee, aos 75 anos. Considerada a rainha do rock brasileiro, ela lutava \u00a0contra um c\u00e2ncer de pulm\u00e3o diagnosticado em 2021, mas infelizmente nos deixou na \u00faltima segunda-feira, 8 de maio, em sua resid\u00eancia, cercada por sua fam\u00edlia.A not\u00edcia\u2026","rel":"","context":"Em &quot;Brasil&quot;","block_context":{"text":"Brasil","link":"https:\/\/newsofthelight.com.br\/?cat=38"},"img":{"alt_text":"","src":"https:\/\/i0.wp.com\/newsofthelight.com.br\/wp-content\/uploads\/2023\/05\/IMG_4190.jpeg?resize=350%2C200&ssl=1","width":350,"height":200,"srcset":"https:\/\/i0.wp.com\/newsofthelight.com.br\/wp-content\/uploads\/2023\/05\/IMG_4190.jpeg?resize=350%2C200&ssl=1 1x, https:\/\/i0.wp.com\/newsofthelight.com.br\/wp-content\/uploads\/2023\/05\/IMG_4190.jpeg?resize=525%2C300&ssl=1 1.5x, https:\/\/i0.wp.com\/newsofthelight.com.br\/wp-content\/uploads\/2023\/05\/IMG_4190.jpeg?resize=700%2C400&ssl=1 2x, https:\/\/i0.wp.com\/newsofthelight.com.br\/wp-content\/uploads\/2023\/05\/IMG_4190.jpeg?resize=1050%2C600&ssl=1 3x"},"classes":[]},{"id":2040,"url":"https:\/\/newsofthelight.com.br\/?p=2040","url_meta":{"origin":3610,"position":3},"title":"Assassino de Daniela Perez, Guilherme de P\u00e1dua morre de infarto","author":"Thiago Peres","date":"7 de novembro de 2022","format":false,"excerpt":"O ex-ator Guilherme de P\u00e1dua, que assassinou a atriz Daniela Perez durante as grava\u00e7\u00f5es da novela De Corpo e Alma da Rede Globo, faleceu neste domingo (6) de parada card\u00edaca. Guilherme pregava como pastor da Igreja Batista da Lagoinha h\u00e1 15 anos. De acordo com o colega de trabalho M\u00e1rcio\u2026","rel":"","context":"Em &quot;Brasil&quot;","block_context":{"text":"Brasil","link":"https:\/\/newsofthelight.com.br\/?cat=38"},"img":{"alt_text":"","src":"https:\/\/i0.wp.com\/newsofthelight.com.br\/wp-content\/uploads\/2022\/11\/0C6B5763-ED9F-4E23-8EBD-4CF382A3567C.jpeg?resize=350%2C200&ssl=1","width":350,"height":200},"classes":[]},{"id":5587,"url":"https:\/\/newsofthelight.com.br\/?p=5587","url_meta":{"origin":3610,"position":4},"title":"PC Siqueira \u00e9 encontrado sem vida em seu apartamento em S\u00e3o Paulo","author":"Thiago Peres","date":"27 de dezembro de 2023","format":false,"excerpt":"O influenciador digital e youtuber PC Siqueira, de 37 anos, foi encontrado morto em seu apartamento no centro de S\u00e3o Paulo nesta quarta-feira (27), conforme relatado pelo portal Metr\u00f3poles. A Pol\u00edcia Militar de S\u00e3o Paulo, que fez a descoberta, confirmou a not\u00edcia.A investiga\u00e7\u00e3o do caso est\u00e1 a cargo do 11\u00ba\u2026","rel":"","context":"Em &quot;Munic\u00edpios&quot;","block_context":{"text":"Munic\u00edpios","link":"https:\/\/newsofthelight.com.br\/?cat=41"},"img":{"alt_text":"","src":"https:\/\/i0.wp.com\/newsofthelight.com.br\/wp-content\/uploads\/2023\/12\/IMG_5160.jpeg?resize=350%2C200&ssl=1","width":350,"height":200,"srcset":"https:\/\/i0.wp.com\/newsofthelight.com.br\/wp-content\/uploads\/2023\/12\/IMG_5160.jpeg?resize=350%2C200&ssl=1 1x, https:\/\/i0.wp.com\/newsofthelight.com.br\/wp-content\/uploads\/2023\/12\/IMG_5160.jpeg?resize=525%2C300&ssl=1 1.5x, https:\/\/i0.wp.com\/newsofthelight.com.br\/wp-content\/uploads\/2023\/12\/IMG_5160.jpeg?resize=700%2C400&ssl=1 2x, https:\/\/i0.wp.com\/newsofthelight.com.br\/wp-content\/uploads\/2023\/12\/IMG_5160.jpeg?resize=1050%2C600&ssl=1 3x"},"classes":[]},{"id":2578,"url":"https:\/\/newsofthelight.com.br\/?p=2578","url_meta":{"origin":3610,"position":5},"title":"Internado \u00e0s pressas na capital fluminense, cantor Erasmo Carlos morre aos 81 anos","author":"Thiago Peres","date":"22 de novembro de 2022","format":false,"excerpt":"\u00a0\u00a0\u00a0 Faleceu nesta ter\u00e7a-feira (22) o cantor e compositor Erasmo Carlos aos 81 anos de idade. Erasmo havia sido internado no Hospital Barra DO\u2019r, na Barra da Tijuca, Zona Oeste do Rio de Janeiro, o cantor foi entubado no Centro de Terapia Intensiva na segunda-feira (21) por complica\u00e7\u00f5es da\u00a0 s\u00edndrome\u2026","rel":"","context":"Em &quot;Brasil&quot;","block_context":{"text":"Brasil","link":"https:\/\/newsofthelight.com.br\/?cat=38"},"img":{"alt_text":"","src":"https:\/\/i0.wp.com\/newsofthelight.com.br\/wp-content\/uploads\/2022\/11\/B359AD0A-04D1-47B5-87F5-2ABB76D14CA7.jpeg?resize=350%2C200&ssl=1","width":350,"height":200,"srcset":"https:\/\/i0.wp.com\/newsofthelight.com.br\/wp-content\/uploads\/2022\/11\/B359AD0A-04D1-47B5-87F5-2ABB76D14CA7.jpeg?resize=350%2C200&ssl=1 1x, https:\/\/i0.wp.com\/newsofthelight.com.br\/wp-content\/uploads\/2022\/11\/B359AD0A-04D1-47B5-87F5-2ABB76D14CA7.jpeg?resize=525%2C300&ssl=1 1.5x"},"classes":[]}],"jetpack_shortlink":"https:\/\/wp.me\/peltaF-We","_links":{"self":[{"href":"https:\/\/newsofthelight.com.br\/index.php?rest_route=\/wp\/v2\/posts\/3610","targetHints":{"allow":["GET"]}}],"collection":[{"href":"https:\/\/newsofthelight.com.br\/index.php?rest_route=\/wp\/v2\/posts"}],"about":[{"href":"https:\/\/newsofthelight.com.br\/index.php?rest_route=\/wp\/v2\/types\/post"}],"author":[{"embeddable":true,"href":"https:\/\/newsofthelight.com.br\/index.php?rest_route=\/wp\/v2\/users\/2"}],"replies":[{"embeddable":true,"href":"https:\/\/newsofthelight.com.br\/index.php?rest_route=%2Fwp%2Fv2%2Fcomments&post=3610"}],"version-history":[{"count":13,"href":"https:\/\/newsofthelight.com.br\/index.php?rest_route=\/wp\/v2\/posts\/3610\/revisions"}],"predecessor-version":[{"id":3625,"href":"https:\/\/newsofthelight.com.br\/index.php?rest_route=\/wp\/v2\/posts\/3610\/revisions\/3625"}],"wp:featuredmedia":[{"embeddable":true,"href":"https:\/\/newsofthelight.com.br\/index.php?rest_route=\/wp\/v2\/media\/3613"}],"wp:attachment":[{"href":"https:\/\/newsofthelight.com.br\/index.php?rest_route=%2Fwp%2Fv2%2Fmedia&parent=3610"}],"wp:term":[{"taxonomy":"category","embeddable":true,"href":"https:\/\/newsofthelight.com.br\/index.php?rest_route=%2Fwp%2Fv2%2Fcategories&post=3610"},{"taxonomy":"post_tag","embeddable":true,"href":"https:\/\/newsofthelight.com.br\/index.php?rest_route=%2Fwp%2Fv2%2Ftags&post=3610"}],"curies":[{"name":"wp","href":"https:\/\/api.w.org\/{rel}","templated":true}]}}