{"id":3598,"date":"2023-03-13T16:20:21","date_gmt":"2023-03-13T19:20:21","guid":{"rendered":"https:\/\/newsofthelight.com.br\/?p=3598"},"modified":"2023-03-13T16:37:13","modified_gmt":"2023-03-13T19:37:13","slug":"moraes-libera-mais-de-130-presos-pelo-atos-terroristas-no-dia-8-de-janeiro","status":"publish","type":"post","link":"https:\/\/newsofthelight.com.br\/?p=3598","title":{"rendered":"Moraes libera mais de 130 presos pelo ato terrorista no dia 8 de janeiro"},"content":{"rendered":"<p>Mais de 2 mil pessoas foram presas na segunda-feira (09\/01), um dia ap\u00f3s o ato de vandalismo na sede dos Tr\u00eas Poderes em Bras\u00edlia (Distrito Federal). O presidente do Supremo Tribunal Federal (STF), Alexandre de Moraes, nesta segunda-feira (13) deu liberdade provis\u00f3ria a mais 130 detentos que haviam sido denunciados por participar do ato pela depreda\u00e7\u00e3o dos pr\u00e9dios p\u00fablicos na cidade de Bras\u00edlia. Outras 392 pessoas seguem em regime fechado.<\/p>\n<p>A decis\u00e3o do ministro se deu devido ao fato do mesmo entender que esta parcela dos processados n\u00e3o apresenta mais risco processual ou social at\u00e9 o devido momento. Entretanto, o ministro aplicou ao grupo medidas cautelosas tais como: toque de recolher noturno e durante finais de semana, passaportes cancelados e impedimento ao acesso \u00e0s redes sociais.<\/p>\n<p>Moraes j\u00e1 havia confirmado durante o alvar\u00e1 de soltura nesta quinta-feira (09\/03) que o processo de todos os envolvidos seria individual e que o STF ficaria a cargo de avaliar todos os que encontravam-se encarcerados at\u00e9 aquele momento.<\/p>\n<p>No dia 9 de janeiro, a Pol\u00edcia Federal (PF) deteve em flagrante 2.151 pessoas que estariam envolvidas no ato e que haviam se acampado em frente ao quartel. Destas, 745 foram liberadas logo ap\u00f3s sua identifica\u00e7\u00e3o, entre elas estavam: idosos com mais de 70 anos, pessoas na faixa et\u00e1ria dos 60 anos com comorbidades, al\u00e9m de 50 mulheres com filhos com menos de 12 anos.<\/p>\n<p>Das 1.406 pessoas que foram presas, 1.014 ir\u00e3o responder em liberdade e 392 em regime fechado, sendo 130 homens e 82 mulheres. At\u00e9 agora 919 indiv\u00edduos foram denunciados pela PGR por incita\u00e7\u00e3o ao crime. Desse n\u00famero, 919 responderam por infra\u00e7\u00f5es graves: dano qualificado, aboli\u00e7\u00e3o violenta do Estado de direito e golpe ao Estado.<\/p>\n","protected":false},"excerpt":{"rendered":"<p>Mais de 2 mil pessoas foram presas na segunda-feira (09\/01), um dia ap\u00f3s o ato de vandalismo na sede dos Tr\u00eas Poderes em Bras\u00edlia (Distrito Federal). O presidente do Supremo Tribunal Federal (STF), Alexandre de Moraes, nesta segunda-feira (13) deu liberdade provis\u00f3ria a mais 130 detentos que haviam sido denunciados por participar do ato pela<\/p>\n","protected":false},"author":2,"featured_media":3600,"comment_status":"open","ping_status":"open","sticky":false,"template":"","format":"standard","meta":{"_jetpack_memberships_contains_paid_content":false,"footnotes":""},"categories":[38,37,36],"tags":[],"class_list":["post-3598","post","type-post","status-publish","format-standard","has-post-thumbnail","hentry","category-brasil","category-policia","category-politica"],"yoast_head":"<!-- This site is optimized with the Yoast SEO plugin v27.5 - https:\/\/yoast.com\/product\/yoast-seo-wordpress\/ -->\n<title>Moraes libera mais de 130 presos pelo ato terrorista no dia 8 de janeiro - Autoria - Thiago Gomes Gon\u00e7alves Peres Lima - REG 0022106\/MG<\/title>\n<meta name=\"robots\" content=\"index, follow, max-snippet:-1, max-image-preview:large, max-video-preview:-1\" \/>\n<link rel=\"canonical\" href=\"https:\/\/newsofthelight.com.br\/?p=3598\" \/>\n<meta property=\"og:locale\" content=\"pt_BR\" \/>\n<meta property=\"og:type\" content=\"article\" \/>\n<meta property=\"og:title\" content=\"Moraes libera mais de 130 presos pelo ato terrorista no dia 8 de janeiro - Autoria - Thiago Gomes Gon\u00e7alves Peres Lima - REG 0022106\/MG\" \/>\n<meta property=\"og:description\" content=\"Mais de 2 mil pessoas foram presas na segunda-feira (09\/01), um dia ap\u00f3s o ato de vandalismo na sede dos Tr\u00eas Poderes em Bras\u00edlia (Distrito Federal). O presidente do Supremo Tribunal Federal (STF), Alexandre de Moraes, nesta segunda-feira (13) deu liberdade provis\u00f3ria a mais 130 detentos que haviam sido denunciados por participar do ato pela\" \/>\n<meta property=\"og:url\" content=\"https:\/\/newsofthelight.com.br\/?p=3598\" \/>\n<meta property=\"og:site_name\" content=\"Autoria - Thiago Gomes Gon\u00e7alves Peres Lima - REG 0022106\/MG\" \/>\n<meta property=\"article:published_time\" content=\"2023-03-13T19:20:21+00:00\" \/>\n<meta property=\"article:modified_time\" content=\"2023-03-13T19:37:13+00:00\" \/>\n<meta property=\"og:image\" content=\"https:\/\/newsofthelight.com.br\/wp-content\/uploads\/2023\/03\/E2D01DB3-F398-4605-8CD5-FC39BD9DFE0F.jpeg\" \/>\n\t<meta property=\"og:image:width\" content=\"450\" \/>\n\t<meta property=\"og:image:height\" content=\"337\" \/>\n\t<meta property=\"og:image:type\" content=\"image\/jpeg\" \/>\n<meta name=\"author\" content=\"Thiago Peres\" \/>\n<meta name=\"twitter:card\" content=\"summary_large_image\" \/>\n<meta name=\"twitter:label1\" content=\"Escrito por\" \/>\n\t<meta name=\"twitter:data1\" content=\"Thiago Peres\" \/>\n\t<meta name=\"twitter:label2\" content=\"Est. tempo de leitura\" \/>\n\t<meta name=\"twitter:data2\" content=\"1 minuto\" \/>\n<script type=\"application\/ld+json\" class=\"yoast-schema-graph\">{\"@context\":\"https:\\\/\\\/schema.org\",\"@graph\":[{\"@type\":\"Article\",\"@id\":\"https:\\\/\\\/newsofthelight.com.br\\\/?p=3598#article\",\"isPartOf\":{\"@id\":\"https:\\\/\\\/newsofthelight.com.br\\\/?p=3598\"},\"author\":{\"name\":\"Thiago Peres\",\"@id\":\"https:\\\/\\\/newsofthelight.com.br\\\/#\\\/schema\\\/person\\\/d4878034586ca0e04c11eac65b2f76f2\"},\"headline\":\"Moraes libera mais de 130 presos pelo ato terrorista no dia 8 de janeiro\",\"datePublished\":\"2023-03-13T19:20:21+00:00\",\"dateModified\":\"2023-03-13T19:37:13+00:00\",\"mainEntityOfPage\":{\"@id\":\"https:\\\/\\\/newsofthelight.com.br\\\/?p=3598\"},\"wordCount\":295,\"commentCount\":0,\"publisher\":{\"@id\":\"https:\\\/\\\/newsofthelight.com.br\\\/#organization\"},\"image\":{\"@id\":\"https:\\\/\\\/newsofthelight.com.br\\\/?p=3598#primaryimage\"},\"thumbnailUrl\":\"https:\\\/\\\/newsofthelight.com.br\\\/wp-content\\\/uploads\\\/2023\\\/03\\\/E2D01DB3-F398-4605-8CD5-FC39BD9DFE0F.jpeg\",\"articleSection\":[\"Brasil\",\"Policia\",\"Pol\u00edtica\"],\"inLanguage\":\"pt-BR\",\"potentialAction\":[{\"@type\":\"CommentAction\",\"name\":\"Comment\",\"target\":[\"https:\\\/\\\/newsofthelight.com.br\\\/?p=3598#respond\"]}]},{\"@type\":\"WebPage\",\"@id\":\"https:\\\/\\\/newsofthelight.com.br\\\/?p=3598\",\"url\":\"https:\\\/\\\/newsofthelight.com.br\\\/?p=3598\",\"name\":\"Moraes libera mais de 130 presos pelo ato terrorista no dia 8 de janeiro - Autoria - Thiago Gomes Gon\u00e7alves Peres Lima - REG 0022106\\\/MG\",\"isPartOf\":{\"@id\":\"https:\\\/\\\/newsofthelight.com.br\\\/#website\"},\"primaryImageOfPage\":{\"@id\":\"https:\\\/\\\/newsofthelight.com.br\\\/?p=3598#primaryimage\"},\"image\":{\"@id\":\"https:\\\/\\\/newsofthelight.com.br\\\/?p=3598#primaryimage\"},\"thumbnailUrl\":\"https:\\\/\\\/newsofthelight.com.br\\\/wp-content\\\/uploads\\\/2023\\\/03\\\/E2D01DB3-F398-4605-8CD5-FC39BD9DFE0F.jpeg\",\"datePublished\":\"2023-03-13T19:20:21+00:00\",\"dateModified\":\"2023-03-13T19:37:13+00:00\",\"breadcrumb\":{\"@id\":\"https:\\\/\\\/newsofthelight.com.br\\\/?p=3598#breadcrumb\"},\"inLanguage\":\"pt-BR\",\"potentialAction\":[{\"@type\":\"ReadAction\",\"target\":[\"https:\\\/\\\/newsofthelight.com.br\\\/?p=3598\"]}]},{\"@type\":\"ImageObject\",\"inLanguage\":\"pt-BR\",\"@id\":\"https:\\\/\\\/newsofthelight.com.br\\\/?p=3598#primaryimage\",\"url\":\"https:\\\/\\\/newsofthelight.com.br\\\/wp-content\\\/uploads\\\/2023\\\/03\\\/E2D01DB3-F398-4605-8CD5-FC39BD9DFE0F.jpeg\",\"contentUrl\":\"https:\\\/\\\/newsofthelight.com.br\\\/wp-content\\\/uploads\\\/2023\\\/03\\\/E2D01DB3-F398-4605-8CD5-FC39BD9DFE0F.jpeg\",\"width\":450,\"height\":337},{\"@type\":\"BreadcrumbList\",\"@id\":\"https:\\\/\\\/newsofthelight.com.br\\\/?p=3598#breadcrumb\",\"itemListElement\":[{\"@type\":\"ListItem\",\"position\":1,\"name\":\"In\u00edcio\",\"item\":\"https:\\\/\\\/newsofthelight.com.br\\\/\"},{\"@type\":\"ListItem\",\"position\":2,\"name\":\"Moraes libera mais de 130 presos pelo ato terrorista no dia 8 de janeiro\"}]},{\"@type\":\"WebSite\",\"@id\":\"https:\\\/\\\/newsofthelight.com.br\\\/#website\",\"url\":\"https:\\\/\\\/newsofthelight.com.br\\\/\",\"name\":\"Autoria - Thiago Gomes Gon\u00e7alves Peres Lima - REG 0022106\\\/MG\",\"description\":\"Noticias na velocidade da luz\",\"publisher\":{\"@id\":\"https:\\\/\\\/newsofthelight.com.br\\\/#organization\"},\"potentialAction\":[{\"@type\":\"SearchAction\",\"target\":{\"@type\":\"EntryPoint\",\"urlTemplate\":\"https:\\\/\\\/newsofthelight.com.br\\\/?s={search_term_string}\"},\"query-input\":{\"@type\":\"PropertyValueSpecification\",\"valueRequired\":true,\"valueName\":\"search_term_string\"}}],\"inLanguage\":\"pt-BR\"},{\"@type\":\"Organization\",\"@id\":\"https:\\\/\\\/newsofthelight.com.br\\\/#organization\",\"name\":\"Autoria - Thiago Gomes Gon\u00e7alves Peres Lima - REG 0022106\\\/MG\",\"url\":\"https:\\\/\\\/newsofthelight.com.br\\\/\",\"logo\":{\"@type\":\"ImageObject\",\"inLanguage\":\"pt-BR\",\"@id\":\"https:\\\/\\\/newsofthelight.com.br\\\/#\\\/schema\\\/logo\\\/image\\\/\",\"url\":\"https:\\\/\\\/newsofthelight.com.br\\\/wp-content\\\/uploads\\\/2025\\\/06\\\/cropped-IMG_0217.png\",\"contentUrl\":\"https:\\\/\\\/newsofthelight.com.br\\\/wp-content\\\/uploads\\\/2025\\\/06\\\/cropped-IMG_0217.png\",\"width\":1177,\"height\":662,\"caption\":\"Autoria - Thiago Gomes Gon\u00e7alves Peres Lima - REG 0022106\\\/MG\"},\"image\":{\"@id\":\"https:\\\/\\\/newsofthelight.com.br\\\/#\\\/schema\\\/logo\\\/image\\\/\"},\"sameAs\":[\"https:\\\/\\\/www.instagram.com\\\/news_of_the_light_?igsh=b3Fwb2psamJzaXds\"]},{\"@type\":\"Person\",\"@id\":\"https:\\\/\\\/newsofthelight.com.br\\\/#\\\/schema\\\/person\\\/d4878034586ca0e04c11eac65b2f76f2\",\"name\":\"Thiago Peres\",\"image\":{\"@type\":\"ImageObject\",\"inLanguage\":\"pt-BR\",\"@id\":\"https:\\\/\\\/secure.gravatar.com\\\/avatar\\\/21d66f46d21d113e9d3dba092a500e64563ed2ed2c77db814dfc7be6345e3815?s=96&d=mm&r=g\",\"url\":\"https:\\\/\\\/secure.gravatar.com\\\/avatar\\\/21d66f46d21d113e9d3dba092a500e64563ed2ed2c77db814dfc7be6345e3815?s=96&d=mm&r=g\",\"contentUrl\":\"https:\\\/\\\/secure.gravatar.com\\\/avatar\\\/21d66f46d21d113e9d3dba092a500e64563ed2ed2c77db814dfc7be6345e3815?s=96&d=mm&r=g\",\"caption\":\"Thiago Peres\"},\"sameAs\":[\"http:\\\/\\\/newsofthelight.com.br\"],\"url\":\"https:\\\/\\\/newsofthelight.com.br\\\/?author=2\"}]}<\/script>\n<!-- \/ Yoast SEO plugin. -->","yoast_head_json":{"title":"Moraes libera mais de 130 presos pelo ato terrorista no dia 8 de janeiro - Autoria - Thiago Gomes Gon\u00e7alves Peres Lima - REG 0022106\/MG","robots":{"index":"index","follow":"follow","max-snippet":"max-snippet:-1","max-image-preview":"max-image-preview:large","max-video-preview":"max-video-preview:-1"},"canonical":"https:\/\/newsofthelight.com.br\/?p=3598","og_locale":"pt_BR","og_type":"article","og_title":"Moraes libera mais de 130 presos pelo ato terrorista no dia 8 de janeiro - Autoria - Thiago Gomes Gon\u00e7alves Peres Lima - REG 0022106\/MG","og_description":"Mais de 2 mil pessoas foram presas na segunda-feira (09\/01), um dia ap\u00f3s o ato de vandalismo na sede dos Tr\u00eas Poderes em Bras\u00edlia (Distrito Federal). O presidente do Supremo Tribunal Federal (STF), Alexandre de Moraes, nesta segunda-feira (13) deu liberdade provis\u00f3ria a mais 130 detentos que haviam sido denunciados por participar do ato pela","og_url":"https:\/\/newsofthelight.com.br\/?p=3598","og_site_name":"Autoria - Thiago Gomes Gon\u00e7alves Peres Lima - REG 0022106\/MG","article_published_time":"2023-03-13T19:20:21+00:00","article_modified_time":"2023-03-13T19:37:13+00:00","og_image":[{"width":450,"height":337,"url":"https:\/\/newsofthelight.com.br\/wp-content\/uploads\/2023\/03\/E2D01DB3-F398-4605-8CD5-FC39BD9DFE0F.jpeg","type":"image\/jpeg"}],"author":"Thiago Peres","twitter_card":"summary_large_image","twitter_misc":{"Escrito por":"Thiago Peres","Est. tempo de leitura":"1 minuto"},"schema":{"@context":"https:\/\/schema.org","@graph":[{"@type":"Article","@id":"https:\/\/newsofthelight.com.br\/?p=3598#article","isPartOf":{"@id":"https:\/\/newsofthelight.com.br\/?p=3598"},"author":{"name":"Thiago Peres","@id":"https:\/\/newsofthelight.com.br\/#\/schema\/person\/d4878034586ca0e04c11eac65b2f76f2"},"headline":"Moraes libera mais de 130 presos pelo ato terrorista no dia 8 de janeiro","datePublished":"2023-03-13T19:20:21+00:00","dateModified":"2023-03-13T19:37:13+00:00","mainEntityOfPage":{"@id":"https:\/\/newsofthelight.com.br\/?p=3598"},"wordCount":295,"commentCount":0,"publisher":{"@id":"https:\/\/newsofthelight.com.br\/#organization"},"image":{"@id":"https:\/\/newsofthelight.com.br\/?p=3598#primaryimage"},"thumbnailUrl":"https:\/\/newsofthelight.com.br\/wp-content\/uploads\/2023\/03\/E2D01DB3-F398-4605-8CD5-FC39BD9DFE0F.jpeg","articleSection":["Brasil","Policia","Pol\u00edtica"],"inLanguage":"pt-BR","potentialAction":[{"@type":"CommentAction","name":"Comment","target":["https:\/\/newsofthelight.com.br\/?p=3598#respond"]}]},{"@type":"WebPage","@id":"https:\/\/newsofthelight.com.br\/?p=3598","url":"https:\/\/newsofthelight.com.br\/?p=3598","name":"Moraes libera mais de 130 presos pelo ato terrorista no dia 8 de janeiro - Autoria - Thiago Gomes Gon\u00e7alves Peres Lima - REG 0022106\/MG","isPartOf":{"@id":"https:\/\/newsofthelight.com.br\/#website"},"primaryImageOfPage":{"@id":"https:\/\/newsofthelight.com.br\/?p=3598#primaryimage"},"image":{"@id":"https:\/\/newsofthelight.com.br\/?p=3598#primaryimage"},"thumbnailUrl":"https:\/\/newsofthelight.com.br\/wp-content\/uploads\/2023\/03\/E2D01DB3-F398-4605-8CD5-FC39BD9DFE0F.jpeg","datePublished":"2023-03-13T19:20:21+00:00","dateModified":"2023-03-13T19:37:13+00:00","breadcrumb":{"@id":"https:\/\/newsofthelight.com.br\/?p=3598#breadcrumb"},"inLanguage":"pt-BR","potentialAction":[{"@type":"ReadAction","target":["https:\/\/newsofthelight.com.br\/?p=3598"]}]},{"@type":"ImageObject","inLanguage":"pt-BR","@id":"https:\/\/newsofthelight.com.br\/?p=3598#primaryimage","url":"https:\/\/newsofthelight.com.br\/wp-content\/uploads\/2023\/03\/E2D01DB3-F398-4605-8CD5-FC39BD9DFE0F.jpeg","contentUrl":"https:\/\/newsofthelight.com.br\/wp-content\/uploads\/2023\/03\/E2D01DB3-F398-4605-8CD5-FC39BD9DFE0F.jpeg","width":450,"height":337},{"@type":"BreadcrumbList","@id":"https:\/\/newsofthelight.com.br\/?p=3598#breadcrumb","itemListElement":[{"@type":"ListItem","position":1,"name":"In\u00edcio","item":"https:\/\/newsofthelight.com.br\/"},{"@type":"ListItem","position":2,"name":"Moraes libera mais de 130 presos pelo ato terrorista no dia 8 de janeiro"}]},{"@type":"WebSite","@id":"https:\/\/newsofthelight.com.br\/#website","url":"https:\/\/newsofthelight.com.br\/","name":"Autoria - Thiago Gomes Gon\u00e7alves Peres Lima - REG 0022106\/MG","description":"Noticias na velocidade da luz","publisher":{"@id":"https:\/\/newsofthelight.com.br\/#organization"},"potentialAction":[{"@type":"SearchAction","target":{"@type":"EntryPoint","urlTemplate":"https:\/\/newsofthelight.com.br\/?s={search_term_string}"},"query-input":{"@type":"PropertyValueSpecification","valueRequired":true,"valueName":"search_term_string"}}],"inLanguage":"pt-BR"},{"@type":"Organization","@id":"https:\/\/newsofthelight.com.br\/#organization","name":"Autoria - Thiago Gomes Gon\u00e7alves Peres Lima - REG 0022106\/MG","url":"https:\/\/newsofthelight.com.br\/","logo":{"@type":"ImageObject","inLanguage":"pt-BR","@id":"https:\/\/newsofthelight.com.br\/#\/schema\/logo\/image\/","url":"https:\/\/newsofthelight.com.br\/wp-content\/uploads\/2025\/06\/cropped-IMG_0217.png","contentUrl":"https:\/\/newsofthelight.com.br\/wp-content\/uploads\/2025\/06\/cropped-IMG_0217.png","width":1177,"height":662,"caption":"Autoria - Thiago Gomes Gon\u00e7alves Peres Lima - REG 0022106\/MG"},"image":{"@id":"https:\/\/newsofthelight.com.br\/#\/schema\/logo\/image\/"},"sameAs":["https:\/\/www.instagram.com\/news_of_the_light_?igsh=b3Fwb2psamJzaXds"]},{"@type":"Person","@id":"https:\/\/newsofthelight.com.br\/#\/schema\/person\/d4878034586ca0e04c11eac65b2f76f2","name":"Thiago Peres","image":{"@type":"ImageObject","inLanguage":"pt-BR","@id":"https:\/\/secure.gravatar.com\/avatar\/21d66f46d21d113e9d3dba092a500e64563ed2ed2c77db814dfc7be6345e3815?s=96&d=mm&r=g","url":"https:\/\/secure.gravatar.com\/avatar\/21d66f46d21d113e9d3dba092a500e64563ed2ed2c77db814dfc7be6345e3815?s=96&d=mm&r=g","contentUrl":"https:\/\/secure.gravatar.com\/avatar\/21d66f46d21d113e9d3dba092a500e64563ed2ed2c77db814dfc7be6345e3815?s=96&d=mm&r=g","caption":"Thiago Peres"},"sameAs":["http:\/\/newsofthelight.com.br"],"url":"https:\/\/newsofthelight.com.br\/?author=2"}]}},"jetpack_featured_media_url":"https:\/\/newsofthelight.com.br\/wp-content\/uploads\/2023\/03\/E2D01DB3-F398-4605-8CD5-FC39BD9DFE0F.jpeg","jetpack_sharing_enabled":true,"jetpack-related-posts":[{"id":3080,"url":"https:\/\/newsofthelight.com.br\/?p=3080","url_meta":{"origin":3598,"position":0},"title":"Bras\u00edlia sofre noite de terror com inc\u00eandio em \u00f4nibus causados por bolsonaristas","author":"Thiago Peres","date":"13 de dezembro de 2022","format":false,"excerpt":"O Distrito Federal teve uma noite de caos com inc\u00eandios causados por bolsonaristas. Os problemas v\u00eam ocorrendo desde o in\u00edcio da noite desta segunda-feira (12). Em torno de 10 carros sofreram depreda\u00e7\u00e3o e pelo menos quatro \u00f4nibus j\u00e1 foram incendiados. As demais viaturas que circulavam pelo local foram recolhidas para\u2026","rel":"","context":"Em &quot;Brasil&quot;","block_context":{"text":"Brasil","link":"https:\/\/newsofthelight.com.br\/?cat=38"},"img":{"alt_text":"","src":"https:\/\/i0.wp.com\/newsofthelight.com.br\/wp-content\/uploads\/2022\/12\/A42A633E-1D68-4B2E-9C7C-F6514F37AF78.webp?resize=350%2C200&ssl=1","width":350,"height":200,"srcset":"https:\/\/i0.wp.com\/newsofthelight.com.br\/wp-content\/uploads\/2022\/12\/A42A633E-1D68-4B2E-9C7C-F6514F37AF78.webp?resize=350%2C200&ssl=1 1x, https:\/\/i0.wp.com\/newsofthelight.com.br\/wp-content\/uploads\/2022\/12\/A42A633E-1D68-4B2E-9C7C-F6514F37AF78.webp?resize=525%2C300&ssl=1 1.5x"},"classes":[]},{"id":7045,"url":"https:\/\/newsofthelight.com.br\/?p=7045","url_meta":{"origin":3598,"position":1},"title":"Suprema Corte inicia audi\u00eancias contra suposta tentativa de golpe de Bolsonaro","author":"Thiago Peres","date":"9 de junho de 2025","format":false,"excerpt":"Foto: Reprodu\u00e7\u00e3o do julgamento O Supremo Tribunal Federal (STF) deu in\u00edcio, esta ter\u00e7a-feira (9), \u00e0s 14h00, \u00e0 primeira audi\u00eancia das acusa\u00e7\u00f5es de corrup\u00e7\u00e3o contra o Governo do ex-Presidente Jair Bolsonaro (PL). Entre os dias 9 e 13 de junho, ser\u00e3o ouvidos, um a um, o ministro do Processo Penal Alexandre\u2026","rel":"","context":"Em &quot;Brasil&quot;","block_context":{"text":"Brasil","link":"https:\/\/newsofthelight.com.br\/?cat=38"},"img":{"alt_text":"","src":"https:\/\/i0.wp.com\/newsofthelight.com.br\/wp-content\/uploads\/2025\/06\/53952387558_1e353677e4_k-600x350.jpg.webp?resize=350%2C200&ssl=1","width":350,"height":200,"srcset":"https:\/\/i0.wp.com\/newsofthelight.com.br\/wp-content\/uploads\/2025\/06\/53952387558_1e353677e4_k-600x350.jpg.webp?resize=350%2C200&ssl=1 1x, https:\/\/i0.wp.com\/newsofthelight.com.br\/wp-content\/uploads\/2025\/06\/53952387558_1e353677e4_k-600x350.jpg.webp?resize=525%2C300&ssl=1 1.5x"},"classes":[]},{"id":7114,"url":"https:\/\/newsofthelight.com.br\/?p=7114","url_meta":{"origin":3598,"position":2},"title":"Deten\u00e7\u00e3o de Moraes a Gilson Machado \u00e9 cancelada, mas medidas s\u00e3o implementadas","author":"Thiago Peres","date":"14 de junho de 2025","format":false,"excerpt":"Ex-Ministro do Turismo, Gilson Machado Neto, participando no programa Sem Censura da televis\u00e3o brasileira Foto: Roberto Castro O ex-ministro do Turismo, Gilson Machado Guimar\u00e3es Neto, preso nesta sexta-feira (13) em Recife (PE) ao tentar obter um passaporte portugu\u00eas pertencente a Mauro Cid, teve sua pris\u00e3o revogada com certas condi\u00e7\u00f5es. O\u2026","rel":"","context":"Em &quot;Pol\u00edtica&quot;","block_context":{"text":"Pol\u00edtica","link":"https:\/\/newsofthelight.com.br\/?cat=36"},"img":{"alt_text":"","src":"https:\/\/i0.wp.com\/newsofthelight.com.br\/wp-content\/uploads\/2025\/06\/51354083367_bd6e90880a_k-1024x683-1.webp?resize=350%2C200&ssl=1","width":350,"height":200,"srcset":"https:\/\/i0.wp.com\/newsofthelight.com.br\/wp-content\/uploads\/2025\/06\/51354083367_bd6e90880a_k-1024x683-1.webp?resize=350%2C200&ssl=1 1x, https:\/\/i0.wp.com\/newsofthelight.com.br\/wp-content\/uploads\/2025\/06\/51354083367_bd6e90880a_k-1024x683-1.webp?resize=525%2C300&ssl=1 1.5x, https:\/\/i0.wp.com\/newsofthelight.com.br\/wp-content\/uploads\/2025\/06\/51354083367_bd6e90880a_k-1024x683-1.webp?resize=700%2C400&ssl=1 2x"},"classes":[]},{"id":6318,"url":"https:\/\/newsofthelight.com.br\/?p=6318","url_meta":{"origin":3598,"position":3},"title":"Alexandre de Moraes ordena que Elon Musk desative X no Brasil em 24 horas","author":"Thiago Peres","date":"29 de agosto de 2024","format":false,"excerpt":"O ministro do Supremo Tribunal Federal, Alexandre de Moraes, emitiu uma intima\u00e7\u00e3o contra Elon Musk, dono da plataforma X, nesta quarta-feira (28). O documento exige que a empresa nomeie um representante legal no Brasil no prazo de 24 horas. Caso a decis\u00e3o n\u00e3o seja tomada, o ministro alertou que em\u2026","rel":"","context":"Em &quot;Brasil&quot;","block_context":{"text":"Brasil","link":"https:\/\/newsofthelight.com.br\/?cat=38"},"img":{"alt_text":"","src":"https:\/\/i0.wp.com\/newsofthelight.com.br\/wp-content\/uploads\/2024\/08\/28517589-e76e-4416-ad8e-9d47d8397329.jpeg?resize=350%2C200&ssl=1","width":350,"height":200,"srcset":"https:\/\/i0.wp.com\/newsofthelight.com.br\/wp-content\/uploads\/2024\/08\/28517589-e76e-4416-ad8e-9d47d8397329.jpeg?resize=350%2C200&ssl=1 1x, https:\/\/i0.wp.com\/newsofthelight.com.br\/wp-content\/uploads\/2024\/08\/28517589-e76e-4416-ad8e-9d47d8397329.jpeg?resize=525%2C300&ssl=1 1.5x, https:\/\/i0.wp.com\/newsofthelight.com.br\/wp-content\/uploads\/2024\/08\/28517589-e76e-4416-ad8e-9d47d8397329.jpeg?resize=700%2C400&ssl=1 2x, https:\/\/i0.wp.com\/newsofthelight.com.br\/wp-content\/uploads\/2024\/08\/28517589-e76e-4416-ad8e-9d47d8397329.jpeg?resize=1050%2C600&ssl=1 3x"},"classes":[]},{"id":7057,"url":"https:\/\/newsofthelight.com.br\/?p=7057","url_meta":{"origin":3598,"position":4},"title":"Anderson Torres nega o extravio e diz que perdeu seu dispositivo e d\u00f3lares nos Estados Unidos","author":"Thiago Peres","date":"10 de junho de 2025","format":false,"excerpt":"Foto: Torres em julgamento Fonte: TV Justi\u00e7a . O ex-ministro da Justi\u00e7a Anderson Torres negou o fato de que seu celular foi perdido na ter\u00e7a-feira (10) e ficou \"triste\" ao saber que o ministro Alexandre de Moraes lhe deu ordem de pris\u00e3o em decorr\u00eancia ao golpe em 8 de janeiro\u2026","rel":"","context":"Em &quot;Brasil&quot;","block_context":{"text":"Brasil","link":"https:\/\/newsofthelight.com.br\/?cat=38"},"img":{"alt_text":"","src":"https:\/\/i0.wp.com\/newsofthelight.com.br\/wp-content\/uploads\/2025\/06\/img_0300.jpg?resize=350%2C200&ssl=1","width":350,"height":200,"srcset":"https:\/\/i0.wp.com\/newsofthelight.com.br\/wp-content\/uploads\/2025\/06\/img_0300.jpg?resize=350%2C200&ssl=1 1x, https:\/\/i0.wp.com\/newsofthelight.com.br\/wp-content\/uploads\/2025\/06\/img_0300.jpg?resize=525%2C300&ssl=1 1.5x, https:\/\/i0.wp.com\/newsofthelight.com.br\/wp-content\/uploads\/2025\/06\/img_0300.jpg?resize=700%2C400&ssl=1 2x"},"classes":[]},{"id":5073,"url":"https:\/\/newsofthelight.com.br\/?p=5073","url_meta":{"origin":3598,"position":5},"title":"Por determina\u00e7\u00e3o de Moraes, Bolsonaro vai depor novamente","author":"Thiago Peres","date":"16 de junho de 2023","format":false,"excerpt":"O ex-presidente Jair Bolsonaro (PL) foi ordenado pelo ministro do Supremo Tribunal Federal (STF), Alexandre de Moraes, a prestar um novo depoimento \u00e0 Pol\u00edcia Federal (PF). A determina\u00e7\u00e3o ocorreu nesta sexta-feira (16\/6) e tem como objetivo esclarecer os desdobramentos de uma investiga\u00e7\u00e3o sobre um poss\u00edvel plano golpista discutido em uma\u2026","rel":"","context":"Em &quot;Brasil&quot;","block_context":{"text":"Brasil","link":"https:\/\/newsofthelight.com.br\/?cat=38"},"img":{"alt_text":"","src":"https:\/\/i0.wp.com\/newsofthelight.com.br\/wp-content\/uploads\/2023\/06\/IMG_4608.jpeg?resize=350%2C200&ssl=1","width":350,"height":200,"srcset":"https:\/\/i0.wp.com\/newsofthelight.com.br\/wp-content\/uploads\/2023\/06\/IMG_4608.jpeg?resize=350%2C200&ssl=1 1x, https:\/\/i0.wp.com\/newsofthelight.com.br\/wp-content\/uploads\/2023\/06\/IMG_4608.jpeg?resize=525%2C300&ssl=1 1.5x, https:\/\/i0.wp.com\/newsofthelight.com.br\/wp-content\/uploads\/2023\/06\/IMG_4608.jpeg?resize=700%2C400&ssl=1 2x, https:\/\/i0.wp.com\/newsofthelight.com.br\/wp-content\/uploads\/2023\/06\/IMG_4608.jpeg?resize=1050%2C600&ssl=1 3x"},"classes":[]}],"jetpack_shortlink":"https:\/\/wp.me\/peltaF-W2","_links":{"self":[{"href":"https:\/\/newsofthelight.com.br\/index.php?rest_route=\/wp\/v2\/posts\/3598","targetHints":{"allow":["GET"]}}],"collection":[{"href":"https:\/\/newsofthelight.com.br\/index.php?rest_route=\/wp\/v2\/posts"}],"about":[{"href":"https:\/\/newsofthelight.com.br\/index.php?rest_route=\/wp\/v2\/types\/post"}],"author":[{"embeddable":true,"href":"https:\/\/newsofthelight.com.br\/index.php?rest_route=\/wp\/v2\/users\/2"}],"replies":[{"embeddable":true,"href":"https:\/\/newsofthelight.com.br\/index.php?rest_route=%2Fwp%2Fv2%2Fcomments&post=3598"}],"version-history":[{"count":10,"href":"https:\/\/newsofthelight.com.br\/index.php?rest_route=\/wp\/v2\/posts\/3598\/revisions"}],"predecessor-version":[{"id":3609,"href":"https:\/\/newsofthelight.com.br\/index.php?rest_route=\/wp\/v2\/posts\/3598\/revisions\/3609"}],"wp:featuredmedia":[{"embeddable":true,"href":"https:\/\/newsofthelight.com.br\/index.php?rest_route=\/wp\/v2\/media\/3600"}],"wp:attachment":[{"href":"https:\/\/newsofthelight.com.br\/index.php?rest_route=%2Fwp%2Fv2%2Fmedia&parent=3598"}],"wp:term":[{"taxonomy":"category","embeddable":true,"href":"https:\/\/newsofthelight.com.br\/index.php?rest_route=%2Fwp%2Fv2%2Fcategories&post=3598"},{"taxonomy":"post_tag","embeddable":true,"href":"https:\/\/newsofthelight.com.br\/index.php?rest_route=%2Fwp%2Fv2%2Ftags&post=3598"}],"curies":[{"name":"wp","href":"https:\/\/api.w.org\/{rel}","templated":true}]}}