{"id":3586,"date":"2023-03-11T13:47:22","date_gmt":"2023-03-11T16:47:22","guid":{"rendered":"https:\/\/newsofthelight.com.br\/?p=3586"},"modified":"2023-03-11T14:19:36","modified_gmt":"2023-03-11T17:19:36","slug":"acervo-pessoal-de-bolsonaro-conta-com-74-facas-e-44-relogios-alem-de-joias-arabes","status":"publish","type":"post","link":"https:\/\/newsofthelight.com.br\/?p=3586","title":{"rendered":"Acervo pessoal de Bolsonaro conta com 74 facas e 44 rel\u00f3gios al\u00e9m de j\u00f3ias \u00e1rabes"},"content":{"rendered":"<p>O acervo pessoal do ex-chefe do executivo, Jair Bolsonaro conta com uma cole\u00e7\u00e3o de 19.470 itens para al\u00e9m das j\u00f3ias enviadas pelo pr\u00edncipe Mohammad bin Salman apreendidas pela Receita Federal na Alf\u00e2ndega do aeroporto internacional de Guarulhos em S\u00e3o Paulo que haviam sido trazidas pelo ex-assessor do ex-ministro Bento Albuquerque, Marcos Soeiro em 26 de outubro de 2021. As pe\u00e7as seriam um presente do pr\u00edncipe para a ex-primeira-dama Michelle Bolsonaro.<\/p>\n<p>De acordo com uma lista elaborada pela Presid\u00eancia acessada atrav\u00e9s da Lei de Acesso \u00e0 Informa\u00e7\u00e3o (LAI), durante os quatro anos de governo bolsonarista, o ex-presidente acumulou cerca de 19.470 itens em seu acervo pessoal.<\/p>\n<p>O acervo inclui itens como: 44 rel\u00f3gios de luxo, 112 gravatas, 74 facas, 54 colares, 618 bon\u00e9s, 448 camisas de futebol e 245 m\u00e1scaras de prote\u00e7\u00e3o facial, al\u00e9m de muni\u00e7\u00e3o e coletes \u00e0 prova de balas. O Minist\u00e9rio P\u00fablico juntamente com o Tribunal de Contas da Uni\u00e3o (MPTCU) enviou um recurso ao ministro Augusto Nardes, presidente do TCU, para reconsiderar sua decis\u00e3o e demandar o ex-presidente a devolver \u00e0 Uni\u00e3o, em um prazo de cinco dias, parte das j\u00f3ias enviadas pela monarquia \u00e1rabe.<\/p>\n<p>Lucas Furtado, subprocurador-geral do MPTCU, encaminhou uma peti\u00e7\u00e3o ao ministro nesta sexta-feira (10) como forma de protesto contra a decis\u00e3o de Nardes, que nomeou Bolsonaro como \u2018fiel deposit\u00e1rio\u2019 at\u00e9 que o TCU conclua a investiga\u00e7\u00e3o em caso haja alguma irregularidade sobre o destinat\u00e1rio inadequado das joias.<\/p>\n<p>Em sua decis\u00e3o, tomada na noite desta quinta-feira (09\/03) na qual pro\u00edbe o ex-presidente de tomar posse, utilizar ou at\u00e9 mesmo vender as pe\u00e7as enviadas do governo \u00e1rabe, no dever de mant\u00ea-las intactas, o ministro assegura-se de que por mais que muitas perguntas estejam sem resposta, as irregularidades est\u00e3o em evid\u00eancia devido a n\u00e3o declara\u00e7\u00e3o dos objetos.<\/p>\n<p>_ H\u00e1 ind\u00edcios de irregularidades afetos \u00e0 tentativa de entrada no pa\u00eds de j\u00f3ias e rel\u00f3gio no valor total de 3 milh\u00f5es de euros (cerca de R$ 16,5 milh\u00f5es de reais pelo c\u00e2mbio atual). _ relatou Nardes em seu decreto assinado nesta quinta-feira.<\/p>\n<p>Existe ainda um segundo kit, este com j\u00f3ias masculinas, sendo elas: um rel\u00f3gio de pulso, um par de abotoaduras, uma caneta, um anel e uma masbaha, as quais o valor n\u00e3o foi divulgado.\u00a0<\/p>\n<p>As j\u00f3ias masculinas n\u00e3o foram encontradas juntas a femininas com Albuquerque e seus assessores ao chegarem ao Brasil, mas sim por terem entrado irregularmente no pa\u00eds, ou seja, sem declara\u00e7\u00e3o.\u00a0<\/p>\n","protected":false},"excerpt":{"rendered":"<p>O acervo pessoal do ex-chefe do executivo, Jair Bolsonaro conta com uma cole\u00e7\u00e3o de 19.470 itens para al\u00e9m das j\u00f3ias enviadas pelo pr\u00edncipe Mohammad bin Salman apreendidas pela Receita Federal na Alf\u00e2ndega do aeroporto internacional de Guarulhos em S\u00e3o Paulo que haviam sido trazidas pelo ex-assessor do ex-ministro Bento Albuquerque, Marcos Soeiro em 26 de<\/p>\n","protected":false},"author":2,"featured_media":3588,"comment_status":"open","ping_status":"open","sticky":false,"template":"","format":"standard","meta":{"_jetpack_memberships_contains_paid_content":false,"footnotes":""},"categories":[38,36],"tags":[],"class_list":["post-3586","post","type-post","status-publish","format-standard","has-post-thumbnail","hentry","category-brasil","category-politica"],"yoast_head":"<!-- This site is optimized with the Yoast SEO plugin v27.5 - https:\/\/yoast.com\/product\/yoast-seo-wordpress\/ -->\n<title>Acervo pessoal de Bolsonaro conta com 74 facas e 44 rel\u00f3gios al\u00e9m de j\u00f3ias \u00e1rabes - Autoria - Thiago Gomes Gon\u00e7alves Peres Lima - REG 0022106\/MG<\/title>\n<meta name=\"robots\" content=\"index, follow, max-snippet:-1, max-image-preview:large, max-video-preview:-1\" \/>\n<link rel=\"canonical\" href=\"https:\/\/newsofthelight.com.br\/?p=3586\" \/>\n<meta property=\"og:locale\" content=\"pt_BR\" \/>\n<meta property=\"og:type\" content=\"article\" \/>\n<meta property=\"og:title\" content=\"Acervo pessoal de Bolsonaro conta com 74 facas e 44 rel\u00f3gios al\u00e9m de j\u00f3ias \u00e1rabes - Autoria - Thiago Gomes Gon\u00e7alves Peres Lima - REG 0022106\/MG\" \/>\n<meta property=\"og:description\" content=\"O acervo pessoal do ex-chefe do executivo, Jair Bolsonaro conta com uma cole\u00e7\u00e3o de 19.470 itens para al\u00e9m das j\u00f3ias enviadas pelo pr\u00edncipe Mohammad bin Salman apreendidas pela Receita Federal na Alf\u00e2ndega do aeroporto internacional de Guarulhos em S\u00e3o Paulo que haviam sido trazidas pelo ex-assessor do ex-ministro Bento Albuquerque, Marcos Soeiro em 26 de\" \/>\n<meta property=\"og:url\" content=\"https:\/\/newsofthelight.com.br\/?p=3586\" \/>\n<meta property=\"og:site_name\" content=\"Autoria - Thiago Gomes Gon\u00e7alves Peres Lima - REG 0022106\/MG\" \/>\n<meta property=\"article:published_time\" content=\"2023-03-11T16:47:22+00:00\" \/>\n<meta property=\"article:modified_time\" content=\"2023-03-11T17:19:36+00:00\" \/>\n<meta property=\"og:image\" content=\"https:\/\/newsofthelight.com.br\/wp-content\/uploads\/2023\/03\/E8B5FB42-BA5D-410C-AD72-87455D14A786.jpeg\" \/>\n\t<meta property=\"og:image:width\" content=\"1125\" \/>\n\t<meta property=\"og:image:height\" content=\"972\" \/>\n\t<meta property=\"og:image:type\" content=\"image\/jpeg\" \/>\n<meta name=\"author\" content=\"Thiago Peres\" \/>\n<meta name=\"twitter:card\" content=\"summary_large_image\" \/>\n<meta name=\"twitter:label1\" content=\"Escrito por\" \/>\n\t<meta name=\"twitter:data1\" content=\"Thiago Peres\" \/>\n\t<meta name=\"twitter:label2\" content=\"Est. tempo de leitura\" \/>\n\t<meta name=\"twitter:data2\" content=\"2 minutos\" \/>\n<script type=\"application\/ld+json\" class=\"yoast-schema-graph\">{\"@context\":\"https:\\\/\\\/schema.org\",\"@graph\":[{\"@type\":\"Article\",\"@id\":\"https:\\\/\\\/newsofthelight.com.br\\\/?p=3586#article\",\"isPartOf\":{\"@id\":\"https:\\\/\\\/newsofthelight.com.br\\\/?p=3586\"},\"author\":{\"name\":\"Thiago Peres\",\"@id\":\"https:\\\/\\\/newsofthelight.com.br\\\/#\\\/schema\\\/person\\\/d4878034586ca0e04c11eac65b2f76f2\"},\"headline\":\"Acervo pessoal de Bolsonaro conta com 74 facas e 44 rel\u00f3gios al\u00e9m de j\u00f3ias \u00e1rabes\",\"datePublished\":\"2023-03-11T16:47:22+00:00\",\"dateModified\":\"2023-03-11T17:19:36+00:00\",\"mainEntityOfPage\":{\"@id\":\"https:\\\/\\\/newsofthelight.com.br\\\/?p=3586\"},\"wordCount\":442,\"commentCount\":0,\"publisher\":{\"@id\":\"https:\\\/\\\/newsofthelight.com.br\\\/#organization\"},\"image\":{\"@id\":\"https:\\\/\\\/newsofthelight.com.br\\\/?p=3586#primaryimage\"},\"thumbnailUrl\":\"https:\\\/\\\/newsofthelight.com.br\\\/wp-content\\\/uploads\\\/2023\\\/03\\\/E8B5FB42-BA5D-410C-AD72-87455D14A786.jpeg\",\"articleSection\":[\"Brasil\",\"Pol\u00edtica\"],\"inLanguage\":\"pt-BR\",\"potentialAction\":[{\"@type\":\"CommentAction\",\"name\":\"Comment\",\"target\":[\"https:\\\/\\\/newsofthelight.com.br\\\/?p=3586#respond\"]}]},{\"@type\":\"WebPage\",\"@id\":\"https:\\\/\\\/newsofthelight.com.br\\\/?p=3586\",\"url\":\"https:\\\/\\\/newsofthelight.com.br\\\/?p=3586\",\"name\":\"Acervo pessoal de Bolsonaro conta com 74 facas e 44 rel\u00f3gios al\u00e9m de j\u00f3ias \u00e1rabes - Autoria - Thiago Gomes Gon\u00e7alves Peres Lima - REG 0022106\\\/MG\",\"isPartOf\":{\"@id\":\"https:\\\/\\\/newsofthelight.com.br\\\/#website\"},\"primaryImageOfPage\":{\"@id\":\"https:\\\/\\\/newsofthelight.com.br\\\/?p=3586#primaryimage\"},\"image\":{\"@id\":\"https:\\\/\\\/newsofthelight.com.br\\\/?p=3586#primaryimage\"},\"thumbnailUrl\":\"https:\\\/\\\/newsofthelight.com.br\\\/wp-content\\\/uploads\\\/2023\\\/03\\\/E8B5FB42-BA5D-410C-AD72-87455D14A786.jpeg\",\"datePublished\":\"2023-03-11T16:47:22+00:00\",\"dateModified\":\"2023-03-11T17:19:36+00:00\",\"breadcrumb\":{\"@id\":\"https:\\\/\\\/newsofthelight.com.br\\\/?p=3586#breadcrumb\"},\"inLanguage\":\"pt-BR\",\"potentialAction\":[{\"@type\":\"ReadAction\",\"target\":[\"https:\\\/\\\/newsofthelight.com.br\\\/?p=3586\"]}]},{\"@type\":\"ImageObject\",\"inLanguage\":\"pt-BR\",\"@id\":\"https:\\\/\\\/newsofthelight.com.br\\\/?p=3586#primaryimage\",\"url\":\"https:\\\/\\\/newsofthelight.com.br\\\/wp-content\\\/uploads\\\/2023\\\/03\\\/E8B5FB42-BA5D-410C-AD72-87455D14A786.jpeg\",\"contentUrl\":\"https:\\\/\\\/newsofthelight.com.br\\\/wp-content\\\/uploads\\\/2023\\\/03\\\/E8B5FB42-BA5D-410C-AD72-87455D14A786.jpeg\",\"width\":1125,\"height\":972},{\"@type\":\"BreadcrumbList\",\"@id\":\"https:\\\/\\\/newsofthelight.com.br\\\/?p=3586#breadcrumb\",\"itemListElement\":[{\"@type\":\"ListItem\",\"position\":1,\"name\":\"In\u00edcio\",\"item\":\"https:\\\/\\\/newsofthelight.com.br\\\/\"},{\"@type\":\"ListItem\",\"position\":2,\"name\":\"Acervo pessoal de Bolsonaro conta com 74 facas e 44 rel\u00f3gios al\u00e9m de j\u00f3ias \u00e1rabes\"}]},{\"@type\":\"WebSite\",\"@id\":\"https:\\\/\\\/newsofthelight.com.br\\\/#website\",\"url\":\"https:\\\/\\\/newsofthelight.com.br\\\/\",\"name\":\"Autoria - Thiago Gomes Gon\u00e7alves Peres Lima - REG 0022106\\\/MG\",\"description\":\"Noticias na velocidade da luz\",\"publisher\":{\"@id\":\"https:\\\/\\\/newsofthelight.com.br\\\/#organization\"},\"potentialAction\":[{\"@type\":\"SearchAction\",\"target\":{\"@type\":\"EntryPoint\",\"urlTemplate\":\"https:\\\/\\\/newsofthelight.com.br\\\/?s={search_term_string}\"},\"query-input\":{\"@type\":\"PropertyValueSpecification\",\"valueRequired\":true,\"valueName\":\"search_term_string\"}}],\"inLanguage\":\"pt-BR\"},{\"@type\":\"Organization\",\"@id\":\"https:\\\/\\\/newsofthelight.com.br\\\/#organization\",\"name\":\"Autoria - Thiago Gomes Gon\u00e7alves Peres Lima - REG 0022106\\\/MG\",\"url\":\"https:\\\/\\\/newsofthelight.com.br\\\/\",\"logo\":{\"@type\":\"ImageObject\",\"inLanguage\":\"pt-BR\",\"@id\":\"https:\\\/\\\/newsofthelight.com.br\\\/#\\\/schema\\\/logo\\\/image\\\/\",\"url\":\"https:\\\/\\\/newsofthelight.com.br\\\/wp-content\\\/uploads\\\/2025\\\/06\\\/cropped-IMG_0217.png\",\"contentUrl\":\"https:\\\/\\\/newsofthelight.com.br\\\/wp-content\\\/uploads\\\/2025\\\/06\\\/cropped-IMG_0217.png\",\"width\":1177,\"height\":662,\"caption\":\"Autoria - Thiago Gomes Gon\u00e7alves Peres Lima - REG 0022106\\\/MG\"},\"image\":{\"@id\":\"https:\\\/\\\/newsofthelight.com.br\\\/#\\\/schema\\\/logo\\\/image\\\/\"},\"sameAs\":[\"https:\\\/\\\/www.instagram.com\\\/news_of_the_light_?igsh=b3Fwb2psamJzaXds\"]},{\"@type\":\"Person\",\"@id\":\"https:\\\/\\\/newsofthelight.com.br\\\/#\\\/schema\\\/person\\\/d4878034586ca0e04c11eac65b2f76f2\",\"name\":\"Thiago Peres\",\"image\":{\"@type\":\"ImageObject\",\"inLanguage\":\"pt-BR\",\"@id\":\"https:\\\/\\\/secure.gravatar.com\\\/avatar\\\/21d66f46d21d113e9d3dba092a500e64563ed2ed2c77db814dfc7be6345e3815?s=96&d=mm&r=g\",\"url\":\"https:\\\/\\\/secure.gravatar.com\\\/avatar\\\/21d66f46d21d113e9d3dba092a500e64563ed2ed2c77db814dfc7be6345e3815?s=96&d=mm&r=g\",\"contentUrl\":\"https:\\\/\\\/secure.gravatar.com\\\/avatar\\\/21d66f46d21d113e9d3dba092a500e64563ed2ed2c77db814dfc7be6345e3815?s=96&d=mm&r=g\",\"caption\":\"Thiago Peres\"},\"sameAs\":[\"http:\\\/\\\/newsofthelight.com.br\"],\"url\":\"https:\\\/\\\/newsofthelight.com.br\\\/?author=2\"}]}<\/script>\n<!-- \/ Yoast SEO plugin. -->","yoast_head_json":{"title":"Acervo pessoal de Bolsonaro conta com 74 facas e 44 rel\u00f3gios al\u00e9m de j\u00f3ias \u00e1rabes - Autoria - Thiago Gomes Gon\u00e7alves Peres Lima - REG 0022106\/MG","robots":{"index":"index","follow":"follow","max-snippet":"max-snippet:-1","max-image-preview":"max-image-preview:large","max-video-preview":"max-video-preview:-1"},"canonical":"https:\/\/newsofthelight.com.br\/?p=3586","og_locale":"pt_BR","og_type":"article","og_title":"Acervo pessoal de Bolsonaro conta com 74 facas e 44 rel\u00f3gios al\u00e9m de j\u00f3ias \u00e1rabes - Autoria - Thiago Gomes Gon\u00e7alves Peres Lima - REG 0022106\/MG","og_description":"O acervo pessoal do ex-chefe do executivo, Jair Bolsonaro conta com uma cole\u00e7\u00e3o de 19.470 itens para al\u00e9m das j\u00f3ias enviadas pelo pr\u00edncipe Mohammad bin Salman apreendidas pela Receita Federal na Alf\u00e2ndega do aeroporto internacional de Guarulhos em S\u00e3o Paulo que haviam sido trazidas pelo ex-assessor do ex-ministro Bento Albuquerque, Marcos Soeiro em 26 de","og_url":"https:\/\/newsofthelight.com.br\/?p=3586","og_site_name":"Autoria - Thiago Gomes Gon\u00e7alves Peres Lima - REG 0022106\/MG","article_published_time":"2023-03-11T16:47:22+00:00","article_modified_time":"2023-03-11T17:19:36+00:00","og_image":[{"width":1125,"height":972,"url":"https:\/\/newsofthelight.com.br\/wp-content\/uploads\/2023\/03\/E8B5FB42-BA5D-410C-AD72-87455D14A786.jpeg","type":"image\/jpeg"}],"author":"Thiago Peres","twitter_card":"summary_large_image","twitter_misc":{"Escrito por":"Thiago Peres","Est. tempo de leitura":"2 minutos"},"schema":{"@context":"https:\/\/schema.org","@graph":[{"@type":"Article","@id":"https:\/\/newsofthelight.com.br\/?p=3586#article","isPartOf":{"@id":"https:\/\/newsofthelight.com.br\/?p=3586"},"author":{"name":"Thiago Peres","@id":"https:\/\/newsofthelight.com.br\/#\/schema\/person\/d4878034586ca0e04c11eac65b2f76f2"},"headline":"Acervo pessoal de Bolsonaro conta com 74 facas e 44 rel\u00f3gios al\u00e9m de j\u00f3ias \u00e1rabes","datePublished":"2023-03-11T16:47:22+00:00","dateModified":"2023-03-11T17:19:36+00:00","mainEntityOfPage":{"@id":"https:\/\/newsofthelight.com.br\/?p=3586"},"wordCount":442,"commentCount":0,"publisher":{"@id":"https:\/\/newsofthelight.com.br\/#organization"},"image":{"@id":"https:\/\/newsofthelight.com.br\/?p=3586#primaryimage"},"thumbnailUrl":"https:\/\/newsofthelight.com.br\/wp-content\/uploads\/2023\/03\/E8B5FB42-BA5D-410C-AD72-87455D14A786.jpeg","articleSection":["Brasil","Pol\u00edtica"],"inLanguage":"pt-BR","potentialAction":[{"@type":"CommentAction","name":"Comment","target":["https:\/\/newsofthelight.com.br\/?p=3586#respond"]}]},{"@type":"WebPage","@id":"https:\/\/newsofthelight.com.br\/?p=3586","url":"https:\/\/newsofthelight.com.br\/?p=3586","name":"Acervo pessoal de Bolsonaro conta com 74 facas e 44 rel\u00f3gios al\u00e9m de j\u00f3ias \u00e1rabes - Autoria - Thiago Gomes Gon\u00e7alves Peres Lima - REG 0022106\/MG","isPartOf":{"@id":"https:\/\/newsofthelight.com.br\/#website"},"primaryImageOfPage":{"@id":"https:\/\/newsofthelight.com.br\/?p=3586#primaryimage"},"image":{"@id":"https:\/\/newsofthelight.com.br\/?p=3586#primaryimage"},"thumbnailUrl":"https:\/\/newsofthelight.com.br\/wp-content\/uploads\/2023\/03\/E8B5FB42-BA5D-410C-AD72-87455D14A786.jpeg","datePublished":"2023-03-11T16:47:22+00:00","dateModified":"2023-03-11T17:19:36+00:00","breadcrumb":{"@id":"https:\/\/newsofthelight.com.br\/?p=3586#breadcrumb"},"inLanguage":"pt-BR","potentialAction":[{"@type":"ReadAction","target":["https:\/\/newsofthelight.com.br\/?p=3586"]}]},{"@type":"ImageObject","inLanguage":"pt-BR","@id":"https:\/\/newsofthelight.com.br\/?p=3586#primaryimage","url":"https:\/\/newsofthelight.com.br\/wp-content\/uploads\/2023\/03\/E8B5FB42-BA5D-410C-AD72-87455D14A786.jpeg","contentUrl":"https:\/\/newsofthelight.com.br\/wp-content\/uploads\/2023\/03\/E8B5FB42-BA5D-410C-AD72-87455D14A786.jpeg","width":1125,"height":972},{"@type":"BreadcrumbList","@id":"https:\/\/newsofthelight.com.br\/?p=3586#breadcrumb","itemListElement":[{"@type":"ListItem","position":1,"name":"In\u00edcio","item":"https:\/\/newsofthelight.com.br\/"},{"@type":"ListItem","position":2,"name":"Acervo pessoal de Bolsonaro conta com 74 facas e 44 rel\u00f3gios al\u00e9m de j\u00f3ias \u00e1rabes"}]},{"@type":"WebSite","@id":"https:\/\/newsofthelight.com.br\/#website","url":"https:\/\/newsofthelight.com.br\/","name":"Autoria - Thiago Gomes Gon\u00e7alves Peres Lima - REG 0022106\/MG","description":"Noticias na velocidade da luz","publisher":{"@id":"https:\/\/newsofthelight.com.br\/#organization"},"potentialAction":[{"@type":"SearchAction","target":{"@type":"EntryPoint","urlTemplate":"https:\/\/newsofthelight.com.br\/?s={search_term_string}"},"query-input":{"@type":"PropertyValueSpecification","valueRequired":true,"valueName":"search_term_string"}}],"inLanguage":"pt-BR"},{"@type":"Organization","@id":"https:\/\/newsofthelight.com.br\/#organization","name":"Autoria - Thiago Gomes Gon\u00e7alves Peres Lima - REG 0022106\/MG","url":"https:\/\/newsofthelight.com.br\/","logo":{"@type":"ImageObject","inLanguage":"pt-BR","@id":"https:\/\/newsofthelight.com.br\/#\/schema\/logo\/image\/","url":"https:\/\/newsofthelight.com.br\/wp-content\/uploads\/2025\/06\/cropped-IMG_0217.png","contentUrl":"https:\/\/newsofthelight.com.br\/wp-content\/uploads\/2025\/06\/cropped-IMG_0217.png","width":1177,"height":662,"caption":"Autoria - Thiago Gomes Gon\u00e7alves Peres Lima - REG 0022106\/MG"},"image":{"@id":"https:\/\/newsofthelight.com.br\/#\/schema\/logo\/image\/"},"sameAs":["https:\/\/www.instagram.com\/news_of_the_light_?igsh=b3Fwb2psamJzaXds"]},{"@type":"Person","@id":"https:\/\/newsofthelight.com.br\/#\/schema\/person\/d4878034586ca0e04c11eac65b2f76f2","name":"Thiago Peres","image":{"@type":"ImageObject","inLanguage":"pt-BR","@id":"https:\/\/secure.gravatar.com\/avatar\/21d66f46d21d113e9d3dba092a500e64563ed2ed2c77db814dfc7be6345e3815?s=96&d=mm&r=g","url":"https:\/\/secure.gravatar.com\/avatar\/21d66f46d21d113e9d3dba092a500e64563ed2ed2c77db814dfc7be6345e3815?s=96&d=mm&r=g","contentUrl":"https:\/\/secure.gravatar.com\/avatar\/21d66f46d21d113e9d3dba092a500e64563ed2ed2c77db814dfc7be6345e3815?s=96&d=mm&r=g","caption":"Thiago Peres"},"sameAs":["http:\/\/newsofthelight.com.br"],"url":"https:\/\/newsofthelight.com.br\/?author=2"}]}},"jetpack_featured_media_url":"https:\/\/newsofthelight.com.br\/wp-content\/uploads\/2023\/03\/E8B5FB42-BA5D-410C-AD72-87455D14A786.jpeg","jetpack_sharing_enabled":true,"jetpack-related-posts":[{"id":4068,"url":"https:\/\/newsofthelight.com.br\/?p=4068","url_meta":{"origin":3586,"position":0},"title":"Defesa do ex-presidente Bolsonaro alegou registro do terceiro kit de j\u00f3ias","author":"Thiago Peres","date":"29 de mar\u00e7o de 2023","format":false,"excerpt":"H\u00e1 ainda um registro de um terceiro kit de j\u00f3ias que est\u00e3o arquivadas no acervo pessoal do presidente, o que \u00e9 contra lei, contendo um rel\u00f3gio Rolex, abotoaduras, um anel, uma caneta e um komboloi que o ex-presidente teria recebido em Doha entre os dias 28 e 30 de outubro\u2026","rel":"","context":"Em &quot;Brasil&quot;","block_context":{"text":"Brasil","link":"https:\/\/newsofthelight.com.br\/?cat=38"},"img":{"alt_text":"","src":"https:\/\/i0.wp.com\/newsofthelight.com.br\/wp-content\/uploads\/2023\/03\/IMG_4030.jpeg?resize=350%2C200&ssl=1","width":350,"height":200,"srcset":"https:\/\/i0.wp.com\/newsofthelight.com.br\/wp-content\/uploads\/2023\/03\/IMG_4030.jpeg?resize=350%2C200&ssl=1 1x, https:\/\/i0.wp.com\/newsofthelight.com.br\/wp-content\/uploads\/2023\/03\/IMG_4030.jpeg?resize=525%2C300&ssl=1 1.5x, https:\/\/i0.wp.com\/newsofthelight.com.br\/wp-content\/uploads\/2023\/03\/IMG_4030.jpeg?resize=700%2C400&ssl=1 2x, https:\/\/i0.wp.com\/newsofthelight.com.br\/wp-content\/uploads\/2023\/03\/IMG_4030.jpeg?resize=1050%2C600&ssl=1 3x"},"classes":[]},{"id":3722,"url":"https:\/\/newsofthelight.com.br\/?p=3722","url_meta":{"origin":3586,"position":1},"title":"TCU d\u00e1 prazo de cinco dias para Bolsonaro fazer a devolu\u00e7\u00e3o das j\u00f3ias","author":"Thiago Peres","date":"15 de mar\u00e7o de 2023","format":false,"excerpt":"O Tribunal de Contas da Uni\u00e3o (TCU) estipulou um prazo de cinco dias para que o ex-presidente do Brasil, Jair Messias Bolsonaro (PL) devolva as j\u00f3ias enviadas pelo o pr\u00edncipe \u00e1rabe, Mohammad bin Salman e que at\u00e9 o momento encontram-se em seu acervo pessoal, o que n\u00e3o \u00e9 permitido pela\u2026","rel":"","context":"Em &quot;Brasil&quot;","block_context":{"text":"Brasil","link":"https:\/\/newsofthelight.com.br\/?cat=38"},"img":{"alt_text":"","src":"https:\/\/i0.wp.com\/newsofthelight.com.br\/wp-content\/uploads\/2023\/03\/8F703C9F-3D91-4C53-939D-7B4FA08B9D19.jpeg?resize=350%2C200&ssl=1","width":350,"height":200,"srcset":"https:\/\/i0.wp.com\/newsofthelight.com.br\/wp-content\/uploads\/2023\/03\/8F703C9F-3D91-4C53-939D-7B4FA08B9D19.jpeg?resize=350%2C200&ssl=1 1x, https:\/\/i0.wp.com\/newsofthelight.com.br\/wp-content\/uploads\/2023\/03\/8F703C9F-3D91-4C53-939D-7B4FA08B9D19.jpeg?resize=525%2C300&ssl=1 1.5x, https:\/\/i0.wp.com\/newsofthelight.com.br\/wp-content\/uploads\/2023\/03\/8F703C9F-3D91-4C53-939D-7B4FA08B9D19.jpeg?resize=700%2C400&ssl=1 2x, https:\/\/i0.wp.com\/newsofthelight.com.br\/wp-content\/uploads\/2023\/03\/8F703C9F-3D91-4C53-939D-7B4FA08B9D19.jpeg?resize=1050%2C600&ssl=1 3x"},"classes":[]},{"id":3933,"url":"https:\/\/newsofthelight.com.br\/?p=3933","url_meta":{"origin":3586,"position":2},"title":"Bolsonaro deve retornar ao Brasil no final do m\u00eas","author":"Thiago Peres","date":"26 de mar\u00e7o de 2023","format":false,"excerpt":"O ex-presidente Jair Messias Bolsonaro (PL) deve regressar ao Brasil na pr\u00f3xima quinta-feira (30). A data n\u00e3o foi escolhida por acaso, uma vez que o atual presidente, Luiz In\u00e1cio Lula da Silva, dever\u00e1 estar em uma viagem \u00e0 China neste dia.\u00a0As informa\u00e7\u00f5es foram repassadas pela assessoria oficial do ex-chefe de\u2026","rel":"","context":"Em &quot;Brasil&quot;","block_context":{"text":"Brasil","link":"https:\/\/newsofthelight.com.br\/?cat=38"},"img":{"alt_text":"","src":"https:\/\/i0.wp.com\/newsofthelight.com.br\/wp-content\/uploads\/2023\/03\/0C66F7A3-C5E3-4F40-B923-4C5D5D528A13.jpeg?resize=350%2C200&ssl=1","width":350,"height":200,"srcset":"https:\/\/i0.wp.com\/newsofthelight.com.br\/wp-content\/uploads\/2023\/03\/0C66F7A3-C5E3-4F40-B923-4C5D5D528A13.jpeg?resize=350%2C200&ssl=1 1x, https:\/\/i0.wp.com\/newsofthelight.com.br\/wp-content\/uploads\/2023\/03\/0C66F7A3-C5E3-4F40-B923-4C5D5D528A13.jpeg?resize=525%2C300&ssl=1 1.5x"},"classes":[]},{"id":3555,"url":"https:\/\/newsofthelight.com.br\/?p=3555","url_meta":{"origin":3586,"position":3},"title":"TCU pro\u00edbe o ex-presidente Jair Bolsonaro de usar ou vender as joias enviadas da Ar\u00e1bia Saudita","author":"Thiago Peres","date":"10 de mar\u00e7o de 2023","format":false,"excerpt":"Por determina\u00e7\u00e3o do Tribunal de Contas da Uni\u00e3o, o ex-presidente Jair Messias Bolsonaro est\u00e1 proibido de tomar posse ou vender as pe\u00e7as enviadas da Arabia Saudita. A comiss\u00e3o de Transpar\u00eancia e Fiscaliza\u00e7\u00e3o do Senado, por sua vez, est\u00e1 encarregada de investigar como o envio das j\u00f3ias foi feito.\u00a0 Os objetos\u2026","rel":"","context":"Em &quot;Brasil&quot;","block_context":{"text":"Brasil","link":"https:\/\/newsofthelight.com.br\/?cat=38"},"img":{"alt_text":"","src":"https:\/\/i0.wp.com\/newsofthelight.com.br\/wp-content\/uploads\/2023\/03\/A2BFC6B3-95CC-4511-9B47-B45564AADD3E.jpeg?resize=350%2C200&ssl=1","width":350,"height":200,"srcset":"https:\/\/i0.wp.com\/newsofthelight.com.br\/wp-content\/uploads\/2023\/03\/A2BFC6B3-95CC-4511-9B47-B45564AADD3E.jpeg?resize=350%2C200&ssl=1 1x, https:\/\/i0.wp.com\/newsofthelight.com.br\/wp-content\/uploads\/2023\/03\/A2BFC6B3-95CC-4511-9B47-B45564AADD3E.jpeg?resize=525%2C300&ssl=1 1.5x, https:\/\/i0.wp.com\/newsofthelight.com.br\/wp-content\/uploads\/2023\/03\/A2BFC6B3-95CC-4511-9B47-B45564AADD3E.jpeg?resize=700%2C400&ssl=1 2x, https:\/\/i0.wp.com\/newsofthelight.com.br\/wp-content\/uploads\/2023\/03\/A2BFC6B3-95CC-4511-9B47-B45564AADD3E.jpeg?resize=1050%2C600&ssl=1 3x"},"classes":[]},{"id":4106,"url":"https:\/\/newsofthelight.com.br\/?p=4106","url_meta":{"origin":3586,"position":4},"title":"De volta ao Brasil, Bolsonaro faz discurso a seus apoiadores","author":"Thiago Peres","date":"31 de mar\u00e7o de 2023","format":false,"excerpt":"Ap\u00f3s tr\u00eas meses nos Estados Unidos, o ex-presidente Jair Messias Bolsonaro regressou para tomar posse como presidente honor\u00e1rio do Partido Liberal (PL)\u00a0 e enfatiza a oposi\u00e7\u00e3o ao governo de Luiz In\u00e1cio Lula da Silva (PT).\u00a0Ao retornar ao pa\u00eds nesta quinta-feira (30), Bolsonaro fez um discurso onde fez diversas cr\u00edticas negativas\u2026","rel":"","context":"Em &quot;Brasil&quot;","block_context":{"text":"Brasil","link":"https:\/\/newsofthelight.com.br\/?cat=38"},"img":{"alt_text":"","src":"https:\/\/i0.wp.com\/newsofthelight.com.br\/wp-content\/uploads\/2023\/03\/IMG_4056.jpeg?resize=350%2C200&ssl=1","width":350,"height":200,"srcset":"https:\/\/i0.wp.com\/newsofthelight.com.br\/wp-content\/uploads\/2023\/03\/IMG_4056.jpeg?resize=350%2C200&ssl=1 1x, https:\/\/i0.wp.com\/newsofthelight.com.br\/wp-content\/uploads\/2023\/03\/IMG_4056.jpeg?resize=525%2C300&ssl=1 1.5x, https:\/\/i0.wp.com\/newsofthelight.com.br\/wp-content\/uploads\/2023\/03\/IMG_4056.jpeg?resize=700%2C400&ssl=1 2x, https:\/\/i0.wp.com\/newsofthelight.com.br\/wp-content\/uploads\/2023\/03\/IMG_4056.jpeg?resize=1050%2C600&ssl=1 3x"},"classes":[]},{"id":4080,"url":"https:\/\/newsofthelight.com.br\/?p=4080","url_meta":{"origin":3586,"position":5},"title":"Tr\u00eas meses ap\u00f3s derrota nas elei\u00e7\u00f5es, Bolsonaro regressa ao Brasil","author":"Thiago Peres","date":"30 de mar\u00e7o de 2023","format":false,"excerpt":"O ex-presidente Jair Messias Bolsonaro, que se tornou o primeiro a n\u00e3o ser reeleito desde que a condi\u00e7\u00e3o passou a valer no Brasil, regressou hoje (30\/03) ao pa\u00eds ap\u00f3s uma estadia de tr\u00eas meses nos Estados Unidos. O liberalista tem como principal objetivo se tornar presidente de honra do Partido\u2026","rel":"","context":"Em &quot;Brasil&quot;","block_context":{"text":"Brasil","link":"https:\/\/newsofthelight.com.br\/?cat=38"},"img":{"alt_text":"","src":"https:\/\/i0.wp.com\/newsofthelight.com.br\/wp-content\/uploads\/2023\/03\/jair_1396555224642553faee244.jpg?resize=350%2C200&ssl=1","width":350,"height":200,"srcset":"https:\/\/i0.wp.com\/newsofthelight.com.br\/wp-content\/uploads\/2023\/03\/jair_1396555224642553faee244.jpg?resize=350%2C200&ssl=1 1x, https:\/\/i0.wp.com\/newsofthelight.com.br\/wp-content\/uploads\/2023\/03\/jair_1396555224642553faee244.jpg?resize=525%2C300&ssl=1 1.5x"},"classes":[]}],"jetpack_shortlink":"https:\/\/wp.me\/peltaF-VQ","_links":{"self":[{"href":"https:\/\/newsofthelight.com.br\/index.php?rest_route=\/wp\/v2\/posts\/3586","targetHints":{"allow":["GET"]}}],"collection":[{"href":"https:\/\/newsofthelight.com.br\/index.php?rest_route=\/wp\/v2\/posts"}],"about":[{"href":"https:\/\/newsofthelight.com.br\/index.php?rest_route=\/wp\/v2\/types\/post"}],"author":[{"embeddable":true,"href":"https:\/\/newsofthelight.com.br\/index.php?rest_route=\/wp\/v2\/users\/2"}],"replies":[{"embeddable":true,"href":"https:\/\/newsofthelight.com.br\/index.php?rest_route=%2Fwp%2Fv2%2Fcomments&post=3586"}],"version-history":[{"count":7,"href":"https:\/\/newsofthelight.com.br\/index.php?rest_route=\/wp\/v2\/posts\/3586\/revisions"}],"predecessor-version":[{"id":3594,"href":"https:\/\/newsofthelight.com.br\/index.php?rest_route=\/wp\/v2\/posts\/3586\/revisions\/3594"}],"wp:featuredmedia":[{"embeddable":true,"href":"https:\/\/newsofthelight.com.br\/index.php?rest_route=\/wp\/v2\/media\/3588"}],"wp:attachment":[{"href":"https:\/\/newsofthelight.com.br\/index.php?rest_route=%2Fwp%2Fv2%2Fmedia&parent=3586"}],"wp:term":[{"taxonomy":"category","embeddable":true,"href":"https:\/\/newsofthelight.com.br\/index.php?rest_route=%2Fwp%2Fv2%2Fcategories&post=3586"},{"taxonomy":"post_tag","embeddable":true,"href":"https:\/\/newsofthelight.com.br\/index.php?rest_route=%2Fwp%2Fv2%2Ftags&post=3586"}],"curies":[{"name":"wp","href":"https:\/\/api.w.org\/{rel}","templated":true}]}}