{"id":3579,"date":"2023-03-11T12:22:56","date_gmt":"2023-03-11T15:22:56","guid":{"rendered":"https:\/\/newsofthelight.com.br\/?p=3579"},"modified":"2023-03-12T13:42:56","modified_gmt":"2023-03-12T16:42:56","slug":"em-menos-de-48-horas-campanha-para-cassar-mandato-de-nikolas-ferreira-chega-a-260-mil-assinaturas","status":"publish","type":"post","link":"https:\/\/newsofthelight.com.br\/?p=3579","title":{"rendered":"Em menos de 48 horas, campanha para cassar mandato de Nikolas Ferreira chega a 260 mil assinaturas"},"content":{"rendered":"<p>Em menos de dois dias a peti\u00e7\u00e3o feita pela deputada federal Erika Hilton (PSOL-SP) para cassar o mandato do parlamentar Nikolas Ferreira (PL-MG) alcan\u00e7ou o n\u00famero de 260 mil assinaturas desde o momento de sua cria\u00e7\u00e3o.<\/p>\n<p>O deputado federal Nikolas Ferreira, natural da capital mineira, despertou a ira de muitos parlamentares ao discursar no Dia Internacional da Mulher personificado de uma mulher trans \u2018deputada Nikole\u2019 usando uma peruca loira e declarando que \u2018mulheres est\u00e3o perdendo espa\u00e7o para homens que se sentem mulheres\u2019 (SIC).\u00a0<\/p>\n<p>_ Nikolas cometeu o crime de homotransfobia. J\u00e1 apresentamos uma not\u00edcia crime contra o deputado no STF. Agora estamos juntos com diversos partidos e lideran\u00e7as pol\u00edticas para denunci\u00e1-lo ao Conselho de \u00c9tica da C\u00e2mara dos deputados. _ conforme descreve a apresenta\u00e7\u00e3o da peti\u00e7\u00e3o.<\/p>\n<p>No entanto, Nikolas v\u00eam ganhando v\u00e1rios apoiadores por parte de internautas mais conversadores. Al\u00e9m de aumentar o n\u00fameros de seguidores nas redes sociais, o belo-horizontino ficou entre os nomes mais comentados no Twitter e foi muito parabenizado pelo discurso e desacordo com a comunidade transg\u00eanera.<\/p>\n<blockquote>\n<p dir=\"ltr\" lang=\"pt\">Parab\u00e9ns, Nikolas \ud83d\udc4f\ud83c\udffb<\/p>\n<p>\u2014 Deltan Dallagnol (@deltanmd) <a href=\"https:\/\/twitter.com\/deltanmd\/status\/1576772026278481920?ref_src=twsrc%5Etfw\">October 3, 2022<\/a><\/p>\n<\/blockquote>\n<blockquote>\n<p dir=\"ltr\" lang=\"pt\">Boa Nikolas, Deus te aben\u00e7oe \ud83d\ude4f\ud83c\udffb<\/p>\n<p>\u2014 Rebeca Tavares (@reebecatavares) <a href=\"https:\/\/twitter.com\/reebecatavares\/status\/1576837382032175105?ref_src=twsrc%5Etfw\">October 3, 2022<\/a><\/p>\n<\/blockquote>\n<blockquote>\n<p dir=\"ltr\" lang=\"pt\">Futuro presidente do nosso pa\u00eds. Sinta-se abra\u00e7ado amigo. Que o Eterno Deus te aben\u00e7oe e te guarde! \ud83d\ude4f<\/p>\n<p>\u2014 J\u00falio C\u00e9sar (@MinJulioCesar) <a href=\"https:\/\/twitter.com\/MinJulioCesar\/status\/1576771125857566720?ref_src=twsrc%5Etfw\">October 3, 2022<\/a><\/p>\n<\/blockquote>\n","protected":false},"excerpt":{"rendered":"<p>Em menos de dois dias a peti\u00e7\u00e3o feita pela deputada federal Erika Hilton (PSOL-SP) para cassar o mandato do parlamentar Nikolas Ferreira (PL-MG) alcan\u00e7ou o n\u00famero de 260 mil assinaturas desde o momento de sua cria\u00e7\u00e3o. O deputado federal Nikolas Ferreira, natural da capital mineira, despertou a ira de muitos parlamentares ao discursar no Dia<\/p>\n","protected":false},"author":2,"featured_media":3581,"comment_status":"open","ping_status":"open","sticky":false,"template":"","format":"standard","meta":{"_jetpack_memberships_contains_paid_content":false,"footnotes":""},"categories":[38,36],"tags":[],"class_list":["post-3579","post","type-post","status-publish","format-standard","has-post-thumbnail","hentry","category-brasil","category-politica"],"yoast_head":"<!-- This site is optimized with the Yoast SEO plugin v27.5 - https:\/\/yoast.com\/product\/yoast-seo-wordpress\/ -->\n<title>Em menos de 48 horas, campanha para cassar mandato de Nikolas Ferreira chega a 260 mil assinaturas - Autoria - Thiago Gomes Gon\u00e7alves Peres Lima - REG 0022106\/MG<\/title>\n<meta name=\"robots\" content=\"index, follow, max-snippet:-1, max-image-preview:large, max-video-preview:-1\" \/>\n<link rel=\"canonical\" href=\"https:\/\/newsofthelight.com.br\/?p=3579\" \/>\n<meta property=\"og:locale\" content=\"pt_BR\" \/>\n<meta property=\"og:type\" content=\"article\" \/>\n<meta property=\"og:title\" content=\"Em menos de 48 horas, campanha para cassar mandato de Nikolas Ferreira chega a 260 mil assinaturas - Autoria - Thiago Gomes Gon\u00e7alves Peres Lima - REG 0022106\/MG\" \/>\n<meta property=\"og:description\" content=\"Em menos de dois dias a peti\u00e7\u00e3o feita pela deputada federal Erika Hilton (PSOL-SP) para cassar o mandato do parlamentar Nikolas Ferreira (PL-MG) alcan\u00e7ou o n\u00famero de 260 mil assinaturas desde o momento de sua cria\u00e7\u00e3o. O deputado federal Nikolas Ferreira, natural da capital mineira, despertou a ira de muitos parlamentares ao discursar no Dia\" \/>\n<meta property=\"og:url\" content=\"https:\/\/newsofthelight.com.br\/?p=3579\" \/>\n<meta property=\"og:site_name\" content=\"Autoria - Thiago Gomes Gon\u00e7alves Peres Lima - REG 0022106\/MG\" \/>\n<meta property=\"article:published_time\" content=\"2023-03-11T15:22:56+00:00\" \/>\n<meta property=\"article:modified_time\" content=\"2023-03-12T16:42:56+00:00\" \/>\n<meta property=\"og:image\" content=\"https:\/\/newsofthelight.com.br\/wp-content\/uploads\/2023\/03\/105BEF4E-C709-4AFC-B921-516DB0EEE028.jpeg\" \/>\n\t<meta property=\"og:image:width\" content=\"1125\" \/>\n\t<meta property=\"og:image:height\" content=\"968\" \/>\n\t<meta property=\"og:image:type\" content=\"image\/jpeg\" \/>\n<meta name=\"author\" content=\"Thiago Peres\" \/>\n<meta name=\"twitter:card\" content=\"summary_large_image\" \/>\n<meta name=\"twitter:label1\" content=\"Escrito por\" \/>\n\t<meta name=\"twitter:data1\" content=\"Thiago Peres\" \/>\n\t<meta name=\"twitter:label2\" content=\"Est. tempo de leitura\" \/>\n\t<meta name=\"twitter:data2\" content=\"1 minuto\" \/>\n<script type=\"application\/ld+json\" class=\"yoast-schema-graph\">{\"@context\":\"https:\\\/\\\/schema.org\",\"@graph\":[{\"@type\":\"Article\",\"@id\":\"https:\\\/\\\/newsofthelight.com.br\\\/?p=3579#article\",\"isPartOf\":{\"@id\":\"https:\\\/\\\/newsofthelight.com.br\\\/?p=3579\"},\"author\":{\"name\":\"Thiago Peres\",\"@id\":\"https:\\\/\\\/newsofthelight.com.br\\\/#\\\/schema\\\/person\\\/d4878034586ca0e04c11eac65b2f76f2\"},\"headline\":\"Em menos de 48 horas, campanha para cassar mandato de Nikolas Ferreira chega a 260 mil assinaturas\",\"datePublished\":\"2023-03-11T15:22:56+00:00\",\"dateModified\":\"2023-03-12T16:42:56+00:00\",\"mainEntityOfPage\":{\"@id\":\"https:\\\/\\\/newsofthelight.com.br\\\/?p=3579\"},\"wordCount\":244,\"commentCount\":0,\"publisher\":{\"@id\":\"https:\\\/\\\/newsofthelight.com.br\\\/#organization\"},\"image\":{\"@id\":\"https:\\\/\\\/newsofthelight.com.br\\\/?p=3579#primaryimage\"},\"thumbnailUrl\":\"https:\\\/\\\/newsofthelight.com.br\\\/wp-content\\\/uploads\\\/2023\\\/03\\\/105BEF4E-C709-4AFC-B921-516DB0EEE028.jpeg\",\"articleSection\":[\"Brasil\",\"Pol\u00edtica\"],\"inLanguage\":\"pt-BR\",\"potentialAction\":[{\"@type\":\"CommentAction\",\"name\":\"Comment\",\"target\":[\"https:\\\/\\\/newsofthelight.com.br\\\/?p=3579#respond\"]}]},{\"@type\":\"WebPage\",\"@id\":\"https:\\\/\\\/newsofthelight.com.br\\\/?p=3579\",\"url\":\"https:\\\/\\\/newsofthelight.com.br\\\/?p=3579\",\"name\":\"Em menos de 48 horas, campanha para cassar mandato de Nikolas Ferreira chega a 260 mil assinaturas - Autoria - Thiago Gomes Gon\u00e7alves Peres Lima - REG 0022106\\\/MG\",\"isPartOf\":{\"@id\":\"https:\\\/\\\/newsofthelight.com.br\\\/#website\"},\"primaryImageOfPage\":{\"@id\":\"https:\\\/\\\/newsofthelight.com.br\\\/?p=3579#primaryimage\"},\"image\":{\"@id\":\"https:\\\/\\\/newsofthelight.com.br\\\/?p=3579#primaryimage\"},\"thumbnailUrl\":\"https:\\\/\\\/newsofthelight.com.br\\\/wp-content\\\/uploads\\\/2023\\\/03\\\/105BEF4E-C709-4AFC-B921-516DB0EEE028.jpeg\",\"datePublished\":\"2023-03-11T15:22:56+00:00\",\"dateModified\":\"2023-03-12T16:42:56+00:00\",\"breadcrumb\":{\"@id\":\"https:\\\/\\\/newsofthelight.com.br\\\/?p=3579#breadcrumb\"},\"inLanguage\":\"pt-BR\",\"potentialAction\":[{\"@type\":\"ReadAction\",\"target\":[\"https:\\\/\\\/newsofthelight.com.br\\\/?p=3579\"]}]},{\"@type\":\"ImageObject\",\"inLanguage\":\"pt-BR\",\"@id\":\"https:\\\/\\\/newsofthelight.com.br\\\/?p=3579#primaryimage\",\"url\":\"https:\\\/\\\/newsofthelight.com.br\\\/wp-content\\\/uploads\\\/2023\\\/03\\\/105BEF4E-C709-4AFC-B921-516DB0EEE028.jpeg\",\"contentUrl\":\"https:\\\/\\\/newsofthelight.com.br\\\/wp-content\\\/uploads\\\/2023\\\/03\\\/105BEF4E-C709-4AFC-B921-516DB0EEE028.jpeg\",\"width\":1125,\"height\":968},{\"@type\":\"BreadcrumbList\",\"@id\":\"https:\\\/\\\/newsofthelight.com.br\\\/?p=3579#breadcrumb\",\"itemListElement\":[{\"@type\":\"ListItem\",\"position\":1,\"name\":\"In\u00edcio\",\"item\":\"https:\\\/\\\/newsofthelight.com.br\\\/\"},{\"@type\":\"ListItem\",\"position\":2,\"name\":\"Em menos de 48 horas, campanha para cassar mandato de Nikolas Ferreira chega a 260 mil assinaturas\"}]},{\"@type\":\"WebSite\",\"@id\":\"https:\\\/\\\/newsofthelight.com.br\\\/#website\",\"url\":\"https:\\\/\\\/newsofthelight.com.br\\\/\",\"name\":\"Autoria - Thiago Gomes Gon\u00e7alves Peres Lima - REG 0022106\\\/MG\",\"description\":\"Noticias na velocidade da luz\",\"publisher\":{\"@id\":\"https:\\\/\\\/newsofthelight.com.br\\\/#organization\"},\"potentialAction\":[{\"@type\":\"SearchAction\",\"target\":{\"@type\":\"EntryPoint\",\"urlTemplate\":\"https:\\\/\\\/newsofthelight.com.br\\\/?s={search_term_string}\"},\"query-input\":{\"@type\":\"PropertyValueSpecification\",\"valueRequired\":true,\"valueName\":\"search_term_string\"}}],\"inLanguage\":\"pt-BR\"},{\"@type\":\"Organization\",\"@id\":\"https:\\\/\\\/newsofthelight.com.br\\\/#organization\",\"name\":\"Autoria - Thiago Gomes Gon\u00e7alves Peres Lima - REG 0022106\\\/MG\",\"url\":\"https:\\\/\\\/newsofthelight.com.br\\\/\",\"logo\":{\"@type\":\"ImageObject\",\"inLanguage\":\"pt-BR\",\"@id\":\"https:\\\/\\\/newsofthelight.com.br\\\/#\\\/schema\\\/logo\\\/image\\\/\",\"url\":\"https:\\\/\\\/newsofthelight.com.br\\\/wp-content\\\/uploads\\\/2025\\\/06\\\/cropped-IMG_0217.png\",\"contentUrl\":\"https:\\\/\\\/newsofthelight.com.br\\\/wp-content\\\/uploads\\\/2025\\\/06\\\/cropped-IMG_0217.png\",\"width\":1177,\"height\":662,\"caption\":\"Autoria - Thiago Gomes Gon\u00e7alves Peres Lima - REG 0022106\\\/MG\"},\"image\":{\"@id\":\"https:\\\/\\\/newsofthelight.com.br\\\/#\\\/schema\\\/logo\\\/image\\\/\"},\"sameAs\":[\"https:\\\/\\\/www.instagram.com\\\/news_of_the_light_?igsh=b3Fwb2psamJzaXds\"]},{\"@type\":\"Person\",\"@id\":\"https:\\\/\\\/newsofthelight.com.br\\\/#\\\/schema\\\/person\\\/d4878034586ca0e04c11eac65b2f76f2\",\"name\":\"Thiago Peres\",\"image\":{\"@type\":\"ImageObject\",\"inLanguage\":\"pt-BR\",\"@id\":\"https:\\\/\\\/secure.gravatar.com\\\/avatar\\\/21d66f46d21d113e9d3dba092a500e64563ed2ed2c77db814dfc7be6345e3815?s=96&d=mm&r=g\",\"url\":\"https:\\\/\\\/secure.gravatar.com\\\/avatar\\\/21d66f46d21d113e9d3dba092a500e64563ed2ed2c77db814dfc7be6345e3815?s=96&d=mm&r=g\",\"contentUrl\":\"https:\\\/\\\/secure.gravatar.com\\\/avatar\\\/21d66f46d21d113e9d3dba092a500e64563ed2ed2c77db814dfc7be6345e3815?s=96&d=mm&r=g\",\"caption\":\"Thiago Peres\"},\"sameAs\":[\"http:\\\/\\\/newsofthelight.com.br\"],\"url\":\"https:\\\/\\\/newsofthelight.com.br\\\/?author=2\"}]}<\/script>\n<!-- \/ Yoast SEO plugin. -->","yoast_head_json":{"title":"Em menos de 48 horas, campanha para cassar mandato de Nikolas Ferreira chega a 260 mil assinaturas - Autoria - Thiago Gomes Gon\u00e7alves Peres Lima - REG 0022106\/MG","robots":{"index":"index","follow":"follow","max-snippet":"max-snippet:-1","max-image-preview":"max-image-preview:large","max-video-preview":"max-video-preview:-1"},"canonical":"https:\/\/newsofthelight.com.br\/?p=3579","og_locale":"pt_BR","og_type":"article","og_title":"Em menos de 48 horas, campanha para cassar mandato de Nikolas Ferreira chega a 260 mil assinaturas - Autoria - Thiago Gomes Gon\u00e7alves Peres Lima - REG 0022106\/MG","og_description":"Em menos de dois dias a peti\u00e7\u00e3o feita pela deputada federal Erika Hilton (PSOL-SP) para cassar o mandato do parlamentar Nikolas Ferreira (PL-MG) alcan\u00e7ou o n\u00famero de 260 mil assinaturas desde o momento de sua cria\u00e7\u00e3o. O deputado federal Nikolas Ferreira, natural da capital mineira, despertou a ira de muitos parlamentares ao discursar no Dia","og_url":"https:\/\/newsofthelight.com.br\/?p=3579","og_site_name":"Autoria - Thiago Gomes Gon\u00e7alves Peres Lima - REG 0022106\/MG","article_published_time":"2023-03-11T15:22:56+00:00","article_modified_time":"2023-03-12T16:42:56+00:00","og_image":[{"width":1125,"height":968,"url":"https:\/\/newsofthelight.com.br\/wp-content\/uploads\/2023\/03\/105BEF4E-C709-4AFC-B921-516DB0EEE028.jpeg","type":"image\/jpeg"}],"author":"Thiago Peres","twitter_card":"summary_large_image","twitter_misc":{"Escrito por":"Thiago Peres","Est. tempo de leitura":"1 minuto"},"schema":{"@context":"https:\/\/schema.org","@graph":[{"@type":"Article","@id":"https:\/\/newsofthelight.com.br\/?p=3579#article","isPartOf":{"@id":"https:\/\/newsofthelight.com.br\/?p=3579"},"author":{"name":"Thiago Peres","@id":"https:\/\/newsofthelight.com.br\/#\/schema\/person\/d4878034586ca0e04c11eac65b2f76f2"},"headline":"Em menos de 48 horas, campanha para cassar mandato de Nikolas Ferreira chega a 260 mil assinaturas","datePublished":"2023-03-11T15:22:56+00:00","dateModified":"2023-03-12T16:42:56+00:00","mainEntityOfPage":{"@id":"https:\/\/newsofthelight.com.br\/?p=3579"},"wordCount":244,"commentCount":0,"publisher":{"@id":"https:\/\/newsofthelight.com.br\/#organization"},"image":{"@id":"https:\/\/newsofthelight.com.br\/?p=3579#primaryimage"},"thumbnailUrl":"https:\/\/newsofthelight.com.br\/wp-content\/uploads\/2023\/03\/105BEF4E-C709-4AFC-B921-516DB0EEE028.jpeg","articleSection":["Brasil","Pol\u00edtica"],"inLanguage":"pt-BR","potentialAction":[{"@type":"CommentAction","name":"Comment","target":["https:\/\/newsofthelight.com.br\/?p=3579#respond"]}]},{"@type":"WebPage","@id":"https:\/\/newsofthelight.com.br\/?p=3579","url":"https:\/\/newsofthelight.com.br\/?p=3579","name":"Em menos de 48 horas, campanha para cassar mandato de Nikolas Ferreira chega a 260 mil assinaturas - Autoria - Thiago Gomes Gon\u00e7alves Peres Lima - REG 0022106\/MG","isPartOf":{"@id":"https:\/\/newsofthelight.com.br\/#website"},"primaryImageOfPage":{"@id":"https:\/\/newsofthelight.com.br\/?p=3579#primaryimage"},"image":{"@id":"https:\/\/newsofthelight.com.br\/?p=3579#primaryimage"},"thumbnailUrl":"https:\/\/newsofthelight.com.br\/wp-content\/uploads\/2023\/03\/105BEF4E-C709-4AFC-B921-516DB0EEE028.jpeg","datePublished":"2023-03-11T15:22:56+00:00","dateModified":"2023-03-12T16:42:56+00:00","breadcrumb":{"@id":"https:\/\/newsofthelight.com.br\/?p=3579#breadcrumb"},"inLanguage":"pt-BR","potentialAction":[{"@type":"ReadAction","target":["https:\/\/newsofthelight.com.br\/?p=3579"]}]},{"@type":"ImageObject","inLanguage":"pt-BR","@id":"https:\/\/newsofthelight.com.br\/?p=3579#primaryimage","url":"https:\/\/newsofthelight.com.br\/wp-content\/uploads\/2023\/03\/105BEF4E-C709-4AFC-B921-516DB0EEE028.jpeg","contentUrl":"https:\/\/newsofthelight.com.br\/wp-content\/uploads\/2023\/03\/105BEF4E-C709-4AFC-B921-516DB0EEE028.jpeg","width":1125,"height":968},{"@type":"BreadcrumbList","@id":"https:\/\/newsofthelight.com.br\/?p=3579#breadcrumb","itemListElement":[{"@type":"ListItem","position":1,"name":"In\u00edcio","item":"https:\/\/newsofthelight.com.br\/"},{"@type":"ListItem","position":2,"name":"Em menos de 48 horas, campanha para cassar mandato de Nikolas Ferreira chega a 260 mil assinaturas"}]},{"@type":"WebSite","@id":"https:\/\/newsofthelight.com.br\/#website","url":"https:\/\/newsofthelight.com.br\/","name":"Autoria - Thiago Gomes Gon\u00e7alves Peres Lima - REG 0022106\/MG","description":"Noticias na velocidade da luz","publisher":{"@id":"https:\/\/newsofthelight.com.br\/#organization"},"potentialAction":[{"@type":"SearchAction","target":{"@type":"EntryPoint","urlTemplate":"https:\/\/newsofthelight.com.br\/?s={search_term_string}"},"query-input":{"@type":"PropertyValueSpecification","valueRequired":true,"valueName":"search_term_string"}}],"inLanguage":"pt-BR"},{"@type":"Organization","@id":"https:\/\/newsofthelight.com.br\/#organization","name":"Autoria - Thiago Gomes Gon\u00e7alves Peres Lima - REG 0022106\/MG","url":"https:\/\/newsofthelight.com.br\/","logo":{"@type":"ImageObject","inLanguage":"pt-BR","@id":"https:\/\/newsofthelight.com.br\/#\/schema\/logo\/image\/","url":"https:\/\/newsofthelight.com.br\/wp-content\/uploads\/2025\/06\/cropped-IMG_0217.png","contentUrl":"https:\/\/newsofthelight.com.br\/wp-content\/uploads\/2025\/06\/cropped-IMG_0217.png","width":1177,"height":662,"caption":"Autoria - Thiago Gomes Gon\u00e7alves Peres Lima - REG 0022106\/MG"},"image":{"@id":"https:\/\/newsofthelight.com.br\/#\/schema\/logo\/image\/"},"sameAs":["https:\/\/www.instagram.com\/news_of_the_light_?igsh=b3Fwb2psamJzaXds"]},{"@type":"Person","@id":"https:\/\/newsofthelight.com.br\/#\/schema\/person\/d4878034586ca0e04c11eac65b2f76f2","name":"Thiago Peres","image":{"@type":"ImageObject","inLanguage":"pt-BR","@id":"https:\/\/secure.gravatar.com\/avatar\/21d66f46d21d113e9d3dba092a500e64563ed2ed2c77db814dfc7be6345e3815?s=96&d=mm&r=g","url":"https:\/\/secure.gravatar.com\/avatar\/21d66f46d21d113e9d3dba092a500e64563ed2ed2c77db814dfc7be6345e3815?s=96&d=mm&r=g","contentUrl":"https:\/\/secure.gravatar.com\/avatar\/21d66f46d21d113e9d3dba092a500e64563ed2ed2c77db814dfc7be6345e3815?s=96&d=mm&r=g","caption":"Thiago Peres"},"sameAs":["http:\/\/newsofthelight.com.br"],"url":"https:\/\/newsofthelight.com.br\/?author=2"}]}},"jetpack_featured_media_url":"https:\/\/newsofthelight.com.br\/wp-content\/uploads\/2023\/03\/105BEF4E-C709-4AFC-B921-516DB0EEE028.jpeg","jetpack_sharing_enabled":true,"jetpack-related-posts":[{"id":3638,"url":"https:\/\/newsofthelight.com.br\/?p=3638","url_meta":{"origin":3579,"position":0},"title":"\u2018Foi oposi\u00e7\u00e3o\u2019 diz deputado Nikolas Ferreira ap\u00f3s ser processado por discursar de peruca","author":"Thiago Peres","date":"13 de mar\u00e7o de 2023","format":false,"excerpt":"Convidado a participar do programa \u2018T\u00e1 na Roda\u2019 da Jovem Pan neste domingo (12), o deputado federal Nikolas Ferreira (PL-MG) disse que seu discurso personificando uma mulher transg\u00eanero \u2018foi uma oposi\u00e7\u00e3o pol\u00edtica contra a imposi\u00e7\u00e3o LGBT na cultura mundial\u2019. (SIC)_ Foi uma oposi\u00e7\u00e3o pol\u00edtica. Nos Estados Unidos e no Canad\u00e1,\u2026","rel":"","context":"Em &quot;Brasil&quot;","block_context":{"text":"Brasil","link":"https:\/\/newsofthelight.com.br\/?cat=38"},"img":{"alt_text":"","src":"https:\/\/i0.wp.com\/newsofthelight.com.br\/wp-content\/uploads\/2023\/03\/7296E661-1DA6-4EE5-A7EF-765B7E4C936F.jpeg?resize=350%2C200&ssl=1","width":350,"height":200,"srcset":"https:\/\/i0.wp.com\/newsofthelight.com.br\/wp-content\/uploads\/2023\/03\/7296E661-1DA6-4EE5-A7EF-765B7E4C936F.jpeg?resize=350%2C200&ssl=1 1x, https:\/\/i0.wp.com\/newsofthelight.com.br\/wp-content\/uploads\/2023\/03\/7296E661-1DA6-4EE5-A7EF-765B7E4C936F.jpeg?resize=525%2C300&ssl=1 1.5x, https:\/\/i0.wp.com\/newsofthelight.com.br\/wp-content\/uploads\/2023\/03\/7296E661-1DA6-4EE5-A7EF-765B7E4C936F.jpeg?resize=700%2C400&ssl=1 2x"},"classes":[]},{"id":3568,"url":"https:\/\/newsofthelight.com.br\/?p=3568","url_meta":{"origin":3579,"position":1},"title":"Deputado Nikolas Ferreira pode ter seu mandato cassado ou ser preso ap\u00f3s discursar de peruca","author":"Thiago Peres","date":"10 de mar\u00e7o de 2023","format":false,"excerpt":"O deputado federal Nikolas Ferreira (PL-MG) poder\u00e1 ter seu mandato cassado ou at\u00e9 mesmo ser preso ap\u00f3s discursar personificado como mulher trans no Dia Internacional da Mulher usando uma peruca loira e\u00a0 autoproclamado \u2018deputada Nikole\u2019.\u00a0O discurso do bolsonarista n\u00e3o foi bem quisto por muitos deputados, em especial a Alian\u00e7a Nacional\u2026","rel":"","context":"Em &quot;Brasil&quot;","block_context":{"text":"Brasil","link":"https:\/\/newsofthelight.com.br\/?cat=38"},"img":{"alt_text":"","src":"https:\/\/i0.wp.com\/newsofthelight.com.br\/wp-content\/uploads\/2023\/03\/FC95DAE5-2BAE-4DC9-AD2B-F6E172F24867.jpeg?resize=350%2C200&ssl=1","width":350,"height":200,"srcset":"https:\/\/i0.wp.com\/newsofthelight.com.br\/wp-content\/uploads\/2023\/03\/FC95DAE5-2BAE-4DC9-AD2B-F6E172F24867.jpeg?resize=350%2C200&ssl=1 1x, https:\/\/i0.wp.com\/newsofthelight.com.br\/wp-content\/uploads\/2023\/03\/FC95DAE5-2BAE-4DC9-AD2B-F6E172F24867.jpeg?resize=525%2C300&ssl=1 1.5x, https:\/\/i0.wp.com\/newsofthelight.com.br\/wp-content\/uploads\/2023\/03\/FC95DAE5-2BAE-4DC9-AD2B-F6E172F24867.jpeg?resize=700%2C400&ssl=1 2x, https:\/\/i0.wp.com\/newsofthelight.com.br\/wp-content\/uploads\/2023\/03\/FC95DAE5-2BAE-4DC9-AD2B-F6E172F24867.jpeg?resize=1050%2C600&ssl=1 3x"},"classes":[]},{"id":3861,"url":"https:\/\/newsofthelight.com.br\/?p=3861","url_meta":{"origin":3579,"position":2},"title":"Eduardo Bolsonaro apoia deputado Nikolas Ferreira sobre posi\u00e7\u00e3o aos transg\u00eaneros","author":"Thiago Peres","date":"21 de mar\u00e7o de 2023","format":false,"excerpt":"O deputado federal Eduardo Bolsonaro (PL-SP) primog\u00eanito do ex-presidente Jair Messias Bolsonaro (PL) declarou apoio ao deputado Nikolas Ferreira (PL-MG) em rela\u00e7\u00e3o a seu discurso personificando uma mulher trans em que ele alegava que \u2018mulheres do Brasil est\u00e3o perdendo espa\u00e7o para homens que se sentem mulheres.\u2019 (SIC)._ Deputado Nikolas vai\u2026","rel":"","context":"Em &quot;Brasil&quot;","block_context":{"text":"Brasil","link":"https:\/\/newsofthelight.com.br\/?cat=38"},"img":{"alt_text":"","src":"https:\/\/i0.wp.com\/newsofthelight.com.br\/wp-content\/uploads\/2023\/03\/C1B641A6-D2C0-46B4-A741-EA9B083B1F4E.jpeg?resize=350%2C200&ssl=1","width":350,"height":200,"srcset":"https:\/\/i0.wp.com\/newsofthelight.com.br\/wp-content\/uploads\/2023\/03\/C1B641A6-D2C0-46B4-A741-EA9B083B1F4E.jpeg?resize=350%2C200&ssl=1 1x, https:\/\/i0.wp.com\/newsofthelight.com.br\/wp-content\/uploads\/2023\/03\/C1B641A6-D2C0-46B4-A741-EA9B083B1F4E.jpeg?resize=525%2C300&ssl=1 1.5x, https:\/\/i0.wp.com\/newsofthelight.com.br\/wp-content\/uploads\/2023\/03\/C1B641A6-D2C0-46B4-A741-EA9B083B1F4E.jpeg?resize=700%2C400&ssl=1 2x, https:\/\/i0.wp.com\/newsofthelight.com.br\/wp-content\/uploads\/2023\/03\/C1B641A6-D2C0-46B4-A741-EA9B083B1F4E.jpeg?resize=1050%2C600&ssl=1 3x"},"classes":[]},{"id":3839,"url":"https:\/\/newsofthelight.com.br\/?p=3839","url_meta":{"origin":3579,"position":3},"title":"Moraes faz pedido de bloqueio de m\u00eddias sociais do deputado Nikolas Ferreira","author":"Thiago Peres","date":"20 de mar\u00e7o de 2023","format":false,"excerpt":"O presidente do Supremo Tribunal Eleitoral e Federal Alexandre de Moraes enviou hoje um pedido para Procuradoria-Geral da Rep\u00fablica (PGR) \u00a0para bloquear todas as m\u00eddias digitais do deputado federal Nikolas Ferreira (PL-MG).O pedido \u00e9 uma puni\u00e7\u00e3o para o parlamentar por discursar personificado como uma mulher trans \u2018deputada Nikole\u2019 no Dia\u2026","rel":"","context":"Em &quot;Brasil&quot;","block_context":{"text":"Brasil","link":"https:\/\/newsofthelight.com.br\/?cat=38"},"img":{"alt_text":"","src":"https:\/\/i0.wp.com\/newsofthelight.com.br\/wp-content\/uploads\/2023\/03\/2CBFBFB2-1015-4C12-A299-61F097AEA06D.webp?resize=350%2C200&ssl=1","width":350,"height":200,"srcset":"https:\/\/i0.wp.com\/newsofthelight.com.br\/wp-content\/uploads\/2023\/03\/2CBFBFB2-1015-4C12-A299-61F097AEA06D.webp?resize=350%2C200&ssl=1 1x, https:\/\/i0.wp.com\/newsofthelight.com.br\/wp-content\/uploads\/2023\/03\/2CBFBFB2-1015-4C12-A299-61F097AEA06D.webp?resize=525%2C300&ssl=1 1.5x, https:\/\/i0.wp.com\/newsofthelight.com.br\/wp-content\/uploads\/2023\/03\/2CBFBFB2-1015-4C12-A299-61F097AEA06D.webp?resize=700%2C400&ssl=1 2x"},"classes":[]},{"id":3540,"url":"https:\/\/newsofthelight.com.br\/?p=3540","url_meta":{"origin":3579,"position":4},"title":"Nikolas Ferreira est\u00e1 sendo processado por transfobia e misoginia ap\u00f3s discursar de peruca no Dia Internacional da Mulher","author":"Thiago Peres","date":"10 de mar\u00e7o de 2023","format":false,"excerpt":"O parlamentar Nikolas Ferreira (PL-MG) est\u00e1 sendo acusado de transfobia e misoginia ap\u00f3s discursar no Dia Internacional da Mulher (08\/03) com uma peruca loira e se apresentar como \u2018deputada Nikole\u2019 onde o mesmo alegava que os postos destinados a mulheres no Brasil est\u00e3o sendo ocupados por \u2018homens que se sentem\u2026","rel":"","context":"Em &quot;Brasil&quot;","block_context":{"text":"Brasil","link":"https:\/\/newsofthelight.com.br\/?cat=38"},"img":{"alt_text":"","src":"https:\/\/i0.wp.com\/newsofthelight.com.br\/wp-content\/uploads\/2023\/03\/8ED4C27F-E791-4BD0-AF50-86D803F87F5C.webp?resize=350%2C200&ssl=1","width":350,"height":200,"srcset":"https:\/\/i0.wp.com\/newsofthelight.com.br\/wp-content\/uploads\/2023\/03\/8ED4C27F-E791-4BD0-AF50-86D803F87F5C.webp?resize=350%2C200&ssl=1 1x, https:\/\/i0.wp.com\/newsofthelight.com.br\/wp-content\/uploads\/2023\/03\/8ED4C27F-E791-4BD0-AF50-86D803F87F5C.webp?resize=525%2C300&ssl=1 1.5x, https:\/\/i0.wp.com\/newsofthelight.com.br\/wp-content\/uploads\/2023\/03\/8ED4C27F-E791-4BD0-AF50-86D803F87F5C.webp?resize=700%2C400&ssl=1 2x"},"classes":[]},{"id":5425,"url":"https:\/\/newsofthelight.com.br\/?p=5425","url_meta":{"origin":3579,"position":5},"title":"Respeito e Dignidade na Pol\u00edtica: Deputado Nikolas Ferreira sofre condena\u00e7\u00e3o por coment\u00e1rios transf\u00f3bicos a deputada Duda Salabert","author":"Thiago Peres","date":"5 de dezembro de 2023","format":false,"excerpt":"O deputado federal Nikolas Ferreira (PL-MG) foi condenado em segunda inst\u00e2ncia por um processo iniciado pela deputada Duda Salabert (PDT-MG). A decis\u00e3o, que se refere a coment\u00e1rios transf\u00f3bicos feitos por Ferreira antes de ambos serem empossados como vereadores em 2020, foi anunciada na ter\u00e7a-feira (5).Ferreira, que \u00e9 conhecido por suas\u2026","rel":"","context":"Em &quot;Brasil&quot;","block_context":{"text":"Brasil","link":"https:\/\/newsofthelight.com.br\/?cat=38"},"img":{"alt_text":"","src":"https:\/\/i0.wp.com\/newsofthelight.com.br\/wp-content\/uploads\/2023\/12\/IMG_5036.jpeg?resize=350%2C200&ssl=1","width":350,"height":200,"srcset":"https:\/\/i0.wp.com\/newsofthelight.com.br\/wp-content\/uploads\/2023\/12\/IMG_5036.jpeg?resize=350%2C200&ssl=1 1x, https:\/\/i0.wp.com\/newsofthelight.com.br\/wp-content\/uploads\/2023\/12\/IMG_5036.jpeg?resize=525%2C300&ssl=1 1.5x, https:\/\/i0.wp.com\/newsofthelight.com.br\/wp-content\/uploads\/2023\/12\/IMG_5036.jpeg?resize=700%2C400&ssl=1 2x"},"classes":[]}],"jetpack_shortlink":"https:\/\/wp.me\/peltaF-VJ","_links":{"self":[{"href":"https:\/\/newsofthelight.com.br\/index.php?rest_route=\/wp\/v2\/posts\/3579","targetHints":{"allow":["GET"]}}],"collection":[{"href":"https:\/\/newsofthelight.com.br\/index.php?rest_route=\/wp\/v2\/posts"}],"about":[{"href":"https:\/\/newsofthelight.com.br\/index.php?rest_route=\/wp\/v2\/types\/post"}],"author":[{"embeddable":true,"href":"https:\/\/newsofthelight.com.br\/index.php?rest_route=\/wp\/v2\/users\/2"}],"replies":[{"embeddable":true,"href":"https:\/\/newsofthelight.com.br\/index.php?rest_route=%2Fwp%2Fv2%2Fcomments&post=3579"}],"version-history":[{"count":7,"href":"https:\/\/newsofthelight.com.br\/index.php?rest_route=\/wp\/v2\/posts\/3579\/revisions"}],"predecessor-version":[{"id":3597,"href":"https:\/\/newsofthelight.com.br\/index.php?rest_route=\/wp\/v2\/posts\/3579\/revisions\/3597"}],"wp:featuredmedia":[{"embeddable":true,"href":"https:\/\/newsofthelight.com.br\/index.php?rest_route=\/wp\/v2\/media\/3581"}],"wp:attachment":[{"href":"https:\/\/newsofthelight.com.br\/index.php?rest_route=%2Fwp%2Fv2%2Fmedia&parent=3579"}],"wp:term":[{"taxonomy":"category","embeddable":true,"href":"https:\/\/newsofthelight.com.br\/index.php?rest_route=%2Fwp%2Fv2%2Fcategories&post=3579"},{"taxonomy":"post_tag","embeddable":true,"href":"https:\/\/newsofthelight.com.br\/index.php?rest_route=%2Fwp%2Fv2%2Ftags&post=3579"}],"curies":[{"name":"wp","href":"https:\/\/api.w.org\/{rel}","templated":true}]}}