{"id":3492,"date":"2023-02-26T20:06:31","date_gmt":"2023-02-26T23:06:31","guid":{"rendered":"https:\/\/newsofthelight.com.br\/?p=3492"},"modified":"2023-02-26T20:08:18","modified_gmt":"2023-02-26T23:08:18","slug":"buscas-por-vitimas-em-litoral-paulista-sao-dadas-por-encerradas","status":"publish","type":"post","link":"https:\/\/newsofthelight.com.br\/?p=3492","title":{"rendered":"Buscas por v\u00edtimas em litoral Paulista s\u00e3o dadas por encerradas"},"content":{"rendered":"<p>Enxurradas brutais causaram derrocadas na baixada santista entre os dias 18 e 19 de fevereiro no que resultou na morte de 65 moradores da regi\u00e3o e seis pessoas foram resgatadas.\u00a0<\/p>\n<p>Anteriormente as fortes chuvas, que ocorreram novamente este domingo, indicaram que 64 moradores vieram a \u00f3bito e mais um estaria desaparecido, segundo as informa\u00e7\u00f5es passadas pelo governo regional. No entanto, horas depois foi confirmado pelos bombeiros que estavam respons\u00e1veis pelo resgate de que j\u00e1 n\u00e3o havia mais desaparecidos, o que resultou em 65 v\u00edtimas fatais pela trag\u00e9dia.<\/p>\n<p>O corpo de bombeiros localizaram mais seis corpos entre os escombros causados pelas tormentas no litoral paulista, corpos estes que foram encontrados no munic\u00edpio de S\u00e3o Sebasti\u00e3o, a regi\u00e3o mais afetada pelo temporal. O que pode ser um mal sinal para a economia do pa\u00eds uma vez que a cidade \u00e9 um polo tur\u00edstico por estar situada entre o cerrado e o litoral do estado de S\u00e3o Paulo.<\/p>\n<p>O governo de S\u00e3o Paulo informou que dos 65 mortos, 20 s\u00e3o homens, 17 mulheres e 18 crian\u00e7as. Todas as mortes, com exce\u00e7\u00e3o da \u00faltima que foi registrada em Ubatuba, ocorreram em S\u00e3o Sebasti\u00e3o.\u00a0<\/p>\n<p>O governador de S\u00e3o Paulo Tarcisio de Freitas (Republicanos) se comprometeu em uma entrevista \u00e0 r\u00e1dio Jovem Pan a abrigar os mais de 4 mil desalojados no desastre.\u00a0<\/p>\n<p>_ Tem vaga para todos. Temos condi\u00e7\u00f5es de abrigar todos no sistema hoteleiro do litoral norte. _ frisou o Freitas.\u00a0<\/p>\n<p>O governador ainda salientou a elabora\u00e7\u00e3o de uma ger\u00eancia estatal para o acompanhamento da reconstru\u00e7\u00e3o das \u00e1reas afetadas pelas chuvas no litoral paulistano.\u00a0<\/p>\n<p>_\u00a0 N\u00f3s vamos constituir uma ger\u00eancia permanente aqui em S\u00e3o Sebasti\u00e3o, vamos nomear o gerente para que ele seja os olhos do governo do Estado aqui. A gente estar\u00e1 sempre vindo para c\u00e1 porque queremos transformar esse epis\u00f3dio de dor em um epis\u00f3dio que possa ser replic\u00e1vel, que possa ser um exemplo. Ent\u00e3o queremos fazer com que aqui a gente tenha um bom exemplo de reconstru\u00e7\u00e3o, de volta por cima. _ concluiu o governador.<\/p>\n<p>Nesta segunda-feira Tarciso dever\u00e1 retornar ao Pal\u00e1cio dos Bandeirantes, sede governamental na Capital Paulista, entretanto o governador j\u00e1 agendou retorno \u00e0 regi\u00e3o para acompanhar a equipe de engenharia respons\u00e1vel pela reconstru\u00e7\u00e3o. <\/p>\n<figure id=\"attachment_3494\" aria-describedby=\"caption-attachment-3494\" style=\"width: 300px\" class=\"wp-caption aligncenter\"><img loading=\"lazy\" decoding=\"async\" src=\"https:\/\/newsofthelight.com.br\/wp-content\/uploads\/2023\/02\/52710936424_4ddbd7fcb6_o-675x450-1-300x200.jpg\" alt=\"\" width=\"300\" height=\"200\" \/><figcaption id=\"caption-attachment-3494\" class=\"wp-caption-text\">Tarcisio Freitas e equipe de engenharia reunidos para elaborar reconstru\u00e7\u00e3o de S\u00e3o Sebasti\u00e3o.<\/figcaption><\/figure>\n","protected":false},"excerpt":{"rendered":"<p>Enxurradas brutais causaram derrocadas na baixada santista entre os dias 18 e 19 de fevereiro no que resultou na morte de 65 moradores da regi\u00e3o e seis pessoas foram resgatadas.\u00a0 Anteriormente as fortes chuvas, que ocorreram novamente este domingo, indicaram que 64 moradores vieram a \u00f3bito e mais um estaria desaparecido, segundo as informa\u00e7\u00f5es passadas<\/p>\n","protected":false},"author":2,"featured_media":3495,"comment_status":"open","ping_status":"open","sticky":false,"template":"","format":"standard","meta":{"_jetpack_memberships_contains_paid_content":false,"footnotes":""},"categories":[38,41,36],"tags":[],"class_list":["post-3492","post","type-post","status-publish","format-standard","has-post-thumbnail","hentry","category-brasil","category-municipios","category-politica"],"yoast_head":"<!-- This site is optimized with the Yoast SEO plugin v27.5 - https:\/\/yoast.com\/product\/yoast-seo-wordpress\/ -->\n<title>Buscas por v\u00edtimas em litoral Paulista s\u00e3o dadas por encerradas - Autoria - Thiago Gomes Gon\u00e7alves Peres Lima - REG 0022106\/MG<\/title>\n<meta name=\"robots\" content=\"index, follow, max-snippet:-1, max-image-preview:large, max-video-preview:-1\" \/>\n<link rel=\"canonical\" href=\"https:\/\/newsofthelight.com.br\/?p=3492\" \/>\n<meta property=\"og:locale\" content=\"pt_BR\" \/>\n<meta property=\"og:type\" content=\"article\" \/>\n<meta property=\"og:title\" content=\"Buscas por v\u00edtimas em litoral Paulista s\u00e3o dadas por encerradas - Autoria - Thiago Gomes Gon\u00e7alves Peres Lima - REG 0022106\/MG\" \/>\n<meta property=\"og:description\" content=\"Enxurradas brutais causaram derrocadas na baixada santista entre os dias 18 e 19 de fevereiro no que resultou na morte de 65 moradores da regi\u00e3o e seis pessoas foram resgatadas.\u00a0 Anteriormente as fortes chuvas, que ocorreram novamente este domingo, indicaram que 64 moradores vieram a \u00f3bito e mais um estaria desaparecido, segundo as informa\u00e7\u00f5es passadas\" \/>\n<meta property=\"og:url\" content=\"https:\/\/newsofthelight.com.br\/?p=3492\" \/>\n<meta property=\"og:site_name\" content=\"Autoria - Thiago Gomes Gon\u00e7alves Peres Lima - REG 0022106\/MG\" \/>\n<meta property=\"article:published_time\" content=\"2023-02-26T23:06:31+00:00\" \/>\n<meta property=\"article:modified_time\" content=\"2023-02-26T23:08:18+00:00\" \/>\n<meta property=\"og:image\" content=\"https:\/\/newsofthelight.com.br\/wp-content\/uploads\/2023\/02\/mw-720.webp\" \/>\n\t<meta property=\"og:image:width\" content=\"720\" \/>\n\t<meta property=\"og:image:height\" content=\"480\" \/>\n\t<meta property=\"og:image:type\" content=\"image\/webp\" \/>\n<meta name=\"author\" content=\"Thiago Peres\" \/>\n<meta name=\"twitter:card\" content=\"summary_large_image\" \/>\n<meta name=\"twitter:label1\" content=\"Escrito por\" \/>\n\t<meta name=\"twitter:data1\" content=\"Thiago Peres\" \/>\n\t<meta name=\"twitter:label2\" content=\"Est. tempo de leitura\" \/>\n\t<meta name=\"twitter:data2\" content=\"2 minutos\" \/>\n<script type=\"application\/ld+json\" class=\"yoast-schema-graph\">{\"@context\":\"https:\\\/\\\/schema.org\",\"@graph\":[{\"@type\":\"Article\",\"@id\":\"https:\\\/\\\/newsofthelight.com.br\\\/?p=3492#article\",\"isPartOf\":{\"@id\":\"https:\\\/\\\/newsofthelight.com.br\\\/?p=3492\"},\"author\":{\"name\":\"Thiago Peres\",\"@id\":\"https:\\\/\\\/newsofthelight.com.br\\\/#\\\/schema\\\/person\\\/d4878034586ca0e04c11eac65b2f76f2\"},\"headline\":\"Buscas por v\u00edtimas em litoral Paulista s\u00e3o dadas por encerradas\",\"datePublished\":\"2023-02-26T23:06:31+00:00\",\"dateModified\":\"2023-02-26T23:08:18+00:00\",\"mainEntityOfPage\":{\"@id\":\"https:\\\/\\\/newsofthelight.com.br\\\/?p=3492\"},\"wordCount\":421,\"commentCount\":0,\"publisher\":{\"@id\":\"https:\\\/\\\/newsofthelight.com.br\\\/#organization\"},\"image\":{\"@id\":\"https:\\\/\\\/newsofthelight.com.br\\\/?p=3492#primaryimage\"},\"thumbnailUrl\":\"https:\\\/\\\/newsofthelight.com.br\\\/wp-content\\\/uploads\\\/2023\\\/02\\\/mw-720.webp\",\"articleSection\":[\"Brasil\",\"Munic\u00edpios\",\"Pol\u00edtica\"],\"inLanguage\":\"pt-BR\",\"potentialAction\":[{\"@type\":\"CommentAction\",\"name\":\"Comment\",\"target\":[\"https:\\\/\\\/newsofthelight.com.br\\\/?p=3492#respond\"]}]},{\"@type\":\"WebPage\",\"@id\":\"https:\\\/\\\/newsofthelight.com.br\\\/?p=3492\",\"url\":\"https:\\\/\\\/newsofthelight.com.br\\\/?p=3492\",\"name\":\"Buscas por v\u00edtimas em litoral Paulista s\u00e3o dadas por encerradas - Autoria - Thiago Gomes Gon\u00e7alves Peres Lima - REG 0022106\\\/MG\",\"isPartOf\":{\"@id\":\"https:\\\/\\\/newsofthelight.com.br\\\/#website\"},\"primaryImageOfPage\":{\"@id\":\"https:\\\/\\\/newsofthelight.com.br\\\/?p=3492#primaryimage\"},\"image\":{\"@id\":\"https:\\\/\\\/newsofthelight.com.br\\\/?p=3492#primaryimage\"},\"thumbnailUrl\":\"https:\\\/\\\/newsofthelight.com.br\\\/wp-content\\\/uploads\\\/2023\\\/02\\\/mw-720.webp\",\"datePublished\":\"2023-02-26T23:06:31+00:00\",\"dateModified\":\"2023-02-26T23:08:18+00:00\",\"breadcrumb\":{\"@id\":\"https:\\\/\\\/newsofthelight.com.br\\\/?p=3492#breadcrumb\"},\"inLanguage\":\"pt-BR\",\"potentialAction\":[{\"@type\":\"ReadAction\",\"target\":[\"https:\\\/\\\/newsofthelight.com.br\\\/?p=3492\"]}]},{\"@type\":\"ImageObject\",\"inLanguage\":\"pt-BR\",\"@id\":\"https:\\\/\\\/newsofthelight.com.br\\\/?p=3492#primaryimage\",\"url\":\"https:\\\/\\\/newsofthelight.com.br\\\/wp-content\\\/uploads\\\/2023\\\/02\\\/mw-720.webp\",\"contentUrl\":\"https:\\\/\\\/newsofthelight.com.br\\\/wp-content\\\/uploads\\\/2023\\\/02\\\/mw-720.webp\",\"width\":720,\"height\":480,\"caption\":\"Bombeiros em a\u00e7\u00e3o nos escombros do litoral Paulistanos\"},{\"@type\":\"BreadcrumbList\",\"@id\":\"https:\\\/\\\/newsofthelight.com.br\\\/?p=3492#breadcrumb\",\"itemListElement\":[{\"@type\":\"ListItem\",\"position\":1,\"name\":\"In\u00edcio\",\"item\":\"https:\\\/\\\/newsofthelight.com.br\\\/\"},{\"@type\":\"ListItem\",\"position\":2,\"name\":\"Buscas por v\u00edtimas em litoral Paulista s\u00e3o dadas por encerradas\"}]},{\"@type\":\"WebSite\",\"@id\":\"https:\\\/\\\/newsofthelight.com.br\\\/#website\",\"url\":\"https:\\\/\\\/newsofthelight.com.br\\\/\",\"name\":\"Autoria - Thiago Gomes Gon\u00e7alves Peres Lima - REG 0022106\\\/MG\",\"description\":\"Noticias na velocidade da luz\",\"publisher\":{\"@id\":\"https:\\\/\\\/newsofthelight.com.br\\\/#organization\"},\"potentialAction\":[{\"@type\":\"SearchAction\",\"target\":{\"@type\":\"EntryPoint\",\"urlTemplate\":\"https:\\\/\\\/newsofthelight.com.br\\\/?s={search_term_string}\"},\"query-input\":{\"@type\":\"PropertyValueSpecification\",\"valueRequired\":true,\"valueName\":\"search_term_string\"}}],\"inLanguage\":\"pt-BR\"},{\"@type\":\"Organization\",\"@id\":\"https:\\\/\\\/newsofthelight.com.br\\\/#organization\",\"name\":\"Autoria - Thiago Gomes Gon\u00e7alves Peres Lima - REG 0022106\\\/MG\",\"url\":\"https:\\\/\\\/newsofthelight.com.br\\\/\",\"logo\":{\"@type\":\"ImageObject\",\"inLanguage\":\"pt-BR\",\"@id\":\"https:\\\/\\\/newsofthelight.com.br\\\/#\\\/schema\\\/logo\\\/image\\\/\",\"url\":\"https:\\\/\\\/newsofthelight.com.br\\\/wp-content\\\/uploads\\\/2025\\\/06\\\/cropped-IMG_0217.png\",\"contentUrl\":\"https:\\\/\\\/newsofthelight.com.br\\\/wp-content\\\/uploads\\\/2025\\\/06\\\/cropped-IMG_0217.png\",\"width\":1177,\"height\":662,\"caption\":\"Autoria - Thiago Gomes Gon\u00e7alves Peres Lima - REG 0022106\\\/MG\"},\"image\":{\"@id\":\"https:\\\/\\\/newsofthelight.com.br\\\/#\\\/schema\\\/logo\\\/image\\\/\"},\"sameAs\":[\"https:\\\/\\\/www.instagram.com\\\/news_of_the_light_?igsh=b3Fwb2psamJzaXds\"]},{\"@type\":\"Person\",\"@id\":\"https:\\\/\\\/newsofthelight.com.br\\\/#\\\/schema\\\/person\\\/d4878034586ca0e04c11eac65b2f76f2\",\"name\":\"Thiago Peres\",\"image\":{\"@type\":\"ImageObject\",\"inLanguage\":\"pt-BR\",\"@id\":\"https:\\\/\\\/secure.gravatar.com\\\/avatar\\\/21d66f46d21d113e9d3dba092a500e64563ed2ed2c77db814dfc7be6345e3815?s=96&d=mm&r=g\",\"url\":\"https:\\\/\\\/secure.gravatar.com\\\/avatar\\\/21d66f46d21d113e9d3dba092a500e64563ed2ed2c77db814dfc7be6345e3815?s=96&d=mm&r=g\",\"contentUrl\":\"https:\\\/\\\/secure.gravatar.com\\\/avatar\\\/21d66f46d21d113e9d3dba092a500e64563ed2ed2c77db814dfc7be6345e3815?s=96&d=mm&r=g\",\"caption\":\"Thiago Peres\"},\"sameAs\":[\"http:\\\/\\\/newsofthelight.com.br\"],\"url\":\"https:\\\/\\\/newsofthelight.com.br\\\/?author=2\"}]}<\/script>\n<!-- \/ Yoast SEO plugin. -->","yoast_head_json":{"title":"Buscas por v\u00edtimas em litoral Paulista s\u00e3o dadas por encerradas - Autoria - Thiago Gomes Gon\u00e7alves Peres Lima - REG 0022106\/MG","robots":{"index":"index","follow":"follow","max-snippet":"max-snippet:-1","max-image-preview":"max-image-preview:large","max-video-preview":"max-video-preview:-1"},"canonical":"https:\/\/newsofthelight.com.br\/?p=3492","og_locale":"pt_BR","og_type":"article","og_title":"Buscas por v\u00edtimas em litoral Paulista s\u00e3o dadas por encerradas - Autoria - Thiago Gomes Gon\u00e7alves Peres Lima - REG 0022106\/MG","og_description":"Enxurradas brutais causaram derrocadas na baixada santista entre os dias 18 e 19 de fevereiro no que resultou na morte de 65 moradores da regi\u00e3o e seis pessoas foram resgatadas.\u00a0 Anteriormente as fortes chuvas, que ocorreram novamente este domingo, indicaram que 64 moradores vieram a \u00f3bito e mais um estaria desaparecido, segundo as informa\u00e7\u00f5es passadas","og_url":"https:\/\/newsofthelight.com.br\/?p=3492","og_site_name":"Autoria - Thiago Gomes Gon\u00e7alves Peres Lima - REG 0022106\/MG","article_published_time":"2023-02-26T23:06:31+00:00","article_modified_time":"2023-02-26T23:08:18+00:00","og_image":[{"width":720,"height":480,"url":"https:\/\/newsofthelight.com.br\/wp-content\/uploads\/2023\/02\/mw-720.webp","type":"image\/webp"}],"author":"Thiago Peres","twitter_card":"summary_large_image","twitter_misc":{"Escrito por":"Thiago Peres","Est. tempo de leitura":"2 minutos"},"schema":{"@context":"https:\/\/schema.org","@graph":[{"@type":"Article","@id":"https:\/\/newsofthelight.com.br\/?p=3492#article","isPartOf":{"@id":"https:\/\/newsofthelight.com.br\/?p=3492"},"author":{"name":"Thiago Peres","@id":"https:\/\/newsofthelight.com.br\/#\/schema\/person\/d4878034586ca0e04c11eac65b2f76f2"},"headline":"Buscas por v\u00edtimas em litoral Paulista s\u00e3o dadas por encerradas","datePublished":"2023-02-26T23:06:31+00:00","dateModified":"2023-02-26T23:08:18+00:00","mainEntityOfPage":{"@id":"https:\/\/newsofthelight.com.br\/?p=3492"},"wordCount":421,"commentCount":0,"publisher":{"@id":"https:\/\/newsofthelight.com.br\/#organization"},"image":{"@id":"https:\/\/newsofthelight.com.br\/?p=3492#primaryimage"},"thumbnailUrl":"https:\/\/newsofthelight.com.br\/wp-content\/uploads\/2023\/02\/mw-720.webp","articleSection":["Brasil","Munic\u00edpios","Pol\u00edtica"],"inLanguage":"pt-BR","potentialAction":[{"@type":"CommentAction","name":"Comment","target":["https:\/\/newsofthelight.com.br\/?p=3492#respond"]}]},{"@type":"WebPage","@id":"https:\/\/newsofthelight.com.br\/?p=3492","url":"https:\/\/newsofthelight.com.br\/?p=3492","name":"Buscas por v\u00edtimas em litoral Paulista s\u00e3o dadas por encerradas - Autoria - Thiago Gomes Gon\u00e7alves Peres Lima - REG 0022106\/MG","isPartOf":{"@id":"https:\/\/newsofthelight.com.br\/#website"},"primaryImageOfPage":{"@id":"https:\/\/newsofthelight.com.br\/?p=3492#primaryimage"},"image":{"@id":"https:\/\/newsofthelight.com.br\/?p=3492#primaryimage"},"thumbnailUrl":"https:\/\/newsofthelight.com.br\/wp-content\/uploads\/2023\/02\/mw-720.webp","datePublished":"2023-02-26T23:06:31+00:00","dateModified":"2023-02-26T23:08:18+00:00","breadcrumb":{"@id":"https:\/\/newsofthelight.com.br\/?p=3492#breadcrumb"},"inLanguage":"pt-BR","potentialAction":[{"@type":"ReadAction","target":["https:\/\/newsofthelight.com.br\/?p=3492"]}]},{"@type":"ImageObject","inLanguage":"pt-BR","@id":"https:\/\/newsofthelight.com.br\/?p=3492#primaryimage","url":"https:\/\/newsofthelight.com.br\/wp-content\/uploads\/2023\/02\/mw-720.webp","contentUrl":"https:\/\/newsofthelight.com.br\/wp-content\/uploads\/2023\/02\/mw-720.webp","width":720,"height":480,"caption":"Bombeiros em a\u00e7\u00e3o nos escombros do litoral Paulistanos"},{"@type":"BreadcrumbList","@id":"https:\/\/newsofthelight.com.br\/?p=3492#breadcrumb","itemListElement":[{"@type":"ListItem","position":1,"name":"In\u00edcio","item":"https:\/\/newsofthelight.com.br\/"},{"@type":"ListItem","position":2,"name":"Buscas por v\u00edtimas em litoral Paulista s\u00e3o dadas por encerradas"}]},{"@type":"WebSite","@id":"https:\/\/newsofthelight.com.br\/#website","url":"https:\/\/newsofthelight.com.br\/","name":"Autoria - Thiago Gomes Gon\u00e7alves Peres Lima - REG 0022106\/MG","description":"Noticias na velocidade da luz","publisher":{"@id":"https:\/\/newsofthelight.com.br\/#organization"},"potentialAction":[{"@type":"SearchAction","target":{"@type":"EntryPoint","urlTemplate":"https:\/\/newsofthelight.com.br\/?s={search_term_string}"},"query-input":{"@type":"PropertyValueSpecification","valueRequired":true,"valueName":"search_term_string"}}],"inLanguage":"pt-BR"},{"@type":"Organization","@id":"https:\/\/newsofthelight.com.br\/#organization","name":"Autoria - Thiago Gomes Gon\u00e7alves Peres Lima - REG 0022106\/MG","url":"https:\/\/newsofthelight.com.br\/","logo":{"@type":"ImageObject","inLanguage":"pt-BR","@id":"https:\/\/newsofthelight.com.br\/#\/schema\/logo\/image\/","url":"https:\/\/newsofthelight.com.br\/wp-content\/uploads\/2025\/06\/cropped-IMG_0217.png","contentUrl":"https:\/\/newsofthelight.com.br\/wp-content\/uploads\/2025\/06\/cropped-IMG_0217.png","width":1177,"height":662,"caption":"Autoria - Thiago Gomes Gon\u00e7alves Peres Lima - REG 0022106\/MG"},"image":{"@id":"https:\/\/newsofthelight.com.br\/#\/schema\/logo\/image\/"},"sameAs":["https:\/\/www.instagram.com\/news_of_the_light_?igsh=b3Fwb2psamJzaXds"]},{"@type":"Person","@id":"https:\/\/newsofthelight.com.br\/#\/schema\/person\/d4878034586ca0e04c11eac65b2f76f2","name":"Thiago Peres","image":{"@type":"ImageObject","inLanguage":"pt-BR","@id":"https:\/\/secure.gravatar.com\/avatar\/21d66f46d21d113e9d3dba092a500e64563ed2ed2c77db814dfc7be6345e3815?s=96&d=mm&r=g","url":"https:\/\/secure.gravatar.com\/avatar\/21d66f46d21d113e9d3dba092a500e64563ed2ed2c77db814dfc7be6345e3815?s=96&d=mm&r=g","contentUrl":"https:\/\/secure.gravatar.com\/avatar\/21d66f46d21d113e9d3dba092a500e64563ed2ed2c77db814dfc7be6345e3815?s=96&d=mm&r=g","caption":"Thiago Peres"},"sameAs":["http:\/\/newsofthelight.com.br"],"url":"https:\/\/newsofthelight.com.br\/?author=2"}]}},"jetpack_featured_media_url":"https:\/\/newsofthelight.com.br\/wp-content\/uploads\/2023\/02\/mw-720.webp","jetpack_sharing_enabled":true,"jetpack-related-posts":[{"id":6018,"url":"https:\/\/newsofthelight.com.br\/?p=6018","url_meta":{"origin":3492,"position":0},"title":"Rio de Janeiro enfrenta chuvas torrenciais e mortes","author":"Thiago Peres","date":"15 de janeiro de 2024","format":false,"excerpt":"Bombeiros buscando por perdidos nas enchentes do Rio\u00a0O Rio de Janeiro, que recentemente voltou ao est\u00e1gio 2 de uma escala de 5 de acordo com a Defesa Civil, ainda enfrenta riscos de ocorr\u00eancias de alto impacto. Apesar da redu\u00e7\u00e3o dos acumulados de chuva nas \u00faltimas 24 horas e da aus\u00eancia\u2026","rel":"","context":"Em &quot;Munic\u00edpios&quot;","block_context":{"text":"Munic\u00edpios","link":"https:\/\/newsofthelight.com.br\/?cat=41"},"img":{"alt_text":"","src":"https:\/\/i0.wp.com\/newsofthelight.com.br\/wp-content\/uploads\/2024\/01\/IMG_5359.jpeg?resize=350%2C200&ssl=1","width":350,"height":200},"classes":[]},{"id":3427,"url":"https:\/\/newsofthelight.com.br\/?p=3427","url_meta":{"origin":3492,"position":1},"title":"Lula \u00e9 criticado na C\u00e2mara dos deputados por valor destinado \u00e0s v\u00edtimas das chuvas em S\u00e3o Paulo","author":"Thiago Peres","date":"21 de fevereiro de 2023","format":false,"excerpt":"O presidente do Brasil, Luiz In\u00e1cio Lula da Silva (PT) anunciou atrav\u00e9s do ministro dos Portos e Aeroportos, M\u00e1rcio Fran\u00e7a, um aux\u00edlio emergencial de 2 milh\u00f5es para socorrer as v\u00edtimas do temporal que atingiu a baixada litor\u00e2nea de S\u00e3o Paulo nos dias 18 e 19 de fevereiro.As chuvas deixaram mais\u2026","rel":"","context":"Em &quot;Brasil&quot;","block_context":{"text":"Brasil","link":"https:\/\/newsofthelight.com.br\/?cat=38"},"img":{"alt_text":"","src":"https:\/\/i0.wp.com\/newsofthelight.com.br\/wp-content\/uploads\/2023\/02\/9814714D-A2C7-4C47-8BA8-DAD70ECA939E.jpeg?resize=350%2C200&ssl=1","width":350,"height":200,"srcset":"https:\/\/i0.wp.com\/newsofthelight.com.br\/wp-content\/uploads\/2023\/02\/9814714D-A2C7-4C47-8BA8-DAD70ECA939E.jpeg?resize=350%2C200&ssl=1 1x, https:\/\/i0.wp.com\/newsofthelight.com.br\/wp-content\/uploads\/2023\/02\/9814714D-A2C7-4C47-8BA8-DAD70ECA939E.jpeg?resize=525%2C300&ssl=1 1.5x, https:\/\/i0.wp.com\/newsofthelight.com.br\/wp-content\/uploads\/2023\/02\/9814714D-A2C7-4C47-8BA8-DAD70ECA939E.jpeg?resize=700%2C400&ssl=1 2x"},"classes":[]},{"id":6005,"url":"https:\/\/newsofthelight.com.br\/?p=6005","url_meta":{"origin":3492,"position":2},"title":"Chuvas no Rio de Janeiro inundam a cidade","author":"Thiago Peres","date":"14 de janeiro de 2024","format":false,"excerpt":"A cidade do Rio de Janeiro e seu estado hom\u00f4nimo t\u00eam enfrentado uma s\u00e9rie de adversidades em decorr\u00eancia das chuvas intensas que come\u00e7aram na madrugada de domingo. A situa\u00e7\u00e3o \u00e9 particularmente grave na Zona Norte da capital e na Baixada Fluminense, onde o Corpo de Bombeiros confirmou a morte de\u2026","rel":"","context":"Em &quot;Munic\u00edpios&quot;","block_context":{"text":"Munic\u00edpios","link":"https:\/\/newsofthelight.com.br\/?cat=41"},"img":{"alt_text":"","src":"https:\/\/i0.wp.com\/newsofthelight.com.br\/wp-content\/uploads\/2024\/01\/IMG_5356.jpeg?resize=350%2C200&ssl=1","width":350,"height":200,"srcset":"https:\/\/i0.wp.com\/newsofthelight.com.br\/wp-content\/uploads\/2024\/01\/IMG_5356.jpeg?resize=350%2C200&ssl=1 1x, https:\/\/i0.wp.com\/newsofthelight.com.br\/wp-content\/uploads\/2024\/01\/IMG_5356.jpeg?resize=525%2C300&ssl=1 1.5x, https:\/\/i0.wp.com\/newsofthelight.com.br\/wp-content\/uploads\/2024\/01\/IMG_5356.jpeg?resize=700%2C400&ssl=1 2x"},"classes":[]},{"id":4836,"url":"https:\/\/newsofthelight.com.br\/?p=4836","url_meta":{"origin":3492,"position":3},"title":"Tiroteios no Rio deixa 14 baleados","author":"Thiago Peres","date":"27 de maio de 2023","format":false,"excerpt":"Tiroteios deixaram um saldo de 14 pessoas baleadas, sendo uma delas em estado grave, durante um per\u00edodo de 24 horas no Rio de Janeiro e regi\u00e3o metropolitana. Em um dos incidentes, ocorrido na tarde da \u00faltima quinta-feira (31 de mar\u00e7o), pedestres buscaram ref\u00fagio em um posto de combust\u00edveis na zona\u2026","rel":"","context":"Em &quot;Munic\u00edpios&quot;","block_context":{"text":"Munic\u00edpios","link":"https:\/\/newsofthelight.com.br\/?cat=41"},"img":{"alt_text":"","src":"https:\/\/i0.wp.com\/newsofthelight.com.br\/wp-content\/uploads\/2023\/05\/IMG_4452.jpeg?resize=350%2C200&ssl=1","width":350,"height":200,"srcset":"https:\/\/i0.wp.com\/newsofthelight.com.br\/wp-content\/uploads\/2023\/05\/IMG_4452.jpeg?resize=350%2C200&ssl=1 1x, https:\/\/i0.wp.com\/newsofthelight.com.br\/wp-content\/uploads\/2023\/05\/IMG_4452.jpeg?resize=525%2C300&ssl=1 1.5x"},"classes":[]},{"id":6011,"url":"https:\/\/newsofthelight.com.br\/?p=6011","url_meta":{"origin":3492,"position":4},"title":"Chuvas Devastadoras no Rio de Janeiro Resultam em 11 Mortes e Estado de Emerg\u00eancia","author":"Thiago Peres","date":"14 de janeiro de 2024","format":false,"excerpt":"As chuvas torrenciais que come\u00e7aram na madrugada de domingo causaram estragos significativos na cidade e no estado do Rio de Janeiro. O Corpo de Bombeiros confirmou a morte de 11 pessoas na Zona Norte da capital e na Baixada Fluminense, com algumas v\u00edtimas ainda n\u00e3o identificadas. Uma pessoa continua desaparecida\u2026","rel":"","context":"Em &quot;Munic\u00edpios&quot;","block_context":{"text":"Munic\u00edpios","link":"https:\/\/newsofthelight.com.br\/?cat=41"},"img":{"alt_text":"","src":"https:\/\/i0.wp.com\/newsofthelight.com.br\/wp-content\/uploads\/2024\/01\/IMG_5357.jpeg?resize=350%2C200&ssl=1","width":350,"height":200,"srcset":"https:\/\/i0.wp.com\/newsofthelight.com.br\/wp-content\/uploads\/2024\/01\/IMG_5357.jpeg?resize=350%2C200&ssl=1 1x, https:\/\/i0.wp.com\/newsofthelight.com.br\/wp-content\/uploads\/2024\/01\/IMG_5357.jpeg?resize=525%2C300&ssl=1 1.5x"},"classes":[]},{"id":6093,"url":"https:\/\/newsofthelight.com.br\/?p=6093","url_meta":{"origin":3492,"position":5},"title":"Tempestade em Governador Valadares causa destro\u00e7os a cidade","author":"Thiago Peres","date":"21 de janeiro de 2024","format":false,"excerpt":"No s\u00e1bado (20), uma tempestade com ventos intensos causou danos em v\u00e1rios bairros de Governador Valadares. A tempestade iniciou-se por volta das 16h30 e durou cerca de 1h30. Moradores registraram a queda de v\u00e1rias \u00e1rvores em diferentes partes da cidade. Al\u00e9m disso, a chuva resultou em inunda\u00e7\u00f5es e danos a\u2026","rel":"","context":"Em &quot;Munic\u00edpios&quot;","block_context":{"text":"Munic\u00edpios","link":"https:\/\/newsofthelight.com.br\/?cat=41"},"img":{"alt_text":"","src":"https:\/\/i0.wp.com\/newsofthelight.com.br\/wp-content\/uploads\/2024\/01\/IMG_5389.jpeg?resize=350%2C200&ssl=1","width":350,"height":200,"srcset":"https:\/\/i0.wp.com\/newsofthelight.com.br\/wp-content\/uploads\/2024\/01\/IMG_5389.jpeg?resize=350%2C200&ssl=1 1x, https:\/\/i0.wp.com\/newsofthelight.com.br\/wp-content\/uploads\/2024\/01\/IMG_5389.jpeg?resize=525%2C300&ssl=1 1.5x, https:\/\/i0.wp.com\/newsofthelight.com.br\/wp-content\/uploads\/2024\/01\/IMG_5389.jpeg?resize=700%2C400&ssl=1 2x, https:\/\/i0.wp.com\/newsofthelight.com.br\/wp-content\/uploads\/2024\/01\/IMG_5389.jpeg?resize=1050%2C600&ssl=1 3x"},"classes":[]}],"jetpack_shortlink":"https:\/\/wp.me\/peltaF-Uk","_links":{"self":[{"href":"https:\/\/newsofthelight.com.br\/index.php?rest_route=\/wp\/v2\/posts\/3492","targetHints":{"allow":["GET"]}}],"collection":[{"href":"https:\/\/newsofthelight.com.br\/index.php?rest_route=\/wp\/v2\/posts"}],"about":[{"href":"https:\/\/newsofthelight.com.br\/index.php?rest_route=\/wp\/v2\/types\/post"}],"author":[{"embeddable":true,"href":"https:\/\/newsofthelight.com.br\/index.php?rest_route=\/wp\/v2\/users\/2"}],"replies":[{"embeddable":true,"href":"https:\/\/newsofthelight.com.br\/index.php?rest_route=%2Fwp%2Fv2%2Fcomments&post=3492"}],"version-history":[{"count":4,"href":"https:\/\/newsofthelight.com.br\/index.php?rest_route=\/wp\/v2\/posts\/3492\/revisions"}],"predecessor-version":[{"id":3498,"href":"https:\/\/newsofthelight.com.br\/index.php?rest_route=\/wp\/v2\/posts\/3492\/revisions\/3498"}],"wp:featuredmedia":[{"embeddable":true,"href":"https:\/\/newsofthelight.com.br\/index.php?rest_route=\/wp\/v2\/media\/3495"}],"wp:attachment":[{"href":"https:\/\/newsofthelight.com.br\/index.php?rest_route=%2Fwp%2Fv2%2Fmedia&parent=3492"}],"wp:term":[{"taxonomy":"category","embeddable":true,"href":"https:\/\/newsofthelight.com.br\/index.php?rest_route=%2Fwp%2Fv2%2Fcategories&post=3492"},{"taxonomy":"post_tag","embeddable":true,"href":"https:\/\/newsofthelight.com.br\/index.php?rest_route=%2Fwp%2Fv2%2Ftags&post=3492"}],"curies":[{"name":"wp","href":"https:\/\/api.w.org\/{rel}","templated":true}]}}