{"id":2435,"date":"2022-11-18T18:36:24","date_gmt":"2022-11-18T21:36:24","guid":{"rendered":"http:\/\/newsofthelight.com.br\/?p=2435"},"modified":"2022-11-18T19:09:46","modified_gmt":"2022-11-18T22:09:46","slug":"minas-gerais-recebe-mais-de-mais-86-510-doses-de-vacinas-contra-a-covid","status":"publish","type":"post","link":"https:\/\/newsofthelight.com.br\/?p=2435","title":{"rendered":"Minas Gerais recebe mais de 86.510 doses de vacinas contra a COVID"},"content":{"rendered":"<p>O estado de Minas Gerais recebeu nesta sexta-feira (18) 86.510 doses da vacina Coronavac para imunizar crian\u00e7as de 3 a 4 anos de idade. A distribui\u00e7\u00e3o de hoje foi feita somente na capital do estado, Belo Horizonte. As demais cidades dever\u00e3o receber as doses nesta segunda-feira (21).<\/p>\n<p>Est\u00e3o previstas para chegar ao estado mais 250.004 doses de vacina contra a Covid-19 ainda no in\u00edcio desta semana, ser\u00e3o 200.004 vacinas da Pfizer adulta ( contanto pessoas a partir de 12 anos de idade). As demais ser\u00e3o Pfizer pedi\u00e1tricas para serem aplicadas em crian\u00e7as de 5 a 11 anos.\u00a0<\/p>\n<p>Por meio de nota, o Governo de Minas informou que as doses assim que chegarem ser\u00e3o encaminhadas para a Central Estadual da Rede de Frio onde ser\u00e3o distribu\u00eddas para os postos de sa\u00fade nas regi\u00f5es do estado.<\/p>\n<p>_ Ap\u00f3s a chegada, as doses ser\u00e3o encaminhadas para a Central Estadual da Rede de Frio. Para melhor preserva\u00e7\u00e3o dos imunobiol\u00f3gicos, todas as vacinas ser\u00e3o acondicionadas, conferidas e separadas na Central Estadual da Rede de Frio antes de serem enviadas para as Unidades Regionais de Sa\u00fade. A distribui\u00e7\u00e3o ser\u00e1 realizada a partir da demanda de cada uma. _\u00a0<\/p>\n<p><br style=\"font-weight: 400;\" \/><br style=\"font-weight: 400;\" \/><\/p>\n","protected":false},"excerpt":{"rendered":"<p>O estado de Minas Gerais recebeu nesta sexta-feira (18) 86.510 doses da vacina Coronavac para imunizar crian\u00e7as de 3 a 4 anos de idade. A distribui\u00e7\u00e3o de hoje foi feita somente na capital do estado, Belo Horizonte. As demais cidades dever\u00e3o receber as doses nesta segunda-feira (21). Est\u00e3o previstas para chegar ao estado mais 250.004<\/p>\n","protected":false},"author":2,"featured_media":2437,"comment_status":"open","ping_status":"open","sticky":false,"template":"","format":"standard","meta":{"_jetpack_memberships_contains_paid_content":false,"footnotes":""},"categories":[38,41],"tags":[],"class_list":["post-2435","post","type-post","status-publish","format-standard","has-post-thumbnail","hentry","category-brasil","category-municipios"],"yoast_head":"<!-- This site is optimized with the Yoast SEO plugin v27.5 - https:\/\/yoast.com\/product\/yoast-seo-wordpress\/ -->\n<title>Minas Gerais recebe mais de 86.510 doses de vacinas contra a COVID - Autoria - Thiago Gomes Gon\u00e7alves Peres Lima - REG 0022106\/MG<\/title>\n<meta name=\"robots\" content=\"index, follow, max-snippet:-1, max-image-preview:large, max-video-preview:-1\" \/>\n<link rel=\"canonical\" href=\"https:\/\/newsofthelight.com.br\/?p=2435\" \/>\n<meta property=\"og:locale\" content=\"pt_BR\" \/>\n<meta property=\"og:type\" content=\"article\" \/>\n<meta property=\"og:title\" content=\"Minas Gerais recebe mais de 86.510 doses de vacinas contra a COVID - Autoria - Thiago Gomes Gon\u00e7alves Peres Lima - REG 0022106\/MG\" \/>\n<meta property=\"og:description\" content=\"O estado de Minas Gerais recebeu nesta sexta-feira (18) 86.510 doses da vacina Coronavac para imunizar crian\u00e7as de 3 a 4 anos de idade. A distribui\u00e7\u00e3o de hoje foi feita somente na capital do estado, Belo Horizonte. As demais cidades dever\u00e3o receber as doses nesta segunda-feira (21). Est\u00e3o previstas para chegar ao estado mais 250.004\" \/>\n<meta property=\"og:url\" content=\"https:\/\/newsofthelight.com.br\/?p=2435\" \/>\n<meta property=\"og:site_name\" content=\"Autoria - Thiago Gomes Gon\u00e7alves Peres Lima - REG 0022106\/MG\" \/>\n<meta property=\"article:published_time\" content=\"2022-11-18T21:36:24+00:00\" \/>\n<meta property=\"article:modified_time\" content=\"2022-11-18T22:09:46+00:00\" \/>\n<meta property=\"og:image\" content=\"https:\/\/newsofthelight.com.br\/wp-content\/uploads\/2022\/11\/705a0f735cf8f9b16b6a881d16bc1bbf.jpg\" \/>\n\t<meta property=\"og:image:width\" content=\"563\" \/>\n\t<meta property=\"og:image:height\" content=\"375\" \/>\n\t<meta property=\"og:image:type\" content=\"image\/jpeg\" \/>\n<meta name=\"author\" content=\"Thiago Peres\" \/>\n<meta name=\"twitter:card\" content=\"summary_large_image\" \/>\n<meta name=\"twitter:label1\" content=\"Escrito por\" \/>\n\t<meta name=\"twitter:data1\" content=\"Thiago Peres\" \/>\n\t<meta name=\"twitter:label2\" content=\"Est. tempo de leitura\" \/>\n\t<meta name=\"twitter:data2\" content=\"1 minuto\" \/>\n<script type=\"application\/ld+json\" class=\"yoast-schema-graph\">{\"@context\":\"https:\\\/\\\/schema.org\",\"@graph\":[{\"@type\":\"Article\",\"@id\":\"https:\\\/\\\/newsofthelight.com.br\\\/?p=2435#article\",\"isPartOf\":{\"@id\":\"https:\\\/\\\/newsofthelight.com.br\\\/?p=2435\"},\"author\":{\"name\":\"Thiago Peres\",\"@id\":\"https:\\\/\\\/newsofthelight.com.br\\\/#\\\/schema\\\/person\\\/d4878034586ca0e04c11eac65b2f76f2\"},\"headline\":\"Minas Gerais recebe mais de 86.510 doses de vacinas contra a COVID\",\"datePublished\":\"2022-11-18T21:36:24+00:00\",\"dateModified\":\"2022-11-18T22:09:46+00:00\",\"mainEntityOfPage\":{\"@id\":\"https:\\\/\\\/newsofthelight.com.br\\\/?p=2435\"},\"wordCount\":211,\"commentCount\":0,\"publisher\":{\"@id\":\"https:\\\/\\\/newsofthelight.com.br\\\/#organization\"},\"image\":{\"@id\":\"https:\\\/\\\/newsofthelight.com.br\\\/?p=2435#primaryimage\"},\"thumbnailUrl\":\"https:\\\/\\\/newsofthelight.com.br\\\/wp-content\\\/uploads\\\/2022\\\/11\\\/705a0f735cf8f9b16b6a881d16bc1bbf.jpg\",\"articleSection\":[\"Brasil\",\"Munic\u00edpios\"],\"inLanguage\":\"pt-BR\",\"potentialAction\":[{\"@type\":\"CommentAction\",\"name\":\"Comment\",\"target\":[\"https:\\\/\\\/newsofthelight.com.br\\\/?p=2435#respond\"]}]},{\"@type\":\"WebPage\",\"@id\":\"https:\\\/\\\/newsofthelight.com.br\\\/?p=2435\",\"url\":\"https:\\\/\\\/newsofthelight.com.br\\\/?p=2435\",\"name\":\"Minas Gerais recebe mais de 86.510 doses de vacinas contra a COVID - Autoria - Thiago Gomes Gon\u00e7alves Peres Lima - REG 0022106\\\/MG\",\"isPartOf\":{\"@id\":\"https:\\\/\\\/newsofthelight.com.br\\\/#website\"},\"primaryImageOfPage\":{\"@id\":\"https:\\\/\\\/newsofthelight.com.br\\\/?p=2435#primaryimage\"},\"image\":{\"@id\":\"https:\\\/\\\/newsofthelight.com.br\\\/?p=2435#primaryimage\"},\"thumbnailUrl\":\"https:\\\/\\\/newsofthelight.com.br\\\/wp-content\\\/uploads\\\/2022\\\/11\\\/705a0f735cf8f9b16b6a881d16bc1bbf.jpg\",\"datePublished\":\"2022-11-18T21:36:24+00:00\",\"dateModified\":\"2022-11-18T22:09:46+00:00\",\"breadcrumb\":{\"@id\":\"https:\\\/\\\/newsofthelight.com.br\\\/?p=2435#breadcrumb\"},\"inLanguage\":\"pt-BR\",\"potentialAction\":[{\"@type\":\"ReadAction\",\"target\":[\"https:\\\/\\\/newsofthelight.com.br\\\/?p=2435\"]}]},{\"@type\":\"ImageObject\",\"inLanguage\":\"pt-BR\",\"@id\":\"https:\\\/\\\/newsofthelight.com.br\\\/?p=2435#primaryimage\",\"url\":\"https:\\\/\\\/newsofthelight.com.br\\\/wp-content\\\/uploads\\\/2022\\\/11\\\/705a0f735cf8f9b16b6a881d16bc1bbf.jpg\",\"contentUrl\":\"https:\\\/\\\/newsofthelight.com.br\\\/wp-content\\\/uploads\\\/2022\\\/11\\\/705a0f735cf8f9b16b6a881d16bc1bbf.jpg\",\"width\":563,\"height\":375,\"caption\":\"Fonte: Pinterest\"},{\"@type\":\"BreadcrumbList\",\"@id\":\"https:\\\/\\\/newsofthelight.com.br\\\/?p=2435#breadcrumb\",\"itemListElement\":[{\"@type\":\"ListItem\",\"position\":1,\"name\":\"In\u00edcio\",\"item\":\"https:\\\/\\\/newsofthelight.com.br\\\/\"},{\"@type\":\"ListItem\",\"position\":2,\"name\":\"Minas Gerais recebe mais de 86.510 doses de vacinas contra a COVID\"}]},{\"@type\":\"WebSite\",\"@id\":\"https:\\\/\\\/newsofthelight.com.br\\\/#website\",\"url\":\"https:\\\/\\\/newsofthelight.com.br\\\/\",\"name\":\"Autoria - Thiago Gomes Gon\u00e7alves Peres Lima - REG 0022106\\\/MG\",\"description\":\"Noticias na velocidade da luz\",\"publisher\":{\"@id\":\"https:\\\/\\\/newsofthelight.com.br\\\/#organization\"},\"potentialAction\":[{\"@type\":\"SearchAction\",\"target\":{\"@type\":\"EntryPoint\",\"urlTemplate\":\"https:\\\/\\\/newsofthelight.com.br\\\/?s={search_term_string}\"},\"query-input\":{\"@type\":\"PropertyValueSpecification\",\"valueRequired\":true,\"valueName\":\"search_term_string\"}}],\"inLanguage\":\"pt-BR\"},{\"@type\":\"Organization\",\"@id\":\"https:\\\/\\\/newsofthelight.com.br\\\/#organization\",\"name\":\"Autoria - Thiago Gomes Gon\u00e7alves Peres Lima - REG 0022106\\\/MG\",\"url\":\"https:\\\/\\\/newsofthelight.com.br\\\/\",\"logo\":{\"@type\":\"ImageObject\",\"inLanguage\":\"pt-BR\",\"@id\":\"https:\\\/\\\/newsofthelight.com.br\\\/#\\\/schema\\\/logo\\\/image\\\/\",\"url\":\"https:\\\/\\\/newsofthelight.com.br\\\/wp-content\\\/uploads\\\/2025\\\/06\\\/cropped-IMG_0217.png\",\"contentUrl\":\"https:\\\/\\\/newsofthelight.com.br\\\/wp-content\\\/uploads\\\/2025\\\/06\\\/cropped-IMG_0217.png\",\"width\":1177,\"height\":662,\"caption\":\"Autoria - Thiago Gomes Gon\u00e7alves Peres Lima - REG 0022106\\\/MG\"},\"image\":{\"@id\":\"https:\\\/\\\/newsofthelight.com.br\\\/#\\\/schema\\\/logo\\\/image\\\/\"},\"sameAs\":[\"https:\\\/\\\/www.instagram.com\\\/news_of_the_light_?igsh=b3Fwb2psamJzaXds\"]},{\"@type\":\"Person\",\"@id\":\"https:\\\/\\\/newsofthelight.com.br\\\/#\\\/schema\\\/person\\\/d4878034586ca0e04c11eac65b2f76f2\",\"name\":\"Thiago Peres\",\"image\":{\"@type\":\"ImageObject\",\"inLanguage\":\"pt-BR\",\"@id\":\"https:\\\/\\\/secure.gravatar.com\\\/avatar\\\/21d66f46d21d113e9d3dba092a500e64563ed2ed2c77db814dfc7be6345e3815?s=96&d=mm&r=g\",\"url\":\"https:\\\/\\\/secure.gravatar.com\\\/avatar\\\/21d66f46d21d113e9d3dba092a500e64563ed2ed2c77db814dfc7be6345e3815?s=96&d=mm&r=g\",\"contentUrl\":\"https:\\\/\\\/secure.gravatar.com\\\/avatar\\\/21d66f46d21d113e9d3dba092a500e64563ed2ed2c77db814dfc7be6345e3815?s=96&d=mm&r=g\",\"caption\":\"Thiago Peres\"},\"sameAs\":[\"http:\\\/\\\/newsofthelight.com.br\"],\"url\":\"https:\\\/\\\/newsofthelight.com.br\\\/?author=2\"}]}<\/script>\n<!-- \/ Yoast SEO plugin. -->","yoast_head_json":{"title":"Minas Gerais recebe mais de 86.510 doses de vacinas contra a COVID - Autoria - Thiago Gomes Gon\u00e7alves Peres Lima - REG 0022106\/MG","robots":{"index":"index","follow":"follow","max-snippet":"max-snippet:-1","max-image-preview":"max-image-preview:large","max-video-preview":"max-video-preview:-1"},"canonical":"https:\/\/newsofthelight.com.br\/?p=2435","og_locale":"pt_BR","og_type":"article","og_title":"Minas Gerais recebe mais de 86.510 doses de vacinas contra a COVID - Autoria - Thiago Gomes Gon\u00e7alves Peres Lima - REG 0022106\/MG","og_description":"O estado de Minas Gerais recebeu nesta sexta-feira (18) 86.510 doses da vacina Coronavac para imunizar crian\u00e7as de 3 a 4 anos de idade. A distribui\u00e7\u00e3o de hoje foi feita somente na capital do estado, Belo Horizonte. As demais cidades dever\u00e3o receber as doses nesta segunda-feira (21). Est\u00e3o previstas para chegar ao estado mais 250.004","og_url":"https:\/\/newsofthelight.com.br\/?p=2435","og_site_name":"Autoria - Thiago Gomes Gon\u00e7alves Peres Lima - REG 0022106\/MG","article_published_time":"2022-11-18T21:36:24+00:00","article_modified_time":"2022-11-18T22:09:46+00:00","og_image":[{"width":563,"height":375,"url":"https:\/\/newsofthelight.com.br\/wp-content\/uploads\/2022\/11\/705a0f735cf8f9b16b6a881d16bc1bbf.jpg","type":"image\/jpeg"}],"author":"Thiago Peres","twitter_card":"summary_large_image","twitter_misc":{"Escrito por":"Thiago Peres","Est. tempo de leitura":"1 minuto"},"schema":{"@context":"https:\/\/schema.org","@graph":[{"@type":"Article","@id":"https:\/\/newsofthelight.com.br\/?p=2435#article","isPartOf":{"@id":"https:\/\/newsofthelight.com.br\/?p=2435"},"author":{"name":"Thiago Peres","@id":"https:\/\/newsofthelight.com.br\/#\/schema\/person\/d4878034586ca0e04c11eac65b2f76f2"},"headline":"Minas Gerais recebe mais de 86.510 doses de vacinas contra a COVID","datePublished":"2022-11-18T21:36:24+00:00","dateModified":"2022-11-18T22:09:46+00:00","mainEntityOfPage":{"@id":"https:\/\/newsofthelight.com.br\/?p=2435"},"wordCount":211,"commentCount":0,"publisher":{"@id":"https:\/\/newsofthelight.com.br\/#organization"},"image":{"@id":"https:\/\/newsofthelight.com.br\/?p=2435#primaryimage"},"thumbnailUrl":"https:\/\/newsofthelight.com.br\/wp-content\/uploads\/2022\/11\/705a0f735cf8f9b16b6a881d16bc1bbf.jpg","articleSection":["Brasil","Munic\u00edpios"],"inLanguage":"pt-BR","potentialAction":[{"@type":"CommentAction","name":"Comment","target":["https:\/\/newsofthelight.com.br\/?p=2435#respond"]}]},{"@type":"WebPage","@id":"https:\/\/newsofthelight.com.br\/?p=2435","url":"https:\/\/newsofthelight.com.br\/?p=2435","name":"Minas Gerais recebe mais de 86.510 doses de vacinas contra a COVID - Autoria - Thiago Gomes Gon\u00e7alves Peres Lima - REG 0022106\/MG","isPartOf":{"@id":"https:\/\/newsofthelight.com.br\/#website"},"primaryImageOfPage":{"@id":"https:\/\/newsofthelight.com.br\/?p=2435#primaryimage"},"image":{"@id":"https:\/\/newsofthelight.com.br\/?p=2435#primaryimage"},"thumbnailUrl":"https:\/\/newsofthelight.com.br\/wp-content\/uploads\/2022\/11\/705a0f735cf8f9b16b6a881d16bc1bbf.jpg","datePublished":"2022-11-18T21:36:24+00:00","dateModified":"2022-11-18T22:09:46+00:00","breadcrumb":{"@id":"https:\/\/newsofthelight.com.br\/?p=2435#breadcrumb"},"inLanguage":"pt-BR","potentialAction":[{"@type":"ReadAction","target":["https:\/\/newsofthelight.com.br\/?p=2435"]}]},{"@type":"ImageObject","inLanguage":"pt-BR","@id":"https:\/\/newsofthelight.com.br\/?p=2435#primaryimage","url":"https:\/\/newsofthelight.com.br\/wp-content\/uploads\/2022\/11\/705a0f735cf8f9b16b6a881d16bc1bbf.jpg","contentUrl":"https:\/\/newsofthelight.com.br\/wp-content\/uploads\/2022\/11\/705a0f735cf8f9b16b6a881d16bc1bbf.jpg","width":563,"height":375,"caption":"Fonte: Pinterest"},{"@type":"BreadcrumbList","@id":"https:\/\/newsofthelight.com.br\/?p=2435#breadcrumb","itemListElement":[{"@type":"ListItem","position":1,"name":"In\u00edcio","item":"https:\/\/newsofthelight.com.br\/"},{"@type":"ListItem","position":2,"name":"Minas Gerais recebe mais de 86.510 doses de vacinas contra a COVID"}]},{"@type":"WebSite","@id":"https:\/\/newsofthelight.com.br\/#website","url":"https:\/\/newsofthelight.com.br\/","name":"Autoria - Thiago Gomes Gon\u00e7alves Peres Lima - REG 0022106\/MG","description":"Noticias na velocidade da luz","publisher":{"@id":"https:\/\/newsofthelight.com.br\/#organization"},"potentialAction":[{"@type":"SearchAction","target":{"@type":"EntryPoint","urlTemplate":"https:\/\/newsofthelight.com.br\/?s={search_term_string}"},"query-input":{"@type":"PropertyValueSpecification","valueRequired":true,"valueName":"search_term_string"}}],"inLanguage":"pt-BR"},{"@type":"Organization","@id":"https:\/\/newsofthelight.com.br\/#organization","name":"Autoria - Thiago Gomes Gon\u00e7alves Peres Lima - REG 0022106\/MG","url":"https:\/\/newsofthelight.com.br\/","logo":{"@type":"ImageObject","inLanguage":"pt-BR","@id":"https:\/\/newsofthelight.com.br\/#\/schema\/logo\/image\/","url":"https:\/\/newsofthelight.com.br\/wp-content\/uploads\/2025\/06\/cropped-IMG_0217.png","contentUrl":"https:\/\/newsofthelight.com.br\/wp-content\/uploads\/2025\/06\/cropped-IMG_0217.png","width":1177,"height":662,"caption":"Autoria - Thiago Gomes Gon\u00e7alves Peres Lima - REG 0022106\/MG"},"image":{"@id":"https:\/\/newsofthelight.com.br\/#\/schema\/logo\/image\/"},"sameAs":["https:\/\/www.instagram.com\/news_of_the_light_?igsh=b3Fwb2psamJzaXds"]},{"@type":"Person","@id":"https:\/\/newsofthelight.com.br\/#\/schema\/person\/d4878034586ca0e04c11eac65b2f76f2","name":"Thiago Peres","image":{"@type":"ImageObject","inLanguage":"pt-BR","@id":"https:\/\/secure.gravatar.com\/avatar\/21d66f46d21d113e9d3dba092a500e64563ed2ed2c77db814dfc7be6345e3815?s=96&d=mm&r=g","url":"https:\/\/secure.gravatar.com\/avatar\/21d66f46d21d113e9d3dba092a500e64563ed2ed2c77db814dfc7be6345e3815?s=96&d=mm&r=g","contentUrl":"https:\/\/secure.gravatar.com\/avatar\/21d66f46d21d113e9d3dba092a500e64563ed2ed2c77db814dfc7be6345e3815?s=96&d=mm&r=g","caption":"Thiago Peres"},"sameAs":["http:\/\/newsofthelight.com.br"],"url":"https:\/\/newsofthelight.com.br\/?author=2"}]}},"jetpack_featured_media_url":"https:\/\/newsofthelight.com.br\/wp-content\/uploads\/2022\/11\/705a0f735cf8f9b16b6a881d16bc1bbf.jpg","jetpack_sharing_enabled":true,"jetpack-related-posts":[{"id":4172,"url":"https:\/\/newsofthelight.com.br\/?p=4172","url_meta":{"origin":2435,"position":0},"title":"Bolsonaro poder\u00e1 ser investigado por quatro crimes se confirmada a falsifica\u00e7\u00e3o da vacina\u00e7\u00e3o contra COVID.","author":"Thiago Peres","date":"5 de maio de 2023","format":false,"excerpt":"A falsifica\u00e7\u00e3o de certificados de vacina\u00e7\u00e3o tem sido alvo de investiga\u00e7\u00e3o pela Pol\u00edcia Federal (PF) no Brasil. A suspeita \u00e9 de que servidores p\u00fablicos do munic\u00edpio de Duque de Caxias, no Rio de Janeiro, teriam inserido informa\u00e7\u00f5es falsas no sistema do Minist\u00e9rio da Sa\u00fade, incluindo dados de vacina\u00e7\u00e3o do ex-presidente\u2026","rel":"","context":"Em &quot;Brasil&quot;","block_context":{"text":"Brasil","link":"https:\/\/newsofthelight.com.br\/?cat=38"},"img":{"alt_text":"","src":"https:\/\/i0.wp.com\/newsofthelight.com.br\/wp-content\/uploads\/2023\/05\/51f59390-e9e3-11ed-a142-ab0e42bfd9c3.jpg.webp?resize=350%2C200&ssl=1","width":350,"height":200,"srcset":"https:\/\/i0.wp.com\/newsofthelight.com.br\/wp-content\/uploads\/2023\/05\/51f59390-e9e3-11ed-a142-ab0e42bfd9c3.jpg.webp?resize=350%2C200&ssl=1 1x, https:\/\/i0.wp.com\/newsofthelight.com.br\/wp-content\/uploads\/2023\/05\/51f59390-e9e3-11ed-a142-ab0e42bfd9c3.jpg.webp?resize=525%2C300&ssl=1 1.5x, https:\/\/i0.wp.com\/newsofthelight.com.br\/wp-content\/uploads\/2023\/05\/51f59390-e9e3-11ed-a142-ab0e42bfd9c3.jpg.webp?resize=700%2C400&ssl=1 2x"},"classes":[]},{"id":4203,"url":"https:\/\/newsofthelight.com.br\/?p=4203","url_meta":{"origin":2435,"position":1},"title":"Documento de vacina\u00e7\u00e3o de Bolsonaro possui suposto e-mail de Lula.","author":"Thiago Peres","date":"6 de maio de 2023","format":false,"excerpt":"O jornal Correio Braziliense teve acesso a um boletim de ocorr\u00eancia feito pela Prefeitura de S\u00e3o Paulo, que indica que o ex-presidente Jair Bolsonaro teria recebido uma vacina falsa em 19 de julho de 2021. O CPF, nome, dia e m\u00eas de nascimento presentes na ficha de vacina\u00e7\u00e3o coincidem com\u2026","rel":"","context":"Em &quot;Brasil&quot;","block_context":{"text":"Brasil","link":"https:\/\/newsofthelight.com.br\/?cat=38"},"img":{"alt_text":"","src":"https:\/\/i0.wp.com\/newsofthelight.com.br\/wp-content\/uploads\/2023\/05\/IMG_4139.jpeg?resize=350%2C200&ssl=1","width":350,"height":200,"srcset":"https:\/\/i0.wp.com\/newsofthelight.com.br\/wp-content\/uploads\/2023\/05\/IMG_4139.jpeg?resize=350%2C200&ssl=1 1x, https:\/\/i0.wp.com\/newsofthelight.com.br\/wp-content\/uploads\/2023\/05\/IMG_4139.jpeg?resize=525%2C300&ssl=1 1.5x, https:\/\/i0.wp.com\/newsofthelight.com.br\/wp-content\/uploads\/2023\/05\/IMG_4139.jpeg?resize=700%2C400&ssl=1 2x"},"classes":[]},{"id":4553,"url":"https:\/\/newsofthelight.com.br\/?p=4553","url_meta":{"origin":2435,"position":2},"title":"Bolsonaro testemunhar\u00e1 sobre a suposta adultera\u00e7\u00e3o nos cart\u00f5es de vacina\u00e7\u00e3o","author":"Thiago Peres","date":"13 de maio de 2023","format":false,"excerpt":"Na pr\u00f3xima ter\u00e7a-feira (16), o ex-presidente Jair Bolsonaro prestar\u00e1 depoimento \u00e0 Pol\u00edcia Federal sobre a suposta adultera\u00e7\u00e3o nos cart\u00f5es de vacina\u00e7\u00e3o. Bolsonaro sustenta que n\u00e3o pediu a falsifica\u00e7\u00e3o dos dados ao seu ex-ajudante de ordens, o tenente-coronel Mauro Cid. O caso gerou controv\u00e9rsia e polariza\u00e7\u00e3o na sociedade brasileira, com opini\u00f5es\u2026","rel":"","context":"Em &quot;Brasil&quot;","block_context":{"text":"Brasil","link":"https:\/\/newsofthelight.com.br\/?cat=38"},"img":{"alt_text":"","src":"https:\/\/i0.wp.com\/newsofthelight.com.br\/wp-content\/uploads\/2023\/05\/IMG_4275.jpeg?resize=350%2C200&ssl=1","width":350,"height":200,"srcset":"https:\/\/i0.wp.com\/newsofthelight.com.br\/wp-content\/uploads\/2023\/05\/IMG_4275.jpeg?resize=350%2C200&ssl=1 1x, https:\/\/i0.wp.com\/newsofthelight.com.br\/wp-content\/uploads\/2023\/05\/IMG_4275.jpeg?resize=525%2C300&ssl=1 1.5x, https:\/\/i0.wp.com\/newsofthelight.com.br\/wp-content\/uploads\/2023\/05\/IMG_4275.jpeg?resize=700%2C400&ssl=1 2x, https:\/\/i0.wp.com\/newsofthelight.com.br\/wp-content\/uploads\/2023\/05\/IMG_4275.jpeg?resize=1050%2C600&ssl=1 3x"},"classes":[]},{"id":2732,"url":"https:\/\/newsofthelight.com.br\/?p=2732","url_meta":{"origin":2435,"position":3},"title":"Em 24 horas, Brasil registra 44.830 casos de COVID","author":"Thiago Peres","date":"26 de novembro de 2022","format":false,"excerpt":"Desde o in\u00edcio da pandemia, o Brasil registrou 689.442 \u00f3bitos por COVID-19 de acordo com um boletim epidemiol\u00f3gico divulgado nesta sexta-feira (25) pelo Minist\u00e9rio da Sa\u00fade. Hoje o Brasil possui 35.149.503 casos confirmados de pessoas contaminadas pelo v\u00edrus.Ainda segundo o boletim, foram registrados 44.830 de recupera\u00e7\u00e3o dos pacientes e 258.643\u2026","rel":"","context":"Em &quot;Brasil&quot;","block_context":{"text":"Brasil","link":"https:\/\/newsofthelight.com.br\/?cat=38"},"img":{"alt_text":"","src":"https:\/\/i0.wp.com\/newsofthelight.com.br\/wp-content\/uploads\/2022\/11\/7A3122F3-FEA7-46BB-A96D-481B05A023B2.jpeg?resize=350%2C200&ssl=1","width":350,"height":200,"srcset":"https:\/\/i0.wp.com\/newsofthelight.com.br\/wp-content\/uploads\/2022\/11\/7A3122F3-FEA7-46BB-A96D-481B05A023B2.jpeg?resize=350%2C200&ssl=1 1x, https:\/\/i0.wp.com\/newsofthelight.com.br\/wp-content\/uploads\/2022\/11\/7A3122F3-FEA7-46BB-A96D-481B05A023B2.jpeg?resize=525%2C300&ssl=1 1.5x, https:\/\/i0.wp.com\/newsofthelight.com.br\/wp-content\/uploads\/2022\/11\/7A3122F3-FEA7-46BB-A96D-481B05A023B2.jpeg?resize=700%2C400&ssl=1 2x, https:\/\/i0.wp.com\/newsofthelight.com.br\/wp-content\/uploads\/2022\/11\/7A3122F3-FEA7-46BB-A96D-481B05A023B2.jpeg?resize=1050%2C600&ssl=1 3x"},"classes":[]},{"id":2538,"url":"https:\/\/newsofthelight.com.br\/?p=2538","url_meta":{"origin":2435,"position":4},"title":"Aumentos de casos de COVID preocupam o mundo","author":"Thiago Peres","date":"21 de novembro de 2022","format":false,"excerpt":"O aumento de casos de covid vem preocupando o mundo inteiro, principalmente a popula\u00e7\u00e3o brasileira que perdeu 3.214 de seus habitantes para a doen\u00e7a, como aponta um levantamento feito pela pesquisadora digital Our World in Data em 22 de setembro de 2022.Ocupando a d\u00e9cima quarta posi\u00e7\u00e3o de ranking de pa\u00edses\u2026","rel":"","context":"Em &quot;Brasil&quot;","block_context":{"text":"Brasil","link":"https:\/\/newsofthelight.com.br\/?cat=38"},"img":{"alt_text":"","src":"https:\/\/i0.wp.com\/newsofthelight.com.br\/wp-content\/uploads\/2022\/11\/4092F856-53AB-470E-A0C5-2FE361F18392.jpeg?resize=350%2C200&ssl=1","width":350,"height":200,"srcset":"https:\/\/i0.wp.com\/newsofthelight.com.br\/wp-content\/uploads\/2022\/11\/4092F856-53AB-470E-A0C5-2FE361F18392.jpeg?resize=350%2C200&ssl=1 1x, https:\/\/i0.wp.com\/newsofthelight.com.br\/wp-content\/uploads\/2022\/11\/4092F856-53AB-470E-A0C5-2FE361F18392.jpeg?resize=525%2C300&ssl=1 1.5x, https:\/\/i0.wp.com\/newsofthelight.com.br\/wp-content\/uploads\/2022\/11\/4092F856-53AB-470E-A0C5-2FE361F18392.jpeg?resize=700%2C400&ssl=1 2x, https:\/\/i0.wp.com\/newsofthelight.com.br\/wp-content\/uploads\/2022\/11\/4092F856-53AB-470E-A0C5-2FE361F18392.jpeg?resize=1050%2C600&ssl=1 3x, https:\/\/i0.wp.com\/newsofthelight.com.br\/wp-content\/uploads\/2022\/11\/4092F856-53AB-470E-A0C5-2FE361F18392.jpeg?resize=1400%2C800&ssl=1 4x"},"classes":[]},{"id":6037,"url":"https:\/\/newsofthelight.com.br\/?p=6037","url_meta":{"origin":2435,"position":5},"title":"Ator Alec Musser, de \u2018Gente Grande\u2019, Morre aos 50 Anos por Complica\u00e7\u00f5es da Covid-19","author":"Thiago Peres","date":"15 de janeiro de 2024","format":false,"excerpt":"O ator e modelo Alec Musser, conhecido por sua atua\u00e7\u00e3o no filme de com\u00e9dia \"Gente Grande\" e na s\u00e9rie \"Desperate Housewives\", faleceu em sua resid\u00eancia em Del Mar, Calif\u00f3rnia, no \u00faltimo s\u00e1bado (13). A informa\u00e7\u00e3o foi confirmada por sua noiva, Paige Press, em entrevista \u00e0 Fox News. Press acredita que\u2026","rel":"","context":"Em &quot;Mundo&quot;","block_context":{"text":"Mundo","link":"https:\/\/newsofthelight.com.br\/?cat=39"},"img":{"alt_text":"","src":"https:\/\/i0.wp.com\/newsofthelight.com.br\/wp-content\/uploads\/2024\/01\/IMG_5362.jpeg?resize=350%2C200&ssl=1","width":350,"height":200},"classes":[]}],"jetpack_shortlink":"https:\/\/wp.me\/peltaF-Dh","_links":{"self":[{"href":"https:\/\/newsofthelight.com.br\/index.php?rest_route=\/wp\/v2\/posts\/2435","targetHints":{"allow":["GET"]}}],"collection":[{"href":"https:\/\/newsofthelight.com.br\/index.php?rest_route=\/wp\/v2\/posts"}],"about":[{"href":"https:\/\/newsofthelight.com.br\/index.php?rest_route=\/wp\/v2\/types\/post"}],"author":[{"embeddable":true,"href":"https:\/\/newsofthelight.com.br\/index.php?rest_route=\/wp\/v2\/users\/2"}],"replies":[{"embeddable":true,"href":"https:\/\/newsofthelight.com.br\/index.php?rest_route=%2Fwp%2Fv2%2Fcomments&post=2435"}],"version-history":[{"count":7,"href":"https:\/\/newsofthelight.com.br\/index.php?rest_route=\/wp\/v2\/posts\/2435\/revisions"}],"predecessor-version":[{"id":2443,"href":"https:\/\/newsofthelight.com.br\/index.php?rest_route=\/wp\/v2\/posts\/2435\/revisions\/2443"}],"wp:featuredmedia":[{"embeddable":true,"href":"https:\/\/newsofthelight.com.br\/index.php?rest_route=\/wp\/v2\/media\/2437"}],"wp:attachment":[{"href":"https:\/\/newsofthelight.com.br\/index.php?rest_route=%2Fwp%2Fv2%2Fmedia&parent=2435"}],"wp:term":[{"taxonomy":"category","embeddable":true,"href":"https:\/\/newsofthelight.com.br\/index.php?rest_route=%2Fwp%2Fv2%2Fcategories&post=2435"},{"taxonomy":"post_tag","embeddable":true,"href":"https:\/\/newsofthelight.com.br\/index.php?rest_route=%2Fwp%2Fv2%2Ftags&post=2435"}],"curies":[{"name":"wp","href":"https:\/\/api.w.org\/{rel}","templated":true}]}}